{"id":10089,"date":"2015-05-27T22:55:34","date_gmt":"2015-05-27T20:55:34","guid":{"rendered":"http:\/\/stammkoenigartus.de\/?p=10089"},"modified":"2023-02-11T09:35:18","modified_gmt":"2023-02-11T08:35:18","slug":"dpv-verbandslager","status":"publish","type":"post","link":"https:\/\/stammkoenigartus.de\/?p=10089","title":{"rendered":"DPV Verbandslager"},"content":{"rendered":"\n<p>Alle 4 Jahre treffen sich alle Pfadfinder, die Mitglied im DPV sind, zu einem gro\u00dfen Verbandslager. Auch wir waren zusammen mit 3400 Pfadfindern dort und nahmen teil. \ud83d\ude42<\/p>\n<p>Nachdem wir vom Parkplatz zum Lagerplatz gelaufen waren, erwartete uns schon unser Material in der Jurte der &#8222;Schwarzen L\u00f6wen&#8220; aus M\u00fcnchen. Gemeinsam waren die 6 Kothen rasch aufgebaut. Auch unsere Schneehasen stellten ihr Alexzelt ruckzuck auf. Es gab Brotzeit, da sich am ersten Abend jeder Stamm selbst verpflegen musste.<br \/>Als das Weckhorn geblasen hat, begaben wir uns zu den Waschstellen. Diese wurden extra aus Holz und 120 Wasserh\u00e4hnen gebaut. Direkt im Anschluss gab es Fr\u00fchst\u00fcck, dieses fand in unserem Unterlager mit ca. 600 Pfadis statt. Direkt danach ging es zur &#8222;Lagerer\u00f6ffnung&#8220;. Neben Innenminister Herrmann waren auch die B\u00fcrgermeister der umliegenden Gemeinden und die Lagerleitung anwesend. Feierlich er\u00f6ffneten sie das Verbandslager 2015.<br \/>Direkt nach dieser Runde ging es f\u00fcr jede Sippe und Meute zu &#8222;Gruppen laden ein&#8220;. Online konnten sich rund 400 Sippen und Meuten finden und sich auf dem Lager verabreden. So war die Sippe Camelot z.B. mit der Sippe &#8222;Serval&#8220; vom Stamm Edelwei\u00dfpiraten verabredet. Petra traf mit den Schneehasen auf zwei Meuten der Weltenbummler. Alle Gruppen verbrachten den Vormittag gemeinsam.<br \/>Am Nachmittag gab es viele Gel\u00e4ndespiele. Auch f\u00fcr diese konnte man sich online schon anmelden. Hier war das Meutengel\u00e4ndespiel etwas \u00fcberbucht und die Meute genoss den Rest des Nachmittags in kreativer Erkundungstour. Die anderen Spiele waren einwandfrei und wir hatten sichtlich Spa\u00df dabei.<br \/>Abends gab es ein &#8222;Lichtermeer&#8220;. In einer gro\u00dfen Feuerzeremonie f\u00fchrte jedes Unterlager eine Choreografie mit Kerzen, Fackeln und Feuerspuckern vor. Unser Unterlager &#8222;S\u00fcdfr\u00fcchte&#8220; tanzte den &#8222;Bananentanz&#8220;<br \/>Am Sonntag gab es auf dem Platz rund 200 AGs mit den verschiedensten Themen zu Kopf, Herz, Hand.\u00a0 Die Sippe Gareth unter Georg Sinkel bot den Workshop &#8222;Backen auf Fahrt&#8220; an. Iwain und Camelot wollten Stratego spielen. Leider war kein Platz im Naturschutzgebiet und wir kehrten nach kurzer Wanderung wieder zur\u00fcck und nahmen an &#8222;Erlebnisp\u00e4dagogische Interaktionen und Spiele&#8220; teil. Viel Neues konnten wir kennenlernen. Die M\u00e4dels konnten kreative T-Shirts gestalten. Ein wundersch\u00f6nes Ergebnis bot sich. \ud83d\ude42<br \/>Der Montag stand unter dem Motto &#8222;Mitmachen&#8220;. Der Nachmittag wurde gef\u00fcllt mit einem gewaltigen Jahrmarkttreiben. Leider fing es an zu regnen und der Jahrmarkt fiel ins Wasser. Doch das konnte uns nicht entmutigen. Wir machten Feuer in den Kothen und zogen uns in die &#8222;Waldl\u00e4uferjurte&#8220; zur Singerunde zur\u00fcck.<br \/>Der Abend wurde erhellt durch die &#8222;Flammen der Zukunft&#8220;. Seit Lagerbeginn konnten wir in der &#8222;W\u00fcnschekothe&#8220; all unsere W\u00fcnsche f\u00fcr die Zukunft auf kleine Zettelchen schreiben. Nach dem &#8222;Lichterlauf&#8220; von Fackel zu Fackel versammelten wir uns um einen gro\u00dfen Holzhaufen. Dieser hatte die Form einer Hand, die den Pfadfindergru\u00df zeigte. Das Lagerlied wurde gesungen und das Feuer entz\u00fcndet. Die Zettel mit den W\u00fcnschen wurden symbolisch dem Himmel entgegen geschickt, auf dass sie in Erf\u00fcllung gehen. Das Feuer brannte unter Aufsicht der Feuerwehr die ganze Nacht und erhellte den gesamten Platz.<br \/>Am Dienstag Vormittag hie\u00df es &#8222;aufbrechen&#8220;. Wir bauten die Zelte wieder ab. Gemeinsam mit 3400 Pfadis in einem gro\u00dfen Kreis beendeten wir dieses gro\u00dfartige Lager. Eine Erfahrung reicher ging es p\u00fcnktlich um 12 Uhr zum Parkplatz zur\u00fcck, wo uns unsere Eltern wieder abholten.<\/p>\n<p>Hier noch mehr Links zu einigen Publikationen:<\/p>\n<p><a href=\"https:\/\/www.infranken.de\/lk\/erlangenhoechstadt\/in-adelsdorf-sind-die-pfadfinder-los-art-1062362\" target=\"_blank\" rel=\"noopener\">In Adelsdorf sind die Pfadfinder los<\/a><br \/><a href=\"https:\/\/www.infranken.de\/lk\/forchheim\/innenminister-herrmann-begruesst-pfadfinder-im-aischgrund-art-1063882\" target=\"_blank\" rel=\"noopener\">Innenminister Herrmann begr\u00fc\u00dft die Pfadfinder im Aischgrund<\/a><br \/><a href=\"https:\/\/stammkoenigartus.de\/wp-content\/uploads\/DPV-Lager-Innenminister-Herrmann-begr%C3%BC%C3%9Ft-Pfadfinder-im-Aischgrund.pdf2_.pdf\" target=\"_blank\" rel=\"noopener\">Innenminister Herrmann Teil 2<\/a><br \/><a href=\"https:\/\/stammkoenigartus.de\/wp-content\/uploads\/DPV-Lager-4000-Pfadfinder-treffen-sich-in-Adelsdorf.pdf\" target=\"_blank\" rel=\"noopener\">Pfadfinder treffen sich in Adelsdorf<\/a><br \/><br \/><\/p>\n<div id='gallery-1' class='gallery galleryid-10089 gallery-columns-3 gallery-size-medium'><figure class='gallery-item'>\n\t\t\t<div class='gallery-icon landscape'>\n\t\t\t\t<a href='https:\/\/stammkoenigartus.de\/wp-content\/uploads\/DPV-Lager-47.jpg' rel=\"lightbox[10089]\"><img loading=\"lazy\" decoding=\"async\" width=\"480\" height=\"360\" src=\"https:\/\/stammkoenigartus.de\/wp-content\/uploads\/DPV-Lager-47-480x360.jpg\" class=\"attachment-medium size-medium\" alt=\"\" srcset=\"https:\/\/stammkoenigartus.de\/wp-content\/uploads\/DPV-Lager-47-480x360.jpg 480w, https:\/\/stammkoenigartus.de\/wp-content\/uploads\/DPV-Lager-47.jpg 800w\" sizes=\"auto, (max-width: 480px) 100vw, 480px\" \/><\/a>\n\t\t\t<\/div><\/figure><figure class='gallery-item'>\n\t\t\t<div class='gallery-icon landscape'>\n\t\t\t\t<a href='https:\/\/stammkoenigartus.de\/wp-content\/uploads\/DPV-Lager-35.jpg' rel=\"lightbox[10089]\"><img loading=\"lazy\" decoding=\"async\" width=\"480\" height=\"360\" src=\"https:\/\/stammkoenigartus.de\/wp-content\/uploads\/DPV-Lager-35-480x360.jpg\" class=\"attachment-medium size-medium\" alt=\"\" srcset=\"https:\/\/stammkoenigartus.de\/wp-content\/uploads\/DPV-Lager-35-480x360.jpg 480w, https:\/\/stammkoenigartus.de\/wp-content\/uploads\/DPV-Lager-35.jpg 800w\" sizes=\"auto, (max-width: 480px) 100vw, 480px\" \/><\/a>\n\t\t\t<\/div><\/figure><figure class='gallery-item'>\n\t\t\t<div class='gallery-icon landscape'>\n\t\t\t\t<a href='https:\/\/stammkoenigartus.de\/wp-content\/uploads\/DPV-Lager-24.jpg' rel=\"lightbox[10089]\"><img loading=\"lazy\" decoding=\"async\" width=\"480\" height=\"360\" src=\"https:\/\/stammkoenigartus.de\/wp-content\/uploads\/DPV-Lager-24-480x360.jpg\" class=\"attachment-medium size-medium\" alt=\"\" srcset=\"https:\/\/stammkoenigartus.de\/wp-content\/uploads\/DPV-Lager-24-480x360.jpg 480w, https:\/\/stammkoenigartus.de\/wp-content\/uploads\/DPV-Lager-24.jpg 800w\" sizes=\"auto, (max-width: 480px) 100vw, 480px\" \/><\/a>\n\t\t\t<\/div><\/figure><figure class='gallery-item'>\n\t\t\t<div class='gallery-icon landscape'>\n\t\t\t\t<a href='https:\/\/stammkoenigartus.de\/wp-content\/uploads\/DPV-Lager-15.jpg' rel=\"lightbox[10089]\"><img loading=\"lazy\" decoding=\"async\" width=\"480\" height=\"360\" src=\"https:\/\/stammkoenigartus.de\/wp-content\/uploads\/DPV-Lager-15-480x360.jpg\" class=\"attachment-medium size-medium\" alt=\"\" srcset=\"https:\/\/stammkoenigartus.de\/wp-content\/uploads\/DPV-Lager-15-480x360.jpg 480w, https:\/\/stammkoenigartus.de\/wp-content\/uploads\/DPV-Lager-15.jpg 800w\" sizes=\"auto, (max-width: 480px) 100vw, 480px\" \/><\/a>\n\t\t\t<\/div><\/figure><figure class='gallery-item'>\n\t\t\t<div class='gallery-icon landscape'>\n\t\t\t\t<a href='https:\/\/stammkoenigartus.de\/wp-content\/uploads\/DPV-Lager-104.jpg' rel=\"lightbox[10089]\"><img loading=\"lazy\" decoding=\"async\" width=\"480\" height=\"360\" src=\"https:\/\/stammkoenigartus.de\/wp-content\/uploads\/DPV-Lager-104-480x360.jpg\" class=\"attachment-medium size-medium\" alt=\"\" srcset=\"https:\/\/stammkoenigartus.de\/wp-content\/uploads\/DPV-Lager-104-480x360.jpg 480w, https:\/\/stammkoenigartus.de\/wp-content\/uploads\/DPV-Lager-104.jpg 800w\" sizes=\"auto, (max-width: 480px) 100vw, 480px\" \/><\/a>\n\t\t\t<\/div><\/figure><figure class='gallery-item'>\n\t\t\t<div class='gallery-icon landscape'>\n\t\t\t\t<a href='https:\/\/stammkoenigartus.de\/wp-content\/uploads\/DPV-Lager-114.jpg' rel=\"lightbox[10089]\"><img loading=\"lazy\" decoding=\"async\" width=\"480\" height=\"360\" src=\"https:\/\/stammkoenigartus.de\/wp-content\/uploads\/DPV-Lager-114-480x360.jpg\" class=\"attachment-medium size-medium\" alt=\"\" srcset=\"https:\/\/stammkoenigartus.de\/wp-content\/uploads\/DPV-Lager-114-480x360.jpg 480w, https:\/\/stammkoenigartus.de\/wp-content\/uploads\/DPV-Lager-114.jpg 800w\" sizes=\"auto, (max-width: 480px) 100vw, 480px\" \/><\/a>\n\t\t\t<\/div><\/figure><figure class='gallery-item'>\n\t\t\t<div class='gallery-icon landscape'>\n\t\t\t\t<a href='https:\/\/stammkoenigartus.de\/wp-content\/uploads\/DPV-Lager-85.jpg' rel=\"lightbox[10089]\"><img loading=\"lazy\" decoding=\"async\" width=\"480\" height=\"360\" src=\"https:\/\/stammkoenigartus.de\/wp-content\/uploads\/DPV-Lager-85-480x360.jpg\" class=\"attachment-medium size-medium\" alt=\"\" srcset=\"https:\/\/stammkoenigartus.de\/wp-content\/uploads\/DPV-Lager-85-480x360.jpg 480w, https:\/\/stammkoenigartus.de\/wp-content\/uploads\/DPV-Lager-85.jpg 800w\" sizes=\"auto, (max-width: 480px) 100vw, 480px\" \/><\/a>\n\t\t\t<\/div><\/figure><figure class='gallery-item'>\n\t\t\t<div class='gallery-icon landscape'>\n\t\t\t\t<a href='https:\/\/stammkoenigartus.de\/wp-content\/uploads\/DPV-Lager-55.jpg' rel=\"lightbox[10089]\"><img loading=\"lazy\" decoding=\"async\" width=\"480\" height=\"360\" src=\"https:\/\/stammkoenigartus.de\/wp-content\/uploads\/DPV-Lager-55-480x360.jpg\" class=\"attachment-medium size-medium\" alt=\"\" srcset=\"https:\/\/stammkoenigartus.de\/wp-content\/uploads\/DPV-Lager-55-480x360.jpg 480w, https:\/\/stammkoenigartus.de\/wp-content\/uploads\/DPV-Lager-55.jpg 800w\" sizes=\"auto, (max-width: 480px) 100vw, 480px\" \/><\/a>\n\t\t\t<\/div><\/figure>\n\t\t<\/div>\n\n","protected":false},"excerpt":{"rendered":"<p>Alle 4 Jahre treffen sich alle Pfadfinder, die Mitglied im DPV sind, zu einem gro\u00dfen Verbandslager. Auch wir waren zusammen mit 3400 Pfadfindern dort und &hellip;<\/p>\n","protected":false},"author":2,"featured_media":10096,"comment_status":"open","ping_status":"open","sticky":false,"template":"","format":"standard","meta":{"_monsterinsights_skip_tracking":false,"_monsterinsights_sitenote_active":false,"_monsterinsights_sitenote_note":"","_monsterinsights_sitenote_category":0,"footnotes":""},"categories":[136,133,132,137,130,131],"tags":[],"class_list":["post-10089","post","type-post","status-publish","format-standard","has-post-thumbnail","hentry","category-pfadfinder","category-ring","category-rover","category-stamm","category-unsere-aktionen","category-woelflinge"],"aioseo_notices":[],"_links":{"self":[{"href":"https:\/\/stammkoenigartus.de\/index.php?rest_route=\/wp\/v2\/posts\/10089","targetHints":{"allow":["GET"]}}],"collection":[{"href":"https:\/\/stammkoenigartus.de\/index.php?rest_route=\/wp\/v2\/posts"}],"about":[{"href":"https:\/\/stammkoenigartus.de\/index.php?rest_route=\/wp\/v2\/types\/post"}],"author":[{"embeddable":true,"href":"https:\/\/stammkoenigartus.de\/index.php?rest_route=\/wp\/v2\/users\/2"}],"replies":[{"embeddable":true,"href":"https:\/\/stammkoenigartus.de\/index.php?rest_route=%2Fwp%2Fv2%2Fcomments&post=10089"}],"version-history":[{"count":11,"href":"https:\/\/stammkoenigartus.de\/index.php?rest_route=\/wp\/v2\/posts\/10089\/revisions"}],"predecessor-version":[{"id":17991,"href":"https:\/\/stammkoenigartus.de\/index.php?rest_route=\/wp\/v2\/posts\/10089\/revisions\/17991"}],"wp:featuredmedia":[{"embeddable":true,"href":"https:\/\/stammkoenigartus.de\/index.php?rest_route=\/wp\/v2\/media\/10096"}],"wp:attachment":[{"href":"https:\/\/stammkoenigartus.de\/index.php?rest_route=%2Fwp%2Fv2%2Fmedia&parent=10089"}],"wp:term":[{"taxonomy":"category","embeddable":true,"href":"https:\/\/stammkoenigartus.de\/index.php?rest_route=%2Fwp%2Fv2%2Fcategories&post=10089"},{"taxonomy":"post_tag","embeddable":true,"href":"https:\/\/stammkoenigartus.de\/index.php?rest_route=%2Fwp%2Fv2%2Ftags&post=10089"}],"curies":[{"name":"wp","href":"https:\/\/api.w.org\/{rel}","templated":true}]}}