{"id":10126,"date":"2015-05-16T22:50:41","date_gmt":"2015-05-16T20:50:41","guid":{"rendered":"http:\/\/stammkoenigartus.de\/?p=10126"},"modified":"2023-02-11T09:36:09","modified_gmt":"2023-02-11T08:36:09","slug":"altkleidersammlung-2015","status":"publish","type":"post","link":"https:\/\/stammkoenigartus.de\/?p=10126","title":{"rendered":"Altkleidersammlung 2015"},"content":{"rendered":"\n<p>Jedes Jahr aufs neue ziehen wir durch die Stra\u00dfen und sammeln f\u00fcr die Kirchengemeinde Seibelsdorf alle Altkleider, die die Leute nicht mehr brauchen, ein. Alles wird in Plastiks\u00e4cken vor der jeweiligen Haust\u00fcr gelagert, bis wir kommen.&nbsp;<\/p>\n\n\n\n<p>Die S\u00e4cke werden in einem Transporter zum Pfarrhaus gebracht. Auch heuer war es wieder soweit. Gemeinsam schlichteten wir die Garage voll mit Kleiders\u00e4cken. Nach der Arbeit folgte noch eine ausf\u00fchrliche Brotzeit und Getr\u00e4nke waren nat\u00fcrlich gratis. Wir helfen gerne bei solchen Aktionen.<\/p>\n","protected":false},"excerpt":{"rendered":"<p>Jedes Jahr aufs neue ziehen wir durch die Stra\u00dfen und sammeln f\u00fcr die Kirchengemeinde Seibelsdorf alle Altkleider, die die Leute nicht mehr brauchen, ein. Alles &hellip;<\/p>\n","protected":false},"author":2,"featured_media":10127,"comment_status":"open","ping_status":"open","sticky":false,"template":"","format":"standard","meta":{"_monsterinsights_skip_tracking":false,"_monsterinsights_sitenote_active":false,"_monsterinsights_sitenote_note":"","_monsterinsights_sitenote_category":0,"footnotes":""},"categories":[135,136,130],"tags":[],"class_list":["post-10126","post","type-post","status-publish","format-standard","has-post-thumbnail","hentry","category-oeffentliche-aktionen","category-pfadfinder","category-unsere-aktionen"],"aioseo_notices":[],"_links":{"self":[{"href":"https:\/\/stammkoenigartus.de\/index.php?rest_route=\/wp\/v2\/posts\/10126","targetHints":{"allow":["GET"]}}],"collection":[{"href":"https:\/\/stammkoenigartus.de\/index.php?rest_route=\/wp\/v2\/posts"}],"about":[{"href":"https:\/\/stammkoenigartus.de\/index.php?rest_route=\/wp\/v2\/types\/post"}],"author":[{"embeddable":true,"href":"https:\/\/stammkoenigartus.de\/index.php?rest_route=\/wp\/v2\/users\/2"}],"replies":[{"embeddable":true,"href":"https:\/\/stammkoenigartus.de\/index.php?rest_route=%2Fwp%2Fv2%2Fcomments&post=10126"}],"version-history":[{"count":3,"href":"https:\/\/stammkoenigartus.de\/index.php?rest_route=\/wp\/v2\/posts\/10126\/revisions"}],"predecessor-version":[{"id":17992,"href":"https:\/\/stammkoenigartus.de\/index.php?rest_route=\/wp\/v2\/posts\/10126\/revisions\/17992"}],"wp:featuredmedia":[{"embeddable":true,"href":"https:\/\/stammkoenigartus.de\/index.php?rest_route=\/wp\/v2\/media\/10127"}],"wp:attachment":[{"href":"https:\/\/stammkoenigartus.de\/index.php?rest_route=%2Fwp%2Fv2%2Fmedia&parent=10126"}],"wp:term":[{"taxonomy":"category","embeddable":true,"href":"https:\/\/stammkoenigartus.de\/index.php?rest_route=%2Fwp%2Fv2%2Fcategories&post=10126"},{"taxonomy":"post_tag","embeddable":true,"href":"https:\/\/stammkoenigartus.de\/index.php?rest_route=%2Fwp%2Fv2%2Ftags&post=10126"}],"curies":[{"name":"wp","href":"https:\/\/api.w.org\/{rel}","templated":true}]}}