{"id":10635,"date":"2015-09-03T11:33:34","date_gmt":"2015-09-03T09:33:34","guid":{"rendered":"http:\/\/stammkoenigartus.de\/?p=10635"},"modified":"2023-02-11T08:53:39","modified_gmt":"2023-02-11T07:53:39","slug":"bericht-haijk-durch-den-frankenwald","status":"publish","type":"post","link":"https:\/\/stammkoenigartus.de\/?p=10635","title":{"rendered":"Bericht Haijk durch den Frankenwald"},"content":{"rendered":"<p>Am Freitag, den 28. August 2015 begann der Schnupperhaijk in Waldbuch im Pfadfinderheim. Dort packten wir unsere noch nicht ganz gef\u00fcllten Rucks\u00e4cke mit Essen, Wasser, T\u00f6pfen, Zeltplanen und Heringen voll. Dann liefen wir los.<\/p>\n<p>Zuerst bis zum Gipfel der Radspitze und dann den Turm hoch, wo Selma versucht hat, den Turm zum Einst\u00fcrzen zu bringen (er hat es aber nicht geschafft ;( \u00a0). Schlie\u00dflich sind wir weiter gelaufen (abw\u00e4rts) und haben uns einen \u201eZeltplatz\u201c gesucht (im \u201eWaldgrundst\u00fcck von Bierlas Opa\u201c \ud83d\ude09 ) und auch gefunden.<\/p>\n<p>Zum Abendessen gab\u00b4s K\u00e4sesp\u00e4tzle (war lecker!). Nachdem wir noch ein bisschen am Lagerfeuer sa\u00dfen, musste Felix schlie\u00dflich begleitet von Selma gehen, da er am n\u00e4chsten Morgen zur Arbeit musste. Als Selma wiederkam, versteckte er sich im Geb\u00fcsch, r\u00e4usperte sich und leuchtete mit der Taschenlampe auf uns, sodass jeder dachte, es w\u00e4re ein J\u00e4ger oder F\u00f6rster, aber es war Selma.<\/p>\n<p>Wir sa\u00dfen anschlie\u00dfend noch eine ganze Weile am Feuer und gingen dann schlafen.<\/p>\n<p>Samstag:<\/p>\n<p>Am n\u00e4chsten Morgen standen wir schon um 7.30 auf. Wir packten unsere Sachen und fr\u00fchst\u00fcckten. Felix wollte zwischen 9 Uhr und 9.30 wieder zur\u00fcck sein. Also nahmen wir uns um 8.45 Uhr unser Gep\u00e4ck und lie\u00dfen Felix\u00b4Sachen liegen. Dazu legten wir noch einen Zettel, auf dem stand, dass uns langweilig war und wir schon mal voraus gelaufen sind. Wir hatten au\u00dferdem keine Zeit mehr, die Zeltplane zusammenzulegen. Danach versteckten wir uns. Paula, Bierla und Elia krochen unter einen Poncho in der N\u00e4he unserer alten Lagerfeuerstelle.\u00a0Selma und Salome wollten sich bei einem Weg im Wald verstecken, da kamen Felix und Stefan entgegen. Sie st\u00fcrzten in den Wald und hofften, dass sie noch nicht gesehen wurden. In einem einigerma\u00dfen guten Versteck nahm Selma sein Handy und teilte Bierla folgendes mit: \u201eEr kommt!\u201c &#8211; \u201eOkay :-D\u201c kam zur\u00fcck. Dann folgte Stille. Felix packte sodann seine Sachen ein und sagte dabei zu Stefan: \u201eDas zeigt wenigstens, dass sie fit sind.\u201c Felix ging den Weg zur\u00fcck und meinte \u201eDann m\u00fcssen wir sie halt mit dem Auto suchen \ud83d\ude42 \u201c Er kam an die Stelle, an der wir uns im Wald versteckten. Wir sprangen auf und schrien \u201eSpielende!\u201c woraufhin Felix erwiderte \u201eNix Spielende, ich spiele euch jetzt auch einen Streich! ;)\u201c und damit war er verschwunden. Wir holten unsere Rucks\u00e4cke und liefen ohne Karte los (hatte Felix \ud83d\ude00 ). Es wurde eine sch\u00f6ne Wanderung. Irgendwann sahen wir Felix hinter uns laufen. Daraufhin liefen wir noch schneller. Kurz vor Geuser sahen wir Felix im Gras liegen, doch wir ignorierten ihn. Einige Meter sp\u00e4ter machten wir eine Pause. Wir a\u00dfen ein leckeres Mittagessen. Danach liefen wir nach Geuser, wo wir unsere Flaschen auff\u00fcllten und eine Packung Butterkekse gegen vier kalte Flaschen Kola tauschten. Nachdem wir ausgetrunken hatten, liefen wir weiter einen ziemlich steilen Hang hinunter nach Wallenfels. Unten angekommen war auch der Campingplatz schon in Sicht. Dort wartete auch schon Felix auf uns. Wir a\u00dfen noch was zusammen und danach gingen wir in\u00b4s Schwimmbad. Als wir wiederhinausgingen, begaben wir uns auf die Suche nach Feuerholz. Ein netter Mann schenkte uns 30 Holzlatten. Sogleich kochte uns Bierla Schinkennudeln, Paula und Salome\u00a0f\u00fcllten die Wasserflaschen wieder voll, Felix und Selma bauten eine neue und interessante Zeltkonstruktion auf und Elia k\u00fcmmerte sich um\u00b4s Feuer. Als das Essen fertig war, tauchte pl\u00f6tzlich Stefan auf. Nach diesem guten Essen setzten wir uns ans Feuer und sangen ein paar Lieder. Nun machten wir noch Stockbrot und Wiener und sangen anschlie\u00dfend noch etwas. Anschlie\u00dfend verkrochen wir uns ins Zelt.<\/p>\n<p>Am Sonntag sind wir um 10 Uhr aufgestanden und haben uns fertig gemacht, danach gefr\u00fchst\u00fcckt und dann war Zusammenpacken und Zeltplanen zusammenlegen angesagt. Selma und Paula haben T\u00f6pfe abgewaschen und die anderen haben alles in Felix\u00b4Auto getan. Gleich machen wir noch einen Abschlusskreis und werden dann abgeholt. Es war richtig sch\u00f6n!!!!!!!!!!!!<br \/>\n!!!!!!! DANKE!!<\/p>\n<p>Danke an Paula und Salome, die sich bereit erkl\u00e4rt haben, diesen Bericht zu schreiben.<\/p>\n<p align=\"LEFT\">\n","protected":false},"excerpt":{"rendered":"<p>Am Freitag, den 28. August 2015 begann der Schnupperhaijk in Waldbuch im Pfadfinderheim. Dort packten wir unsere noch nicht ganz gef\u00fcllten Rucks\u00e4cke mit Essen, Wasser, &hellip;<\/p>\n","protected":false},"author":1,"featured_media":10728,"comment_status":"open","ping_status":"open","sticky":false,"template":"","format":"standard","meta":{"_monsterinsights_skip_tracking":false,"_monsterinsights_sitenote_active":false,"_monsterinsights_sitenote_note":"","_monsterinsights_sitenote_category":0,"footnotes":""},"categories":[135,136,130],"tags":[],"class_list":["post-10635","post","type-post","status-publish","format-standard","has-post-thumbnail","hentry","category-oeffentliche-aktionen","category-pfadfinder","category-unsere-aktionen"],"aioseo_notices":[],"_links":{"self":[{"href":"https:\/\/stammkoenigartus.de\/index.php?rest_route=\/wp\/v2\/posts\/10635","targetHints":{"allow":["GET"]}}],"collection":[{"href":"https:\/\/stammkoenigartus.de\/index.php?rest_route=\/wp\/v2\/posts"}],"about":[{"href":"https:\/\/stammkoenigartus.de\/index.php?rest_route=\/wp\/v2\/types\/post"}],"author":[{"embeddable":true,"href":"https:\/\/stammkoenigartus.de\/index.php?rest_route=\/wp\/v2\/users\/1"}],"replies":[{"embeddable":true,"href":"https:\/\/stammkoenigartus.de\/index.php?rest_route=%2Fwp%2Fv2%2Fcomments&post=10635"}],"version-history":[{"count":5,"href":"https:\/\/stammkoenigartus.de\/index.php?rest_route=\/wp\/v2\/posts\/10635\/revisions"}],"predecessor-version":[{"id":17974,"href":"https:\/\/stammkoenigartus.de\/index.php?rest_route=\/wp\/v2\/posts\/10635\/revisions\/17974"}],"wp:featuredmedia":[{"embeddable":true,"href":"https:\/\/stammkoenigartus.de\/index.php?rest_route=\/wp\/v2\/media\/10728"}],"wp:attachment":[{"href":"https:\/\/stammkoenigartus.de\/index.php?rest_route=%2Fwp%2Fv2%2Fmedia&parent=10635"}],"wp:term":[{"taxonomy":"category","embeddable":true,"href":"https:\/\/stammkoenigartus.de\/index.php?rest_route=%2Fwp%2Fv2%2Fcategories&post=10635"},{"taxonomy":"post_tag","embeddable":true,"href":"https:\/\/stammkoenigartus.de\/index.php?rest_route=%2Fwp%2Fv2%2Ftags&post=10635"}],"curies":[{"name":"wp","href":"https:\/\/api.w.org\/{rel}","templated":true}]}}