{"id":11396,"date":"2016-02-10T16:21:08","date_gmt":"2016-02-10T15:21:08","guid":{"rendered":"http:\/\/stammkoenigartus.de\/?p=11396"},"modified":"2023-02-12T17:39:16","modified_gmt":"2023-02-12T16:39:16","slug":"bericht-skilager-2016","status":"publish","type":"post","link":"https:\/\/stammkoenigartus.de\/?p=11396","title":{"rendered":"Bericht Skilager 2016"},"content":{"rendered":"<p>Eine richtige Spontanaktion war erstmalig im Stamm unser Skilager 2016. Nachdem nach dem Jahresabschluss die Idee in den K\u00f6pfen flammte, mal gemeinsam Ski fahren zu gehen, konnten wir diese Idee in den Faschingsferien umsetzen.\u00a0Am sp\u00e4ten Nachmittag des 6. Februar trafen wir uns am Heim. Nachdem alle Ski und Snowboards inkl. Schuhen, Helmen und Gep\u00e4ck in die beiden Autos gepackt wurden, ging es auch schon direkt los. 4 Stunden sp\u00e4ter trafen wir in der Jugendherberge Schliersee ein.\u00a0Dort angekommen nahmen wir unsere Zimmerschl\u00fcssel aus dem Tresor und freuten uns \u00fcber ein Zimmer mit 14 Betten (wir waren zu 9.) Nach einigen Kartenspielen und einer Brotzeit gingen wir auch schon ins Bett.<\/p>\n<p>Am Tag darauf war um 7 Uhr die Nacht vorbei. Ab 8 Uhr gab es Fr\u00fchst\u00fccksbuffet. Das war richtig cool und &#8222;all you can eat&#8220;. Schneehose und Anorak an und auf ging&#8217;s zum Sudelfeld. Das Wetter war etwas tr\u00fcb und der Wind blies ganz sch\u00f6n heftig, einige Lifte hatten aufgrund dessen geschlossen, aber das macht uns ja nix aus. Nach dem Stefan mit einer pl\u00f6tzlichen Bestellung von 9 2 Tagesskip\u00e4ssen den Computer und zwei Kassen in der Talstation lahmgelegt hat konnten wir auch schon los d\u00fcsen. Der Schnee war &#8222;sudelig&#8220; und schwer. Das Fahren machte aber trotzdem riesen Spa\u00df. Wir hatten Funkger\u00e4te dabei und so waren auch die Liftauffahrten und die Verst\u00e4ndigung im Skigebiet, wenn wir uns getrennt hatten nicht so schwer. Jeder ist mal stecken geblieben oder\u00a0 Kopf voraus den Hang hinunter gerutscht. Spa\u00df inklusive. Nach dem ersten anstrengenden Tag gingen wir noch in die Therme Schliersee. Naja Therme ist gut gesagt, es\u00a0gab ein Dampfbad f\u00fcr 4 Leute und einen Whirlpool f\u00fcr 5. Der Rest der Becken war k\u00fchl und ohne Bewegung wurde es schnell kalt. Erholen und Einweichen konnten wir uns aber trotzdem.\u00a0<\/p>\n<p>Am Tag darauf ging es &#8211; nachdem wir \u00fcber das Schneetelefon herausgefunden hatten, dass richtig viel Schnee lag &#8211; zum Brauneck. Dieses lag auf 1500 &#8211; 1700 m. Mit einer Gondel ging es steil bergauf, \u00fcber ein Tal hinweg und hoch auf den Gipfel. Ein Skigebiet mit herausfordernden Pisten meist rot und schwarz. Aber nach dem Motto keine Piste zu steil st\u00fcrmten wir die H\u00e4nge. Der Schnee war echt klasse, die Sonne schien und die Gute Laune war nie weg. Aber wir mussten trotzdem zugeben, dass das ganze ziemlich auf die Knochen ging und wir mit einer letzten Pistenabfahrt das Skifahren beendeten. Es ging nun nach F\u00fcrstenfeldbruck wo meine Oma wohnt, bei ihr haben wir die letzte Nacht verbracht. Spielplatzbesuch nachts um 22 Uhr inklusive.\u00a0Richtig sch\u00f6ne vier Tage nahmen mit der Heimfahrt am darauffolgenden Tag ihr Ende. Eine gute Truppe von 9 Pfadfindern kehrte\u00a0ersch\u00f6pft, aber\u00a0gl\u00fccklich zur\u00fcck nach Marktrodach.<\/p>\n<p>Bericht Felix B\u00e4r<\/p>\n\n[supsystic-gallery id=&#8217;48&#8216;<\/p>\n","protected":false},"excerpt":{"rendered":"<p>Eine richtige Spontanaktion war erstmalig im Stamm unser Skilager 2016. Nachdem nach dem Jahresabschluss die Idee in den K\u00f6pfen flammte, mal gemeinsam Ski fahren zu &hellip;<\/p>\n","protected":false},"author":2,"featured_media":18140,"comment_status":"open","ping_status":"open","sticky":false,"template":"","format":"standard","meta":{"_monsterinsights_skip_tracking":false,"_monsterinsights_sitenote_active":false,"_monsterinsights_sitenote_note":"","_monsterinsights_sitenote_category":0,"footnotes":""},"categories":[136,130],"tags":[],"class_list":["post-11396","post","type-post","status-publish","format-standard","has-post-thumbnail","hentry","category-pfadfinder","category-unsere-aktionen"],"aioseo_notices":[],"_links":{"self":[{"href":"https:\/\/stammkoenigartus.de\/index.php?rest_route=\/wp\/v2\/posts\/11396","targetHints":{"allow":["GET"]}}],"collection":[{"href":"https:\/\/stammkoenigartus.de\/index.php?rest_route=\/wp\/v2\/posts"}],"about":[{"href":"https:\/\/stammkoenigartus.de\/index.php?rest_route=\/wp\/v2\/types\/post"}],"author":[{"embeddable":true,"href":"https:\/\/stammkoenigartus.de\/index.php?rest_route=\/wp\/v2\/users\/2"}],"replies":[{"embeddable":true,"href":"https:\/\/stammkoenigartus.de\/index.php?rest_route=%2Fwp%2Fv2%2Fcomments&post=11396"}],"version-history":[{"count":5,"href":"https:\/\/stammkoenigartus.de\/index.php?rest_route=\/wp\/v2\/posts\/11396\/revisions"}],"predecessor-version":[{"id":18141,"href":"https:\/\/stammkoenigartus.de\/index.php?rest_route=\/wp\/v2\/posts\/11396\/revisions\/18141"}],"wp:featuredmedia":[{"embeddable":true,"href":"https:\/\/stammkoenigartus.de\/index.php?rest_route=\/wp\/v2\/media\/18140"}],"wp:attachment":[{"href":"https:\/\/stammkoenigartus.de\/index.php?rest_route=%2Fwp%2Fv2%2Fmedia&parent=11396"}],"wp:term":[{"taxonomy":"category","embeddable":true,"href":"https:\/\/stammkoenigartus.de\/index.php?rest_route=%2Fwp%2Fv2%2Fcategories&post=11396"},{"taxonomy":"post_tag","embeddable":true,"href":"https:\/\/stammkoenigartus.de\/index.php?rest_route=%2Fwp%2Fv2%2Ftags&post=11396"}],"curies":[{"name":"wp","href":"https:\/\/api.w.org\/{rel}","templated":true}]}}