{"id":11462,"date":"2016-02-20T09:47:01","date_gmt":"2016-02-20T08:47:01","guid":{"rendered":"http:\/\/stammkoenigartus.de\/?p=11462"},"modified":"2023-02-12T17:37:32","modified_gmt":"2023-02-12T16:37:32","slug":"bericht-stammesrat-2016","status":"publish","type":"post","link":"https:\/\/stammkoenigartus.de\/?p=11462","title":{"rendered":"Bericht Stammesrat 2016"},"content":{"rendered":"\n<p>Nachdem Denis im Oktober 2015 aus privaten Gr\u00fcnden zur\u00fcckgetreten ist, fehlte dem Stamm ein weiterer Stellvertreter.\u00a0Aus diesem Grund fand am 13. Februar 2016 ein Stammesrat statt, um dieses Amt neu zu w\u00e4hlen. Es trafen sich 30 Stammesmitglieder im Pfadfinderheim.\u00a0 Nachdem ich alle begr\u00fc\u00dft hatte, wurde zuerst was gegessen &#8211; man soll ja seine Entscheidungen nicht vorschnell treffen, nur um danach etwas Essen zu k\u00f6nnen. \ud83d\ude42\u00a0Gegen 19 Uhr ging der Rat dann los. Zusammen sangen wir das Stammeslied. Nach kurzer Er\u00f6ffnung von mir und Selma kamen wir auch schon zum Wichtigsten. Ich bat die Versammlung Vorschl\u00e4ge f\u00fcr die Wahl eines weiteren Stellvertreters zu machen.\u00a0Es gab schnell einige Vorschl\u00e4ge und es ging direkt zur Wahl. Wir w\u00e4hlten offen durch Handzeichen. Nach vielen H\u00e4nden stand das Ergebnis fest: Zusammen mit Selma ist nun Christoph Scheller stellvertretender Stammesf\u00fchrer.\u00a0Mit seiner Wahl gab Chris sein bisheriges R\u00fcstkammeramt frei. Dieses musste nun neu besetzt werden. Hier gab es zwei Vorschl\u00e4ge. Nachdem Lorenz die Wahl ablehnte ist nun Alexander Holzmann der neue Verwalter der R\u00fcstkammer. Ihm obliegt es nun, den Stamm mit allem zu versorgen, was die Mitglieder so brauchen. Abzeichen, Hemden und vieles mehr kann jederzeit \u00fcber die Stammeshomepage bestellt werden.\u00a0Nat\u00fcrlich gab es noch einige weitere Punkte, die ich hier nicht publizieren m\u00f6chte. \ud83d\ude42\u00a0Ich danke der Versammlung f\u00fcr die Entscheidungen, die gefallen sind.<br \/>Ich denke, dass wir auch weiterhin gut aufgestellt sind um erfolgreich die Zukunft auf uns zukommen zu lassen. \ud83d\ude42<\/p>\n<p><a href=\"https:\/\/stammkoenigartus.de\/wp-content\/uploads\/Protokoll-Stammesrat-2016.pdf\" target=\"_blank\" rel=\"noopener\">Und hier noch das Protokoll<\/a><\/p>\n","protected":false},"excerpt":{"rendered":"<p>Nachdem Denis im Oktober 2015 aus privaten Gr\u00fcnden zur\u00fcckgetreten ist, fehlte dem Stamm ein weiterer Stellvertreter.\u00a0Aus diesem Grund fand am 13. Februar 2016 ein Stammesrat &hellip;<\/p>\n","protected":false},"author":2,"featured_media":18137,"comment_status":"open","ping_status":"open","sticky":false,"template":"","format":"standard","meta":{"_monsterinsights_skip_tracking":false,"_monsterinsights_sitenote_active":false,"_monsterinsights_sitenote_note":"","_monsterinsights_sitenote_category":0,"footnotes":""},"categories":[136,132,137,130,131],"tags":[],"class_list":["post-11462","post","type-post","status-publish","format-standard","has-post-thumbnail","hentry","category-pfadfinder","category-rover","category-stamm","category-unsere-aktionen","category-woelflinge"],"aioseo_notices":[],"_links":{"self":[{"href":"https:\/\/stammkoenigartus.de\/index.php?rest_route=\/wp\/v2\/posts\/11462","targetHints":{"allow":["GET"]}}],"collection":[{"href":"https:\/\/stammkoenigartus.de\/index.php?rest_route=\/wp\/v2\/posts"}],"about":[{"href":"https:\/\/stammkoenigartus.de\/index.php?rest_route=\/wp\/v2\/types\/post"}],"author":[{"embeddable":true,"href":"https:\/\/stammkoenigartus.de\/index.php?rest_route=\/wp\/v2\/users\/2"}],"replies":[{"embeddable":true,"href":"https:\/\/stammkoenigartus.de\/index.php?rest_route=%2Fwp%2Fv2%2Fcomments&post=11462"}],"version-history":[{"count":16,"href":"https:\/\/stammkoenigartus.de\/index.php?rest_route=\/wp\/v2\/posts\/11462\/revisions"}],"predecessor-version":[{"id":18138,"href":"https:\/\/stammkoenigartus.de\/index.php?rest_route=\/wp\/v2\/posts\/11462\/revisions\/18138"}],"wp:featuredmedia":[{"embeddable":true,"href":"https:\/\/stammkoenigartus.de\/index.php?rest_route=\/wp\/v2\/media\/18137"}],"wp:attachment":[{"href":"https:\/\/stammkoenigartus.de\/index.php?rest_route=%2Fwp%2Fv2%2Fmedia&parent=11462"}],"wp:term":[{"taxonomy":"category","embeddable":true,"href":"https:\/\/stammkoenigartus.de\/index.php?rest_route=%2Fwp%2Fv2%2Fcategories&post=11462"},{"taxonomy":"post_tag","embeddable":true,"href":"https:\/\/stammkoenigartus.de\/index.php?rest_route=%2Fwp%2Fv2%2Ftags&post=11462"}],"curies":[{"name":"wp","href":"https:\/\/api.w.org\/{rel}","templated":true}]}}