{"id":11574,"date":"2016-04-10T12:10:52","date_gmt":"2016-04-10T10:10:52","guid":{"rendered":"http:\/\/stammkoenigartus.de\/?p=11574"},"modified":"2023-02-12T17:34:41","modified_gmt":"2023-02-12T16:34:41","slug":"bericht-guppenfuehrerschulung","status":"publish","type":"post","link":"https:\/\/stammkoenigartus.de\/?p=11574","title":{"rendered":"Bericht Guppenf\u00fchrerschulung"},"content":{"rendered":"\n<p>Irgendwann im Leben eines Pfadfinders kann es sein, dass die Stammesf\u00fchrung an Einen heran tritt und die Frage stellt: &#8222;M\u00f6chtest du in die Gruppenf\u00fchrung?&#8220;. Gruppenf\u00fchrer zu sein bedeutet nicht nur viel Spa\u00df, sondern auch die Kontrolle \u00fcber eine Sippe\/Meute zu haben und f\u00fcr deren Tun verantwortlich zu sein. Das Ganze ist mit einem hohen Zeitaufwand verbunden und fordert &#8211; wenn man es richtig macht &#8211; einiges an Eigeninitiative und Stunden.<br \/>Eine Aufgabe, die nicht immer einfach ist und eine gro\u00dfe Herausforderung birgt.<\/p>\n<p>Wer diese Frage mit Ja beantwortet, sollte auf die Sippen\/Meutenf\u00fchrerschulung des Ringes gehen. Dort bekommt jeder individuell viele Werkzeuge an die Hand, die er nutzen kann. Es wird die K\u00f6rpersprache trainiert, vieles \u00fcber die Art der Gruppenf\u00fchrung, die Herangehensweise bei der Planung eines Lagers und auch wie genau eine Gruppenstunde aussehen sollte, bzw. warum wir Anfangs- und Abschlusskreise machen getan. Es geht weit in das Rechtliche hinein, wo Grenzen erreicht werden und auch P\u00e4dagogik hat eine gro\u00dfe Bedeutung.<br \/>Eine Schulung dauert 10 Tage. Das Team setzt sich zusammen aus Gruppenf\u00fchrern, die ihre Erfahrung und ihr Wissen gern weitergeben m\u00f6chten, Stammesf\u00fchrer aus den St\u00e4mmen des Ringes und auch die Ringf\u00fchrung ist meistens vertreten.<br \/>Im Team der SiF\u00fc 2016 waren neben mir auch Christoph Scheller und Yannick Yasar, die einige Referate vorbereiteten und die Schulung wesentlich auch in der K\u00fcche etc. unterst\u00fctzten. Vielen Dank an diese beiden.<\/p>\n<p>Ein noch gr\u00f6\u00dferer Dank gilt den beiden, die die Herausforderung annehmen, in die Gruppenf\u00fchrung zu gehen! Sie lie\u00dfen sich 10 Tage lang alles mitgeben, was man braucht und wissen sollte. Meinen Respekt an diese beiden, denn eines ist gewiss:<br \/>Nur durch erfahrene, kreative und selbstaktive Gruppenf\u00fchrer kann unser Stamm auch in Zukunft die Qualit\u00e4t weitergeben, die er sich in den vergangenen 62 Jahren angeeignet hat.<\/p>\n<p>Lorenz Vitz und Peter Lindenberger<\/p>\n<p>VIELEN DANK<\/p>\n","protected":false},"excerpt":{"rendered":"<p>Irgendwann im Leben eines Pfadfinders kann es sein, dass die Stammesf\u00fchrung an Einen heran tritt und die Frage stellt: &#8222;M\u00f6chtest du in die Gruppenf\u00fchrung?&#8220;. Gruppenf\u00fchrer &hellip;<\/p>\n","protected":false},"author":2,"featured_media":11577,"comment_status":"open","ping_status":"open","sticky":false,"template":"","format":"standard","meta":{"_monsterinsights_skip_tracking":false,"_monsterinsights_sitenote_active":false,"_monsterinsights_sitenote_note":"","_monsterinsights_sitenote_category":0,"footnotes":""},"categories":[136,130],"tags":[30,32,111,33,35,113,44,48,50,115,53,58,59,62],"class_list":["post-11574","post","type-post","status-publish","format-standard","has-post-thumbnail","hentry","category-pfadfinder","category-unsere-aktionen","tag-ansporn","tag-fahrt","tag-fuhreraktionen","tag-gelandespiel","tag-gesprach","tag-haijk","tag-leistung","tag-pfadfinderei","tag-regeln","tag-sippe","tag-spas","tag-viele-leute","tag-voraussetzung","tag-wetter"],"aioseo_notices":[],"_links":{"self":[{"href":"https:\/\/stammkoenigartus.de\/index.php?rest_route=\/wp\/v2\/posts\/11574","targetHints":{"allow":["GET"]}}],"collection":[{"href":"https:\/\/stammkoenigartus.de\/index.php?rest_route=\/wp\/v2\/posts"}],"about":[{"href":"https:\/\/stammkoenigartus.de\/index.php?rest_route=\/wp\/v2\/types\/post"}],"author":[{"embeddable":true,"href":"https:\/\/stammkoenigartus.de\/index.php?rest_route=\/wp\/v2\/users\/2"}],"replies":[{"embeddable":true,"href":"https:\/\/stammkoenigartus.de\/index.php?rest_route=%2Fwp%2Fv2%2Fcomments&post=11574"}],"version-history":[{"count":3,"href":"https:\/\/stammkoenigartus.de\/index.php?rest_route=\/wp\/v2\/posts\/11574\/revisions"}],"predecessor-version":[{"id":18135,"href":"https:\/\/stammkoenigartus.de\/index.php?rest_route=\/wp\/v2\/posts\/11574\/revisions\/18135"}],"wp:featuredmedia":[{"embeddable":true,"href":"https:\/\/stammkoenigartus.de\/index.php?rest_route=\/wp\/v2\/media\/11577"}],"wp:attachment":[{"href":"https:\/\/stammkoenigartus.de\/index.php?rest_route=%2Fwp%2Fv2%2Fmedia&parent=11574"}],"wp:term":[{"taxonomy":"category","embeddable":true,"href":"https:\/\/stammkoenigartus.de\/index.php?rest_route=%2Fwp%2Fv2%2Fcategories&post=11574"},{"taxonomy":"post_tag","embeddable":true,"href":"https:\/\/stammkoenigartus.de\/index.php?rest_route=%2Fwp%2Fv2%2Ftags&post=11574"}],"curies":[{"name":"wp","href":"https:\/\/api.w.org\/{rel}","templated":true}]}}