{"id":11850,"date":"2016-07-16T22:41:37","date_gmt":"2016-07-16T20:41:37","guid":{"rendered":"http:\/\/stammkoenigartus.de\/?p=11850"},"modified":"2023-02-12T17:19:52","modified_gmt":"2023-02-12T16:19:52","slug":"meutenlager-2016","status":"publish","type":"post","link":"https:\/\/stammkoenigartus.de\/?p=11850","title":{"rendered":"Meutenlager 2016"},"content":{"rendered":"\n<p>Dass unsere Heimat im wundersch\u00f6nen Naturpark Frankenwald auch f\u00fcr uns \u201eUreinwohner\u201c selbst eine Reise wert ist, zeigte sich eindrucksvoll beim diesj\u00e4hrigen traditionellen Meutenlager vom 24.-26. Juni. Wir zogen aus ins H\u00f6llental am Fu\u00dfe des Schlosses Issigau \u2013 seines Zeichens eine bereits im Jahre 1398 erstmals erw\u00e4hnte Burg am Rande des Fichtelgebirges &#8211; und errichteten unser Lager am Zeltplatz im Schlosspark.<\/p>\n<p>W\u00e4hrend die W\u00f6lflinge ihr K\u00f6nnen im Ratz-Fatz-Alexzelt-bezugsfertig-aufbauen unter Beweis stellten, zeigten Lukas und Bierla eindrucksvoll, dass es in recht kurzer Zeit Hand in Hand m\u00f6glich ist, die Jurte auch zu zweit vorschriftsm\u00e4\u00dfig aufzubauen. Zauberhaft zuf\u00e4llig stand unsere Jurte in einem magischen Kreis aus Birken \u2013 einen besseren Platz kann man kaum finden f\u00fcr das Meutenlager. Diese Jurte wurde dann den versammelten Meuten (\u201eSchneehase\u201c und \u201eFledermaus\u201c) als Feuer-, Sing- und K\u00fcchenjurte zur Nutzung bereitgestellt.<\/p>\n<p>Nachdem der Aufbau des Lagers vollendet war, begannen die Kids das Gel\u00e4nde in der n\u00e4heren Umgebung zu erkunden. Ihr Weg f\u00fchrte sie auch in den nahen Wald, wo auf wundersame Weise ein Zauberer ihren Weg kreuzte.<br \/>Dieser ernannte sie feierlich alle zu Zauberlehrlingen und trug ihnen als Aufgabe auf, am n\u00e4chsten Tag Hexenbesen und Zauberst\u00e4be nach uraltem Zauberhandwerk zu fertigen.<br \/>Eifrig sammelten die W\u00f6lflinge am n\u00e4chsten Tag Material im Wald und in der Umgebung und machten sich ans Binden der Hexenbesen und Basteln der Zauberst\u00e4be. Als das Werk vollbracht war, erschien nun wieder der Zauberer im Lager, begutachtete die selbstgebauten Hexenbesen und erachtete sie \u00fcberraschend sogar tauglich f\u00fcr ein Quidditch-Match. Und wie von Zauberhand war da bereits das passende Spielfeld errichtet und die Zauberlehrlinge freuten sich \u00fcberm\u00fctig auf den ersten Ausritt auf ihrem Hexenbesen.<br \/>So spielten nun die zauberhaften Schneehasenhexen gegen das Team der verzauberten Flederm\u00e4use mit dem blaugoldenen Zauberschnatz Quidditch \u2013 es ging eifrig hin und her und am Ende gab es nur Gewinner. Und die hatten alle Hunger\u2026..<\/p>\n<p>W\u00e4hrenddessen hatte n\u00e4mlich die H\u00fcterin des Feuers in der K\u00fcchenjurte bereits ein feines Zauberlehrlingsmahl gezaubert und das wurde dann, in der uralten \u00fcberlieferten Tradition, gemeinsam im Essenskreis mit gutem Appetit verspeist.<\/p>\n<p>Nach der Tafel in friedvoller Runde gab es dann der Hitze entsprechend eine hei\u00dfe Wasserschlacht mit dem erfrischenden Wasser des Weihers, der wohl erstmals so ein wildgewordenes Rudel W\u00f6lf(e)linge \u2013 gemeinsam mit den Fr\u00f6schen und Kaulquappen &#8211; in seinem Wasser rumtoben sah. So wurde auch der Weiher ehrenvoll und lachend von uns eingeweiht.<br \/>Nach so einem aufregenden und fr\u00f6hlichen Tag trafen wir uns abends am Lagerfeuer und lie\u00dfen den Tag mit Liedern und Ges\u00e4ngen gemeinsam ausklingen \u2013 mit den Zeilen aus unserem legend\u00e4r gesungenen \u201eGute Nacht Kameraden, bewahrt euch diesen Tag\u201c verabschiedeten die W\u00f6lflinge sich in die Nacht und begaben sich zu ihren Zelten.<\/p>\n<p>\u2026. und die Sterne r\u00fccken aus den Tannen<br \/>empor ins blaue Zelt<br \/>und funkeln in die Welt<br \/>die Dunkelheit zu bannen<\/p>\n<p>Mit einem gemeinsamen und ausgiebigen Fr\u00fchst\u00fcck, begann der n\u00e4chste Tag f\u00fcr uns in lachender und fr\u00f6hlicher Runde. Wir halfen alle zusammen das Lager abzubauen und den Lagerplatz, auch im Sinne unseres Gr\u00fcndervaters Baden Powell, zu s\u00e4ubern. Und so war unser Platz, der uns als Lager gedient hatte, dann tats\u00e4chlich sauberer und sch\u00f6ner als bei unserer Ankunft und wir kehrten m\u00fcde aber gl\u00fccklich wieder heim.<\/p>\n<p>Mein Dank gilt Allen, die zum guten Gelingen unseres Meutenlagers \u2013 in welcher Form auch immer &#8211; beigetragen haben.<br \/>Allzeit bereit<br \/>wir tun unser Bestes <br \/>Petra<\/p>\n","protected":false},"excerpt":{"rendered":"<p>Dass unsere Heimat im wundersch\u00f6nen Naturpark Frankenwald auch f\u00fcr uns \u201eUreinwohner\u201c selbst eine Reise wert ist, zeigte sich eindrucksvoll beim diesj\u00e4hrigen traditionellen Meutenlager vom 24.-26. &hellip;<\/p>\n","protected":false},"author":2,"featured_media":18109,"comment_status":"open","ping_status":"open","sticky":false,"template":"","format":"standard","meta":{"_monsterinsights_skip_tracking":false,"_monsterinsights_sitenote_active":false,"_monsterinsights_sitenote_note":"","_monsterinsights_sitenote_category":0,"footnotes":""},"categories":[130,131],"tags":[],"class_list":["post-11850","post","type-post","status-publish","format-standard","has-post-thumbnail","hentry","category-unsere-aktionen","category-woelflinge"],"aioseo_notices":[],"_links":{"self":[{"href":"https:\/\/stammkoenigartus.de\/index.php?rest_route=\/wp\/v2\/posts\/11850","targetHints":{"allow":["GET"]}}],"collection":[{"href":"https:\/\/stammkoenigartus.de\/index.php?rest_route=\/wp\/v2\/posts"}],"about":[{"href":"https:\/\/stammkoenigartus.de\/index.php?rest_route=\/wp\/v2\/types\/post"}],"author":[{"embeddable":true,"href":"https:\/\/stammkoenigartus.de\/index.php?rest_route=\/wp\/v2\/users\/2"}],"replies":[{"embeddable":true,"href":"https:\/\/stammkoenigartus.de\/index.php?rest_route=%2Fwp%2Fv2%2Fcomments&post=11850"}],"version-history":[{"count":6,"href":"https:\/\/stammkoenigartus.de\/index.php?rest_route=\/wp\/v2\/posts\/11850\/revisions"}],"predecessor-version":[{"id":18110,"href":"https:\/\/stammkoenigartus.de\/index.php?rest_route=\/wp\/v2\/posts\/11850\/revisions\/18110"}],"wp:featuredmedia":[{"embeddable":true,"href":"https:\/\/stammkoenigartus.de\/index.php?rest_route=\/wp\/v2\/media\/18109"}],"wp:attachment":[{"href":"https:\/\/stammkoenigartus.de\/index.php?rest_route=%2Fwp%2Fv2%2Fmedia&parent=11850"}],"wp:term":[{"taxonomy":"category","embeddable":true,"href":"https:\/\/stammkoenigartus.de\/index.php?rest_route=%2Fwp%2Fv2%2Fcategories&post=11850"},{"taxonomy":"post_tag","embeddable":true,"href":"https:\/\/stammkoenigartus.de\/index.php?rest_route=%2Fwp%2Fv2%2Ftags&post=11850"}],"curies":[{"name":"wp","href":"https:\/\/api.w.org\/{rel}","templated":true}]}}