{"id":11882,"date":"2016-07-19T22:56:48","date_gmt":"2016-07-19T20:56:48","guid":{"rendered":"http:\/\/stammkoenigartus.de\/?p=11882"},"modified":"2023-02-12T17:15:23","modified_gmt":"2023-02-12T16:15:23","slug":"ringmeutenlager-2016","status":"publish","type":"post","link":"https:\/\/stammkoenigartus.de\/?p=11882","title":{"rendered":"Ringmeutenlager 2016"},"content":{"rendered":"<p>Vom 8.7-10.7 trafen sich 5 St\u00e4mme aus dem Ring Bayern um gemeinsam ein Meuten Lager auf die Beine zustellen. Beteiligt waren der Stamm Silberf\u00fcchse aus Erlangen, der Stamm Waldl\u00e4ufer aus Grafenw\u00f6hr, die schwarzen L\u00f6wen aus M\u00fcnchen, der Stamm Raubv\u00f6gel aus Adelsdorf und nat\u00fcrlich wir. So trafen wir uns nun alle am Freitag in Triebsdorf bei Coburg um erst einmal die Zelte aufzubauen. Danach gab es erstmal Abendessen.<\/p>\n<p>Anschlie\u00dfend ging es dann mit der Geschichte rund um Herr der Ringe weiter. Dazu liefen die Kinder zu einer nahegelegenen Wiese. Dort wurden sie bereits erwartet von Gandalf dem Zauberer.<\/p>\n<p>Als pl\u00f6tzlich Frodo der Hobbit und der Oberork aus dem Wald gerannt kamen und die Kinder mitten in die Geschichte hinein warfen. Nach einem ersten spannenden Abend ging es auch ins Bett. Am n\u00e4chsten Morgen gab es wie immer Fr\u00fchst\u00fcck, um sich f\u00fcr den Tag zu st\u00e4rken. Nach dem Fr\u00fchst\u00fcck konnten sich die Kids in verschiedenen AGs n\u00fctzliche Sachen f\u00fcr das Gel\u00e4ndespiel zusammenbauen. Kurze Mittagspause und weiter ging es! Nun mussten sich die Kinder in verschiedenen Teams Runen erk\u00e4mpfen um den einen Ring zu erhalten. Leider hatte das Team der Orks den Ring ergattert, aber das Team der Hobbits lies sich nicht entmutigen. Im zweiten Teil mussten die Teams sich f\u00fcr den Kampf r\u00fcsten. Doch schon wieder waren die Orks etwas besser. So konnte keiner den Endkampf nach dem Abendessen erwarten, worin der Hobbit und sein Gefolge gegen die Orks k\u00e4mpfte.<\/p>\n<p>Erst sah es danach aus, als h\u00e4tten die Orks endg\u00fcltig gewonnen. Doch zu fr\u00fch gefreut!! Denn Frodo stahl den Ring von den Orks und verschwand im Wald. Die Kinder waren fasziniert, sodass nach einer kleinen Singerunde\u00a0viele das Bett beanspruchten. Am letzten Tag ging es auch schon wieder nach Hause, leider! Ein erfolgreiches Ringmeutenlager!!!<\/p>\n<p>Chris<\/p>\n","protected":false},"excerpt":{"rendered":"<p>Vom 8.7-10.7 trafen sich 5 St\u00e4mme aus dem Ring Bayern um gemeinsam ein Meuten Lager auf die Beine zustellen. Beteiligt waren der Stamm Silberf\u00fcchse aus &hellip;<\/p>\n","protected":false},"author":3,"featured_media":18101,"comment_status":"open","ping_status":"open","sticky":false,"template":"","format":"standard","meta":{"_monsterinsights_skip_tracking":false,"_monsterinsights_sitenote_active":false,"_monsterinsights_sitenote_note":"","_monsterinsights_sitenote_category":0,"footnotes":""},"categories":[133,130,131],"tags":[],"class_list":["post-11882","post","type-post","status-publish","format-standard","has-post-thumbnail","hentry","category-ring","category-unsere-aktionen","category-woelflinge"],"aioseo_notices":[],"_links":{"self":[{"href":"https:\/\/stammkoenigartus.de\/index.php?rest_route=\/wp\/v2\/posts\/11882","targetHints":{"allow":["GET"]}}],"collection":[{"href":"https:\/\/stammkoenigartus.de\/index.php?rest_route=\/wp\/v2\/posts"}],"about":[{"href":"https:\/\/stammkoenigartus.de\/index.php?rest_route=\/wp\/v2\/types\/post"}],"author":[{"embeddable":true,"href":"https:\/\/stammkoenigartus.de\/index.php?rest_route=\/wp\/v2\/users\/3"}],"replies":[{"embeddable":true,"href":"https:\/\/stammkoenigartus.de\/index.php?rest_route=%2Fwp%2Fv2%2Fcomments&post=11882"}],"version-history":[{"count":2,"href":"https:\/\/stammkoenigartus.de\/index.php?rest_route=\/wp\/v2\/posts\/11882\/revisions"}],"predecessor-version":[{"id":18103,"href":"https:\/\/stammkoenigartus.de\/index.php?rest_route=\/wp\/v2\/posts\/11882\/revisions\/18103"}],"wp:featuredmedia":[{"embeddable":true,"href":"https:\/\/stammkoenigartus.de\/index.php?rest_route=\/wp\/v2\/media\/18101"}],"wp:attachment":[{"href":"https:\/\/stammkoenigartus.de\/index.php?rest_route=%2Fwp%2Fv2%2Fmedia&parent=11882"}],"wp:term":[{"taxonomy":"category","embeddable":true,"href":"https:\/\/stammkoenigartus.de\/index.php?rest_route=%2Fwp%2Fv2%2Fcategories&post=11882"},{"taxonomy":"post_tag","embeddable":true,"href":"https:\/\/stammkoenigartus.de\/index.php?rest_route=%2Fwp%2Fv2%2Ftags&post=11882"}],"curies":[{"name":"wp","href":"https:\/\/api.w.org\/{rel}","templated":true}]}}