{"id":12064,"date":"2013-09-01T00:56:56","date_gmt":"2013-08-31T22:56:56","guid":{"rendered":"http:\/\/stammkoenigartus.de\/?p=12064"},"modified":"2023-02-02T19:47:17","modified_gmt":"2023-02-02T18:47:17","slug":"haijk-grofa-13","status":"publish","type":"post","link":"https:\/\/stammkoenigartus.de\/?p=12064","title":{"rendered":"Haijk GroFa 13"},"content":{"rendered":"\n\n\n<p>Nach iniger Motivationsmusik in Felix Auto, kaamen wir auch schon in Aufham am Hang des Berges Hochstaufen an. Es ging schon gut los, fast w\u00e4re Bezos Beckengurt schon wieder, wi in der Fr\u00e4nkischen Schweiz gerissen. Trotz Georgs und Bierlas fehlen war die Stimmung grandios. Nach einigen Kilometern Bergauf kamen wir auch schon an unserem ersten Lagerplatz,\u00a0 einer heruntergekommene Kuhweide an. Pl\u00f6tzlich bemerkten wir das Wir die Heringe vergessen haben, doch mit ein paar Stecken war das Problem gel\u00f6st.<br \/>Au\u00dferdem hatten wir genug Seil dabei doch dann kam Saskia mit einer pinken Geschenkschnurund wir waren gerettet. Zu Abend gab es K\u00e4sesp\u00e4tzle mit ganz viel Zwiebeln, die wir alle an France abgedr\u00fcckt haben. und sofort breitete sich F\u00e4ulnis aus. Mitten in der Nacht hatten wir auf einmal wildes und lautes Kuhgest\u00f6hne. Momo meinte wir w\u00e4rwn auf einer Entbindungsstation. Am \u00e4chsten Morgen gab es M\u00fcsli. Dannach ging die Besteigung des Berges schon weiter.<br \/>\u00a0Es schien fast so, als w\u00fcrde der Berg enlos in die H\u00f6he ragen. An einer Passage des Berges wurde es zu steil,, und wir mussten die Rucks\u00e4cke an einem schmalen Klippenrand zur\u00fccklassen. Oben angekommen war es sehr ent\u00e4uschendzu sehen das wir vor Nebel keine gute Aussicht hatten.\u00a0 Nach einem leckeren Skiwasser in der Bergh\u00fctte begann auch schonder Abstieg. Als wir wiedr bei den Rucks\u00e4cken angekommen waren, wollte France Selmas Rucksack nehmen, doch pl\u00f6tzlich gab sich der Sack einen Ruck, und weg war er!!!<br \/>Es schien fast so, als w\u00fcrde der Berg enlos in die H\u00f6he ragen. An einer Passage des Berges wurde es zu steil,, und wir mussten die Rucks\u00e4cke an einem schmalen Klippenrand zur\u00fccklassen. Oben angekommen war es sehr ent\u00e4uschendzu sehen das wir vor Nebel keine gute Aussicht hatten.\u00a0 Nach einem leckeren Skiwasser in der Bergh\u00fctte begann auch schonder Abstieg. Als wir wiedr bei den Rucks\u00e4cken angekommen waren, wollte France Selmas Rucksack nehmen, doch pl\u00f6tzlich gab sich der Sack einen Ruck, und weg war er!!!<br \/>\u00a0Sofort nahmen Stefan und Felix die Verfolgung auf, doch f\u00fcr den Rucksack kam jede Hilfe zu sp\u00e4t. Zu diesem Peck verlor Stefan auch noch seinen Knoten. Voller Frust und Trauer musste Stefan den Berg ohnen seinen Knoten verlassen. Selma war eigentlich nur sind Handyladekabel wichtig, der Rest war egal:-) Auf dem Weg zum n\u00e4chsten Lagerplatz kamen wir auf einer Weide mit Ziegen, K\u00fchen und Schafen vorbei.<br \/>\u00a0Momo war so begeistert. Vor allen von den Ziegen, sodass er Sie f\u00fctterte. Nach einigen Minuten hatte Momo soein Gef\u00fchl,das ihn etwas verfolgt, er drehte sich um. Pl\u00f6tzlich stand die ganze Ziegenherde hinter ihm. Momo rannte schnell wie der Blitz an uns vorbei, un wir hinterher. Zu Abend gab es Stampf, mit Wiener und Pfefferrahmso\u00dfe. Da Selmas Schlafsack mit in die Tiefe st\u00fcrzte bekam er Davids Isomatte, Saskias pinke Lieblingsdecke und das Fell von Felix. In der Nacht regnete es. Am n\u00e4chsten morgen hielt ein Auto an, und der F\u00f6rster des Waldes stieg herraus.<br \/>Sofort st\u00fcrmte Felix herraus, und hob die Not in der wir uns befunden haben hervor:-) Der F\u00f6rster meinte nur &#8220; Ihr sid&#8217;s Pfadfinder, des passt scho&#8220;. Tja, wieder einmal hat uns unser Halstuch das Leben gerettet. Dann fing es an zu Regnen, und zwar in Str\u00f6men. Von nun an ging es nur noch Berg ab, nach einer Stunde kamen wir wieder beiden Autos an. Eandlich hatten wir es gschafft.<\/p>\n<p><br \/>Zwoa J\u00e4ger steing ins Staufengw\u00e4nd Sie wolln an Gamsbock ham.<br \/>Untn l\u00e4utn&#8217;s in der Kirch grad zur Wandlung zam.<br \/>&#8222;H\u00f6rst&#8220; fragt der oa, &#8222;jetzt wandln&#8217;s drunt!.&#8220; &#8222;Ja Wandlung hin und her&#8220;.<br \/>Mir wandln a herob&#8217;n nu zwoa Stund, a Gamsbock gilt uns mehr! Auf oamol sehn&#8217;s an Bock, so stark und zottat wie a B\u00e4r.<br \/>Der Schuss f\u00e4llt &#8211; aber net der Bock, ganz feurig schaut er her. Schwarz ziagt a Wolk&#8217;n \u00fcbern Grabn de Jager san alloa,<br \/>Sie stehn no heut und r\u00fchrn si net verwandelt san&#8217;s in Stoa!<\/p>\n","protected":false},"excerpt":{"rendered":"<p>Nach iniger Motivationsmusik in Felix Auto, kaamen wir auch schon in Aufham am Hang des Berges Hochstaufen an. Es ging schon gut los, fast w\u00e4re &hellip;<\/p>\n","protected":false},"author":3,"featured_media":17827,"comment_status":"open","ping_status":"open","sticky":false,"template":"","format":"standard","meta":{"_monsterinsights_skip_tracking":false,"_monsterinsights_sitenote_active":false,"_monsterinsights_sitenote_note":"","_monsterinsights_sitenote_category":0,"footnotes":""},"categories":[136,132,137,130,131],"tags":[],"class_list":["post-12064","post","type-post","status-publish","format-standard","has-post-thumbnail","hentry","category-pfadfinder","category-rover","category-stamm","category-unsere-aktionen","category-woelflinge"],"aioseo_notices":[],"_links":{"self":[{"href":"https:\/\/stammkoenigartus.de\/index.php?rest_route=\/wp\/v2\/posts\/12064","targetHints":{"allow":["GET"]}}],"collection":[{"href":"https:\/\/stammkoenigartus.de\/index.php?rest_route=\/wp\/v2\/posts"}],"about":[{"href":"https:\/\/stammkoenigartus.de\/index.php?rest_route=\/wp\/v2\/types\/post"}],"author":[{"embeddable":true,"href":"https:\/\/stammkoenigartus.de\/index.php?rest_route=\/wp\/v2\/users\/3"}],"replies":[{"embeddable":true,"href":"https:\/\/stammkoenigartus.de\/index.php?rest_route=%2Fwp%2Fv2%2Fcomments&post=12064"}],"version-history":[{"count":2,"href":"https:\/\/stammkoenigartus.de\/index.php?rest_route=\/wp\/v2\/posts\/12064\/revisions"}],"predecessor-version":[{"id":17828,"href":"https:\/\/stammkoenigartus.de\/index.php?rest_route=\/wp\/v2\/posts\/12064\/revisions\/17828"}],"wp:featuredmedia":[{"embeddable":true,"href":"https:\/\/stammkoenigartus.de\/index.php?rest_route=\/wp\/v2\/media\/17827"}],"wp:attachment":[{"href":"https:\/\/stammkoenigartus.de\/index.php?rest_route=%2Fwp%2Fv2%2Fmedia&parent=12064"}],"wp:term":[{"taxonomy":"category","embeddable":true,"href":"https:\/\/stammkoenigartus.de\/index.php?rest_route=%2Fwp%2Fv2%2Fcategories&post=12064"},{"taxonomy":"post_tag","embeddable":true,"href":"https:\/\/stammkoenigartus.de\/index.php?rest_route=%2Fwp%2Fv2%2Ftags&post=12064"}],"curies":[{"name":"wp","href":"https:\/\/api.w.org\/{rel}","templated":true}]}}