{"id":12067,"date":"2015-09-03T01:01:37","date_gmt":"2015-09-02T23:01:37","guid":{"rendered":"http:\/\/stammkoenigartus.de\/?p=12067"},"modified":"2023-02-11T08:54:54","modified_gmt":"2023-02-11T07:54:54","slug":"bilder-tagebuch-grossfahrt-montenegro-2015","status":"publish","type":"post","link":"https:\/\/stammkoenigartus.de\/?p=12067","title":{"rendered":"Bilder Tagebuch Gro\u00dffahrt Montenegro 2015"},"content":{"rendered":"\n\n<div id=\"mtphr-dnt-10633\" class=\"mtphr-dnt mtphr-dnt-10633 mtphr-dnt-default mtphr-dnt-rotate mtphr-dnt-rotate-fade\"><div class=\"mtphr-dnt-wrapper mtphr-dnt-clearfix\"><div class=\"mtphr-dnt-tick-container\" style=\"padding-top:10px;padding-bottom:10px;margin-top:10px;margin-bottom:10px;\"><div class=\"mtphr-dnt-tick-contents\"><div class=\"mtphr-dnt-tick mtphr-dnt-default-tick mtphr-dnt-clearfix \"><table style=\"height: 286px\" width=\"503\">\r\n<tbody>\r\n<tr>\r\n<td style=\"text-align: center\">\r\n<p align=\"CENTER\"><span style=\"font-size: 18pt\"><u><b>Samstag, 1.8. bis Sonntag, 2.8.<\/b><\/u><\/span><\/p>\r\n<\/td>\r\n<\/tr>\r\n<tr>\r\n<td style=\"text-align: center\">\r\n<p align=\"CENTER\"><span style=\"font-size: medium\"><u><b>Tagebuch 1<\/b><\/u><\/span><\/p>\r\n<\/td>\r\n<\/tr>\r\n<tr>\r\n<td>\r\n<p align=\"LEFT\"><span style=\"font-size: medium\">Voller Vorfreude trafen wir uns am Samstag, den 1. August um 13 Uhr am Heim. Nachdem wir alles, was mir mitnehmen wollten, auf einen Haufen gelegt hatten, kam sodann p\u00fcnktlich um 14 Uhr unser Doppeldecker-Bus.<\/span><\/p>\r\n<p align=\"LEFT\"><span style=\"font-size: medium\">Nach einer Verabschiedung von den Eltern fand alles seinen Platz: <\/span><\/p>\r\n<p align=\"LEFT\"><span style=\"font-size: medium\">Wir sa\u00dfen oben vorne und auch unsere vier (statt einer) Kisten kamen unter. Also auf nach Montenegro!<\/span><\/p>\r\n<p align=\"LEFT\"><span style=\"font-size: medium\">Unterwegs nahmen wir die Silberf\u00fcchse mit und dann ging\u00b4s noch zu den Schwarzen L\u00f6wen nach M\u00fcnchen. Einer der Schwarzen L\u00f6wen hatte keine deutsche Staatsangeh\u00f6rigkeit \u2013 wie auf der Einreisebeglaubigung stand \u2013 sondern polnische. Der Busfahrer prophezeite uns m\u00f6gliche Schwierigkeiten an den Grenzen, womit er noch Recht behalten sollte, nichtsdestotrotz fuhr er selbstverst\u00e4ndlich mit. Keine f\u00fcnf Minuten nachdem wir wieder losfuhren standen wir dann \u00fcber eine Stunde im Stau. Das war aber der einzige Stau, abgesehen von den Wartezeiten an den Grenzen. In \u00d6sterreich brach dann langsam die Nacht herein, doch dank den drei Busfahrern mussten wir Gott sei Dank immer nur kurze Pausen machen. An einer Rastst\u00e4tte gab es dann ein \u201ekleines\u201c 5kg-Nutella zu kaufen, was wir f\u00fcr Haijks mitnehmen wollten, doch die 30\u20ac waren uns dann doch zu teuer. Uns kam es so vor, als ob die Schwarzen L\u00f6wen von 20 Uhr bis 8 Uhr durchschliefen, gefolgt von den Silberf\u00fcchsen. Um 21 Uhr waren wir dann anscheinend die Einzigen im Bus \ud83d\ude09 . Am fr\u00fchen Morgen erreichten wir dann Slowenien. <\/span><\/p>\r\n<p align=\"LEFT\"><span style=\"font-size: medium\">Im Nu erreichten wir auch Kroatien. Ab jetzt ging es mit Meerblick weiter nach Bosnien. Da die Stra\u00dfe entlang den Staatsgrenzen verlief, kamen wir noch ziemlich h\u00e4ufig an welchen vorbei. Wir wussten dann selbst nicht mehr an welcher und machten dann immer ein Ratespiel. Zwischen Bosnien und Montenegro wurden wir dann ein bisschen Geld und drei K\u00e4sten Kola los, doch nach 2 Stunden f\u00fcr 2 km erreichten wir nach 27 Stunden unser Ziel direkt hinter der montenegrinischen Grenze. <\/span><\/p>\r\n<p align=\"LEFT\"><span style=\"font-size: medium\">Alles wieder ausgeladen wurden die vier Kisten mit Ramona und Marlene zum Zeltplatz gefahren. Wir haijkten nach einem kurzen Stopp an einer Wiese (Ja, es gab dort auch noch Wiesen \ud83d\ude09 ), auf der wir begr\u00fc\u00dft wurden und Wasser auff\u00fcllen durften, ebenfalls dorthin. Nachdem wir schon nach wenigen Metern ein offenes Knie verarzten durften, kamen wir dann doch kurz vor Sonnenuntergang an, a\u00dfen und beschlossen unter freiem Himmel zu schlafen. <\/span><\/p>\r\n<p align=\"LEFT\"><span style=\"font-size: medium\">Eine gute, erste Nacht in Montenegro unter sternenklarem Himmel!<\/span><\/p>\r\n<p align=\"LEFT\"><span style=\"font-size: 14pt;font-family: impact, sans-serif;color: #3366ff\">Selma<\/span><\/p>\r\n<\/td>\r\n<\/tr>\r\n<tr>\r\n<td style=\"text-align: center\">\u00a0<u><b>Tagebuch 2<\/b><\/u><\/td>\r\n<\/tr>\r\n<tr>\r\n<td>\r\n<p align=\"CENTER\"><span style=\"color: #000000\"><span style=\"font-size: medium\">P\u00fcnktlich um 13 Uhr kam unser Bus um uns abzuholen. Es war ein Doppeldecker-Reisebus mit ca. 70 Sitzpl\u00e4tzen und \u2013 Gott sei Dank! \u2013 einer Klimaanlage. Nachdem unser Gep\u00e4ck eingeladen und der Kampf um die besten Pl\u00e4tze (oberes Stockwerk, ganz vorne) entschieden war, konnten wir gegen halb zwei aufbrechen. Zuerst fuhren wir nach Erlangen, wo 19 Silberf\u00fcchse zustiegen. Danach ging es nach M\u00fcnchen zu den Schwarzen L\u00f6wen. Hier machten wir vermutlich die l\u00e4ngste Pause der ganzen Fahrt. Zum einen lag es sicherlich daran, dass die Busfahrer das Gep\u00e4ck der 30 Schwarzen L\u00f6wen noch unterbringen mussten. (Wir hatten nat\u00fcrlich auch statt einer erlaubten Gep\u00e4ckkiste, vier Kisten mitgeschmuggelt:) ), zum anderen stellte sich heraus, dass einer von ihnen keine deutsche Staatsangeh\u00f6rigkeit besa\u00df, obwohl in Montenegro alle als Deutsche angemeldet waren. Obwohl die Busfahrer davor warnten, dass dies evtl. zu Komplikationen an der Grenze f\u00fchren k\u00f6nnte, durfte derjenige trotzdem mitfahren. Als wir uns schlie\u00dflich wieder auf den Weg machten, standen wir schon nach wenigen Metern im Stau, sodass wir uns nur im Schritttempo vorw\u00e4rts bewegen konnten. Nach einer gef\u00fchlten Stunde hatten wir es endlich durch den Stau geschafft, der wie sich herausstellte, ausschlie\u00dflich durch eine einzige schlecht eingestellte Ampelanlage verursacht wurde. So freuten wir uns, als es endlich wieder z\u00fcgig voran ging. Auch hatten wir Gl\u00fcck, dass wir trotz Ferienbeginn in keinen weiteren Stau auf der Autobahn gerieten. Als wir nach \u00d6sterreich gelangten, wurde es auch schon allm\u00e4hlich dunkel, sodass wir nicht mehr viel von der Landschaft sehen konnten. Die Busfahrer machten Ihre Arbeit gut, sodass man auch mehr oder weniger bequem in den Sitzen schlafen konnte. Die weitere Reise f\u00fchrte uns nach Slowenien, wo wir etwa eine halbe Stunde an der Grenze warteten, dann aber ohne Kontrolle passieren durften. Als die meisten am n\u00e4chsten Morgen wach wurden, befanden wir uns schon mitten in Kroatien und man konnte bald einen Blick auf die blaue Adria werfen. Schlie\u00dflich waren wir so weit gekommen, dass die Autobahn zu Ende war und wir uns auf einer engen Stra\u00dfe die K\u00fcste entlang schl\u00e4ngelten. Bei der Einreise nach Bosnien-Herzegowina, gab es zum ersten Mal ein Problem. Der Busfahrer hatte dem Grenzbeamten gesagt, dass wir nach Dolovi in Montenegro m\u00f6chten. Der Beamte behauptete jedoch felsenfest, dass Dolovi in Bosnien-Herzegowina liegt und nicht etwa in Montenegro. Schlie\u00dflich lie\u00df er uns jedoch entnervt weiterfahren. Zum Gl\u00fcck hatten wir an der letzten Tankstelle eine Landkarte gekauft, sodass wir die Ortschaft suchen konnten. Dabei stellte sich heraus, dass es tats\u00e4chlich sowohl in Bosnien als auch ein paar Kilometer weiter in Montenegro eine Ortschaft gab, die Dolovi hie\u00df. Bei der Ausreise aus Bosnien-Herzegowina lief dann nicht mehr alles so gut. Zuerst standen wir lange im Stau und bei der anschlie\u00dfenden Passkontrolle wurde herausgefunden, dass nicht alle die deutsche Staatsangeh\u00f6rigkeit besa\u00dfen. Letztendlich mussten wir die Ausreise mit einem Kasten Cola beschleunigen:). Ein paar hundert Meter weiter bei der Einreise nach Montenegro wiederholte sich das Spiel noch einmal, da sich die Beamten anscheinend gut verst\u00e4ndigt hatten. Nachdem wir gegen 15 Uhr direkt hinter der Grenze aus dem Bus aussteigen konnten, liefen wir zu einer schattigen Wiese, wo bereits andere Pfadfindergruppen warteten. Dort gab es dann die ersten Informationen zum Lager und dem Weg dorthin. Anschlie\u00dfend machten wir uns mit unserem Gep\u00e4ck auf den Weg, die ersten sechs Kilometer hinter uns zu lassen. Es war sehr hei\u00df und es waren nicht alle begeistert, nach der langen Busfahrt auch noch laufen zu m\u00fcssen, sodass es nur schleppend voran ging. Andere hatten anscheinend noch zu viel Energie \u00fcbrig, sodass sie an einem Erdh\u00fcgel das Klettern \u00fcben mussten. Das Ergebnis war dann ein aufgeschlagenes Knie und blut\u00fcberstr\u00f6mtes Bein, was zum Gl\u00fcck schlimmer aussah, als es letztendlich war und durch ein Pflaster geklebt werden konnte. Der Weg war steinig und von B\u00fcschen und Hecken umgeben und f\u00fchrte nur leicht bergauf und bergab. Schlie\u00dflich kamen wir gegen 20 Uhr auf einer Wiese an, wo die anderen Pfadfinder bereits ihre Zelte aufgeschlagen hatten. Eigentlich war geplant Stockbrot zu machen, doch wir waren alle so ersch\u00f6pft, dass wir beschlossen nur eine kleine Brotzeit zu uns zu nehmen. Auch hatten wir keine Lust mehr unsere Zelte aufzubauen, sodass wir uns entschieden, unter freiem Himmel zu schlafen, was wir dann auch ziemlich bald taten.<\/span><\/span><\/p>\r\n<p align=\"LEFT\"><span style=\"color: #3366ff;font-size: 14pt;font-family: impact, sans-serif\">Stefan<\/span><\/p>\r\n<\/td>\r\n<\/tr>\r\n<tr>\r\n<td>\r\n<p align=\"CENTER\"><span style=\"color: #000000\"><span style=\"font-size: medium\"><style> #grid-gallery-29-78894 .grid-gallery-caption[data-grid-gallery-type=\"show-on-hover\"]:hover figcaption, #grid-gallery-29-78894 .grid-gallery-caption[data-grid-gallery-type=\"show-on-hover\"].hovered figcaption, #grid-gallery-29-78894 .grid-gallery-caption[data-grid-gallery-type=\"show-on-hover\"]:active figcaption { background-color:rgba(111,0,0,0.5) !important; } <\/style> <div id=\"grid-gallery-29-78894\" data-gg-id=\"29\" data-title=\"Tagebuch Gro\u00dffahrt 2015: Samstag, 1.8. bis Sonntag, 2.8.\" data-grid-type=\"0\" data-offset=\"5\" data-area-position=\"center\" data-icons=\"\" data-preloader=\"\" data-width=\"215\" data-height=\"215\" data-padding=\"\" data-quicksand=\"disabled\" data-quicksand-duration=\"none\" data-popup-theme=\"theme_6\" data-popup-type=\"pretty-photo\" data-popup-image-text=\"title\" data-popup-widthsize=\"auto\" data-popup-heightsize=\"auto\" data-popup-i18n-words=\"{&quot;close&quot;:&quot;schlie\\u00dfen&quot;,&quot;next&quot;:&quot;n\\u00e4chste&quot;,&quot;previous&quot;:&quot;vorherige&quot;,&quot;start_slideshow&quot;:&quot;Starte Slideshow&quot;,&quot;stop_slideshow&quot;:&quot;Stoppe Slideshow&quot;,&quot;image&quot;:&quot;Bild&quot;,&quot;of&quot;:&quot;von&quot;,&quot;prev&quot;:&quot;vorherige&quot;,&quot;cExpand&quot;:&quot;Erweitere&quot;,&quot;cPrevious&quot;:&quot;Vorheriges&quot;,&quot;cNext&quot;:&quot;N\\u00e4chstes&quot;,&quot;cExpandStr&quot;:&quot;Erweitere Bild&quot;,&quot;cRotate&quot;:&quot;Rotate&quot;,&quot;cDetails&quot;:&quot;Details&quot;}\" data-popup-slideshow=\"1\" data-popup-slideshow-speed=\"2500\" data-popup-hoverstop=\"true\" data-popup-slideshow-auto=\"true\" data-popup-background=\"\" data-popup-transparency=\"30\" data-popup-disable-history=\"\" data-popup-disable-changed-url=\"\" data-popup-border-type=\"\" data-popup-border-color=\"\" data-popup-border-width=\"\" data-popup-border-enable=\"\" data-fullscreen=\"false\" data-hide-tooltip=\"\" data-caption-font-family=\"Abel\" data-caption-text-size=\"140\" data-is-mobile=\"0\" data-caption-mobile=\"false\" data-hide-long-tltp-title=\"0\" data-caption-disabled-on-mobile=\"false\" data-popup-placement-type=\"0\" data-social-sharing=\"{&quot;enabled&quot;:null,&quot;gallerySharing&quot;:{&quot;enabled&quot;:null,&quot;position&quot;:null},&quot;imageSharing&quot;:{&quot;enabled&quot;:null,&quot;wrapperClass&quot;:&quot; vertical &quot;},&quot;popupSharing&quot;:{&quot;enabled&quot;:null,&quot;wrapperClass&quot;:&quot; vertical &quot;}}\" class=\"grid-gallery grid-gallery-fixed \" style=\" width:100%; height:auto; margin-left:auto; margin-right:auto;position:relative;\" data-popup-video=\"null\" data-popup-disable-source-image-for-linked-img=\"0\" data-popup-enable-download-photos-button=\"0\" data-thumbnail-size=\"150x150\"> <div class=\"gallery-loading\"> <div class=\"blocks\"> <div class=\"block\"><\/div> <div class=\"block\"><\/div> <div class=\"block\"><\/div> <div class=\"block\"><\/div> <\/div> <\/div> <div class=\"gallery-sharing-top\" style=\"display:none;\"> <\/div> <div id=\"photos-29\" class=\"grid-gallery-photos\"><a data-attachment-id=\"10663\" id=\"gg-29-226\" class=\"gg-link \" data-attachment-id=\"10663\" href=\"https:\/\/stammkoenigartus.de\/wp-content\/uploads\/Gro\u00dffahrt-2015-Samstag-1.8.-bis-Sonntag-2.8-9.jpg?gid=29\" target=\"_self\" title=\"Gro\u00dffahrt 2015 Samstag, 1.8. bis Sonntag, 2.8 (9)\" data- rel=\"lightbox[12067] prettyPhoto[pp_gal]\" style=\"border-radius:00;\" ><FIGURE data-tags=\"\" data-id=\"226\" class=\"grid-gallery-caption\" data-grid-gallery-type=\"quarter-slide-up\" data-index=\"0\" style=\"display:none;border-radius:00;; margin:5px; width:2150;\" ><div class=\"crop\" style=\" width:2150; height:2150; overflow:hidden;\"><img decoding=\"async\" src=\"https:\/\/stammkoenigartus.de\/wp-content\/uploads\/Gro\u00dffahrt-2015-Samstag-1.8.-bis-Sonntag-2.8-9-215x215.jpg\" class=\"ggImg\" alt=\"Gro\u00dffahrt 2015 Samstag, 1.8. bis Sonntag, 2.8 (9)\" title=\"Gro\u00dffahrt 2015 Samstag, 1.8. bis Sonntag, 2.8 (9)\" data-description=\"Gro\u00dffahrt 2015 Samstag, 1.8. bis Sonntag, 2.8 (9)\" data-caption=\"Anfangskreis\" data-title=\"Gro\u00dffahrt 2015 Samstag, 1.8. bis Sonntag, 2.8 (9)\" style=\" width:215px; height:215px;\" \/><\/div><FIGCAPTION class=\"\" data-alpha=\"5\" style=\"color:#ffffff; background-color:#6f0000; font-size:140; text-align:left; font-family:Abel;\" ><div class=\"grid-gallery-figcaption-wrap\" style=\" vertical-align:top;\"><div class=\"gg-image-caption fitvidsignore\" style=\"font-size:140;\"><object type=\"none\/none\">Anfangskreis <\/object><\/div><\/div><\/FIGCAPTION><\/FIGURE><\/a><a data-attachment-id=\"10642\" id=\"gg-29-230\" class=\"gg-link \" data-attachment-id=\"10642\" href=\"https:\/\/stammkoenigartus.de\/wp-content\/uploads\/DSC02572.jpg?gid=29\" target=\"_self\" title=\"Gro\u00dffahrt 2015\" data- rel=\"lightbox[12067] prettyPhoto[pp_gal]\" style=\"border-radius:00;\" ><FIGURE data-tags=\"\" data-id=\"230\" class=\"grid-gallery-caption\" data-grid-gallery-type=\"quarter-slide-up\" data-index=\"1\" style=\"display:none;border-radius:00;; margin:5px; width:2150;\" ><div class=\"crop\" style=\" width:2150; height:2150; overflow:hidden;\"><img decoding=\"async\" src=\"https:\/\/stammkoenigartus.de\/wp-content\/uploads\/DSC02572-215x215.jpg\" class=\"ggImg\" alt=\"Gro\u00dffahrt 2015\" title=\"Gro\u00dffahrt 2015\" data-description=\"Gro\u00dffahrt 2015\" data-caption=\"Unser Bus\" data-title=\"Gro\u00dffahrt 2015\" style=\" width:215px; height:215px;\" \/><\/div><FIGCAPTION class=\"\" data-alpha=\"5\" style=\"color:#ffffff; background-color:#6f0000; font-size:140; text-align:left; font-family:Abel;\" ><div class=\"grid-gallery-figcaption-wrap\" style=\" vertical-align:top;\"><div class=\"gg-image-caption fitvidsignore\" style=\"font-size:140;\"><object type=\"none\/none\">Unser Bus <\/object><\/div><\/div><\/FIGCAPTION><\/FIGURE><\/a><a data-attachment-id=\"10664\" id=\"gg-29-227\" class=\"gg-link \" data-attachment-id=\"10664\" href=\"https:\/\/stammkoenigartus.de\/wp-content\/uploads\/Gro\u00dffahrt-2015-Samstag-1.8.-bis-Sonntag-2.8-1.jpg?gid=29\" target=\"_self\" title=\"Gro\u00dffahrt 2015 Samstag, 1.8. bis Sonntag, 2.8 (1)\" data- rel=\"lightbox[12067] prettyPhoto[pp_gal]\" style=\"border-radius:00;\" ><FIGURE data-tags=\"\" data-id=\"227\" class=\"grid-gallery-caption\" data-grid-gallery-type=\"quarter-slide-up\" data-index=\"2\" style=\"display:none;border-radius:00;; margin:5px; width:2150;\" ><div class=\"crop\" style=\" width:2150; height:2150; overflow:hidden;\"><img decoding=\"async\" src=\"https:\/\/stammkoenigartus.de\/wp-content\/uploads\/Gro\u00dffahrt-2015-Samstag-1.8.-bis-Sonntag-2.8-1-215x215.jpg\" class=\"ggImg\" alt=\"Gro\u00dffahrt 2015 Samstag, 1.8. bis Sonntag, 2.8 (1)\" title=\"Gro\u00dffahrt 2015 Samstag, 1.8. bis Sonntag, 2.8 (1)\" data-description=\"Gro\u00dffahrt 2015 Samstag, 1.8. bis Sonntag, 2.8 (1)\" data-caption=\"kurze Essenspause\" data-title=\"Gro\u00dffahrt 2015 Samstag, 1.8. bis Sonntag, 2.8 (1)\" style=\" width:215px; height:215px;\" \/><\/div><FIGCAPTION class=\"\" data-alpha=\"5\" style=\"color:#ffffff; background-color:#6f0000; font-size:140; text-align:left; font-family:Abel;\" ><div class=\"grid-gallery-figcaption-wrap\" style=\" vertical-align:top;\"><div class=\"gg-image-caption fitvidsignore\" style=\"font-size:140;\"><object type=\"none\/none\">kurze Essenspause <\/object><\/div><\/div><\/FIGCAPTION><\/FIGURE><\/a><a data-attachment-id=\"10665\" id=\"gg-29-225\" class=\"gg-link \" data-attachment-id=\"10665\" href=\"https:\/\/stammkoenigartus.de\/wp-content\/uploads\/Gro\u00dffahrt-2015-Samstag-1.8.-bis-Sonntag-2.8-2.jpg?gid=29\" target=\"_self\" title=\"Gro\u00dffahrt 2015 Samstag, 1.8. bis Sonntag, 2.8 (2)\" data- rel=\"lightbox[12067] prettyPhoto[pp_gal]\" style=\"border-radius:00;\" ><FIGURE data-tags=\"\" data-id=\"225\" class=\"grid-gallery-caption\" data-grid-gallery-type=\"quarter-slide-up\" data-index=\"3\" style=\"display:none;border-radius:00;; margin:5px; width:2150;\" ><div class=\"crop\" style=\" width:2150; height:2150; overflow:hidden;\"><img decoding=\"async\" src=\"https:\/\/stammkoenigartus.de\/wp-content\/uploads\/Gro\u00dffahrt-2015-Samstag-1.8.-bis-Sonntag-2.8-2-215x215.jpg\" class=\"ggImg\" alt=\"Gro\u00dffahrt 2015 Samstag, 1.8. bis Sonntag, 2.8 (2)\" title=\"Gro\u00dffahrt 2015 Samstag, 1.8. bis Sonntag, 2.8 (2)\" data-description=\"Gro\u00dffahrt 2015 Samstag, 1.8. bis Sonntag, 2.8 (2)\" data-caption=\"Traumhafte Aussicht!!\" data-title=\"Gro\u00dffahrt 2015 Samstag, 1.8. bis Sonntag, 2.8 (2)\" style=\" width:215px; height:215px;\" \/><\/div><FIGCAPTION class=\"\" data-alpha=\"5\" style=\"color:#ffffff; background-color:#6f0000; font-size:140; text-align:left; font-family:Abel;\" ><div class=\"grid-gallery-figcaption-wrap\" style=\" vertical-align:top;\"><div class=\"gg-image-caption fitvidsignore\" style=\"font-size:140;\"><object type=\"none\/none\">Traumhafte Aussicht!! <\/object><\/div><\/div><\/FIGCAPTION><\/FIGURE><\/a><a data-attachment-id=\"10666\" id=\"gg-29-222\" class=\"gg-link \" data-attachment-id=\"10666\" href=\"https:\/\/stammkoenigartus.de\/wp-content\/uploads\/Gro\u00dffahrt-2015-Samstag-1.8.-bis-Sonntag-2.8-3.jpg?gid=29\" target=\"_self\" title=\"Gro\u00dffahrt 2015 Samstag, 1.8. bis Sonntag, 2.8 (3)\" data- rel=\"lightbox[12067] prettyPhoto[pp_gal]\" style=\"border-radius:00;\" ><FIGURE data-tags=\"\" data-id=\"222\" class=\"grid-gallery-caption\" data-grid-gallery-type=\"quarter-slide-up\" data-index=\"4\" style=\"display:none;border-radius:00;; margin:5px; width:2150;\" ><div class=\"crop\" style=\" width:2150; height:2150; overflow:hidden;\"><img decoding=\"async\" src=\"https:\/\/stammkoenigartus.de\/wp-content\/uploads\/Gro\u00dffahrt-2015-Samstag-1.8.-bis-Sonntag-2.8-3-215x215.jpg\" class=\"ggImg\" alt=\"Gro\u00dffahrt 2015 Samstag, 1.8. bis Sonntag, 2.8 (3)\" title=\"Gro\u00dffahrt 2015 Samstag, 1.8. bis Sonntag, 2.8 (3)\" data-description=\"Gro\u00dffahrt 2015 Samstag, 1.8. bis Sonntag, 2.8 (3)\" data-caption=\"Ankunftsbesprechung\" data-title=\"Gro\u00dffahrt 2015 Samstag, 1.8. bis Sonntag, 2.8 (3)\" style=\" width:215px; height:215px;\" \/><\/div><FIGCAPTION class=\"\" data-alpha=\"5\" style=\"color:#ffffff; background-color:#6f0000; font-size:140; text-align:left; font-family:Abel;\" ><div class=\"grid-gallery-figcaption-wrap\" style=\" vertical-align:top;\"><div class=\"gg-image-caption fitvidsignore\" style=\"font-size:140;\"><object type=\"none\/none\">Ankunftsbesprechung <\/object><\/div><\/div><\/FIGCAPTION><\/FIGURE><\/a><a data-attachment-id=\"10667\" id=\"gg-29-224\" class=\"gg-link \" data-attachment-id=\"10667\" href=\"https:\/\/stammkoenigartus.de\/wp-content\/uploads\/Gro\u00dffahrt-2015-Samstag-1.8.-bis-Sonntag-2.8-4.jpg?gid=29\" target=\"_self\" title=\"Gro\u00dffahrt 2015 Samstag, 1.8. bis Sonntag, 2.8 (4)\" data- rel=\"lightbox[12067] prettyPhoto[pp_gal]\" style=\"border-radius:00;\" ><FIGURE data-tags=\"\" data-id=\"224\" class=\"grid-gallery-caption\" data-grid-gallery-type=\"quarter-slide-up\" data-index=\"5\" style=\"display:none;border-radius:00;; margin:5px; width:2150;\" ><div class=\"crop\" style=\" width:2150; height:2150; overflow:hidden;\"><img decoding=\"async\" src=\"https:\/\/stammkoenigartus.de\/wp-content\/uploads\/Gro\u00dffahrt-2015-Samstag-1.8.-bis-Sonntag-2.8-4-215x215.jpg\" class=\"ggImg\" alt=\"Gro\u00dffahrt 2015 Samstag, 1.8. bis Sonntag, 2.8 (4)\" title=\"Gro\u00dffahrt 2015 Samstag, 1.8. bis Sonntag, 2.8 (4)\" data-description=\"Gro\u00dffahrt 2015 Samstag, 1.8. bis Sonntag, 2.8 (4)\" data-caption=\"Die Anwanderung\" data-title=\"Gro\u00dffahrt 2015 Samstag, 1.8. bis Sonntag, 2.8 (4)\" style=\" width:215px; height:215px;\" \/><\/div><FIGCAPTION class=\"\" data-alpha=\"5\" style=\"color:#ffffff; background-color:#6f0000; font-size:140; text-align:left; font-family:Abel;\" ><div class=\"grid-gallery-figcaption-wrap\" style=\" vertical-align:top;\"><div class=\"gg-image-caption fitvidsignore\" style=\"font-size:140;\"><object type=\"none\/none\">Die Anwanderung <\/object><\/div><\/div><\/FIGCAPTION><\/FIGURE><\/a><a data-attachment-id=\"10668\" id=\"gg-29-223\" class=\"gg-link \" data-attachment-id=\"10668\" href=\"https:\/\/stammkoenigartus.de\/wp-content\/uploads\/Gro\u00dffahrt-2015-Samstag-1.8.-bis-Sonntag-2.8-5.jpg?gid=29\" target=\"_self\" title=\"Gro\u00dffahrt 2015 Samstag, 1.8. bis Sonntag, 2.8 (5)\" data- rel=\"lightbox[12067] prettyPhoto[pp_gal]\" style=\"border-radius:00;\" ><FIGURE data-tags=\"\" data-id=\"223\" class=\"grid-gallery-caption\" data-grid-gallery-type=\"quarter-slide-up\" data-index=\"6\" style=\"display:none;border-radius:00;; margin:5px; width:2150;\" ><div class=\"crop\" style=\" width:2150; height:2150; overflow:hidden;\"><img decoding=\"async\" src=\"https:\/\/stammkoenigartus.de\/wp-content\/uploads\/Gro\u00dffahrt-2015-Samstag-1.8.-bis-Sonntag-2.8-5-215x215.jpg\" class=\"ggImg\" alt=\"Gro\u00dffahrt 2015 Samstag, 1.8. bis Sonntag, 2.8 (5)\" title=\"Gro\u00dffahrt 2015 Samstag, 1.8. bis Sonntag, 2.8 (5)\" data-description=\"Gro\u00dffahrt 2015 Samstag, 1.8. bis Sonntag, 2.8 (5)\" data-caption=\"Erst mal st\u00e4rken!\" data-title=\"Gro\u00dffahrt 2015 Samstag, 1.8. bis Sonntag, 2.8 (5)\" style=\" width:215px; height:215px;\" \/><\/div><FIGCAPTION class=\"\" data-alpha=\"5\" style=\"color:#ffffff; background-color:#6f0000; font-size:140; text-align:left; font-family:Abel;\" ><div class=\"grid-gallery-figcaption-wrap\" style=\" vertical-align:top;\"><div class=\"gg-image-caption fitvidsignore\" style=\"font-size:140;\"><object type=\"none\/none\">Erst mal st\u00e4rken! <\/object><\/div><\/div><\/FIGCAPTION><\/FIGURE><\/a> <div class=\"grid-gallery-clearfix\"><\/div> <\/div> <div class=\"gallery-sharing-bottom\" style=\"display:none;\"> <\/div> <div class=\"gallery-sharing-image\" style=\"display:none;\"> <\/div> <div class=\"gallery-sharing-popup\" style=\"display:none;\"> <\/div> <div class=\"grid-gallery-clearfix\"><\/div> <\/div> <!-- Gallery by Supsystic plugin1.16.0 \/2.10.00 --> <style> <\/style><a title=\"\" style=\"display:none;\" href=\"https:\/\/supsystic.com\/plugins\/photo-gallery\/?utm_medium=love_link\" target=\"_blank\"><\/a><\/span><\/span><\/p>\r\n<\/td>\r\n<\/tr>\r\n<\/tbody>\r\n<\/table><\/div><div class=\"mtphr-dnt-tick mtphr-dnt-default-tick mtphr-dnt-clearfix \"><table style=\"height: 286px\" width=\"503\">\r\n<tbody>\r\n<tr>\r\n<td style=\"text-align: center\">\r\n<p align=\"CENTER\"><span style=\"font-size: 18pt\"><u><b>Montag, 3.8.<\/b><\/u><\/span><\/p>\r\n<\/td>\r\n<\/tr>\r\n<tr>\r\n<td style=\"text-align: center\">\u00a0<u><b>Tagebuch 1<\/b><\/u><\/td>\r\n<\/tr>\r\n<tr>\r\n<td>\r\n<p align=\"LEFT\"><span style=\"font-size: medium\">Fr\u00fch von einem Regenschauer geweckt, packten wir langsam unsere Sachen, bevor wir uns mit den anderen St\u00e4mmen zum gemeinsamen Fr\u00fchst\u00fcck trafen. Mit Kn\u00e4ckebrot im Bauch packten wir fertig und haijkten weiter in Richtung Grahovo. Nach einem Weg an der Hauptstra\u00dfe ging es noch einen Berg runter und wir waren da. Wir bauten unsere Koten auf und r\u00e4umten unsere Rucks\u00e4cke hinein. Ab 10 Uhr wurde es hei\u00df und wir legten uns in den Schatten. Sp\u00e4ter rief man uns zum Mittagessen, wo es Salat und Brot mit Aufstrich gab. Man erkl\u00e4rte uns den Lagerplatz und die Dienste. Jede Person sollte mindestens eine Aufgabe \u00fcbernehmen. Danach erkl\u00e4rte Felix die Verhaltensregeln. Jedoch h\u00f6rten 5 Kandidaten nicht zu, die ohne einen Gruppenf\u00fchrer versuchten, den Berg hochzuklettern. Sie kletterten auf Steinen, daneben Klippen. Felix folgte ihnen, sie bekamen eine Strafe. Nachdem es Essen gab (Kartoffeln mit Mangold), erledigten wir unsere Dienste. Leider wurden wir nicht vor dem Marsch zur Statue fertig. Diese wurde in Gedenken an die im zweiten Weltkrieg verstorbenen Einwohner erbaut. An dieser Stelle hielt die Lagerleitung ein Rede. Danach ging ein Teil zur offenen Singerunde, der andere Teil ging schlafen. <\/span><\/p>\r\n<p align=\"LEFT\"><span style=\"font-size: 14pt;font-family: impact, sans-serif;color: #3366ff\">Lukas\u00a0M.<\/span><\/p>\r\n<\/td>\r\n<\/tr>\r\n<tr>\r\n<td style=\"text-align: center\">\u00a0<u><b>Tagebuch 2<\/b><\/u><\/td>\r\n<\/tr>\r\n<tr>\r\n<td>\r\n<p align=\"LEFT\"><span style=\"font-size: medium\">Unsere erste Nacht in Montenegro verbrachten wir unter freien Himmel. Die Temperaturen verf\u00fchrten uns dazu, auf den Aufbau von unseren Koten zu verzichten und vor dem Einschlafen den Sternenhimmel zu studieren. Die Einheimischen waren von unseren Aktivit\u00e4ten begeistert und fuhren noch zu sp\u00e4ter Stunde mit ihren Autos vorbei, war ihnen sicher so ein Anblick nicht oft beschert. Ein kurzer Regenguss f\u00fchrte in den fr\u00fchen Morgenstunden dazu, dass wir die Ponchos aus dem Rucksack holen mussten. So schnell wie es kam, war es bald vorbei. Um der Hitze zu entgehen wollten wir alle sehr zeitig den zweiten Teil des Haijks bew\u00e4ltigen. Nun hie\u00df es zusammenpacken und das Fr\u00fchst\u00fcck einnehmen. Mit ausdauernden Schritten und frohen Mutes zogen wir hinter unserer Stammesfahne her. F\u00fchrte unsere Wanderung am Anfang auf der belebten Stra\u00dfe entlang, ging es bald auf Nebenwegen weiter. Keine Steigung forderte uns. Stetig ging es leicht bergab durchs Tal nach Grahovo. Am Zeltplatz erfrischten wir uns an dem k\u00fchlen Trinkwasser der Trinkwasserstelle, bevor wir unseren Lagerplatz zugeteilt bekamen. Die Hitze steigerte sich und wir waren froh, als die 4 Koten standen und einger\u00e4umt waren. Im Schatten ruhten wir uns bis zum Mittagessen aus. Das erste montenegrinische Essen bestand aus einem Salat mit frischen Zutaten. Die Mittagshitze zwang uns wieder in den Schatten. Am Abend wurde das Bundeslager offiziell er\u00f6ffnet. Nach einem gemeinsamen Lied zogen alle Pfadfinder mit ihren Fahnen ins Dorf Grahovo zum Stadtpark. Hinauf zum Denkmal f\u00fcr die Opfer des zweiten Weltkrieges. Es wurde 1978 f\u00fcr die Gefallen errichtet.<\/span><\/p>\r\n<p align=\"LEFT\"><span style=\"font-size: medium\">In der Er\u00f6ffnungsrede der Lagerleitung wurde mitgeteilt, dass der B\u00fcrgermeister von Grahovo diese Geste als lobenswert erachtet, da man hiermit ein Zeichen der Freundschaft setzt. Auch erfuhren wir vom schweren Erdbeben 1979, das vielen Menschen hier das Leben gekostet hat und aus einer einst bl\u00fchenden Stadt ein kleines Dorf mit vielen verfallen H\u00e4user machte. Im Schein der Fackeln<\/span><\/p>\r\n<p align=\"LEFT\"><span style=\"font-size: medium\">zogen wir zur\u00fcck in\u00b4s Lager. Einige Unentwegte beschlossen diesen ersten Lagertag singend am Lagerfeuer, w\u00e4hrend der Rest m\u00fcde in die Schlafs\u00e4cke kroch. <\/span><\/p>\r\n<p align=\"LEFT\"><span style=\"font-size: 14pt;font-family: impact, sans-serif;color: #3366ff\">Ramona<\/span><\/p>\r\n<\/td>\r\n<\/tr>\r\n<tr>\r\n<td style=\"text-align: center\"><\/td>\r\n<\/tr>\r\n<tr>\r\n<td><\/td>\r\n<\/tr>\r\n<tr>\r\n<td><\/td>\r\n<\/tr>\r\n<tr>\r\n<td style=\"text-align: center\">\u00a0<style> #grid-gallery-30-9101 .grid-gallery-caption[data-grid-gallery-type=\"show-on-hover\"]:hover figcaption, #grid-gallery-30-9101 .grid-gallery-caption[data-grid-gallery-type=\"show-on-hover\"].hovered figcaption, #grid-gallery-30-9101 .grid-gallery-caption[data-grid-gallery-type=\"show-on-hover\"]:active figcaption { background-color:rgba(111,0,0,0.5) !important; } <\/style> <div id=\"grid-gallery-30-9101\" data-gg-id=\"30\" data-title=\"Tagebuch Gro\u00dffahrt 2015: Montag, 3.8.\" data-grid-type=\"0\" data-offset=\"5\" data-area-position=\"center\" data-icons=\"\" data-preloader=\"\" data-width=\"215\" data-height=\"215\" data-padding=\"\" data-quicksand=\"disabled\" data-quicksand-duration=\"none\" data-popup-theme=\"theme_6\" data-popup-type=\"pretty-photo\" data-popup-image-text=\"title\" data-popup-widthsize=\"auto\" data-popup-heightsize=\"auto\" data-popup-i18n-words=\"{&quot;close&quot;:&quot;schlie\\u00dfen&quot;,&quot;next&quot;:&quot;n\\u00e4chste&quot;,&quot;previous&quot;:&quot;vorherige&quot;,&quot;start_slideshow&quot;:&quot;Starte Slideshow&quot;,&quot;stop_slideshow&quot;:&quot;Stoppe Slideshow&quot;,&quot;image&quot;:&quot;Bild&quot;,&quot;of&quot;:&quot;von&quot;,&quot;prev&quot;:&quot;vorherige&quot;,&quot;cExpand&quot;:&quot;Erweitere&quot;,&quot;cPrevious&quot;:&quot;Vorheriges&quot;,&quot;cNext&quot;:&quot;N\\u00e4chstes&quot;,&quot;cExpandStr&quot;:&quot;Erweitere Bild&quot;,&quot;cRotate&quot;:&quot;Rotate&quot;,&quot;cDetails&quot;:&quot;Details&quot;}\" data-popup-slideshow=\"1\" data-popup-slideshow-speed=\"2500\" data-popup-hoverstop=\"true\" data-popup-slideshow-auto=\"true\" data-popup-background=\"\" data-popup-transparency=\"30\" data-popup-disable-history=\"\" data-popup-disable-changed-url=\"\" data-popup-border-type=\"\" data-popup-border-color=\"\" data-popup-border-width=\"\" data-popup-border-enable=\"\" data-fullscreen=\"false\" data-hide-tooltip=\"\" data-caption-font-family=\"Abel\" data-caption-text-size=\"140\" data-is-mobile=\"0\" data-caption-mobile=\"false\" data-hide-long-tltp-title=\"0\" data-caption-disabled-on-mobile=\"false\" data-popup-placement-type=\"0\" data-social-sharing=\"{&quot;enabled&quot;:null,&quot;gallerySharing&quot;:{&quot;enabled&quot;:null,&quot;position&quot;:null},&quot;imageSharing&quot;:{&quot;enabled&quot;:null,&quot;wrapperClass&quot;:&quot; vertical &quot;},&quot;popupSharing&quot;:{&quot;enabled&quot;:null,&quot;wrapperClass&quot;:&quot; vertical &quot;}}\" class=\"grid-gallery grid-gallery-fixed \" style=\" width:100%; height:auto; margin-left:auto; margin-right:auto;position:relative;\" data-popup-video=\"null\" data-popup-disable-source-image-for-linked-img=\"0\" data-popup-enable-download-photos-button=\"0\" data-thumbnail-size=\"150x150\"> <div class=\"gallery-loading\"> <div class=\"blocks\"> <div class=\"block\"><\/div> <div class=\"block\"><\/div> <div class=\"block\"><\/div> <div class=\"block\"><\/div> <\/div> <\/div> <div class=\"gallery-sharing-top\" style=\"display:none;\"> <\/div> <div id=\"photos-30\" class=\"grid-gallery-photos\"><a data-attachment-id=\"10669\" id=\"gg-30-232\" class=\"gg-link \" data-attachment-id=\"10669\" href=\"https:\/\/stammkoenigartus.de\/wp-content\/uploads\/Gro\u00dffahrt-2015-Samstag-1.8.-bis-Sonntag-2.8-6.jpg?gid=30\" target=\"_self\" title=\"Gro\u00dffahrt 2015 Samstag, 1.8. bis Sonntag, 2.8 (6)\" data- rel=\"lightbox[12067] prettyPhoto[pp_gal]\" style=\"border-radius:00;\" ><FIGURE data-tags=\"\" data-id=\"232\" class=\"grid-gallery-caption\" data-grid-gallery-type=\"quarter-slide-up\" data-index=\"0\" style=\"display:none;border-radius:00;; margin:5px; width:2150;\" ><div class=\"crop\" style=\" width:2150; height:2150; overflow:hidden;\"><img decoding=\"async\" src=\"https:\/\/stammkoenigartus.de\/wp-content\/uploads\/Gro\u00dffahrt-2015-Samstag-1.8.-bis-Sonntag-2.8-6-215x215.jpg\" class=\"ggImg\" alt=\"Gro\u00dffahrt 2015 Samstag, 1.8. bis Sonntag, 2.8 (6)\" title=\"Gro\u00dffahrt 2015 Samstag, 1.8. bis Sonntag, 2.8 (6)\" data-description=\"Gro\u00dffahrt 2015 Samstag, 1.8. bis Sonntag, 2.8 (6)\" data-caption=\"erstaunlich gute Stra\u00dfe!\" data-title=\"Gro\u00dffahrt 2015 Samstag, 1.8. bis Sonntag, 2.8 (6)\" style=\" width:215px; height:215px;\" \/><\/div><FIGCAPTION class=\"\" data-alpha=\"5\" style=\"color:#ffffff; background-color:#6f0000; font-size:140; text-align:left; font-family:Abel;\" ><div class=\"grid-gallery-figcaption-wrap\" style=\" vertical-align:top;\"><div class=\"gg-image-caption fitvidsignore\" style=\"font-size:140;\"><object type=\"none\/none\">erstaunlich gute Stra\u00dfe! <\/object><\/div><\/div><\/FIGCAPTION><\/FIGURE><\/a><a data-attachment-id=\"10670\" id=\"gg-30-231\" class=\"gg-link \" data-attachment-id=\"10670\" href=\"https:\/\/stammkoenigartus.de\/wp-content\/uploads\/Gro\u00dffahrt-2015-Samstag-1.8.-bis-Sonntag-2.8-7.jpg?gid=30\" target=\"_self\" title=\"Gro\u00dffahrt 2015 Samstag, 1.8. bis Sonntag, 2.8 (7)\" data- rel=\"lightbox[12067] prettyPhoto[pp_gal]\" style=\"border-radius:00;\" ><FIGURE data-tags=\"\" data-id=\"231\" class=\"grid-gallery-caption\" data-grid-gallery-type=\"quarter-slide-up\" data-index=\"1\" style=\"display:none;border-radius:00;; margin:5px; width:2150;\" ><div class=\"crop\" style=\" width:2150; height:2150; overflow:hidden;\"><img decoding=\"async\" src=\"https:\/\/stammkoenigartus.de\/wp-content\/uploads\/Gro\u00dffahrt-2015-Samstag-1.8.-bis-Sonntag-2.8-7-215x215.jpg\" class=\"ggImg\" alt=\"Gro\u00dffahrt 2015 Samstag, 1.8. bis Sonntag, 2.8 (7)\" title=\"Gro\u00dffahrt 2015 Samstag, 1.8. bis Sonntag, 2.8 (7)\" data-description=\"Gro\u00dffahrt 2015 Samstag, 1.8. bis Sonntag, 2.8 (7)\" data-caption=\"Unser erstes Ziel\" data-title=\"Gro\u00dffahrt 2015 Samstag, 1.8. bis Sonntag, 2.8 (7)\" style=\" width:215px; height:215px;\" \/><\/div><FIGCAPTION class=\"\" data-alpha=\"5\" style=\"color:#ffffff; background-color:#6f0000; font-size:140; text-align:left; font-family:Abel;\" ><div class=\"grid-gallery-figcaption-wrap\" style=\" vertical-align:top;\"><div class=\"gg-image-caption fitvidsignore\" style=\"font-size:140;\"><object type=\"none\/none\">Unser erstes Ziel <\/object><\/div><\/div><\/FIGCAPTION><\/FIGURE><\/a><a data-attachment-id=\"10671\" id=\"gg-30-233\" class=\"gg-link \" data-attachment-id=\"10671\" href=\"https:\/\/stammkoenigartus.de\/wp-content\/uploads\/Gro\u00dffahrt-2015-Samstag-1.8.-bis-Sonntag-2.8-8.jpg?gid=30\" target=\"_self\" title=\"Gro\u00dffahrt 2015 Samstag, 1.8. bis Sonntag, 2.8 (8)\" data- rel=\"lightbox[12067] prettyPhoto[pp_gal]\" style=\"border-radius:00;\" ><FIGURE data-tags=\"\" data-id=\"233\" class=\"grid-gallery-caption\" data-grid-gallery-type=\"quarter-slide-up\" data-index=\"2\" style=\"display:none;border-radius:00;; margin:5px; width:2150;\" ><div class=\"crop\" style=\" width:2150; height:2150; overflow:hidden;\"><img decoding=\"async\" src=\"https:\/\/stammkoenigartus.de\/wp-content\/uploads\/Gro\u00dffahrt-2015-Samstag-1.8.-bis-Sonntag-2.8-8-215x215.jpg\" class=\"ggImg\" alt=\"Gro\u00dffahrt 2015 Samstag, 1.8. bis Sonntag, 2.8 (8)\" title=\"Gro\u00dffahrt 2015 Samstag, 1.8. bis Sonntag, 2.8 (8)\" data-description=\"Gro\u00dffahrt 2015 Samstag, 1.8. bis Sonntag, 2.8 (8)\" data-caption=\"Der Lagerplatz\" data-title=\"Gro\u00dffahrt 2015 Samstag, 1.8. bis Sonntag, 2.8 (8)\" style=\" width:215px; height:215px;\" \/><\/div><FIGCAPTION class=\"\" data-alpha=\"5\" style=\"color:#ffffff; background-color:#6f0000; font-size:140; text-align:left; font-family:Abel;\" ><div class=\"grid-gallery-figcaption-wrap\" style=\" vertical-align:top;\"><div class=\"gg-image-caption fitvidsignore\" style=\"font-size:140;\"><object type=\"none\/none\">Der Lagerplatz <\/object><\/div><\/div><\/FIGCAPTION><\/FIGURE><\/a> <div class=\"grid-gallery-clearfix\"><\/div> <\/div> <div class=\"gallery-sharing-bottom\" style=\"display:none;\"> <\/div> <div class=\"gallery-sharing-image\" style=\"display:none;\"> <\/div> <div class=\"gallery-sharing-popup\" style=\"display:none;\"> <\/div> <div class=\"grid-gallery-clearfix\"><\/div> <\/div> <!-- Gallery by Supsystic plugin1.16.0 \/2.10.00 --> <style> <\/style><a title=\"\" style=\"display:none;\" href=\"https:\/\/supsystic.com\/plugins\/photo-gallery\/?utm_medium=love_link\" target=\"_blank\"><\/a><\/td>\r\n<\/tr>\r\n<tr>\r\n<td><\/td>\r\n<\/tr>\r\n<\/tbody>\r\n<\/table>\r\n&nbsp;<\/div><div class=\"mtphr-dnt-tick mtphr-dnt-default-tick mtphr-dnt-clearfix \"><table style=\"height: 286px\" width=\"503\">\r\n<tbody>\r\n<tr>\r\n<td style=\"text-align: center\">\r\n<p align=\"CENTER\"><span style=\"font-size: 18pt\"><u><b>Dienstag,\u00a04.8.<\/b><\/u><\/span><\/p>\r\n<\/td>\r\n<\/tr>\r\n<tr>\r\n<td style=\"text-align: center\">\u00a0<u><b>Tagebuch 1<\/b><\/u><\/td>\r\n<\/tr>\r\n<tr>\r\n<td><span style=\"font-size: medium\">Am 4.8.15 sind wir wie immer fr\u00fch aufgestanden. Das Fr\u00fchst\u00fcck war richtig gut. Danach sollte ich mit Ramona das Dogadaj machen. Leider meldete sich niemand an. Die anderen r\u00e4umten den Dorfplatz f\u00fcr das Dorffest am Abend auf. Aber um ehrlich zu sein, hatte ich keine Lust aufzur\u00e4umen und ins Dorf zu laufen. Zum Gl\u00fcck brauchte Felix noch jemanden, der mit ihm und zwei anderen das Herringsspiel spielt. Das war richtig witzig. Nach vier bis f\u00fcnf Spielen haben wir erst mal eine Pause gemacht. In dieser Zeit haben wir unsere Sachen gewaschen. Nach circa einer Stunde kamen sie wieder und brachten noch jemanden aus ihrem Stamm mit. Wir spielten gem\u00fctlich weiter bis jemand den Hering auf den Fu\u00df bekam. Innerhalb einer Minute ist dieser blau angelaufen, deswegen sind sie gegangen und wir mussten zum Dorfplatz gehen und helfen. Es war zwar nicht weit, aber sau hei\u00df und ich hab meine M\u00fctze vergessen. Deswegen war es sehr anstrengend. Doch als wir ankamen, waren die anderen zum Gl\u00fcck schon fertig. Also durften wir Rumdrehen und zur\u00fcck gehen. Ramona war so nett und gab uns ein Eis aus. Als wir zur\u00fcck kamen, ruhten wir uns noch etwas aus und dann ging es zum Dorffest. Auf halbem Weg hat es angefangen zu regnen und jeder stellte sich irgendwo unter. Nach ungef\u00e4hr 15 Minuten hat es aufgeh\u00f6rt und es konnte los gehen. Daraufhin stellte sich jeder um die Feuerstelle, um einen guten Platz zu haben, die Sachen zu trocknen. Irgendwann kamen dann die Einwohner und es wurde richtig witzig. Nach einer Zeit gingen wir schlie\u00dflich schlafen. <\/span>\r\n\r\n<span style=\"font-size: 14pt;font-family: impact, sans-serif;color: #3366ff\">Axel <\/span><\/td>\r\n<\/tr>\r\n<tr>\r\n<td style=\"text-align: center\">\u00a0<u><b>Tagebuch 2<\/b><\/u><\/td>\r\n<\/tr>\r\n<tr>\r\n<td>\r\n<p align=\"LEFT\"><span style=\"font-size: medium\">Wir sind fr\u00fch um 7 Uhr aufgestanden und haben gefr\u00fchst\u00fcckt. Danach hatten wir Dogadaj, wo wir den Dorfplatz aufger\u00e4umt haben. Ich fand es voll cool, das uns die Bewohner von Grahovo geholfen haben. Uns wurden auch Getr\u00e4nke von jungen Leute gespendet. Um 13 Uhr sind wir wieder zum Zeltplatz, haben gegessen und gechillt. Um 17 Uhr war das Dorffest. Das war echt geil. Dann sind wir also um 23 Uhr ins Bett. <\/span><\/p>\r\n<p align=\"LEFT\"><span style=\"font-size: 14pt;color: #3366ff;font-family: impact, sans-serif\">Lukas G.<\/span><\/p>\r\n<\/td>\r\n<\/tr>\r\n<tr>\r\n<td><\/td>\r\n<\/tr>\r\n<tr>\r\n<td><\/td>\r\n<\/tr>\r\n<tr>\r\n<td>\u00a0<style> #grid-gallery-31-3033 .grid-gallery-caption[data-grid-gallery-type=\"show-on-hover\"]:hover figcaption, #grid-gallery-31-3033 .grid-gallery-caption[data-grid-gallery-type=\"show-on-hover\"].hovered figcaption, #grid-gallery-31-3033 .grid-gallery-caption[data-grid-gallery-type=\"show-on-hover\"]:active figcaption { background-color:rgba(111,0,0,0.5) !important; } <\/style> <div id=\"grid-gallery-31-3033\" data-gg-id=\"31\" data-title=\"Tagebuch Gro\u00dffahrt 2015: Dienstag, 4.8.\" data-grid-type=\"0\" data-offset=\"5\" data-area-position=\"center\" data-icons=\"\" data-preloader=\"\" data-width=\"215\" data-height=\"215\" data-padding=\"\" data-quicksand=\"disabled\" data-quicksand-duration=\"none\" data-popup-theme=\"theme_6\" data-popup-type=\"pretty-photo\" data-popup-image-text=\"title\" data-popup-widthsize=\"auto\" data-popup-heightsize=\"auto\" data-popup-i18n-words=\"{&quot;close&quot;:&quot;schlie\\u00dfen&quot;,&quot;next&quot;:&quot;n\\u00e4chste&quot;,&quot;previous&quot;:&quot;vorherige&quot;,&quot;start_slideshow&quot;:&quot;Starte Slideshow&quot;,&quot;stop_slideshow&quot;:&quot;Stoppe Slideshow&quot;,&quot;image&quot;:&quot;Bild&quot;,&quot;of&quot;:&quot;von&quot;,&quot;prev&quot;:&quot;vorherige&quot;,&quot;cExpand&quot;:&quot;Erweitere&quot;,&quot;cPrevious&quot;:&quot;Vorheriges&quot;,&quot;cNext&quot;:&quot;N\\u00e4chstes&quot;,&quot;cExpandStr&quot;:&quot;Erweitere Bild&quot;,&quot;cRotate&quot;:&quot;Rotate&quot;,&quot;cDetails&quot;:&quot;Details&quot;}\" data-popup-slideshow=\"1\" data-popup-slideshow-speed=\"2500\" data-popup-hoverstop=\"true\" data-popup-slideshow-auto=\"true\" data-popup-background=\"\" data-popup-transparency=\"30\" data-popup-disable-history=\"\" data-popup-disable-changed-url=\"\" data-popup-border-type=\"\" data-popup-border-color=\"\" data-popup-border-width=\"\" data-popup-border-enable=\"\" data-fullscreen=\"false\" data-hide-tooltip=\"\" data-caption-font-family=\"Abel\" data-caption-text-size=\"140\" data-is-mobile=\"0\" data-caption-mobile=\"false\" data-hide-long-tltp-title=\"0\" data-caption-disabled-on-mobile=\"false\" data-popup-placement-type=\"0\" data-social-sharing=\"{&quot;enabled&quot;:null,&quot;gallerySharing&quot;:{&quot;enabled&quot;:null,&quot;position&quot;:null},&quot;imageSharing&quot;:{&quot;enabled&quot;:null,&quot;wrapperClass&quot;:&quot; vertical &quot;},&quot;popupSharing&quot;:{&quot;enabled&quot;:null,&quot;wrapperClass&quot;:&quot; vertical &quot;}}\" class=\"grid-gallery grid-gallery-fixed \" style=\" width:100%; height:auto; margin-left:auto; margin-right:auto;position:relative;\" data-popup-video=\"null\" data-popup-disable-source-image-for-linked-img=\"0\" data-popup-enable-download-photos-button=\"0\" data-thumbnail-size=\"150x150\"> <div class=\"gallery-loading\"> <div class=\"blocks\"> <div class=\"block\"><\/div> <div class=\"block\"><\/div> <div class=\"block\"><\/div> <div class=\"block\"><\/div> <\/div> <\/div> <div class=\"gallery-sharing-top\" style=\"display:none;\"> <\/div> <div id=\"photos-31\" class=\"grid-gallery-photos\"><a data-attachment-id=\"10674\" id=\"gg-31-237\" class=\"gg-link \" data-attachment-id=\"10674\" href=\"https:\/\/stammkoenigartus.de\/wp-content\/uploads\/Gro\u00dffahrt-2015-Dienstag-4.8..jpg?gid=31\" target=\"_self\" title=\"Gro\u00dffahrt 2015 Dienstag, 4.8.\" data- rel=\"lightbox[12067] prettyPhoto[pp_gal]\" style=\"border-radius:00;\" ><FIGURE data-tags=\"\" data-id=\"237\" class=\"grid-gallery-caption\" data-grid-gallery-type=\"quarter-slide-up\" data-index=\"0\" style=\"display:none;border-radius:00;; margin:5px; width:2150;\" ><div class=\"crop\" style=\" width:2150; height:2150; overflow:hidden;\"><img decoding=\"async\" src=\"https:\/\/stammkoenigartus.de\/wp-content\/uploads\/Gro\u00dffahrt-2015-Dienstag-4.8.-215x215.jpg\" class=\"ggImg\" alt=\"Gro\u00dffahrt 2015 Dienstag, 4.8.\" title=\"Gro\u00dffahrt 2015 Dienstag, 4.8.\" data-description=\"Gro\u00dffahrt 2015 Dienstag, 4.8.\" data-caption=\"M\u00fcllbeseitigung am Dorfplatz\" data-title=\"Gro\u00dffahrt 2015 Dienstag, 4.8.\" style=\" width:215px; height:215px;\" \/><\/div><FIGCAPTION class=\"\" data-alpha=\"5\" style=\"color:#ffffff; background-color:#6f0000; font-size:140; text-align:left; font-family:Abel;\" ><div class=\"grid-gallery-figcaption-wrap\" style=\" vertical-align:top;\"><div class=\"gg-image-caption fitvidsignore\" style=\"font-size:140;\"><object type=\"none\/none\">M\u00fcllbeseitigung am Dorfplatz <\/object><\/div><\/div><\/FIGCAPTION><\/FIGURE><\/a><a data-attachment-id=\"10677\" id=\"gg-31-239\" class=\"gg-link \" data-attachment-id=\"10677\" href=\"https:\/\/stammkoenigartus.de\/wp-content\/uploads\/Gro\u00dffahrt-2015-Dienstag-4.8-3-e1441324771494.jpg?gid=31\" target=\"_self\" title=\"Gro\u00dffahrt 2015 Dienstag, 4.8 (3)\" data- rel=\"lightbox[12067] prettyPhoto[pp_gal]\" style=\"border-radius:00;\" ><FIGURE data-tags=\"\" data-id=\"239\" class=\"grid-gallery-caption\" data-grid-gallery-type=\"quarter-slide-up\" data-index=\"1\" style=\"display:none;border-radius:00;; margin:5px; width:2150;\" ><div class=\"crop\" style=\" width:2150; height:2150; overflow:hidden;\"><img decoding=\"async\" src=\"https:\/\/stammkoenigartus.de\/wp-content\/uploads\/Gro\u00dffahrt-2015-Dienstag-4.8-3-e1441324771494-215x215.jpg\" class=\"ggImg\" alt=\"Gro\u00dffahrt 2015 Dienstag, 4.8 (3)\" title=\"Gro\u00dffahrt 2015 Dienstag, 4.8 (3)\" data-description=\"Gro\u00dffahrt 2015 Dienstag, 4.8 (3)\" data-caption=\"Fahnen werden gehisst\" data-title=\"Gro\u00dffahrt 2015 Dienstag, 4.8 (3)\" style=\" width:215px; height:215px;\" \/><\/div><FIGCAPTION class=\"\" data-alpha=\"5\" style=\"color:#ffffff; background-color:#6f0000; font-size:140; text-align:left; font-family:Abel;\" ><div class=\"grid-gallery-figcaption-wrap\" style=\" vertical-align:top;\"><div class=\"gg-image-caption fitvidsignore\" style=\"font-size:140;\"><object type=\"none\/none\">Fahnen werden gehisst <\/object><\/div><\/div><\/FIGCAPTION><\/FIGURE><\/a><a data-attachment-id=\"10676\" id=\"gg-31-235\" class=\"gg-link \" data-attachment-id=\"10676\" href=\"https:\/\/stammkoenigartus.de\/wp-content\/uploads\/Gro\u00dffahrt-2015-Dienstag-4.8-2.jpg?gid=31\" target=\"_self\" title=\"Gro\u00dffahrt 2015 Dienstag, 4.8 (2)\" data- rel=\"lightbox[12067] prettyPhoto[pp_gal]\" style=\"border-radius:00;\" ><FIGURE data-tags=\"\" data-id=\"235\" class=\"grid-gallery-caption\" data-grid-gallery-type=\"quarter-slide-up\" data-index=\"2\" style=\"display:none;border-radius:00;; margin:5px; width:2150;\" ><div class=\"crop\" style=\" width:2150; height:2150; overflow:hidden;\"><img decoding=\"async\" src=\"https:\/\/stammkoenigartus.de\/wp-content\/uploads\/Gro\u00dffahrt-2015-Dienstag-4.8-2-215x215.jpg\" class=\"ggImg\" alt=\"Gro\u00dffahrt 2015 Dienstag, 4.8 (2)\" title=\"Gro\u00dffahrt 2015 Dienstag, 4.8 (2)\" data-description=\"Gro\u00dffahrt 2015 Dienstag, 4.8 (2)\" data-caption=\"Es wird sogar gem\u00e4ht!\" data-title=\"Gro\u00dffahrt 2015 Dienstag, 4.8 (2)\" style=\" width:215px; height:215px;\" \/><\/div><FIGCAPTION class=\"\" data-alpha=\"5\" style=\"color:#ffffff; background-color:#6f0000; font-size:140; text-align:left; font-family:Abel;\" ><div class=\"grid-gallery-figcaption-wrap\" style=\" vertical-align:top;\"><div class=\"gg-image-caption fitvidsignore\" style=\"font-size:140;\"><object type=\"none\/none\">Es wird sogar gem\u00e4ht! <\/object><\/div><\/div><\/FIGCAPTION><\/FIGURE><\/a><a data-attachment-id=\"10673\" id=\"gg-31-236\" class=\"gg-link \" data-attachment-id=\"10673\" href=\"https:\/\/stammkoenigartus.de\/wp-content\/uploads\/Gro\u00dffahrt-2015-Dienstag-4.8-4.jpg?gid=31\" target=\"_self\" title=\"Gro\u00dffahrt 2015 Dienstag, 4.8 (4)\" data- rel=\"lightbox[12067] prettyPhoto[pp_gal]\" style=\"border-radius:00;\" ><FIGURE data-tags=\"\" data-id=\"236\" class=\"grid-gallery-caption\" data-grid-gallery-type=\"quarter-slide-up\" data-index=\"3\" style=\"display:none;border-radius:00;; margin:5px; width:2150;\" ><div class=\"crop\" style=\" width:2150; height:2150; overflow:hidden;\"><img decoding=\"async\" src=\"https:\/\/stammkoenigartus.de\/wp-content\/uploads\/Gro\u00dffahrt-2015-Dienstag-4.8-4-215x215.jpg\" class=\"ggImg\" alt=\"Gro\u00dffahrt 2015 Dienstag, 4.8 (4)\" title=\"Gro\u00dffahrt 2015 Dienstag, 4.8 (4)\" data-description=\"Gro\u00dffahrt 2015 Dienstag, 4.8 (4)\" data-caption=\"Nach kurzem Schauer Trocknen am Feuer\" data-title=\"Gro\u00dffahrt 2015 Dienstag, 4.8 (4)\" style=\" width:215px; height:215px;\" \/><\/div><FIGCAPTION class=\"\" data-alpha=\"5\" style=\"color:#ffffff; background-color:#6f0000; font-size:140; text-align:left; font-family:Abel;\" ><div class=\"grid-gallery-figcaption-wrap\" style=\" vertical-align:top;\"><div class=\"gg-image-caption fitvidsignore\" style=\"font-size:140;\"><object type=\"none\/none\">Nach kurzem Schauer Trocknen am Feuer <\/object><\/div><\/div><\/FIGCAPTION><\/FIGURE><\/a><a data-attachment-id=\"10675\" id=\"gg-31-234\" class=\"gg-link \" data-attachment-id=\"10675\" href=\"https:\/\/stammkoenigartus.de\/wp-content\/uploads\/Gro\u00dffahrt-2015-Dienstag-4.8-1.jpg?gid=31\" target=\"_self\" title=\"Gro\u00dffahrt 2015 Dienstag, 4.8 (1)\" data- rel=\"lightbox[12067] prettyPhoto[pp_gal]\" style=\"border-radius:00;\" ><FIGURE data-tags=\"\" data-id=\"234\" class=\"grid-gallery-caption\" data-grid-gallery-type=\"quarter-slide-up\" data-index=\"4\" style=\"display:none;border-radius:00;; margin:5px; width:2150;\" ><div class=\"crop\" style=\" width:2150; height:2150; overflow:hidden;\"><img decoding=\"async\" src=\"https:\/\/stammkoenigartus.de\/wp-content\/uploads\/Gro\u00dffahrt-2015-Dienstag-4.8-1-215x215.jpg\" class=\"ggImg\" alt=\"Gro\u00dffahrt 2015 Dienstag, 4.8 (1)\" title=\"Gro\u00dffahrt 2015 Dienstag, 4.8 (1)\" data-description=\"Gro\u00dffahrt 2015 Dienstag, 4.8 (1)\" data-caption=\"Rede des B\u00fcrgermeisters\" data-title=\"Gro\u00dffahrt 2015 Dienstag, 4.8 (1)\" style=\" width:215px; height:215px;\" \/><\/div><FIGCAPTION class=\"\" data-alpha=\"5\" style=\"color:#ffffff; background-color:#6f0000; font-size:140; text-align:left; font-family:Abel;\" ><div class=\"grid-gallery-figcaption-wrap\" style=\" vertical-align:top;\"><div class=\"gg-image-caption fitvidsignore\" style=\"font-size:140;\"><object type=\"none\/none\">Rede des B\u00fcrgermeisters <\/object><\/div><\/div><\/FIGCAPTION><\/FIGURE><\/a> <div class=\"grid-gallery-clearfix\"><\/div> <\/div> <div class=\"gallery-sharing-bottom\" style=\"display:none;\"> <\/div> <div class=\"gallery-sharing-image\" style=\"display:none;\"> <\/div> <div class=\"gallery-sharing-popup\" style=\"display:none;\"> <\/div> <div class=\"grid-gallery-clearfix\"><\/div> <\/div> <!-- Gallery by Supsystic plugin1.16.0 \/2.10.00 --> <style> <\/style><a title=\"\" style=\"display:none;\" href=\"https:\/\/supsystic.com\/plugins\/photo-gallery\/?utm_medium=love_link\" target=\"_blank\"><\/a><\/td>\r\n<\/tr>\r\n<tr>\r\n<td><\/td>\r\n<\/tr>\r\n<tr>\r\n<td><\/td>\r\n<\/tr>\r\n<\/tbody>\r\n<\/table>\r\n<p align=\"CENTER\"><\/p><\/div><div class=\"mtphr-dnt-tick mtphr-dnt-default-tick mtphr-dnt-clearfix \"><table style=\"height: 286px\" width=\"503\">\r\n<tbody>\r\n<tr>\r\n<td style=\"text-align: center\">\r\n<p align=\"CENTER\"><span style=\"font-size: 18pt\"><u><b>Mittwoch, 5.8.<\/b><\/u><\/span><\/p>\r\n<\/td>\r\n<\/tr>\r\n<tr>\r\n<td style=\"text-align: center\">\u00a0<u><b>Tagebuch 1<\/b><\/u><\/td>\r\n<\/tr>\r\n<tr>\r\n<td>\r\n<p align=\"LEFT\"><span style=\"font-size: medium\">Morgens wurden wir von den Sperbern geweckt. Dann gingen wir zum Dogadaj und suchten uns dort unser Tagesprogramm aus. Wir entschieden uns einstimmig f\u00fcr den Stausee. Nach 2 Stunden Fu\u00dfmarsch kamen wir dort an und suchten uns eine schattige Liegewiese direkt am See und schwammen zum anderen Ufer. Nachdem wir noch ein bisschen im Wasser waren, gab es Mittagessen. Als es geschmeckt hatte, erforschten wir die Umgebung und fanden einen Felsen, von dem man in den See springen konnte, was wir sogleich mindestens eine Stunde taten. Danach gab es Kekse und Entschleunigung. Dann ging es wieder ins Wasser. Pl\u00f6tzlich zog ein Gewitter auf \ud83d\ude41 . Wir packten unser Zeug zusammen und liefen los, doch es sch\u00fcttete schon wie aus Eimern. Zum Gl\u00fcck nahm uns eine deutsche Einwohnerin Grahovos auf, bis das Gewitter sich legte. Dann gingen wir auf den Zeltplatz und verbrachten dort den Rest des Tages. <\/span><\/p>\r\n<span style=\"font-size: 14pt;font-family: impact, sans-serif;color: #3366ff\">Lorenz <\/span><\/td>\r\n<\/tr>\r\n<tr>\r\n<td style=\"text-align: center\">\u00a0<u><b>Tagebuch 2<\/b><\/u><\/td>\r\n<\/tr>\r\n<tr>\r\n<td>\r\n<p align=\"LEFT\"><span style=\"font-size: medium\">Fr\u00fch, aber p\u00fcnktlich um 7 Uhr wurden wir vom Stamm Sperber mit Akkordeonspiel geweckt. Da standen wir dann doch gleich auf. Im Anschluss gingen wir ins \u201eJurtenrund\u201c, unsere Jurtenburg, die klassisch nach innen offen war und somit ein gro\u00dfes Sonnensegel bildete. Dort befand sich die Dogadajib\u00f6rse, wo sich jeder sein Tagesprogramm aussuchen konnte. Interessanter Wei\u00dfe entschieden sich alle f\u00fcr Schwimmen im See. Schade fand ich, dass fast immer jemand nicht h\u00f6ren konnte. Nachdem wir unsere Lunchpakete entgegengenommen hatten, packte sich jeder noch viel Wasser ein. Zuerst ging unser Weg nach Grahovo-Stadt. Dort angekommen fiel uns auf, dass es drei Leute nicht f\u00fcr n\u00f6tig hielten, einen Hut aufzusetzen. Folglich ging zu Lasten des Taschengeldes ein Hutkauf pro Nase vonstatten. Es war hei\u00df, der Weg ging zwei Stunden mit 6 Kilometern an einer Teerstra\u00dfe entlang. Autos \u00fcberholten uns. Alle hupten begeistert, wir winkten zur\u00fcck. Einmal \u00fcberholte uns ein Zehnj\u00e4hriger am Steuer. Nach langer Strecke folgte die Ankunft am See. Ihr m\u00fcsst euch das wie die K\u00f6deltalsperre vorstellen nur ohne Betoneinfassung und Badeverbot. Die Umgebung ist mit Steinen und ein paar B\u00e4umen eingefasst. Ein traumhafter Ort. Die Jungs waren begeistert. Wir sitzen nun hier: Sonne von oben; Wasser von unten. \u201eUsporavanje\u201c hei\u00dft Entschleunigung und das genossen wir. Klippenspringen inklusive. Ich bin froh, hier zu sein! Der R\u00fcckweg gestaltete sich nass. Binnen 30 Minuten sch\u00fcttete es in Str\u00f6men. Wir waren nass, verloren aber nicht unseren Spa\u00df. Auf halber Strecke hupten Autos von hinten. \u201eCome in\u201c riefen sie. Da unsere Zelte noch offen standen, schickte ich Stefan, Marlene und Luki zum Platz. Der Rest lief weiterhin dem Ziel entgegen. Am Wegesrand stand eine Einwohnerin und wir folgten ihr in die Wohnung. Dort sa\u00dfen wir, w\u00e4rmten uns auf und sprachen mit ihr. Sie spendierte eine Runde Bonbons. Der Regen war zu Ende und wir konnten weiter. Stefan erwartete uns, alle hatten sie bereits nasse Socken zum Trocknen aufgehangen. Wir machten zuerst \u201eEntschleunigung\u201c. Zu Abend gab es Zucchinigem\u00fcse mit Reis und Brot. Sehr lecker muss man sagen. Am Abend konnte man an Diskussionsrunden teilnehmen. Stefan, Ramona und ich sa\u00dfen in einer mit dem Thema \u201ePfadfinder \u2013 Hobby oder Lebenseinstellung?\u201c Es nahmen circa 25 Leute aus verschiedenen St\u00e4mmen teil. Viele Meinungen wurden gespiegelt und es war interessant, zu lauschen. Die Singerunde wurde \u201ebesinnlich\u201c gehalten und daher schnell langweilig :-] . Ein weiterer traumhafter Tag nahm sein Ende.<\/span><\/p>\r\n<p align=\"LEFT\"><span style=\"font-size: 14pt;font-family: impact, sans-serif;color: #3366ff\">Felix<\/span><\/p>\r\n<\/td>\r\n<\/tr>\r\n<tr>\r\n<td><\/td>\r\n<\/tr>\r\n<tr>\r\n<td>\u00a0<style> #grid-gallery-32-41638 .grid-gallery-caption[data-grid-gallery-type=\"show-on-hover\"]:hover figcaption, #grid-gallery-32-41638 .grid-gallery-caption[data-grid-gallery-type=\"show-on-hover\"].hovered figcaption, #grid-gallery-32-41638 .grid-gallery-caption[data-grid-gallery-type=\"show-on-hover\"]:active figcaption { background-color:rgba(111,0,0,0.5) !important; } <\/style> <div id=\"grid-gallery-32-41638\" data-gg-id=\"32\" data-title=\"Tagebuch Gro\u00dffahrt 2015: Mittwoch, 5.8.\" data-grid-type=\"0\" data-offset=\"5\" data-area-position=\"center\" data-icons=\"\" data-preloader=\"\" data-width=\"215\" data-height=\"215\" data-padding=\"\" data-quicksand=\"disabled\" data-quicksand-duration=\"none\" data-popup-theme=\"theme_6\" data-popup-type=\"pretty-photo\" data-popup-image-text=\"title\" data-popup-widthsize=\"auto\" data-popup-heightsize=\"auto\" data-popup-i18n-words=\"{&quot;close&quot;:&quot;schlie\\u00dfen&quot;,&quot;next&quot;:&quot;n\\u00e4chste&quot;,&quot;previous&quot;:&quot;vorherige&quot;,&quot;start_slideshow&quot;:&quot;Starte Slideshow&quot;,&quot;stop_slideshow&quot;:&quot;Stoppe Slideshow&quot;,&quot;image&quot;:&quot;Bild&quot;,&quot;of&quot;:&quot;von&quot;,&quot;prev&quot;:&quot;vorherige&quot;,&quot;cExpand&quot;:&quot;Erweitere&quot;,&quot;cPrevious&quot;:&quot;Vorheriges&quot;,&quot;cNext&quot;:&quot;N\\u00e4chstes&quot;,&quot;cExpandStr&quot;:&quot;Erweitere Bild&quot;,&quot;cRotate&quot;:&quot;Rotate&quot;,&quot;cDetails&quot;:&quot;Details&quot;}\" data-popup-slideshow=\"1\" data-popup-slideshow-speed=\"2500\" data-popup-hoverstop=\"true\" data-popup-slideshow-auto=\"true\" data-popup-background=\"\" data-popup-transparency=\"30\" data-popup-disable-history=\"\" data-popup-disable-changed-url=\"\" data-popup-border-type=\"\" data-popup-border-color=\"\" data-popup-border-width=\"\" data-popup-border-enable=\"\" data-fullscreen=\"false\" data-hide-tooltip=\"\" data-caption-font-family=\"Abel\" data-caption-text-size=\"140\" data-is-mobile=\"0\" data-caption-mobile=\"false\" data-hide-long-tltp-title=\"0\" data-caption-disabled-on-mobile=\"false\" data-popup-placement-type=\"0\" data-social-sharing=\"{&quot;enabled&quot;:null,&quot;gallerySharing&quot;:{&quot;enabled&quot;:null,&quot;position&quot;:null},&quot;imageSharing&quot;:{&quot;enabled&quot;:null,&quot;wrapperClass&quot;:&quot; vertical &quot;},&quot;popupSharing&quot;:{&quot;enabled&quot;:null,&quot;wrapperClass&quot;:&quot; vertical &quot;}}\" class=\"grid-gallery grid-gallery-fixed \" style=\" width:100%; height:auto; margin-left:auto; margin-right:auto;position:relative;\" data-popup-video=\"null\" data-popup-disable-source-image-for-linked-img=\"0\" data-popup-enable-download-photos-button=\"0\" data-thumbnail-size=\"150x150\"> <div class=\"gallery-loading\"> <div class=\"blocks\"> <div class=\"block\"><\/div> <div class=\"block\"><\/div> <div class=\"block\"><\/div> <div class=\"block\"><\/div> <\/div> <\/div> <div class=\"gallery-sharing-top\" style=\"display:none;\"> <\/div> <div id=\"photos-32\" class=\"grid-gallery-photos\"><a data-attachment-id=\"10678\" id=\"gg-32-240\" class=\"gg-link \" data-attachment-id=\"10678\" href=\"https:\/\/stammkoenigartus.de\/wp-content\/uploads\/Gro\u00dffahrt-2015-Mittwoch-5.8-1.jpg?gid=32\" target=\"_self\" title=\"Gro\u00dffahrt 2015 Mittwoch, 5.8 (1)\" data- rel=\"lightbox[12067] prettyPhoto[pp_gal]\" style=\"border-radius:00;\" ><FIGURE data-tags=\"\" data-id=\"240\" class=\"grid-gallery-caption\" data-grid-gallery-type=\"quarter-slide-up\" data-index=\"0\" style=\"display:none;border-radius:00;; margin:5px; width:2150;\" ><div class=\"crop\" style=\" width:2150; height:2150; overflow:hidden;\"><img decoding=\"async\" src=\"https:\/\/stammkoenigartus.de\/wp-content\/uploads\/Gro\u00dffahrt-2015-Mittwoch-5.8-1-215x215.jpg\" class=\"ggImg\" alt=\"Gro\u00dffahrt 2015 Mittwoch, 5.8 (1)\" title=\"Gro\u00dffahrt 2015 Mittwoch, 5.8 (1)\" data-description=\"Gro\u00dffahrt 2015 Mittwoch, 5.8 (1)\" data-caption=\"auf Sonnenschein folgte Regen\" data-title=\"Gro\u00dffahrt 2015 Mittwoch, 5.8 (1)\" style=\" width:215px; height:215px;\" \/><\/div><FIGCAPTION class=\"\" data-alpha=\"5\" style=\"color:#ffffff; background-color:#6f0000; font-size:140; text-align:left; font-family:Abel;\" ><div class=\"grid-gallery-figcaption-wrap\" style=\" vertical-align:top;\"><div class=\"gg-image-caption fitvidsignore\" style=\"font-size:140;\"><object type=\"none\/none\">auf Sonnenschein folgte Regen <\/object><\/div><\/div><\/FIGCAPTION><\/FIGURE><\/a><a data-attachment-id=\"10679\" id=\"gg-32-241\" class=\"gg-link \" data-attachment-id=\"10679\" href=\"https:\/\/stammkoenigartus.de\/wp-content\/uploads\/Gro\u00dffahrt-2015-Mittwoch-5.8-3.jpg?gid=32\" target=\"_self\" title=\"Gro\u00dffahrt 2015 Mittwoch, 5.8 (3)\" data- rel=\"lightbox[12067] prettyPhoto[pp_gal]\" style=\"border-radius:00;\" ><FIGURE data-tags=\"\" data-id=\"241\" class=\"grid-gallery-caption\" data-grid-gallery-type=\"quarter-slide-up\" data-index=\"1\" style=\"display:none;border-radius:00;; margin:5px; width:2150;\" ><div class=\"crop\" style=\" width:2150; height:2150; overflow:hidden;\"><img decoding=\"async\" src=\"https:\/\/stammkoenigartus.de\/wp-content\/uploads\/Gro\u00dffahrt-2015-Mittwoch-5.8-3-215x215.jpg\" class=\"ggImg\" alt=\"Gro\u00dffahrt 2015 Mittwoch, 5.8 (3)\" title=\"Gro\u00dffahrt 2015 Mittwoch, 5.8 (3)\" data-description=\"Gro\u00dffahrt 2015 Mittwoch, 5.8 (3)\" data-caption=\"der Stausee\" data-title=\"Gro\u00dffahrt 2015 Mittwoch, 5.8 (3)\" style=\" width:215px; height:215px;\" \/><\/div><FIGCAPTION class=\"\" data-alpha=\"5\" style=\"color:#ffffff; background-color:#6f0000; font-size:140; text-align:left; font-family:Abel;\" ><div class=\"grid-gallery-figcaption-wrap\" style=\" vertical-align:top;\"><div class=\"gg-image-caption fitvidsignore\" style=\"font-size:140;\"><object type=\"none\/none\">der Stausee <\/object><\/div><\/div><\/FIGCAPTION><\/FIGURE><\/a><a data-attachment-id=\"10680\" id=\"gg-32-242\" class=\"gg-link \" data-attachment-id=\"10680\" href=\"https:\/\/stammkoenigartus.de\/wp-content\/uploads\/Gro\u00dffahrt-2015-Mittwoch-5.8-4.jpg?gid=32\" target=\"_self\" title=\"Gro\u00dffahrt 2015 Mittwoch, 5.8 (4)\" data- rel=\"lightbox[12067] prettyPhoto[pp_gal]\" style=\"border-radius:00;\" ><FIGURE data-tags=\"\" data-id=\"242\" class=\"grid-gallery-caption\" data-grid-gallery-type=\"quarter-slide-up\" data-index=\"2\" style=\"display:none;border-radius:00;; margin:5px; width:2150;\" ><div class=\"crop\" style=\" width:2150; height:2150; overflow:hidden;\"><img decoding=\"async\" src=\"https:\/\/stammkoenigartus.de\/wp-content\/uploads\/Gro\u00dffahrt-2015-Mittwoch-5.8-4-215x215.jpg\" class=\"ggImg\" alt=\"Gro\u00dffahrt 2015 Mittwoch, 5.8 (4)\" title=\"Gro\u00dffahrt 2015 Mittwoch, 5.8 (4)\" data-description=\"Gro\u00dffahrt 2015 Mittwoch, 5.8 (4)\" data-caption=\"endlich Baden!\" data-title=\"Gro\u00dffahrt 2015 Mittwoch, 5.8 (4)\" style=\" width:215px; height:215px;\" \/><\/div><FIGCAPTION class=\"\" data-alpha=\"5\" style=\"color:#ffffff; background-color:#6f0000; font-size:140; text-align:left; font-family:Abel;\" ><div class=\"grid-gallery-figcaption-wrap\" style=\" vertical-align:top;\"><div class=\"gg-image-caption fitvidsignore\" style=\"font-size:140;\"><object type=\"none\/none\">endlich Baden! <\/object><\/div><\/div><\/FIGCAPTION><\/FIGURE><\/a><a data-attachment-id=\"10681\" id=\"gg-32-243\" class=\"gg-link \" data-attachment-id=\"10681\" href=\"https:\/\/stammkoenigartus.de\/wp-content\/uploads\/Gro\u00dffahrt-2015-Mittwoch-5.8-5.jpg?gid=32\" target=\"_self\" title=\"Gro\u00dffahrt 2015 Mittwoch, 5.8 (5)\" data- rel=\"lightbox[12067] prettyPhoto[pp_gal]\" style=\"border-radius:00;\" ><FIGURE data-tags=\"\" data-id=\"243\" class=\"grid-gallery-caption\" data-grid-gallery-type=\"quarter-slide-up\" data-index=\"3\" style=\"display:none;border-radius:00;; margin:5px; width:2150;\" ><div class=\"crop\" style=\" width:2150; height:2150; overflow:hidden;\"><img decoding=\"async\" src=\"https:\/\/stammkoenigartus.de\/wp-content\/uploads\/Gro\u00dffahrt-2015-Mittwoch-5.8-5-215x215.jpg\" class=\"ggImg\" alt=\"Gro\u00dffahrt 2015 Mittwoch, 5.8 (5)\" title=\"Gro\u00dffahrt 2015 Mittwoch, 5.8 (5)\" data-description=\"Gro\u00dffahrt 2015 Mittwoch, 5.8 (5)\" data-caption=\"ab in\u00b4s Wasser!\" data-title=\"Gro\u00dffahrt 2015 Mittwoch, 5.8 (5)\" style=\" width:215px; height:215px;\" \/><\/div><FIGCAPTION class=\"\" data-alpha=\"5\" style=\"color:#ffffff; background-color:#6f0000; font-size:140; text-align:left; font-family:Abel;\" ><div class=\"grid-gallery-figcaption-wrap\" style=\" vertical-align:top;\"><div class=\"gg-image-caption fitvidsignore\" style=\"font-size:140;\"><object type=\"none\/none\">ab in\u00b4s Wasser! <\/object><\/div><\/div><\/FIGCAPTION><\/FIGURE><\/a> <div class=\"grid-gallery-clearfix\"><\/div> <\/div> <div class=\"gallery-sharing-bottom\" style=\"display:none;\"> <\/div> <div class=\"gallery-sharing-image\" style=\"display:none;\"> <\/div> <div class=\"gallery-sharing-popup\" style=\"display:none;\"> <\/div> <div class=\"grid-gallery-clearfix\"><\/div> <\/div> <!-- Gallery by Supsystic plugin1.16.0 \/2.10.00 --> <style> <\/style><a title=\"\" style=\"display:none;\" href=\"https:\/\/supsystic.com\/plugins\/photo-gallery\/?utm_medium=love_link\" target=\"_blank\"><\/a><\/td>\r\n<\/tr>\r\n<tr>\r\n<td><\/td>\r\n<\/tr>\r\n<tr>\r\n<td><\/td>\r\n<\/tr>\r\n<tr>\r\n<td><\/td>\r\n<\/tr>\r\n<\/tbody>\r\n<\/table>\r\n&nbsp;<\/div><div class=\"mtphr-dnt-tick mtphr-dnt-default-tick mtphr-dnt-clearfix \"><table style=\"height: 286px\" width=\"503\">\r\n<tbody>\r\n<tr>\r\n<td style=\"text-align: center\">\r\n<p align=\"CENTER\"><span style=\"font-size: 18pt\"><u><b>Donnerstag, 6.8.<\/b><\/u><\/span><\/p>\r\n<\/td>\r\n<\/tr>\r\n<tr>\r\n<td style=\"text-align: center\">\u00a0<u><b>Tagebuch 1<\/b><\/u><\/td>\r\n<\/tr>\r\n<tr>\r\n<td>\r\n<p align=\"LEFT\"><span style=\"font-size: medium\">Wir sind um 7 aufgestanden und um neun Uhr zum B\u00fcsche pflanzen gegangen. Danach war Dogadaj angesagt und ich habe mir eine Pizza gemacht. Dann haben wir Karten gespielt. Wir spielten Arschloch. Wir sind dann nochmal runter ins Dorf gegangen und ich habe mir eine Kola gekauft. Und dann war Abschlussabend. Es gab Lamm, Schweinefleisch und montenegrinische Spezialit\u00e4ten. Es war sehr sch\u00f6n und eine Weile sp\u00e4ter bin ich mit den anderen schlafen gegangen. <\/span><\/p>\r\n<p align=\"LEFT\"><span style=\"font-size: 14pt;font-family: impact, sans-serif;color: #3366ff\">Vinzent <\/span><\/p>\r\n<\/td>\r\n<\/tr>\r\n<tr>\r\n<td style=\"text-align: center\">\u00a0<u><b>Tagebuch 2<\/b><\/u><\/td>\r\n<\/tr>\r\n<tr>\r\n<td>\r\n<p align=\"LEFT\"><span style=\"font-size: medium\">Morgens weckte Felix mich und Bierla um 6 Uhr, um uns zusammen mit anderen Meuten- und Sippenf\u00fchrern zu treffen. Nat\u00fcrlich voller Begeisterung, dass wir so fr\u00fch aufstehen \u201ed\u00fcrfen\u201c, standen wir da und warteten auf die Ansprache, w\u00e4hrend die anderen schlafen \u201emussten\u201c. Was danach passierte, darf ich nicht erz\u00e4hlen, aber ich sage nur so viel: Das Fr\u00fchst\u00fcck war dort so gut, da h\u00e4tte ich lieber l\u00e4nger geschlafen. Zur\u00fcck von dem kurzen Ausflug setzten wir uns zu den anderen. Alles aufger\u00e4umt gingen ich und Bierla zu dem von uns veranstalteten Dogadaj. Wir holten Sahne, Kr\u00e4uter und Gl\u00e4ser, um Kr\u00e4uterbutter zu machen. Es dauerte trotz den sau netten Leuten zu lange und wir h\u00f6rten vorzeitig auf. Endlich konnte ich mich zur Entschleunigung hinlegen und chillen. Als dann die anderen weg waren, machten sich Bierla und ich auf in Richtung Berggipfel. H\u00f6her als jeder andere in unserem Stamm war. Wir stiegen Steine hoch und Abh\u00e4nge, zusammen mit Felix\u00b4 Handy, einem Seil, H\u00fcten und Wasser. Die Aussicht war beeindruckend \u2013 circa 100m \u00fcber dem Lagerplatz machten wir ein Foto. Gl\u00fccklicherweise regnete es erst, als wir schon sicher wieder unten waren. W\u00e4hrend die anderen beim Pizza-Dogadaj waren, besch\u00e4ftigten wir zwei unseren einzigen W\u00f6lfling, eine an diesem Tag sehr schwere Aufgabe. Abends kam das Fernsehen und es wurde getanzt, w\u00e4hrend Selma und ich das Essen in die Jurtenburg trugen. Eine echte schei\u00df Arbeit, anderen Essen zu geben, wenn man sau Hunger hat. Ich hatte irgendwann das Gef\u00fchl, dass alle sich bei mir anstellen, weil sie bei mir so viel bekommen haben. Nach einer langen ersten Runde wurden wir abgel\u00f6st und bekamen auch was. Den Abschlussabend besuchte ich nur kurz. So ging der letzte Tag des Bundeslagers zu Ende. Ein Tag mit sehr gemischten Gef\u00fchlen. <\/span><\/p>\r\n<p align=\"LEFT\"><span style=\"font-size: 14pt;font-family: impact, sans-serif;color: #3366ff\">Lukas M.<\/span><\/p>\r\n<\/td>\r\n<\/tr>\r\n<tr>\r\n<td><\/td>\r\n<\/tr>\r\n<tr>\r\n<td>\u00a0<style> #grid-gallery-34-63905 .grid-gallery-caption[data-grid-gallery-type=\"show-on-hover\"]:hover figcaption, #grid-gallery-34-63905 .grid-gallery-caption[data-grid-gallery-type=\"show-on-hover\"].hovered figcaption, #grid-gallery-34-63905 .grid-gallery-caption[data-grid-gallery-type=\"show-on-hover\"]:active figcaption { background-color:rgba(111,0,0,0.5) !important; } <\/style> <div id=\"grid-gallery-34-63905\" data-gg-id=\"34\" data-title=\"Tagebuch Gro\u00dffahrt 2015: Donnerstag, 6.8.\" data-grid-type=\"0\" data-offset=\"5\" data-area-position=\"center\" data-icons=\"\" data-preloader=\"\" data-width=\"215\" data-height=\"215\" data-padding=\"\" data-quicksand=\"disabled\" data-quicksand-duration=\"none\" data-popup-theme=\"theme_6\" data-popup-type=\"pretty-photo\" data-popup-image-text=\"title\" data-popup-widthsize=\"auto\" data-popup-heightsize=\"auto\" data-popup-i18n-words=\"{&quot;close&quot;:&quot;schlie\\u00dfen&quot;,&quot;next&quot;:&quot;n\\u00e4chste&quot;,&quot;previous&quot;:&quot;vorherige&quot;,&quot;start_slideshow&quot;:&quot;Starte Slideshow&quot;,&quot;stop_slideshow&quot;:&quot;Stoppe Slideshow&quot;,&quot;image&quot;:&quot;Bild&quot;,&quot;of&quot;:&quot;von&quot;,&quot;prev&quot;:&quot;vorherige&quot;,&quot;cExpand&quot;:&quot;Erweitere&quot;,&quot;cPrevious&quot;:&quot;Vorheriges&quot;,&quot;cNext&quot;:&quot;N\\u00e4chstes&quot;,&quot;cExpandStr&quot;:&quot;Erweitere Bild&quot;,&quot;cRotate&quot;:&quot;Rotate&quot;,&quot;cDetails&quot;:&quot;Details&quot;}\" data-popup-slideshow=\"1\" data-popup-slideshow-speed=\"2500\" data-popup-hoverstop=\"true\" data-popup-slideshow-auto=\"true\" data-popup-background=\"\" data-popup-transparency=\"30\" data-popup-disable-history=\"\" data-popup-disable-changed-url=\"\" data-popup-border-type=\"\" data-popup-border-color=\"\" data-popup-border-width=\"\" data-popup-border-enable=\"\" data-fullscreen=\"false\" data-hide-tooltip=\"\" data-caption-font-family=\"Abel\" data-caption-text-size=\"140\" data-is-mobile=\"0\" data-caption-mobile=\"false\" data-hide-long-tltp-title=\"0\" data-caption-disabled-on-mobile=\"false\" data-popup-placement-type=\"0\" data-social-sharing=\"{&quot;enabled&quot;:null,&quot;gallerySharing&quot;:{&quot;enabled&quot;:null,&quot;position&quot;:null},&quot;imageSharing&quot;:{&quot;enabled&quot;:null,&quot;wrapperClass&quot;:&quot; vertical &quot;},&quot;popupSharing&quot;:{&quot;enabled&quot;:null,&quot;wrapperClass&quot;:&quot; vertical &quot;}}\" class=\"grid-gallery grid-gallery-fixed \" style=\" width:100%; height:auto; margin-left:auto; margin-right:auto;position:relative;\" data-popup-video=\"null\" data-popup-disable-source-image-for-linked-img=\"0\" data-popup-enable-download-photos-button=\"0\" data-thumbnail-size=\"150x150\"> <div class=\"gallery-loading\"> <div class=\"blocks\"> <div class=\"block\"><\/div> <div class=\"block\"><\/div> <div class=\"block\"><\/div> <div class=\"block\"><\/div> <\/div> <\/div> <div class=\"gallery-sharing-top\" style=\"display:none;\"> <\/div> <div id=\"photos-34\" class=\"grid-gallery-photos\"><a data-attachment-id=\"10682\" id=\"gg-34-244\" class=\"gg-link \" data-attachment-id=\"10682\" href=\"https:\/\/stammkoenigartus.de\/wp-content\/uploads\/Gro\u00dffahrt-2015-Donnerstag-6.8-1.jpg?gid=34\" target=\"_self\" title=\"Gro\u00dffahrt 2015 Donnerstag, 6.8 (1)\" data- rel=\"lightbox[12067] prettyPhoto[pp_gal]\" style=\"border-radius:00;\" ><FIGURE data-tags=\"\" data-id=\"244\" class=\"grid-gallery-caption\" data-grid-gallery-type=\"quarter-slide-up\" data-index=\"0\" style=\"display:none;border-radius:00;; margin:5px; width:2150;\" ><div class=\"crop\" style=\" width:2150; height:2150; overflow:hidden;\"><img decoding=\"async\" src=\"https:\/\/stammkoenigartus.de\/wp-content\/uploads\/Gro\u00dffahrt-2015-Donnerstag-6.8-1-215x215.jpg\" class=\"ggImg\" alt=\"Gro\u00dffahrt 2015 Donnerstag, 6.8 (1)\" title=\"Gro\u00dffahrt 2015 Donnerstag, 6.8 (1)\" data-description=\"Gro\u00dffahrt 2015 Donnerstag, 6.8 (1)\" data-caption=\"super Aussicht!\" data-title=\"Gro\u00dffahrt 2015 Donnerstag, 6.8 (1)\" style=\" width:215px; height:215px;\" \/><\/div><FIGCAPTION class=\"\" data-alpha=\"5\" style=\"color:#ffffff; background-color:#6f0000; font-size:140; text-align:left; font-family:Abel;\" ><div class=\"grid-gallery-figcaption-wrap\" style=\" vertical-align:top;\"><div class=\"gg-image-caption fitvidsignore\" style=\"font-size:140;\"><object type=\"none\/none\">super Aussicht! <\/object><\/div><\/div><\/FIGCAPTION><\/FIGURE><\/a><a data-attachment-id=\"10684\" id=\"gg-34-245\" class=\"gg-link \" data-attachment-id=\"10684\" href=\"https:\/\/stammkoenigartus.de\/wp-content\/uploads\/Gro\u00dffahrt-2015-Donnerstag-6.8-3.jpg?gid=34\" target=\"_self\" title=\"Gro\u00dffahrt 2015 Donnerstag, 6.8 (3)\" data- rel=\"lightbox[12067] prettyPhoto[pp_gal]\" style=\"border-radius:00;\" ><FIGURE data-tags=\"\" data-id=\"245\" class=\"grid-gallery-caption\" data-grid-gallery-type=\"quarter-slide-up\" data-index=\"1\" style=\"display:none;border-radius:00;; margin:5px; width:2150;\" ><div class=\"crop\" style=\" width:2150; height:2150; overflow:hidden;\"><img decoding=\"async\" src=\"https:\/\/stammkoenigartus.de\/wp-content\/uploads\/Gro\u00dffahrt-2015-Donnerstag-6.8-3-215x215.jpg\" class=\"ggImg\" alt=\"Gro\u00dffahrt 2015 Donnerstag, 6.8 (3)\" title=\"Gro\u00dffahrt 2015 Donnerstag, 6.8 (3)\" data-description=\"Gro\u00dffahrt 2015 Donnerstag, 6.8 (3)\" data-caption=\"Baum pflanzen im botanischen Garten\" data-title=\"Gro\u00dffahrt 2015 Donnerstag, 6.8 (3)\" style=\" width:215px; height:215px;\" \/><\/div><FIGCAPTION class=\"\" data-alpha=\"5\" style=\"color:#ffffff; background-color:#6f0000; font-size:140; text-align:left; font-family:Abel;\" ><div class=\"grid-gallery-figcaption-wrap\" style=\" vertical-align:top;\"><div class=\"gg-image-caption fitvidsignore\" style=\"font-size:140;\"><object type=\"none\/none\">Baum pflanzen im botanischen Garten <\/object><\/div><\/div><\/FIGCAPTION><\/FIGURE><\/a><a data-attachment-id=\"10683\" id=\"gg-34-246\" class=\"gg-link \" data-attachment-id=\"10683\" href=\"https:\/\/stammkoenigartus.de\/wp-content\/uploads\/Gro\u00dffahrt-2015-Donnerstag-6.8-2.jpg?gid=34\" target=\"_self\" title=\"Gro\u00dffahrt 2015 Donnerstag, 6.8 (2)\" data- rel=\"lightbox[12067] prettyPhoto[pp_gal]\" style=\"border-radius:00;\" ><FIGURE data-tags=\"\" data-id=\"246\" class=\"grid-gallery-caption\" data-grid-gallery-type=\"quarter-slide-up\" data-index=\"2\" style=\"display:none;border-radius:00;; margin:5px; width:2150;\" ><div class=\"crop\" style=\" width:2150; height:2150; overflow:hidden;\"><img decoding=\"async\" src=\"https:\/\/stammkoenigartus.de\/wp-content\/uploads\/Gro\u00dffahrt-2015-Donnerstag-6.8-2-215x215.jpg\" class=\"ggImg\" alt=\"Gro\u00dffahrt 2015 Donnerstag, 6.8 (2)\" title=\"Gro\u00dffahrt 2015 Donnerstag, 6.8 (2)\" data-description=\"Gro\u00dffahrt 2015 Donnerstag, 6.8 (2)\" data-caption=\"Sonnenaufgang\" data-title=\"Gro\u00dffahrt 2015 Donnerstag, 6.8 (2)\" style=\" width:215px; height:215px;\" \/><\/div><FIGCAPTION class=\"\" data-alpha=\"5\" style=\"color:#ffffff; background-color:#6f0000; font-size:140; text-align:left; font-family:Abel;\" ><div class=\"grid-gallery-figcaption-wrap\" style=\" vertical-align:top;\"><div class=\"gg-image-caption fitvidsignore\" style=\"font-size:140;\"><object type=\"none\/none\">Sonnenaufgang <\/object><\/div><\/div><\/FIGCAPTION><\/FIGURE><\/a> <div class=\"grid-gallery-clearfix\"><\/div> <\/div> <div class=\"gallery-sharing-bottom\" style=\"display:none;\"> <\/div> <div class=\"gallery-sharing-image\" style=\"display:none;\"> <\/div> <div class=\"gallery-sharing-popup\" style=\"display:none;\"> <\/div> <div class=\"grid-gallery-clearfix\"><\/div> <\/div> <!-- Gallery by Supsystic plugin1.16.0 \/2.10.00 --> <style> <\/style><a title=\"\" style=\"display:none;\" href=\"https:\/\/supsystic.com\/plugins\/photo-gallery\/?utm_medium=love_link\" target=\"_blank\"><\/a><\/td>\r\n<\/tr>\r\n<tr>\r\n<td><\/td>\r\n<\/tr>\r\n<tr>\r\n<td><\/td>\r\n<\/tr>\r\n<tr>\r\n<td><\/td>\r\n<\/tr>\r\n<\/tbody>\r\n<\/table>\r\n&nbsp;<\/div><div class=\"mtphr-dnt-tick mtphr-dnt-default-tick mtphr-dnt-clearfix \"><table style=\"height: 286px\" width=\"503\">\r\n<tbody>\r\n<tr>\r\n<td style=\"text-align: center\">\r\n<p align=\"CENTER\"><span style=\"font-size: 18pt\"><u><b>Freitag, 7.8.<\/b><\/u><\/span><\/p>\r\n<\/td>\r\n<\/tr>\r\n<tr>\r\n<td style=\"text-align: center\">\u00a0<u><b>Tagebuch 1<\/b><\/u><\/td>\r\n<\/tr>\r\n<tr>\r\n<td>\r\n<p align=\"LEFT\"><span style=\"font-size: medium\">Auch heute wurden wir wieder um 7 Uhr geweckt. Nachdem wir uns gewaschen und zwischendurch auch mal Z\u00e4hne geputzt haben:), wurden wir mit einem \u201eDobro Jutro!\u201c (\u201eGuten Morgen!\u201c) in unserer t\u00e4glichen Morgenrunde begr\u00fc\u00dft. Zum Wachwerden spielten wir mit 440 Leuten Schere-Stein-Papier, wobei jeder Verlierer dem Gewinner folgen musste, sodass schlie\u00dflich zwei Menschen im Finale \u201ek\u00e4mpften\u201c. Schlie\u00dflich gingen wir ins Jurtenrund (siehe Foto) und holten uns an einer der vier Ausgabestellen Essen. Es gab Milchreis mit S\u00fc\u00dfem und Herzhaftem und Pfirsiche. Darauf folgte eine kleine Ansprache der Fahrtenleitung und der Abbau unserer Jurten und der vier Koten. Nach einer Stunde chillen belegten wir uns noch ein paar Scheiben Wei\u00dfbrot als Mittagessen. \u201eDobar tek!\u201c oder einfach \u201eGuten Appetit!\u201c. Kurze Zeit sp\u00e4ter fuhr ein Auto mit Anh\u00e4nger zuf\u00e4llig am Lagerplatz vorbei. Felix hielt es kurzerhand an und fragte, ob er uns das Material zum Dorfplatz fahren k\u00f6nne. Wir sollten alle Kisten einfach einladen und er fuhr kurze Zeit sp\u00e4ter an unsere sp\u00e4tere Bushaltestelle. Ein Hoch auf die montenegrinische Gastfreundschaft,(diese bekamen wir ziemlich oft gezeigt). Es folgten M\u00fcllkette und Abschlusskreis, indem wir uns noch einmal f\u00fcr die Gastfreundschaft und Hilfsbereitschaft der Montenegriner mit ein paar Kleinigkeiten bedankten. Wir liefen schlie\u00dflich zum Bus und fuhren mit diesem circa 2 Stunden zusammen mit den Schwarzen L\u00f6wen, die in Kotor das Haijken begannen, zu unserem Zeltplatz an der K\u00fcste. <\/span><\/p>\r\n<p align=\"LEFT\"><span style=\"font-size: 14pt;font-family: impact, sans-serif;color: #3366ff\">Selma <\/span><\/p>\r\n<p align=\"LEFT\"><\/p>\r\n<\/td>\r\n<\/tr>\r\n<tr>\r\n<td style=\"text-align: center\">\u00a0<u><b>Tagebuch 2<\/b><\/u><\/td>\r\n<\/tr>\r\n<tr>\r\n<td>\r\n<p align=\"LEFT\"><span style=\"font-size: medium\">Am Morgen des 7.8., also des Freidachs sin m\u00e4 \u00f6st mo aufgstanna. Danach haben wir unsere Rucks\u00e4cke gepackt und uns zum Fr\u00fchst\u00fcck gesetzt. Bei diesem gab es wie immer Brotzeit und Grie\u00dfbrei. Direkt danach haben wir die Zelte abgebaut, den Abschlusskreis gehalten, die M\u00fcllkette beendet und sind dann zum Lagerplatz nach Kotor gefahren. Dort haben wir die Zelte aufgebaut, gegessen und das Wasser inspiziert. Unser \u201cZelt\u201c war eine selbst\u00fcberlegte Konstruktion mit einer Jurte und 4 Koten, in der wir selbst geschlafen haben. <\/span><\/p>\r\n<p align=\"LEFT\"><span style=\"font-size: 14pt;font-family: impact, sans-serif;color: #3366ff\">Bierla<\/span><\/p>\r\n<\/td>\r\n<\/tr>\r\n<tr>\r\n<td><\/td>\r\n<\/tr>\r\n<tr>\r\n<td>\u00a0<style> #grid-gallery-35-13085 .grid-gallery-caption[data-grid-gallery-type=\"show-on-hover\"]:hover figcaption, #grid-gallery-35-13085 .grid-gallery-caption[data-grid-gallery-type=\"show-on-hover\"].hovered figcaption, #grid-gallery-35-13085 .grid-gallery-caption[data-grid-gallery-type=\"show-on-hover\"]:active figcaption { background-color:rgba(111,0,0,0.5) !important; } <\/style> <div id=\"grid-gallery-35-13085\" data-gg-id=\"35\" data-title=\"Tagebuch Gro\u00dffahrt 2015: Freitag, 7.8.\" data-grid-type=\"0\" data-offset=\"5\" data-area-position=\"center\" data-icons=\"\" data-preloader=\"\" data-width=\"215\" data-height=\"215\" data-padding=\"\" data-quicksand=\"disabled\" data-quicksand-duration=\"none\" data-popup-theme=\"theme_6\" data-popup-type=\"pretty-photo\" data-popup-image-text=\"title\" data-popup-widthsize=\"auto\" data-popup-heightsize=\"auto\" data-popup-i18n-words=\"{&quot;close&quot;:&quot;schlie\\u00dfen&quot;,&quot;next&quot;:&quot;n\\u00e4chste&quot;,&quot;previous&quot;:&quot;vorherige&quot;,&quot;start_slideshow&quot;:&quot;Starte Slideshow&quot;,&quot;stop_slideshow&quot;:&quot;Stoppe Slideshow&quot;,&quot;image&quot;:&quot;Bild&quot;,&quot;of&quot;:&quot;von&quot;,&quot;prev&quot;:&quot;vorherige&quot;,&quot;cExpand&quot;:&quot;Erweitere&quot;,&quot;cPrevious&quot;:&quot;Vorheriges&quot;,&quot;cNext&quot;:&quot;N\\u00e4chstes&quot;,&quot;cExpandStr&quot;:&quot;Erweitere Bild&quot;,&quot;cRotate&quot;:&quot;Rotate&quot;,&quot;cDetails&quot;:&quot;Details&quot;}\" data-popup-slideshow=\"1\" data-popup-slideshow-speed=\"2500\" data-popup-hoverstop=\"true\" data-popup-slideshow-auto=\"true\" data-popup-background=\"\" data-popup-transparency=\"30\" data-popup-disable-history=\"\" data-popup-disable-changed-url=\"\" data-popup-border-type=\"\" data-popup-border-color=\"\" data-popup-border-width=\"\" data-popup-border-enable=\"\" data-fullscreen=\"false\" data-hide-tooltip=\"\" data-caption-font-family=\"Abel\" data-caption-text-size=\"140\" data-is-mobile=\"0\" data-caption-mobile=\"false\" data-hide-long-tltp-title=\"0\" data-caption-disabled-on-mobile=\"false\" data-popup-placement-type=\"0\" data-social-sharing=\"{&quot;enabled&quot;:null,&quot;gallerySharing&quot;:{&quot;enabled&quot;:null,&quot;position&quot;:null},&quot;imageSharing&quot;:{&quot;enabled&quot;:null,&quot;wrapperClass&quot;:&quot; vertical &quot;},&quot;popupSharing&quot;:{&quot;enabled&quot;:null,&quot;wrapperClass&quot;:&quot; vertical &quot;}}\" class=\"grid-gallery grid-gallery-fixed \" style=\" width:100%; height:auto; margin-left:auto; margin-right:auto;position:relative;\" data-popup-video=\"null\" data-popup-disable-source-image-for-linked-img=\"0\" data-popup-enable-download-photos-button=\"0\" data-thumbnail-size=\"150x150\"> <div class=\"gallery-loading\"> <div class=\"blocks\"> <div class=\"block\"><\/div> <div class=\"block\"><\/div> <div class=\"block\"><\/div> <div class=\"block\"><\/div> <\/div> <\/div> <div class=\"gallery-sharing-top\" style=\"display:none;\"> <\/div> <div id=\"photos-35\" class=\"grid-gallery-photos\"><a data-attachment-id=\"10686\" id=\"gg-35-250\" class=\"gg-link \" data-attachment-id=\"10686\" href=\"https:\/\/stammkoenigartus.de\/wp-content\/uploads\/Gro\u00dffahrt-2015-Freitag-7.8-2.jpg?gid=35\" target=\"_self\" title=\"Gro\u00dffahrt 2015 Freitag, 7.8 (2)\" data- rel=\"lightbox[12067] prettyPhoto[pp_gal]\" style=\"border-radius:00;\" ><FIGURE data-tags=\"\" data-id=\"250\" class=\"grid-gallery-caption\" data-grid-gallery-type=\"quarter-slide-up\" data-index=\"0\" style=\"display:none;border-radius:00;; margin:5px; width:2150;\" ><div class=\"crop\" style=\" width:2150; height:2150; overflow:hidden;\"><img decoding=\"async\" src=\"https:\/\/stammkoenigartus.de\/wp-content\/uploads\/Gro\u00dffahrt-2015-Freitag-7.8-2-215x215.jpg\" class=\"ggImg\" alt=\"Gro\u00dffahrt 2015 Freitag, 7.8 (2)\" title=\"Gro\u00dffahrt 2015 Freitag, 7.8 (2)\" data-description=\"Gro\u00dffahrt 2015 Freitag, 7.8 (2)\" data-caption=\"Entschleunigung\" data-title=\"Gro\u00dffahrt 2015 Freitag, 7.8 (2)\" style=\" width:215px; height:215px;\" \/><\/div><FIGCAPTION class=\"\" data-alpha=\"5\" style=\"color:#ffffff; background-color:#6f0000; font-size:140; text-align:left; font-family:Abel;\" ><div class=\"grid-gallery-figcaption-wrap\" style=\" vertical-align:top;\"><div class=\"gg-image-caption fitvidsignore\" style=\"font-size:140;\"><object type=\"none\/none\">Entschleunigung <\/object><\/div><\/div><\/FIGCAPTION><\/FIGURE><\/a><a data-attachment-id=\"10687\" id=\"gg-35-249\" class=\"gg-link \" data-attachment-id=\"10687\" href=\"https:\/\/stammkoenigartus.de\/wp-content\/uploads\/Gro\u00dffahrt-2015-Freitag-7.8-3.jpg?gid=35\" target=\"_self\" title=\"Gro\u00dffahrt 2015 Freitag, 7.8 (3)\" data- rel=\"lightbox[12067] prettyPhoto[pp_gal]\" style=\"border-radius:00;\" ><FIGURE data-tags=\"\" data-id=\"249\" class=\"grid-gallery-caption\" data-grid-gallery-type=\"quarter-slide-up\" data-index=\"1\" style=\"display:none;border-radius:00;; margin:5px; width:2150;\" ><div class=\"crop\" style=\" width:2150; height:2150; overflow:hidden;\"><img decoding=\"async\" src=\"https:\/\/stammkoenigartus.de\/wp-content\/uploads\/Gro\u00dffahrt-2015-Freitag-7.8-3-215x215.jpg\" class=\"ggImg\" alt=\"Gro\u00dffahrt 2015 Freitag, 7.8 (3)\" title=\"Gro\u00dffahrt 2015 Freitag, 7.8 (3)\" data-description=\"Gro\u00dffahrt 2015 Freitag, 7.8 (3)\" data-caption=\"Packen war angesagt\" data-title=\"Gro\u00dffahrt 2015 Freitag, 7.8 (3)\" style=\" width:215px; height:215px;\" \/><\/div><FIGCAPTION class=\"\" data-alpha=\"5\" style=\"color:#ffffff; background-color:#6f0000; font-size:140; text-align:left; font-family:Abel;\" ><div class=\"grid-gallery-figcaption-wrap\" style=\" vertical-align:top;\"><div class=\"gg-image-caption fitvidsignore\" style=\"font-size:140;\"><object type=\"none\/none\">Packen war angesagt <\/object><\/div><\/div><\/FIGCAPTION><\/FIGURE><\/a><a data-attachment-id=\"10688\" id=\"gg-35-248\" class=\"gg-link \" data-attachment-id=\"10688\" href=\"https:\/\/stammkoenigartus.de\/wp-content\/uploads\/Gro\u00dffahrt-2015-Freitag-7.8-4.jpg?gid=35\" target=\"_self\" title=\"Gro\u00dffahrt 2015 Freitag, 7.8 (4)\" data- rel=\"lightbox[12067] prettyPhoto[pp_gal]\" style=\"border-radius:00;\" ><FIGURE data-tags=\"\" data-id=\"248\" class=\"grid-gallery-caption\" data-grid-gallery-type=\"quarter-slide-up\" data-index=\"2\" style=\"display:none;border-radius:00;; margin:5px; width:2150;\" ><div class=\"crop\" style=\" width:2150; height:2150; overflow:hidden;\"><img decoding=\"async\" src=\"https:\/\/stammkoenigartus.de\/wp-content\/uploads\/Gro\u00dffahrt-2015-Freitag-7.8-4-215x215.jpg\" class=\"ggImg\" alt=\"Gro\u00dffahrt 2015 Freitag, 7.8 (4)\" title=\"Gro\u00dffahrt 2015 Freitag, 7.8 (4)\" data-description=\"Gro\u00dffahrt 2015 Freitag, 7.8 (4)\" data-caption=\"Abschlusskreis\" data-title=\"Gro\u00dffahrt 2015 Freitag, 7.8 (4)\" style=\" width:215px; height:215px;\" \/><\/div><FIGCAPTION class=\"\" data-alpha=\"5\" style=\"color:#ffffff; background-color:#6f0000; font-size:140; text-align:left; font-family:Abel;\" ><div class=\"grid-gallery-figcaption-wrap\" style=\" vertical-align:top;\"><div class=\"gg-image-caption fitvidsignore\" style=\"font-size:140;\"><object type=\"none\/none\">Abschlusskreis <\/object><\/div><\/div><\/FIGCAPTION><\/FIGURE><\/a><a data-attachment-id=\"10685\" id=\"gg-35-247\" class=\"gg-link \" data-attachment-id=\"10685\" href=\"https:\/\/stammkoenigartus.de\/wp-content\/uploads\/Gro\u00dffahrt-2015-Freitag-7.8-1.jpg?gid=35\" target=\"_self\" title=\"Gro\u00dffahrt 2015 Freitag, 7.8 (1)\" data- rel=\"lightbox[12067] prettyPhoto[pp_gal]\" style=\"border-radius:00;\" ><FIGURE data-tags=\"\" data-id=\"247\" class=\"grid-gallery-caption\" data-grid-gallery-type=\"quarter-slide-up\" data-index=\"3\" style=\"display:none;border-radius:00;; margin:5px; width:2150;\" ><div class=\"crop\" style=\" width:2150; height:2150; overflow:hidden;\"><img decoding=\"async\" src=\"https:\/\/stammkoenigartus.de\/wp-content\/uploads\/Gro\u00dffahrt-2015-Freitag-7.8-1-215x215.jpg\" class=\"ggImg\" alt=\"Gro\u00dffahrt 2015 Freitag, 7.8 (1)\" title=\"Gro\u00dffahrt 2015 Freitag, 7.8 (1)\" data-description=\"Gro\u00dffahrt 2015 Freitag, 7.8 (1)\" data-caption=\"Bus musste uns hier raus lassen, wir waren zu schwer ;(\" data-title=\"Gro\u00dffahrt 2015 Freitag, 7.8 (1)\" style=\" width:215px; height:215px;\" \/><\/div><FIGCAPTION class=\"\" data-alpha=\"5\" style=\"color:#ffffff; background-color:#6f0000; font-size:140; text-align:left; font-family:Abel;\" ><div class=\"grid-gallery-figcaption-wrap\" style=\" vertical-align:top;\"><div class=\"gg-image-caption fitvidsignore\" style=\"font-size:140;\"><object type=\"none\/none\">Bus musste uns hier raus lassen, wir waren zu schwer ;( <\/object><\/div><\/div><\/FIGCAPTION><\/FIGURE><\/a> <div class=\"grid-gallery-clearfix\"><\/div> <\/div> <div class=\"gallery-sharing-bottom\" style=\"display:none;\"> <\/div> <div class=\"gallery-sharing-image\" style=\"display:none;\"> <\/div> <div class=\"gallery-sharing-popup\" style=\"display:none;\"> <\/div> <div class=\"grid-gallery-clearfix\"><\/div> <\/div> <!-- Gallery by Supsystic plugin1.16.0 \/2.10.00 --> <style> <\/style><a title=\"\" style=\"display:none;\" href=\"https:\/\/supsystic.com\/plugins\/photo-gallery\/?utm_medium=love_link\" target=\"_blank\"><\/a><\/td>\r\n<\/tr>\r\n<tr>\r\n<td><\/td>\r\n<\/tr>\r\n<tr>\r\n<td><\/td>\r\n<\/tr>\r\n<tr>\r\n<td><\/td>\r\n<\/tr>\r\n<\/tbody>\r\n<\/table>\r\n&nbsp;<\/div><div class=\"mtphr-dnt-tick mtphr-dnt-default-tick mtphr-dnt-clearfix \"><table style=\"height: 286px\" width=\"503\">\r\n<tbody>\r\n<tr>\r\n<td style=\"text-align: center\">\r\n<p align=\"CENTER\"><span style=\"font-size: 18pt\"><u><b>Samstag, 8.8.<\/b><\/u><\/span><\/p>\r\n<\/td>\r\n<\/tr>\r\n<tr>\r\n<td style=\"text-align: center\">\u00a0<u><b>Tagebuch 1<\/b><\/u><\/td>\r\n<\/tr>\r\n<tr>\r\n<td>\u00a0Sieben Uhr sind wir aufgestanden. Danach war Ramona morgens einkaufen und es gab Fr\u00fchst\u00fcck mit Kaba. Danach sind wir ins Wasser gesprungen und haben uns abgek\u00fchlt. Dann haben Bierla und wir geangelt und einen Paradiesfisch gefangen. Dann haben wir den Fisch ausgenommen und gegrillt und zubereitet.\r\n<p align=\"LEFT\"><span style=\"font-size: 14pt;font-family: impact, sans-serif;color: #3366ff\">Vinzent<\/span><\/p>\r\n<\/td>\r\n<\/tr>\r\n<tr>\r\n<td style=\"text-align: center\">\u00a0<u><b>Tagebuch 2<\/b><\/u><\/td>\r\n<\/tr>\r\n<tr>\r\n<td>\r\n<p align=\"LEFT\"><span style=\"font-size: medium\">Nach dem gem\u00fctlichen Ausschlafen am Morgen des 8.8. haben wir das Fr\u00fchst\u00fcck der \u00f6rtlichen L\u00e4den verspeist und Vorbereitungen f\u00fcr den Badespa\u00df getroffen. Sofort nach dem \u201eEs hat geschmeckt\u201c sind alle sofort durch\u00b4s Tor \u00fcber die Stra\u00dfe auf den Beton und ins Meer gejagt. Parallel zur Badeaktion wurden die ersten Angeln ausgeworfen, die wir aus Bambus gebaut haben. Eine halbe Stunde hat es gedauert, bis der Erste angebissen hat. Auch noch ein wenig sp\u00e4ter hat der zweite am Hacken genagt. Nach der Brotzeit am Mittag haben wir dasselbe gefangen wie am Vormittag. Bis zum Abend hin haben wir noch vier andere Fische gefangen, die wir am Ende wieder ins Wasser warfen, weil sie von einem \u00f6rtlichen Angler mit dem Kommentar \u201cB\u00e4\u201c beurteilt wurden. Zum Abendessen gab es dann den Fisch, Salat und Milchreis, der von der K\u00fcchenchefin Ramona zubereitet wurde. Nach der Singerunde gingen wir in\u00b4s Bett. <\/span><\/p>\r\n<p align=\"LEFT\"><span style=\"font-size: 14pt;font-family: impact, sans-serif;color: #3366ff\">Bierla<\/span><\/p>\r\n<\/td>\r\n<\/tr>\r\n<tr>\r\n<td><\/td>\r\n<\/tr>\r\n<tr>\r\n<td>\u00a0<style> #grid-gallery-36-17965 .grid-gallery-caption[data-grid-gallery-type=\"show-on-hover\"]:hover figcaption, #grid-gallery-36-17965 .grid-gallery-caption[data-grid-gallery-type=\"show-on-hover\"].hovered figcaption, #grid-gallery-36-17965 .grid-gallery-caption[data-grid-gallery-type=\"show-on-hover\"]:active figcaption { background-color:rgba(111,0,0,0.5) !important; } <\/style> <div id=\"grid-gallery-36-17965\" data-gg-id=\"36\" data-title=\"Tagebuch Gro\u00dffahrt 2015: Samstag, 8.8.\" data-grid-type=\"0\" data-offset=\"5\" data-area-position=\"center\" data-icons=\"\" data-preloader=\"\" data-width=\"215\" data-height=\"215\" data-padding=\"\" data-quicksand=\"disabled\" data-quicksand-duration=\"none\" data-popup-theme=\"theme_6\" data-popup-type=\"pretty-photo\" data-popup-image-text=\"title\" data-popup-widthsize=\"auto\" data-popup-heightsize=\"auto\" data-popup-i18n-words=\"{&quot;close&quot;:&quot;schlie\\u00dfen&quot;,&quot;next&quot;:&quot;n\\u00e4chste&quot;,&quot;previous&quot;:&quot;vorherige&quot;,&quot;start_slideshow&quot;:&quot;Starte Slideshow&quot;,&quot;stop_slideshow&quot;:&quot;Stoppe Slideshow&quot;,&quot;image&quot;:&quot;Bild&quot;,&quot;of&quot;:&quot;von&quot;,&quot;prev&quot;:&quot;vorherige&quot;,&quot;cExpand&quot;:&quot;Erweitere&quot;,&quot;cPrevious&quot;:&quot;Vorheriges&quot;,&quot;cNext&quot;:&quot;N\\u00e4chstes&quot;,&quot;cExpandStr&quot;:&quot;Erweitere Bild&quot;,&quot;cRotate&quot;:&quot;Rotate&quot;,&quot;cDetails&quot;:&quot;Details&quot;}\" data-popup-slideshow=\"1\" data-popup-slideshow-speed=\"2500\" data-popup-hoverstop=\"true\" data-popup-slideshow-auto=\"true\" data-popup-background=\"\" data-popup-transparency=\"30\" data-popup-disable-history=\"\" data-popup-disable-changed-url=\"\" data-popup-border-type=\"\" data-popup-border-color=\"\" data-popup-border-width=\"\" data-popup-border-enable=\"\" data-fullscreen=\"false\" data-hide-tooltip=\"\" data-caption-font-family=\"Abel\" data-caption-text-size=\"140\" data-is-mobile=\"0\" data-caption-mobile=\"false\" data-hide-long-tltp-title=\"0\" data-caption-disabled-on-mobile=\"false\" data-popup-placement-type=\"0\" data-social-sharing=\"{&quot;enabled&quot;:null,&quot;gallerySharing&quot;:{&quot;enabled&quot;:null,&quot;position&quot;:null},&quot;imageSharing&quot;:{&quot;enabled&quot;:null,&quot;wrapperClass&quot;:&quot; vertical &quot;},&quot;popupSharing&quot;:{&quot;enabled&quot;:null,&quot;wrapperClass&quot;:&quot; vertical &quot;}}\" class=\"grid-gallery grid-gallery-fixed \" style=\" width:100%; height:auto; margin-left:auto; margin-right:auto;position:relative;\" data-popup-video=\"null\" data-popup-disable-source-image-for-linked-img=\"0\" data-popup-enable-download-photos-button=\"0\" data-thumbnail-size=\"150x150\"> <div class=\"gallery-loading\"> <div class=\"blocks\"> <div class=\"block\"><\/div> <div class=\"block\"><\/div> <div class=\"block\"><\/div> <div class=\"block\"><\/div> <\/div> <\/div> <div class=\"gallery-sharing-top\" style=\"display:none;\"> <\/div> <div id=\"photos-36\" class=\"grid-gallery-photos\"><a data-attachment-id=\"10690\" id=\"gg-36-251\" class=\"gg-link \" data-attachment-id=\"10690\" href=\"https:\/\/stammkoenigartus.de\/wp-content\/uploads\/Gro\u00dffahrt-2015-Samstag-8.8-2.jpg?gid=36\" target=\"_self\" title=\"Gro\u00dffahrt 2015 Samstag, 8.8 (2)\" data- rel=\"lightbox[12067] prettyPhoto[pp_gal]\" style=\"border-radius:00;\" ><FIGURE data-tags=\"\" data-id=\"251\" class=\"grid-gallery-caption\" data-grid-gallery-type=\"quarter-slide-up\" data-index=\"0\" style=\"display:none;border-radius:00;; margin:5px; width:2150;\" ><div class=\"crop\" style=\" width:2150; height:2150; overflow:hidden;\"><img decoding=\"async\" src=\"https:\/\/stammkoenigartus.de\/wp-content\/uploads\/Gro\u00dffahrt-2015-Samstag-8.8-2-215x215.jpg\" class=\"ggImg\" alt=\"Gro\u00dffahrt 2015 Samstag, 8.8 (2)\" title=\"Gro\u00dffahrt 2015 Samstag, 8.8 (2)\" data-description=\"Gro\u00dffahrt 2015 Samstag, 8.8 (2)\" data-caption=\"Die Zelte\" data-title=\"Gro\u00dffahrt 2015 Samstag, 8.8 (2)\" style=\" width:215px; height:215px;\" \/><\/div><FIGCAPTION class=\"\" data-alpha=\"5\" style=\"color:#ffffff; background-color:#6f0000; font-size:140; text-align:left; font-family:Abel;\" ><div class=\"grid-gallery-figcaption-wrap\" style=\" vertical-align:top;\"><div class=\"gg-image-caption fitvidsignore\" style=\"font-size:140;\"><object type=\"none\/none\">Die Zelte <\/object><\/div><\/div><\/FIGCAPTION><\/FIGURE><\/a><a data-attachment-id=\"10689\" id=\"gg-36-252\" class=\"gg-link \" data-attachment-id=\"10689\" href=\"https:\/\/stammkoenigartus.de\/wp-content\/uploads\/Gro\u00dffahrt-2015-Samstag-8.8-1.jpg?gid=36\" target=\"_self\" title=\"Gro\u00dffahrt 2015 Samstag, 8.8 (1)\" data- rel=\"lightbox[12067] prettyPhoto[pp_gal]\" style=\"border-radius:00;\" ><FIGURE data-tags=\"\" data-id=\"252\" class=\"grid-gallery-caption\" data-grid-gallery-type=\"quarter-slide-up\" data-index=\"1\" style=\"display:none;border-radius:00;; margin:5px; width:2150;\" ><div class=\"crop\" style=\" width:2150; height:2150; overflow:hidden;\"><img decoding=\"async\" src=\"https:\/\/stammkoenigartus.de\/wp-content\/uploads\/Gro\u00dffahrt-2015-Samstag-8.8-1-215x215.jpg\" class=\"ggImg\" alt=\"Gro\u00dffahrt 2015 Samstag, 8.8 (1)\" title=\"Gro\u00dffahrt 2015 Samstag, 8.8 (1)\" data-description=\"Gro\u00dffahrt 2015 Samstag, 8.8 (1)\" data-caption=\"Der erste Fisch\" data-title=\"Gro\u00dffahrt 2015 Samstag, 8.8 (1)\" style=\" width:215px; height:215px;\" \/><\/div><FIGCAPTION class=\"\" data-alpha=\"5\" style=\"color:#ffffff; background-color:#6f0000; font-size:140; text-align:left; font-family:Abel;\" ><div class=\"grid-gallery-figcaption-wrap\" style=\" vertical-align:top;\"><div class=\"gg-image-caption fitvidsignore\" style=\"font-size:140;\"><object type=\"none\/none\">Der erste Fisch <\/object><\/div><\/div><\/FIGCAPTION><\/FIGURE><\/a><a data-attachment-id=\"10694\" id=\"gg-36-253\" class=\"gg-link \" data-attachment-id=\"10694\" href=\"https:\/\/stammkoenigartus.de\/wp-content\/uploads\/Gro\u00dffahrt-2015-Samstag-8.8-6.jpg?gid=36\" target=\"_self\" title=\"Gro\u00dffahrt 2015 Samstag, 8.8 (6)\" data- rel=\"lightbox[12067] prettyPhoto[pp_gal]\" style=\"border-radius:00;\" ><FIGURE data-tags=\"\" data-id=\"253\" class=\"grid-gallery-caption\" data-grid-gallery-type=\"quarter-slide-up\" data-index=\"2\" style=\"display:none;border-radius:00;; margin:5px; width:2150;\" ><div class=\"crop\" style=\" width:2150; height:2150; overflow:hidden;\"><img decoding=\"async\" src=\"https:\/\/stammkoenigartus.de\/wp-content\/uploads\/Gro\u00dffahrt-2015-Samstag-8.8-6-215x215.jpg\" class=\"ggImg\" alt=\"Gro\u00dffahrt 2015 Samstag, 8.8 (6)\" title=\"Gro\u00dffahrt 2015 Samstag, 8.8 (6)\" data-description=\"Gro\u00dffahrt 2015 Samstag, 8.8 (6)\" data-caption=\"Unser Haus\" data-title=\"Gro\u00dffahrt 2015 Samstag, 8.8 (6)\" style=\" width:215px; height:215px;\" \/><\/div><FIGCAPTION class=\"\" data-alpha=\"5\" style=\"color:#ffffff; background-color:#6f0000; font-size:140; text-align:left; font-family:Abel;\" ><div class=\"grid-gallery-figcaption-wrap\" style=\" vertical-align:top;\"><div class=\"gg-image-caption fitvidsignore\" style=\"font-size:140;\"><object type=\"none\/none\">Unser Haus <\/object><\/div><\/div><\/FIGCAPTION><\/FIGURE><\/a><a data-attachment-id=\"10693\" id=\"gg-36-254\" class=\"gg-link \" data-attachment-id=\"10693\" href=\"https:\/\/stammkoenigartus.de\/wp-content\/uploads\/Gro\u00dffahrt-2015-Samstag-8.8-5.jpg?gid=36\" target=\"_self\" title=\"Gro\u00dffahrt 2015 Samstag, 8.8 (5)\" data- rel=\"lightbox[12067] prettyPhoto[pp_gal]\" style=\"border-radius:00;\" ><FIGURE data-tags=\"\" data-id=\"254\" class=\"grid-gallery-caption\" data-grid-gallery-type=\"quarter-slide-up\" data-index=\"3\" style=\"display:none;border-radius:00;; margin:5px; width:2150;\" ><div class=\"crop\" style=\" width:2150; height:2150; overflow:hidden;\"><img decoding=\"async\" src=\"https:\/\/stammkoenigartus.de\/wp-content\/uploads\/Gro\u00dffahrt-2015-Samstag-8.8-5-215x215.jpg\" class=\"ggImg\" alt=\"Gro\u00dffahrt 2015 Samstag, 8.8 (5)\" title=\"Gro\u00dffahrt 2015 Samstag, 8.8 (5)\" data-description=\"Gro\u00dffahrt 2015 Samstag, 8.8 (5)\" data-caption=\"Die K\u00fcche\" data-title=\"Gro\u00dffahrt 2015 Samstag, 8.8 (5)\" style=\" width:215px; height:215px;\" \/><\/div><FIGCAPTION class=\"\" data-alpha=\"5\" style=\"color:#ffffff; background-color:#6f0000; font-size:140; text-align:left; font-family:Abel;\" ><div class=\"grid-gallery-figcaption-wrap\" style=\" vertical-align:top;\"><div class=\"gg-image-caption fitvidsignore\" style=\"font-size:140;\"><object type=\"none\/none\">Die K\u00fcche <\/object><\/div><\/div><\/FIGCAPTION><\/FIGURE><\/a><a data-attachment-id=\"10691\" id=\"gg-36-255\" class=\"gg-link \" data-attachment-id=\"10691\" href=\"https:\/\/stammkoenigartus.de\/wp-content\/uploads\/Gro\u00dffahrt-2015-Samstag-8.8-3.jpg?gid=36\" target=\"_self\" title=\"Gro\u00dffahrt 2015 Samstag, 8.8 (3)\" data- rel=\"lightbox[12067] prettyPhoto[pp_gal]\" style=\"border-radius:00;\" ><FIGURE data-tags=\"\" data-id=\"255\" class=\"grid-gallery-caption\" data-grid-gallery-type=\"quarter-slide-up\" data-index=\"4\" style=\"display:none;border-radius:00;; margin:5px; width:2150;\" ><div class=\"crop\" style=\" width:2150; height:2150; overflow:hidden;\"><img decoding=\"async\" src=\"https:\/\/stammkoenigartus.de\/wp-content\/uploads\/Gro\u00dffahrt-2015-Samstag-8.8-3-215x215.jpg\" class=\"ggImg\" alt=\"Gro\u00dffahrt 2015 Samstag, 8.8 (3)\" title=\"Gro\u00dffahrt 2015 Samstag, 8.8 (3)\" data-description=\"Gro\u00dffahrt 2015 Samstag, 8.8 (3)\" data-caption=\"Sonnen\" data-title=\"Gro\u00dffahrt 2015 Samstag, 8.8 (3)\" style=\" width:215px; height:215px;\" \/><\/div><FIGCAPTION class=\"\" data-alpha=\"5\" style=\"color:#ffffff; background-color:#6f0000; font-size:140; text-align:left; font-family:Abel;\" ><div class=\"grid-gallery-figcaption-wrap\" style=\" vertical-align:top;\"><div class=\"gg-image-caption fitvidsignore\" style=\"font-size:140;\"><object type=\"none\/none\">Sonnen <\/object><\/div><\/div><\/FIGCAPTION><\/FIGURE><\/a><a data-attachment-id=\"10692\" id=\"gg-36-256\" class=\"gg-link \" data-attachment-id=\"10692\" href=\"https:\/\/stammkoenigartus.de\/wp-content\/uploads\/Gro\u00dffahrt-2015-Samstag-8.8-4.jpg?gid=36\" target=\"_self\" title=\"Gro\u00dffahrt 2015 Samstag, 8.8 (4)\" data- rel=\"lightbox[12067] prettyPhoto[pp_gal]\" style=\"border-radius:00;\" ><FIGURE data-tags=\"\" data-id=\"256\" class=\"grid-gallery-caption\" data-grid-gallery-type=\"quarter-slide-up\" data-index=\"5\" style=\"display:none;border-radius:00;; margin:5px; width:2150;\" ><div class=\"crop\" style=\" width:2150; height:2150; overflow:hidden;\"><img decoding=\"async\" src=\"https:\/\/stammkoenigartus.de\/wp-content\/uploads\/Gro\u00dffahrt-2015-Samstag-8.8-4-215x215.jpg\" class=\"ggImg\" alt=\"Gro\u00dffahrt 2015 Samstag, 8.8 (4)\" title=\"Gro\u00dffahrt 2015 Samstag, 8.8 (4)\" data-description=\"Gro\u00dffahrt 2015 Samstag, 8.8 (4)\" data-caption=\"Sanit\u00e4ranlagen\" data-title=\"Gro\u00dffahrt 2015 Samstag, 8.8 (4)\" style=\" width:215px; height:215px;\" \/><\/div><FIGCAPTION class=\"\" data-alpha=\"5\" style=\"color:#ffffff; background-color:#6f0000; font-size:140; text-align:left; font-family:Abel;\" ><div class=\"grid-gallery-figcaption-wrap\" style=\" vertical-align:top;\"><div class=\"gg-image-caption fitvidsignore\" style=\"font-size:140;\"><object type=\"none\/none\">Sanit\u00e4ranlagen <\/object><\/div><\/div><\/FIGCAPTION><\/FIGURE><\/a> <div class=\"grid-gallery-clearfix\"><\/div> <\/div> <div class=\"gallery-sharing-bottom\" style=\"display:none;\"> <\/div> <div class=\"gallery-sharing-image\" style=\"display:none;\"> <\/div> <div class=\"gallery-sharing-popup\" style=\"display:none;\"> <\/div> <div class=\"grid-gallery-clearfix\"><\/div> <\/div> <!-- Gallery by Supsystic plugin1.16.0 \/2.10.00 --> <style> <\/style><a title=\"\" style=\"display:none;\" href=\"https:\/\/supsystic.com\/plugins\/photo-gallery\/?utm_medium=love_link\" target=\"_blank\"><\/a><\/td>\r\n<\/tr>\r\n<tr>\r\n<td><\/td>\r\n<\/tr>\r\n<tr>\r\n<td><\/td>\r\n<\/tr>\r\n<tr>\r\n<td><\/td>\r\n<\/tr>\r\n<\/tbody>\r\n<\/table>\r\n&nbsp;<\/div><div class=\"mtphr-dnt-tick mtphr-dnt-default-tick mtphr-dnt-clearfix \"><table style=\"height: 286px\" width=\"503\">\r\n<tbody>\r\n<tr>\r\n<td style=\"text-align: center\">\r\n<p align=\"CENTER\"><span style=\"font-size: 18pt\"><u><b>Sonntag, 9.8.<\/b><\/u><\/span><\/p>\r\n<\/td>\r\n<\/tr>\r\n<tr>\r\n<td style=\"text-align: center\">\u00a0<u><b>Tagebuch 1<\/b><\/u><\/td>\r\n<\/tr>\r\n<tr>\r\n<td>\r\n<p align=\"LEFT\"><span style=\"font-size: medium\">Heute sind wir um 7 Uhr aufgestanden. Erst mal haben wir mit Broten und M\u00fcsli gefr\u00fchst\u00fcckt, was nat\u00fcrlich sehr lecker war. Wir hatten beschlossen, mit dem Bus eine Fahrt zum Berg Lovcen zu machen. Alle dachten, dass wir dort laufen m\u00fcssen, aber dann hat sich herausgestellt, dass wir mit dem Bus dorthin fahren. Ziemlich weit oben des Berges chillten wir erst mal und machten Brotzeit. Danach fuhren wir mit dem Bus zur\u00fcck, aber zuerst in den Supermarkt. Dort kauften wir Eis, Mineralwasser usw. was das Herz begehrt. Als wir wieder beim Zeltplatz waren, a\u00dfen wir erst mal ein k\u00f6stliches Eis mit Waffel. Endlich ans Meer! Umgezogen und gleich rein gesprungen. Herrlich kann man nur sagen. Sippe Gareth und Bierla schwammen erst zum Steg und betrachteten uns die Bote. Selma und Bierla angelten bis jetzt zwei Fische. Eins steht fest: Die Bambusangeln gehen wie sau. Nach ein paar Stunden machte die K\u00fcche ein leckeres Essen. Es gab Milchreis, Spaghetti mit So\u00dfe, Pudding und Salat. K\u00f6stlich! Bis zum Abend hie\u00df es nur noch Baden. Am Abend gab es eine sch\u00f6ne Singerunde. Danach ging es in die Falle. Schlafen!<\/span><\/p>\r\n<p align=\"LEFT\"><span style=\"font-size: 14pt;font-family: impact, sans-serif;color: #3366ff\">Richi<\/span><\/p>\r\n<\/td>\r\n<\/tr>\r\n<tr>\r\n<td style=\"text-align: center\">\u00a0<u><b>Tagebuch 2<\/b><\/u><\/td>\r\n<\/tr>\r\n<tr>\r\n<td>\r\n<p align=\"LEFT\"><span style=\"font-size: medium\">Am Samstag standen wir um 7 Uhr auf. Eine Stunde zu sp\u00e4t, aber das macht ja nix, wir haben Urlaub. Nachdem wir mit dem Bus zur Autobusstation kamen, war es bereits 9 Uhr. Wir wollten zum \u201eLovcen Nationalpark\u201c, erkl\u00e4rten wir an der Pforte. Nur leider fuhr kein Bus dahin, da wir zu nah dran waren. Ein 14-Mann-Taxi wurde bestellt. Wir trafen einen Mann, der kaum Englisch sprach, mit dem wir uns aber gleich verstanden haben. Er kannte die Gegend und wir fuhren gen Lovcen. Bereits nach 30 Minuten Fahrt genossen wir traumhaften Ausblick auf Kotor, Tivat, Risan und in der Ferne auf den Skadarsee. Es ging immer h\u00f6her und h\u00f6her und die Berge, die die Bucht von Kotor s\u00e4umten, waren bereits winzig geworden. Nach 1500 H\u00f6henmetern hielten wir an und genossen den traumhaften Ausblick. Ein beeindruckendes Schauspiel bot sich uns. Direkt danach kamen wir zu einer gro\u00dfen Wiese, auf der wir zu Mittag a\u00dfen. Ein Kletterpark war auch da, aber die Gurte sahen sehr abenteuerlich aus. Wir genossen den Barfu\u00dfpfad: Auf 200 Metern konnten wir viele Dinge erf\u00fchlen. Die Jungs h\u00f6rten nun auf uns und es gab keine Reibereien mehr. Das Taxi wartete oben auf uns und so waren wir auch schon wieder nach 1,5 Stunden Fahrt um 16 Uhr zur\u00fcck. Wir nutzten die Zeit, uns im Meer abzuk\u00fchlen. Zu Essen gab es einen mediteranen Salat mit Schafsk\u00e4se, Oliven, Tomaten, Gurken, Paprika, K\u00fcrbiskernen und Toastbrot mit Tee. Ein geiles Essen, das allen mundete. Ein weiteres beeindruckendes Erlebnis haben wir mitbekommen: Montenegro ist und bleibt ein richtig sch\u00f6nes Land. Von schlechten Stra\u00dfen kann ich nicht berichten.<\/span><\/p>\r\n<p align=\"LEFT\"><span style=\"font-size: 14pt;font-family: impact, sans-serif;color: #3366ff\">Felix<\/span><\/p>\r\n<\/td>\r\n<\/tr>\r\n<tr>\r\n<td><\/td>\r\n<\/tr>\r\n<tr>\r\n<td>\u00a0<style> #grid-gallery-37-60015 .grid-gallery-caption[data-grid-gallery-type=\"show-on-hover\"]:hover figcaption, #grid-gallery-37-60015 .grid-gallery-caption[data-grid-gallery-type=\"show-on-hover\"].hovered figcaption, #grid-gallery-37-60015 .grid-gallery-caption[data-grid-gallery-type=\"show-on-hover\"]:active figcaption { background-color:rgba(111,0,0,0.5) !important; } <\/style> <div id=\"grid-gallery-37-60015\" data-gg-id=\"37\" data-title=\"Tagebuch Gro\u00dffahrt 2015: Sonntag, 9.8.\" data-grid-type=\"0\" data-offset=\"5\" data-area-position=\"center\" data-icons=\"\" data-preloader=\"\" data-width=\"215\" data-height=\"215\" data-padding=\"\" data-quicksand=\"disabled\" data-quicksand-duration=\"none\" data-popup-theme=\"theme_6\" data-popup-type=\"pretty-photo\" data-popup-image-text=\"title\" data-popup-widthsize=\"auto\" data-popup-heightsize=\"auto\" data-popup-i18n-words=\"{&quot;close&quot;:&quot;schlie\\u00dfen&quot;,&quot;next&quot;:&quot;n\\u00e4chste&quot;,&quot;previous&quot;:&quot;vorherige&quot;,&quot;start_slideshow&quot;:&quot;Starte Slideshow&quot;,&quot;stop_slideshow&quot;:&quot;Stoppe Slideshow&quot;,&quot;image&quot;:&quot;Bild&quot;,&quot;of&quot;:&quot;von&quot;,&quot;prev&quot;:&quot;vorherige&quot;,&quot;cExpand&quot;:&quot;Erweitere&quot;,&quot;cPrevious&quot;:&quot;Vorheriges&quot;,&quot;cNext&quot;:&quot;N\\u00e4chstes&quot;,&quot;cExpandStr&quot;:&quot;Erweitere Bild&quot;,&quot;cRotate&quot;:&quot;Rotate&quot;,&quot;cDetails&quot;:&quot;Details&quot;}\" data-popup-slideshow=\"1\" data-popup-slideshow-speed=\"2500\" data-popup-hoverstop=\"true\" data-popup-slideshow-auto=\"true\" data-popup-background=\"\" data-popup-transparency=\"30\" data-popup-disable-history=\"\" data-popup-disable-changed-url=\"\" data-popup-border-type=\"\" data-popup-border-color=\"\" data-popup-border-width=\"\" data-popup-border-enable=\"\" data-fullscreen=\"false\" data-hide-tooltip=\"\" data-caption-font-family=\"Abel\" data-caption-text-size=\"140\" data-is-mobile=\"0\" data-caption-mobile=\"false\" data-hide-long-tltp-title=\"0\" data-caption-disabled-on-mobile=\"false\" data-popup-placement-type=\"0\" data-social-sharing=\"{&quot;enabled&quot;:null,&quot;gallerySharing&quot;:{&quot;enabled&quot;:null,&quot;position&quot;:null},&quot;imageSharing&quot;:{&quot;enabled&quot;:null,&quot;wrapperClass&quot;:&quot; vertical &quot;},&quot;popupSharing&quot;:{&quot;enabled&quot;:null,&quot;wrapperClass&quot;:&quot; vertical &quot;}}\" class=\"grid-gallery grid-gallery-fixed \" style=\" width:100%; height:auto; margin-left:auto; margin-right:auto;position:relative;\" data-popup-video=\"null\" data-popup-disable-source-image-for-linked-img=\"0\" data-popup-enable-download-photos-button=\"0\" data-thumbnail-size=\"150x150\"> <div class=\"gallery-loading\"> <div class=\"blocks\"> <div class=\"block\"><\/div> <div class=\"block\"><\/div> <div class=\"block\"><\/div> <div class=\"block\"><\/div> <\/div> <\/div> <div class=\"gallery-sharing-top\" style=\"display:none;\"> <\/div> <div id=\"photos-37\" class=\"grid-gallery-photos\"><a data-attachment-id=\"10699\" id=\"gg-37-257\" class=\"gg-link \" data-attachment-id=\"10699\" href=\"https:\/\/stammkoenigartus.de\/wp-content\/uploads\/Gro\u00dffahrt-2015-Sonntag-9.8-5.jpg?gid=37\" target=\"_self\" title=\"Gro\u00dffahrt 2015 Sonntag, 9.8 (5)\" data- rel=\"lightbox[12067] prettyPhoto[pp_gal]\" style=\"border-radius:00;\" ><FIGURE data-tags=\"\" data-id=\"257\" class=\"grid-gallery-caption\" data-grid-gallery-type=\"quarter-slide-up\" data-index=\"0\" style=\"display:none;border-radius:00;; margin:5px; width:2150;\" ><div class=\"crop\" style=\" width:2150; height:2150; overflow:hidden;\"><img decoding=\"async\" src=\"https:\/\/stammkoenigartus.de\/wp-content\/uploads\/Gro\u00dffahrt-2015-Sonntag-9.8-5-215x215.jpg\" class=\"ggImg\" alt=\"Gro\u00dffahrt 2015 Sonntag, 9.8 (5)\" title=\"Gro\u00dffahrt 2015 Sonntag, 9.8 (5)\" data-description=\"Gro\u00dffahrt 2015 Sonntag, 9.8 (5)\" data-caption=\"L\u00e4cheln\" data-title=\"Gro\u00dffahrt 2015 Sonntag, 9.8 (5)\" style=\" width:215px; height:215px;\" \/><\/div><FIGCAPTION class=\"\" data-alpha=\"5\" style=\"color:#ffffff; background-color:#6f0000; font-size:140; text-align:left; font-family:Abel;\" ><div class=\"grid-gallery-figcaption-wrap\" style=\" vertical-align:top;\"><div class=\"gg-image-caption fitvidsignore\" style=\"font-size:140;\"><object type=\"none\/none\">L\u00e4cheln <\/object><\/div><\/div><\/FIGCAPTION><\/FIGURE><\/a><a data-attachment-id=\"10695\" id=\"gg-37-258\" class=\"gg-link \" data-attachment-id=\"10695\" href=\"https:\/\/stammkoenigartus.de\/wp-content\/uploads\/Gro\u00dffahrt-2015-Sonntag-9.8-1.jpg?gid=37\" target=\"_self\" title=\"Gro\u00dffahrt 2015 Sonntag, 9.8 (1)\" data- rel=\"lightbox[12067] prettyPhoto[pp_gal]\" style=\"border-radius:00;\" ><FIGURE data-tags=\"\" data-id=\"258\" class=\"grid-gallery-caption\" data-grid-gallery-type=\"quarter-slide-up\" data-index=\"1\" style=\"display:none;border-radius:00;; margin:5px; width:2150;\" ><div class=\"crop\" style=\" width:2150; height:2150; overflow:hidden;\"><img decoding=\"async\" src=\"https:\/\/stammkoenigartus.de\/wp-content\/uploads\/Gro\u00dffahrt-2015-Sonntag-9.8-1-215x215.jpg\" class=\"ggImg\" alt=\"Gro\u00dffahrt 2015 Sonntag, 9.8 (1)\" title=\"Gro\u00dffahrt 2015 Sonntag, 9.8 (1)\" data-description=\"Gro\u00dffahrt 2015 Sonntag, 9.8 (1)\" data-caption=\"Barfu\u00dfpfad\" data-title=\"Gro\u00dffahrt 2015 Sonntag, 9.8 (1)\" style=\" width:215px; height:215px;\" \/><\/div><FIGCAPTION class=\"\" data-alpha=\"5\" style=\"color:#ffffff; background-color:#6f0000; font-size:140; text-align:left; font-family:Abel;\" ><div class=\"grid-gallery-figcaption-wrap\" style=\" vertical-align:top;\"><div class=\"gg-image-caption fitvidsignore\" style=\"font-size:140;\"><object type=\"none\/none\">Barfu\u00dfpfad <\/object><\/div><\/div><\/FIGCAPTION><\/FIGURE><\/a><a data-attachment-id=\"10696\" id=\"gg-37-259\" class=\"gg-link \" data-attachment-id=\"10696\" href=\"https:\/\/stammkoenigartus.de\/wp-content\/uploads\/Gro\u00dffahrt-2015-Sonntag-9.8-2.jpg?gid=37\" target=\"_self\" title=\"Gro\u00dffahrt 2015 Sonntag, 9.8 (2)\" data- rel=\"lightbox[12067] prettyPhoto[pp_gal]\" style=\"border-radius:00;\" ><FIGURE data-tags=\"\" data-id=\"259\" class=\"grid-gallery-caption\" data-grid-gallery-type=\"quarter-slide-up\" data-index=\"2\" style=\"display:none;border-radius:00;; margin:5px; width:2150;\" ><div class=\"crop\" style=\" width:2150; height:2150; overflow:hidden;\"><img decoding=\"async\" src=\"https:\/\/stammkoenigartus.de\/wp-content\/uploads\/Gro\u00dffahrt-2015-Sonntag-9.8-2-215x215.jpg\" class=\"ggImg\" alt=\"Gro\u00dffahrt 2015 Sonntag, 9.8 (2)\" title=\"Gro\u00dffahrt 2015 Sonntag, 9.8 (2)\" data-description=\"Gro\u00dffahrt 2015 Sonntag, 9.8 (2)\" data-caption=\"Geile Landschaft!!\" data-title=\"Gro\u00dffahrt 2015 Sonntag, 9.8 (2)\" style=\" width:215px; height:215px;\" \/><\/div><FIGCAPTION class=\"\" data-alpha=\"5\" style=\"color:#ffffff; background-color:#6f0000; font-size:140; text-align:left; font-family:Abel;\" ><div class=\"grid-gallery-figcaption-wrap\" style=\" vertical-align:top;\"><div class=\"gg-image-caption fitvidsignore\" style=\"font-size:140;\"><object type=\"none\/none\">Geile Landschaft!! <\/object><\/div><\/div><\/FIGCAPTION><\/FIGURE><\/a><a data-attachment-id=\"10697\" id=\"gg-37-260\" class=\"gg-link \" data-attachment-id=\"10697\" href=\"https:\/\/stammkoenigartus.de\/wp-content\/uploads\/Gro\u00dffahrt-2015-Sonntag-9.8-3.jpg?gid=37\" target=\"_self\" title=\"Gro\u00dffahrt 2015 Sonntag, 9.8 (3)\" data- rel=\"lightbox[12067] prettyPhoto[pp_gal]\" style=\"border-radius:00;\" ><FIGURE data-tags=\"\" data-id=\"260\" class=\"grid-gallery-caption\" data-grid-gallery-type=\"quarter-slide-up\" data-index=\"3\" style=\"display:none;border-radius:00;; margin:5px; width:2150;\" ><div class=\"crop\" style=\" width:2150; height:2150; overflow:hidden;\"><img decoding=\"async\" src=\"https:\/\/stammkoenigartus.de\/wp-content\/uploads\/Gro\u00dffahrt-2015-Sonntag-9.8-3-215x215.jpg\" class=\"ggImg\" alt=\"Gro\u00dffahrt 2015 Sonntag, 9.8 (3)\" title=\"Gro\u00dffahrt 2015 Sonntag, 9.8 (3)\" data-description=\"Gro\u00dffahrt 2015 Sonntag, 9.8 (3)\" data-caption=\"Unser Bus\" data-title=\"Gro\u00dffahrt 2015 Sonntag, 9.8 (3)\" style=\" width:215px; height:215px;\" \/><\/div><FIGCAPTION class=\"\" data-alpha=\"5\" style=\"color:#ffffff; background-color:#6f0000; font-size:140; text-align:left; font-family:Abel;\" ><div class=\"grid-gallery-figcaption-wrap\" style=\" vertical-align:top;\"><div class=\"gg-image-caption fitvidsignore\" style=\"font-size:140;\"><object type=\"none\/none\">Unser Bus <\/object><\/div><\/div><\/FIGCAPTION><\/FIGURE><\/a><a data-attachment-id=\"10698\" id=\"gg-37-261\" class=\"gg-link \" data-attachment-id=\"10698\" href=\"https:\/\/stammkoenigartus.de\/wp-content\/uploads\/Gro\u00dffahrt-2015-Sonntag-9.8-4.jpg?gid=37\" target=\"_self\" title=\"Gro\u00dffahrt 2015 Sonntag, 9.8 (4)\" data- rel=\"lightbox[12067] prettyPhoto[pp_gal]\" style=\"border-radius:00;\" ><FIGURE data-tags=\"\" data-id=\"261\" class=\"grid-gallery-caption\" data-grid-gallery-type=\"quarter-slide-up\" data-index=\"4\" style=\"display:none;border-radius:00;; margin:5px; width:2150;\" ><div class=\"crop\" style=\" width:2150; height:2150; overflow:hidden;\"><img decoding=\"async\" src=\"https:\/\/stammkoenigartus.de\/wp-content\/uploads\/Gro\u00dffahrt-2015-Sonntag-9.8-4-215x215.jpg\" class=\"ggImg\" alt=\"Gro\u00dffahrt 2015 Sonntag, 9.8 (4)\" title=\"Gro\u00dffahrt 2015 Sonntag, 9.8 (4)\" data-description=\"Gro\u00dffahrt 2015 Sonntag, 9.8 (4)\" data-caption=\"Pfadfinderkopfbedeckung\" data-title=\"Gro\u00dffahrt 2015 Sonntag, 9.8 (4)\" style=\" width:215px; height:215px;\" \/><\/div><FIGCAPTION class=\"\" data-alpha=\"5\" style=\"color:#ffffff; background-color:#6f0000; font-size:140; text-align:left; font-family:Abel;\" ><div class=\"grid-gallery-figcaption-wrap\" style=\" vertical-align:top;\"><div class=\"gg-image-caption fitvidsignore\" style=\"font-size:140;\"><object type=\"none\/none\">Pfadfinderkopfbedeckung <\/object><\/div><\/div><\/FIGCAPTION><\/FIGURE><\/a> <div class=\"grid-gallery-clearfix\"><\/div> <\/div> <div class=\"gallery-sharing-bottom\" style=\"display:none;\"> <\/div> <div class=\"gallery-sharing-image\" style=\"display:none;\"> <\/div> <div class=\"gallery-sharing-popup\" style=\"display:none;\"> <\/div> <div class=\"grid-gallery-clearfix\"><\/div> <\/div> <!-- Gallery by Supsystic plugin1.16.0 \/2.10.00 --> <style> <\/style><a title=\"\" style=\"display:none;\" href=\"https:\/\/supsystic.com\/plugins\/photo-gallery\/?utm_medium=love_link\" target=\"_blank\"><\/a><\/td>\r\n<\/tr>\r\n<tr>\r\n<td><\/td>\r\n<\/tr>\r\n<tr>\r\n<td><\/td>\r\n<\/tr>\r\n<tr>\r\n<td><\/td>\r\n<\/tr>\r\n<\/tbody>\r\n<\/table>\r\n&nbsp;<\/div><div class=\"mtphr-dnt-tick mtphr-dnt-default-tick mtphr-dnt-clearfix \"><table style=\"height: 286px\" width=\"503\">\r\n<tbody>\r\n<tr>\r\n<td style=\"text-align: center\">\r\n<p align=\"CENTER\"><span style=\"font-size: 18pt\"><u><b>Montag, 10.8.<\/b><\/u><\/span><\/p>\r\n<\/td>\r\n<\/tr>\r\n<tr>\r\n<td style=\"text-align: center\">\u00a0<u><b>Tagebuch 1<\/b><\/u><\/td>\r\n<\/tr>\r\n<tr>\r\n<td>\r\n<p align=\"LEFT\"><span style=\"font-size: medium\">Wir sind wie immer um 7 aufgestanden. Leckeres Fr\u00fchst\u00fcck war angesagt! Mit leckeren Minih\u00f6rnchen, Milchreis und M\u00fcsli. Danach liefen wir in die Stadt. Wir sind zum Fischmarkt um f\u00fcr\u00b4s Abendessen Fisch zu besorgen und fuhren mit dem Bus wieder zur\u00fcck. Doch davor haben wir noch unsere neuen Abzeichen gekauft. Wieder zur\u00fcck beschlossen wir nach ein paar Minuten schwimmen, einen neuen Schwimmplatz zu suchen. Wir liefen das Dorf entlang. Nach drei Kilometern haben wir einen Platz gefunden. Ein paar beschlossen, zur\u00fcckzuschwimmen. Als alle da waren, machte die K\u00fcche Fisch mit Reissalat. Der Rest vom Abend war chillen oder singen. Wer wollte auch schlafen. In der Nacht haben sie alle geschlafen. <\/span><\/p>\r\n<p align=\"LEFT\"><span style=\"font-size: 14pt;font-family: impact, sans-serif;color: #3366ff\">Richi<\/span><\/p>\r\n<\/td>\r\n<\/tr>\r\n<tr>\r\n<td style=\"text-align: center\">\u00a0<u><b>Tagebuch 2<\/b><\/u><\/td>\r\n<\/tr>\r\n<tr>\r\n<td>\r\n<p align=\"LEFT\"><span style=\"font-size: medium\">Wir sind um 8 Uhr aufgestanden und haben gefr\u00fchst\u00fcckt. Als wir fertig gefr\u00fchst\u00fcckt hatten, sind wir in`s Meer. Um 12 Uhr haben wir Mittagessen gemacht. Um 15 Uhr sind wir an der K\u00fcste entlang gelaufen und haben einen Strand gesucht aber nicht gefunden, aber es war trotzdem geil. Wir sind dann dort ins Wasser gesprungen und ich und ein paar Kolegen sind 12 Kilometer geschwommen, das war auch saugeil. Um 19 Uhr haben wir Abendessen gemacht und sind anschlie\u00dfend alle in\u00b4s Bett. <\/span><\/p>\r\n<p align=\"LEFT\"><span style=\"font-size: 14pt;font-family: impact, sans-serif;color: #3366ff\">Lukas G. <\/span><\/p>\r\n<\/td>\r\n<\/tr>\r\n<tr>\r\n<td><\/td>\r\n<\/tr>\r\n<tr>\r\n<td>\u00a0<style> #grid-gallery-38-10199 .grid-gallery-caption[data-grid-gallery-type=\"show-on-hover\"]:hover figcaption, #grid-gallery-38-10199 .grid-gallery-caption[data-grid-gallery-type=\"show-on-hover\"].hovered figcaption, #grid-gallery-38-10199 .grid-gallery-caption[data-grid-gallery-type=\"show-on-hover\"]:active figcaption { background-color:rgba(111,0,0,0.5) !important; } <\/style> <div id=\"grid-gallery-38-10199\" data-gg-id=\"38\" data-title=\"Tagebuch Gro\u00dffahrt 2015: Montag, 10.8.\" data-grid-type=\"0\" data-offset=\"5\" data-area-position=\"center\" data-icons=\"\" data-preloader=\"\" data-width=\"215\" data-height=\"215\" data-padding=\"\" data-quicksand=\"disabled\" data-quicksand-duration=\"none\" data-popup-theme=\"theme_6\" data-popup-type=\"pretty-photo\" data-popup-image-text=\"title\" data-popup-widthsize=\"auto\" data-popup-heightsize=\"auto\" data-popup-i18n-words=\"{&quot;close&quot;:&quot;schlie\\u00dfen&quot;,&quot;next&quot;:&quot;n\\u00e4chste&quot;,&quot;previous&quot;:&quot;vorherige&quot;,&quot;start_slideshow&quot;:&quot;Starte Slideshow&quot;,&quot;stop_slideshow&quot;:&quot;Stoppe Slideshow&quot;,&quot;image&quot;:&quot;Bild&quot;,&quot;of&quot;:&quot;von&quot;,&quot;prev&quot;:&quot;vorherige&quot;,&quot;cExpand&quot;:&quot;Erweitere&quot;,&quot;cPrevious&quot;:&quot;Vorheriges&quot;,&quot;cNext&quot;:&quot;N\\u00e4chstes&quot;,&quot;cExpandStr&quot;:&quot;Erweitere Bild&quot;,&quot;cRotate&quot;:&quot;Rotate&quot;,&quot;cDetails&quot;:&quot;Details&quot;}\" data-popup-slideshow=\"1\" data-popup-slideshow-speed=\"2500\" data-popup-hoverstop=\"true\" data-popup-slideshow-auto=\"true\" data-popup-background=\"\" data-popup-transparency=\"30\" data-popup-disable-history=\"\" data-popup-disable-changed-url=\"\" data-popup-border-type=\"\" data-popup-border-color=\"\" data-popup-border-width=\"\" data-popup-border-enable=\"\" data-fullscreen=\"false\" data-hide-tooltip=\"\" data-caption-font-family=\"Abel\" data-caption-text-size=\"140\" data-is-mobile=\"0\" data-caption-mobile=\"false\" data-hide-long-tltp-title=\"0\" data-caption-disabled-on-mobile=\"false\" data-popup-placement-type=\"0\" data-social-sharing=\"{&quot;enabled&quot;:null,&quot;gallerySharing&quot;:{&quot;enabled&quot;:null,&quot;position&quot;:null},&quot;imageSharing&quot;:{&quot;enabled&quot;:null,&quot;wrapperClass&quot;:&quot; vertical &quot;},&quot;popupSharing&quot;:{&quot;enabled&quot;:null,&quot;wrapperClass&quot;:&quot; vertical &quot;}}\" class=\"grid-gallery grid-gallery-fixed \" style=\" width:100%; height:auto; margin-left:auto; margin-right:auto;position:relative;\" data-popup-video=\"null\" data-popup-disable-source-image-for-linked-img=\"0\" data-popup-enable-download-photos-button=\"0\" data-thumbnail-size=\"150x150\"> <div class=\"gallery-loading\"> <div class=\"blocks\"> <div class=\"block\"><\/div> <div class=\"block\"><\/div> <div class=\"block\"><\/div> <div class=\"block\"><\/div> <\/div> <\/div> <div class=\"gallery-sharing-top\" style=\"display:none;\"> <\/div> <div id=\"photos-38\" class=\"grid-gallery-photos\"><a data-attachment-id=\"10700\" id=\"gg-38-262\" class=\"gg-link \" data-attachment-id=\"10700\" href=\"https:\/\/stammkoenigartus.de\/wp-content\/uploads\/Tagebuch-Gro\u00dffahrt-2015-Montag-10.8-1.jpg?gid=38\" target=\"_self\" title=\"Tagebuch Gro\u00dffahrt 2015 Montag, 10.8 (1)\" data- rel=\"lightbox[12067] prettyPhoto[pp_gal]\" style=\"border-radius:00;\" ><FIGURE data-tags=\"\" data-id=\"262\" class=\"grid-gallery-caption\" data-grid-gallery-type=\"quarter-slide-up\" data-index=\"0\" style=\"display:none;border-radius:00;; margin:5px; width:2150;\" ><div class=\"crop\" style=\" width:2150; height:2150; overflow:hidden;\"><img decoding=\"async\" src=\"https:\/\/stammkoenigartus.de\/wp-content\/uploads\/Tagebuch-Gro\u00dffahrt-2015-Montag-10.8-1-215x215.jpg\" class=\"ggImg\" alt=\"Tagebuch Gro\u00dffahrt 2015 Montag, 10.8 (1)\" title=\"Tagebuch Gro\u00dffahrt 2015 Montag, 10.8 (1)\" data-description=\"Tagebuch Gro\u00dffahrt 2015 Montag, 10.8 (1)\" data-caption=\"manche schwammen die 2 km zur\u00fcck\" data-title=\"Tagebuch Gro\u00dffahrt 2015 Montag, 10.8 (1)\" style=\" width:215px; height:215px;\" \/><\/div><FIGCAPTION class=\"\" data-alpha=\"5\" style=\"color:#ffffff; background-color:#6f0000; font-size:140; text-align:left; font-family:Abel;\" ><div class=\"grid-gallery-figcaption-wrap\" style=\" vertical-align:top;\"><div class=\"gg-image-caption fitvidsignore\" style=\"font-size:140;\"><object type=\"none\/none\">manche schwammen die 2 km zur\u00fcck <\/object><\/div><\/div><\/FIGCAPTION><\/FIGURE><\/a><a data-attachment-id=\"10701\" id=\"gg-38-263\" class=\"gg-link \" data-attachment-id=\"10701\" href=\"https:\/\/stammkoenigartus.de\/wp-content\/uploads\/Tagebuch-Gro\u00dffahrt-2015-Montag-10.8-2.jpg?gid=38\" target=\"_self\" title=\"Tagebuch Gro\u00dffahrt 2015 Montag, 10.8 (2)\" data- rel=\"lightbox[12067] prettyPhoto[pp_gal]\" style=\"border-radius:00;\" ><FIGURE data-tags=\"\" data-id=\"263\" class=\"grid-gallery-caption\" data-grid-gallery-type=\"quarter-slide-up\" data-index=\"1\" style=\"display:none;border-radius:00;; margin:5px; width:2150;\" ><div class=\"crop\" style=\" width:2150; height:2150; overflow:hidden;\"><img decoding=\"async\" src=\"https:\/\/stammkoenigartus.de\/wp-content\/uploads\/Tagebuch-Gro\u00dffahrt-2015-Montag-10.8-2-215x215.jpg\" class=\"ggImg\" alt=\"Tagebuch Gro\u00dffahrt 2015 Montag, 10.8 (2)\" title=\"Tagebuch Gro\u00dffahrt 2015 Montag, 10.8 (2)\" data-description=\"Tagebuch Gro\u00dffahrt 2015 Montag, 10.8 (2)\" data-caption=\"Altstadt von Kotor\" data-title=\"Tagebuch Gro\u00dffahrt 2015 Montag, 10.8 (2)\" style=\" width:215px; height:215px;\" \/><\/div><FIGCAPTION class=\"\" data-alpha=\"5\" style=\"color:#ffffff; background-color:#6f0000; font-size:140; text-align:left; font-family:Abel;\" ><div class=\"grid-gallery-figcaption-wrap\" style=\" vertical-align:top;\"><div class=\"gg-image-caption fitvidsignore\" style=\"font-size:140;\"><object type=\"none\/none\">Altstadt von Kotor <\/object><\/div><\/div><\/FIGCAPTION><\/FIGURE><\/a><a data-attachment-id=\"10703\" id=\"gg-38-264\" class=\"gg-link \" data-attachment-id=\"10703\" href=\"https:\/\/stammkoenigartus.de\/wp-content\/uploads\/Tagebuch-Gro\u00dffahrt-2015-Montag-10.8-4.jpg?gid=38\" target=\"_self\" title=\"Tagebuch Gro\u00dffahrt 2015 Montag, 10.8 (4)\" data- rel=\"lightbox[12067] prettyPhoto[pp_gal]\" style=\"border-radius:00;\" ><FIGURE data-tags=\"\" data-id=\"264\" class=\"grid-gallery-caption\" data-grid-gallery-type=\"quarter-slide-up\" data-index=\"2\" style=\"display:none;border-radius:00;; margin:5px; width:2150;\" ><div class=\"crop\" style=\" width:2150; height:2150; overflow:hidden;\"><img decoding=\"async\" src=\"https:\/\/stammkoenigartus.de\/wp-content\/uploads\/Tagebuch-Gro\u00dffahrt-2015-Montag-10.8-4-215x215.jpg\" class=\"ggImg\" alt=\"Tagebuch Gro\u00dffahrt 2015 Montag, 10.8 (4)\" title=\"Tagebuch Gro\u00dffahrt 2015 Montag, 10.8 (4)\" data-description=\"Tagebuch Gro\u00dffahrt 2015 Montag, 10.8 (4)\" data-caption=\"Leckeres Essen! Fisch mit mediteranem Salat\" data-title=\"Tagebuch Gro\u00dffahrt 2015 Montag, 10.8 (4)\" style=\" width:215px; height:215px;\" \/><\/div><FIGCAPTION class=\"\" data-alpha=\"5\" style=\"color:#ffffff; background-color:#6f0000; font-size:140; text-align:left; font-family:Abel;\" ><div class=\"grid-gallery-figcaption-wrap\" style=\" vertical-align:top;\"><div class=\"gg-image-caption fitvidsignore\" style=\"font-size:140;\"><object type=\"none\/none\">Leckeres Essen! Fisch mit mediteranem Salat <\/object><\/div><\/div><\/FIGCAPTION><\/FIGURE><\/a><a data-attachment-id=\"10702\" id=\"gg-38-265\" class=\"gg-link \" data-attachment-id=\"10702\" href=\"https:\/\/stammkoenigartus.de\/wp-content\/uploads\/Tagebuch-Gro\u00dffahrt-2015-Montag-10.8-3.jpg?gid=38\" target=\"_self\" title=\"Tagebuch Gro\u00dffahrt 2015 Montag, 10.8 (3)\" data- rel=\"lightbox[12067] prettyPhoto[pp_gal]\" style=\"border-radius:00;\" ><FIGURE data-tags=\"\" data-id=\"265\" class=\"grid-gallery-caption\" data-grid-gallery-type=\"quarter-slide-up\" data-index=\"3\" style=\"display:none;border-radius:00;; margin:5px; width:2150;\" ><div class=\"crop\" style=\" width:2150; height:2150; overflow:hidden;\"><img decoding=\"async\" src=\"https:\/\/stammkoenigartus.de\/wp-content\/uploads\/Tagebuch-Gro\u00dffahrt-2015-Montag-10.8-3-215x215.jpg\" class=\"ggImg\" alt=\"Tagebuch Gro\u00dffahrt 2015 Montag, 10.8 (3)\" title=\"Tagebuch Gro\u00dffahrt 2015 Montag, 10.8 (3)\" data-description=\"Tagebuch Gro\u00dffahrt 2015 Montag, 10.8 (3)\" data-caption=\"Luki kochte Milchreis\" data-title=\"Tagebuch Gro\u00dffahrt 2015 Montag, 10.8 (3)\" style=\" width:215px; height:215px;\" \/><\/div><FIGCAPTION class=\"\" data-alpha=\"5\" style=\"color:#ffffff; background-color:#6f0000; font-size:140; text-align:left; font-family:Abel;\" ><div class=\"grid-gallery-figcaption-wrap\" style=\" vertical-align:top;\"><div class=\"gg-image-caption fitvidsignore\" style=\"font-size:140;\"><object type=\"none\/none\">Luki kochte Milchreis <\/object><\/div><\/div><\/FIGCAPTION><\/FIGURE><\/a> <div class=\"grid-gallery-clearfix\"><\/div> <\/div> <div class=\"gallery-sharing-bottom\" style=\"display:none;\"> <\/div> <div class=\"gallery-sharing-image\" style=\"display:none;\"> <\/div> <div class=\"gallery-sharing-popup\" style=\"display:none;\"> <\/div> <div class=\"grid-gallery-clearfix\"><\/div> <\/div> <!-- Gallery by Supsystic plugin1.16.0 \/2.10.00 --> <style> <\/style><a title=\"\" style=\"display:none;\" href=\"https:\/\/supsystic.com\/plugins\/photo-gallery\/?utm_medium=love_link\" target=\"_blank\"><\/a><\/td>\r\n<\/tr>\r\n<tr>\r\n<td><\/td>\r\n<\/tr>\r\n<tr>\r\n<td><\/td>\r\n<\/tr>\r\n<tr>\r\n<td><\/td>\r\n<\/tr>\r\n<\/tbody>\r\n<\/table>\r\n&nbsp;<\/div><div class=\"mtphr-dnt-tick mtphr-dnt-default-tick mtphr-dnt-clearfix \"><table style=\"height: 286px\" width=\"503\">\r\n<tbody>\r\n<tr>\r\n<td style=\"text-align: center\">\r\n<p align=\"CENTER\"><span style=\"font-size: 18pt\"><u><b>Dienstag, 11.8.<\/b><\/u><\/span><\/p>\r\n<\/td>\r\n<\/tr>\r\n<tr>\r\n<td style=\"text-align: center\">\u00a0<u><b>Tagebuch 1<\/b><\/u><\/td>\r\n<\/tr>\r\n<tr>\r\n<td>\r\n<p align=\"LEFT\"><span style=\"font-size: medium\">Am 11.8. wurde ich um 5:45 Uhr von Ramona geweckt, weil wir Baden wollten. Nachdem wir uns abgek\u00fchlt haben, sind wir einkaufen gegangen. Danach gab es Fr\u00fchst\u00fcck, was wie immer saugeil war. W\u00e4hrenddessen kam der Busfahrer, welcher uns abholen wollte. Sp\u00e4ter ging es dann los nach Podgorica. Auf der Fahrt hab\u00b4 ich geschlafen, deswegen kann ich nicht sehr viel dar\u00fcber berichten, au\u00dfer dass wir einen kleinen Brand gesehen haben. Da Lukas sich ein Messer kaufen wollte, suchten wir einen H\u00e4ndler, aber wir fanden keinen. Also liefen wir nur in der Gegend rum. Danach fuhren wir zum Skadarsee. Dort machten wir eine Rundfahrt mit dem Boot. In dem See konnten wir trotz der vielen Seerosen noch baden. Danach fuhren wir wieder zum Zeltplatz. Zu Abend gab es armer Ritter, die saugeil geschmeckt hatten. Und als Nachspeise gab es Pudding. Der Tag war richtig geil. Das beste war &#8211; wie ich finde \u2013 das Abendessen. <\/span><\/p>\r\n<p align=\"LEFT\"><span style=\"font-size: 14pt;font-family: impact, sans-serif;color: #3366ff\">Axel<\/span><\/p>\r\n<\/td>\r\n<\/tr>\r\n<tr>\r\n<td style=\"text-align: center\">\u00a0<u><b>Tagebuch 2<\/b><\/u><\/td>\r\n<\/tr>\r\n<tr>\r\n<td>\r\n<p align=\"LEFT\"><span style=\"font-size: medium\">Fr\u00fch um 6 Uhr sind wir zum Fr\u00fchschwimmen aufgestanden, wie jeden Morgen. Danach sind wir zum B\u00e4cker gelaufen, um Brot und Kaba f\u00fcr\u00b4s Fr\u00fchst\u00fcck zu holen. Da der anfangs auf 10 Uhr bestellte Bus um 8 Uhr eintraf, bem\u00fchten wir uns, loszufahren. Wir fuhren zur Hauptstadt von Montenegro, wo wir bis 13 Uhr blieben. Wir fuhren Heimw\u00e4rts zu einem nahegelegenen See. Dort machten wir eine Bootsfahrt \u00fcber den See und schwammen dort auch. Am Land angekommen, stiegen wir wieder in den Bus, wo mir ein gewisser Mensch die Schuhe verband. Wir a\u00dfen Armer Ritter und Erdbeerpudding. Am Abend kam die Polizei, weil wir angeblich zu laut waren. Aber am Ende stellte sich heraus, dass eine Pfadfindergruppe ohne Ausweispapiere und Erwachsenen gefunden wurden und sie dachten, diese geh\u00f6ren zu uns. <\/span><\/p>\r\n<p align=\"LEFT\"><span style=\"font-size: 14pt;font-family: impact, sans-serif;color: #3366ff\">Yannick S. <\/span><\/p>\r\n<\/td>\r\n<\/tr>\r\n<tr>\r\n<td><\/td>\r\n<\/tr>\r\n<tr>\r\n<td>\u00a0<style> #grid-gallery-39-13829 .grid-gallery-caption[data-grid-gallery-type=\"show-on-hover\"]:hover figcaption, #grid-gallery-39-13829 .grid-gallery-caption[data-grid-gallery-type=\"show-on-hover\"].hovered figcaption, #grid-gallery-39-13829 .grid-gallery-caption[data-grid-gallery-type=\"show-on-hover\"]:active figcaption { background-color:rgba(111,0,0,0.5) !important; } <\/style> <div id=\"grid-gallery-39-13829\" data-gg-id=\"39\" data-title=\"Tagebuch Gro\u00dffahrt 2015: Dienstag, 11.8.\" data-grid-type=\"0\" data-offset=\"5\" data-area-position=\"center\" data-icons=\"\" data-preloader=\"\" data-width=\"215\" data-height=\"215\" data-padding=\"\" data-quicksand=\"disabled\" data-quicksand-duration=\"none\" data-popup-theme=\"theme_6\" data-popup-type=\"pretty-photo\" data-popup-image-text=\"title\" data-popup-widthsize=\"auto\" data-popup-heightsize=\"auto\" data-popup-i18n-words=\"{&quot;close&quot;:&quot;schlie\\u00dfen&quot;,&quot;next&quot;:&quot;n\\u00e4chste&quot;,&quot;previous&quot;:&quot;vorherige&quot;,&quot;start_slideshow&quot;:&quot;Starte Slideshow&quot;,&quot;stop_slideshow&quot;:&quot;Stoppe Slideshow&quot;,&quot;image&quot;:&quot;Bild&quot;,&quot;of&quot;:&quot;von&quot;,&quot;prev&quot;:&quot;vorherige&quot;,&quot;cExpand&quot;:&quot;Erweitere&quot;,&quot;cPrevious&quot;:&quot;Vorheriges&quot;,&quot;cNext&quot;:&quot;N\\u00e4chstes&quot;,&quot;cExpandStr&quot;:&quot;Erweitere Bild&quot;,&quot;cRotate&quot;:&quot;Rotate&quot;,&quot;cDetails&quot;:&quot;Details&quot;}\" data-popup-slideshow=\"1\" data-popup-slideshow-speed=\"2500\" data-popup-hoverstop=\"true\" data-popup-slideshow-auto=\"true\" data-popup-background=\"\" data-popup-transparency=\"30\" data-popup-disable-history=\"\" data-popup-disable-changed-url=\"\" data-popup-border-type=\"\" data-popup-border-color=\"\" data-popup-border-width=\"\" data-popup-border-enable=\"\" data-fullscreen=\"false\" data-hide-tooltip=\"\" data-caption-font-family=\"Abel\" data-caption-text-size=\"140\" data-is-mobile=\"0\" data-caption-mobile=\"false\" data-hide-long-tltp-title=\"0\" data-caption-disabled-on-mobile=\"false\" data-popup-placement-type=\"0\" data-social-sharing=\"{&quot;enabled&quot;:null,&quot;gallerySharing&quot;:{&quot;enabled&quot;:null,&quot;position&quot;:null},&quot;imageSharing&quot;:{&quot;enabled&quot;:null,&quot;wrapperClass&quot;:&quot; vertical &quot;},&quot;popupSharing&quot;:{&quot;enabled&quot;:null,&quot;wrapperClass&quot;:&quot; vertical &quot;}}\" class=\"grid-gallery grid-gallery-fixed \" style=\" width:100%; height:auto; margin-left:auto; margin-right:auto;position:relative;\" data-popup-video=\"null\" data-popup-disable-source-image-for-linked-img=\"0\" data-popup-enable-download-photos-button=\"0\" data-thumbnail-size=\"150x150\"> <div class=\"gallery-loading\"> <div class=\"blocks\"> <div class=\"block\"><\/div> <div class=\"block\"><\/div> <div class=\"block\"><\/div> <div class=\"block\"><\/div> <\/div> <\/div> <div class=\"gallery-sharing-top\" style=\"display:none;\"> <\/div> <div id=\"photos-39\" class=\"grid-gallery-photos\"><a data-attachment-id=\"10709\" id=\"gg-39-268\" class=\"gg-link \" data-attachment-id=\"10709\" href=\"https:\/\/stammkoenigartus.de\/wp-content\/uploads\/Tagebuch-Gro\u00dffahrt-2015-Dienstag-11.8-6.jpg?gid=39\" target=\"_self\" title=\"Tagebuch Gro\u00dffahrt 2015 Dienstag, 11.8 (6)\" data- rel=\"lightbox[12067] prettyPhoto[pp_gal]\" style=\"border-radius:00;\" ><FIGURE data-tags=\"\" data-id=\"268\" class=\"grid-gallery-caption\" data-grid-gallery-type=\"quarter-slide-up\" data-index=\"0\" style=\"display:none;border-radius:00;; margin:5px; width:2150;\" ><div class=\"crop\" style=\" width:2150; height:2150; overflow:hidden;\"><img decoding=\"async\" src=\"https:\/\/stammkoenigartus.de\/wp-content\/uploads\/Tagebuch-Gro\u00dffahrt-2015-Dienstag-11.8-6-215x215.jpg\" class=\"ggImg\" alt=\"Tagebuch Gro\u00dffahrt 2015 Dienstag, 11.8 (6)\" title=\"Tagebuch Gro\u00dffahrt 2015 Dienstag, 11.8 (6)\" data-description=\"Tagebuch Gro\u00dffahrt 2015 Dienstag, 11.8 (6)\" data-caption=\"In der Hauptstadt Podgorica\" data-title=\"Tagebuch Gro\u00dffahrt 2015 Dienstag, 11.8 (6)\" style=\" width:215px; height:215px;\" \/><\/div><FIGCAPTION class=\"\" data-alpha=\"5\" style=\"color:#ffffff; background-color:#6f0000; font-size:140; text-align:left; font-family:Abel;\" ><div class=\"grid-gallery-figcaption-wrap\" style=\" vertical-align:top;\"><div class=\"gg-image-caption fitvidsignore\" style=\"font-size:140;\"><object type=\"none\/none\">In der Hauptstadt Podgorica <\/object><\/div><\/div><\/FIGCAPTION><\/FIGURE><\/a><a data-attachment-id=\"10704\" id=\"gg-39-267\" class=\"gg-link \" data-attachment-id=\"10704\" href=\"https:\/\/stammkoenigartus.de\/wp-content\/uploads\/Tagebuch-Gro\u00dffahrt-2015-Dienstag-11.8-1.jpg?gid=39\" target=\"_self\" title=\"Tagebuch Gro\u00dffahrt 2015 Dienstag, 11.8 (1)\" data- rel=\"lightbox[12067] prettyPhoto[pp_gal]\" style=\"border-radius:00;\" ><FIGURE data-tags=\"\" data-id=\"267\" class=\"grid-gallery-caption\" data-grid-gallery-type=\"quarter-slide-up\" data-index=\"1\" style=\"display:none;border-radius:00;; margin:5px; width:2150;\" ><div class=\"crop\" style=\" width:2150; height:2150; overflow:hidden;\"><img decoding=\"async\" src=\"https:\/\/stammkoenigartus.de\/wp-content\/uploads\/Tagebuch-Gro\u00dffahrt-2015-Dienstag-11.8-1-215x215.jpg\" class=\"ggImg\" alt=\"Tagebuch Gro\u00dffahrt 2015 Dienstag, 11.8 (1)\" title=\"Tagebuch Gro\u00dffahrt 2015 Dienstag, 11.8 (1)\" data-description=\"Tagebuch Gro\u00dffahrt 2015 Dienstag, 11.8 (1)\" data-caption=\"Coole Br\u00fccke!\" data-title=\"Tagebuch Gro\u00dffahrt 2015 Dienstag, 11.8 (1)\" style=\" width:215px; height:215px;\" \/><\/div><FIGCAPTION class=\"\" data-alpha=\"5\" style=\"color:#ffffff; background-color:#6f0000; font-size:140; text-align:left; font-family:Abel;\" ><div class=\"grid-gallery-figcaption-wrap\" style=\" vertical-align:top;\"><div class=\"gg-image-caption fitvidsignore\" style=\"font-size:140;\"><object type=\"none\/none\">Coole Br\u00fccke! <\/object><\/div><\/div><\/FIGCAPTION><\/FIGURE><\/a><a data-attachment-id=\"10705\" id=\"gg-39-271\" class=\"gg-link \" data-attachment-id=\"10705\" href=\"https:\/\/stammkoenigartus.de\/wp-content\/uploads\/Tagebuch-Gro\u00dffahrt-2015-Dienstag-11.8-2.jpg?gid=39\" target=\"_self\" title=\"Tagebuch Gro\u00dffahrt 2015 Dienstag, 11.8 (2)\" data- rel=\"lightbox[12067] prettyPhoto[pp_gal]\" style=\"border-radius:00;\" ><FIGURE data-tags=\"\" data-id=\"271\" class=\"grid-gallery-caption\" data-grid-gallery-type=\"quarter-slide-up\" data-index=\"2\" style=\"display:none;border-radius:00;; margin:5px; width:2150;\" ><div class=\"crop\" style=\" width:2150; height:2150; overflow:hidden;\"><img decoding=\"async\" src=\"https:\/\/stammkoenigartus.de\/wp-content\/uploads\/Tagebuch-Gro\u00dffahrt-2015-Dienstag-11.8-2-215x215.jpg\" class=\"ggImg\" alt=\"Tagebuch Gro\u00dffahrt 2015 Dienstag, 11.8 (2)\" title=\"Tagebuch Gro\u00dffahrt 2015 Dienstag, 11.8 (2)\" data-description=\"Tagebuch Gro\u00dffahrt 2015 Dienstag, 11.8 (2)\" data-caption=\"Entschleunigung\" data-title=\"Tagebuch Gro\u00dffahrt 2015 Dienstag, 11.8 (2)\" style=\" width:215px; height:215px;\" \/><\/div><FIGCAPTION class=\"\" data-alpha=\"5\" style=\"color:#ffffff; background-color:#6f0000; font-size:140; text-align:left; font-family:Abel;\" ><div class=\"grid-gallery-figcaption-wrap\" style=\" vertical-align:top;\"><div class=\"gg-image-caption fitvidsignore\" style=\"font-size:140;\"><object type=\"none\/none\">Entschleunigung <\/object><\/div><\/div><\/FIGCAPTION><\/FIGURE><\/a><a data-attachment-id=\"10706\" id=\"gg-39-270\" class=\"gg-link \" data-attachment-id=\"10706\" href=\"https:\/\/stammkoenigartus.de\/wp-content\/uploads\/Tagebuch-Gro\u00dffahrt-2015-Dienstag-11.8-3.jpg?gid=39\" target=\"_self\" title=\"Tagebuch Gro\u00dffahrt 2015 Dienstag, 11.8 (3)\" data- rel=\"lightbox[12067] prettyPhoto[pp_gal]\" style=\"border-radius:00;\" ><FIGURE data-tags=\"\" data-id=\"270\" class=\"grid-gallery-caption\" data-grid-gallery-type=\"quarter-slide-up\" data-index=\"3\" style=\"display:none;border-radius:00;; margin:5px; width:2150;\" ><div class=\"crop\" style=\" width:2150; height:2150; overflow:hidden;\"><img decoding=\"async\" src=\"https:\/\/stammkoenigartus.de\/wp-content\/uploads\/Tagebuch-Gro\u00dffahrt-2015-Dienstag-11.8-3-215x215.jpg\" class=\"ggImg\" alt=\"Tagebuch Gro\u00dffahrt 2015 Dienstag, 11.8 (3)\" title=\"Tagebuch Gro\u00dffahrt 2015 Dienstag, 11.8 (3)\" data-description=\"Tagebuch Gro\u00dffahrt 2015 Dienstag, 11.8 (3)\" data-caption=\"Bootsrundfahrt auf dem Skadarsee\" data-title=\"Tagebuch Gro\u00dffahrt 2015 Dienstag, 11.8 (3)\" style=\" width:215px; height:215px;\" \/><\/div><FIGCAPTION class=\"\" data-alpha=\"5\" style=\"color:#ffffff; background-color:#6f0000; font-size:140; text-align:left; font-family:Abel;\" ><div class=\"grid-gallery-figcaption-wrap\" style=\" vertical-align:top;\"><div class=\"gg-image-caption fitvidsignore\" style=\"font-size:140;\"><object type=\"none\/none\">Bootsrundfahrt auf dem Skadarsee <\/object><\/div><\/div><\/FIGCAPTION><\/FIGURE><\/a><a data-attachment-id=\"10707\" id=\"gg-39-266\" class=\"gg-link \" data-attachment-id=\"10707\" href=\"https:\/\/stammkoenigartus.de\/wp-content\/uploads\/Tagebuch-Gro\u00dffahrt-2015-Dienstag-11.8-4.jpg?gid=39\" target=\"_self\" title=\"Tagebuch Gro\u00dffahrt 2015 Dienstag, 11.8 (4)\" data- rel=\"lightbox[12067] prettyPhoto[pp_gal]\" style=\"border-radius:00;\" ><FIGURE data-tags=\"\" data-id=\"266\" class=\"grid-gallery-caption\" data-grid-gallery-type=\"quarter-slide-up\" data-index=\"4\" style=\"display:none;border-radius:00;; margin:5px; width:2150;\" ><div class=\"crop\" style=\" width:2150; height:2150; overflow:hidden;\"><img decoding=\"async\" src=\"https:\/\/stammkoenigartus.de\/wp-content\/uploads\/Tagebuch-Gro\u00dffahrt-2015-Dienstag-11.8-4-215x215.jpg\" class=\"ggImg\" alt=\"Tagebuch Gro\u00dffahrt 2015 Dienstag, 11.8 (4)\" title=\"Tagebuch Gro\u00dffahrt 2015 Dienstag, 11.8 (4)\" data-description=\"Tagebuch Gro\u00dffahrt 2015 Dienstag, 11.8 (4)\" data-caption=\"Ein sch\u00f6nes Naturschutzgebiet\" data-title=\"Tagebuch Gro\u00dffahrt 2015 Dienstag, 11.8 (4)\" style=\" width:215px; height:215px;\" \/><\/div><FIGCAPTION class=\"\" data-alpha=\"5\" style=\"color:#ffffff; background-color:#6f0000; font-size:140; text-align:left; font-family:Abel;\" ><div class=\"grid-gallery-figcaption-wrap\" style=\" vertical-align:top;\"><div class=\"gg-image-caption fitvidsignore\" style=\"font-size:140;\"><object type=\"none\/none\">Ein sch\u00f6nes Naturschutzgebiet <\/object><\/div><\/div><\/FIGCAPTION><\/FIGURE><\/a><a data-attachment-id=\"10708\" id=\"gg-39-269\" class=\"gg-link \" data-attachment-id=\"10708\" href=\"https:\/\/stammkoenigartus.de\/wp-content\/uploads\/Tagebuch-Gro\u00dffahrt-2015-Dienstag-11.8-5.jpg?gid=39\" target=\"_self\" title=\"Tagebuch Gro\u00dffahrt 2015 Dienstag, 11.8 (5)\" data- rel=\"lightbox[12067] prettyPhoto[pp_gal]\" style=\"border-radius:00;\" ><FIGURE data-tags=\"\" data-id=\"269\" class=\"grid-gallery-caption\" data-grid-gallery-type=\"quarter-slide-up\" data-index=\"5\" style=\"display:none;border-radius:00;; margin:5px; width:2150;\" ><div class=\"crop\" style=\" width:2150; height:2150; overflow:hidden;\"><img decoding=\"async\" src=\"https:\/\/stammkoenigartus.de\/wp-content\/uploads\/Tagebuch-Gro\u00dffahrt-2015-Dienstag-11.8-5-215x215.jpg\" class=\"ggImg\" alt=\"Tagebuch Gro\u00dffahrt 2015 Dienstag, 11.8 (5)\" title=\"Tagebuch Gro\u00dffahrt 2015 Dienstag, 11.8 (5)\" data-description=\"Tagebuch Gro\u00dffahrt 2015 Dienstag, 11.8 (5)\" data-caption=\"und ab in\u00b4s Wasser!\" data-title=\"Tagebuch Gro\u00dffahrt 2015 Dienstag, 11.8 (5)\" style=\" width:215px; height:215px;\" \/><\/div><FIGCAPTION class=\"\" data-alpha=\"5\" style=\"color:#ffffff; background-color:#6f0000; font-size:140; text-align:left; font-family:Abel;\" ><div class=\"grid-gallery-figcaption-wrap\" style=\" vertical-align:top;\"><div class=\"gg-image-caption fitvidsignore\" style=\"font-size:140;\"><object type=\"none\/none\">und ab in\u00b4s Wasser! <\/object><\/div><\/div><\/FIGCAPTION><\/FIGURE><\/a> <div class=\"grid-gallery-clearfix\"><\/div> <\/div> <div class=\"gallery-sharing-bottom\" style=\"display:none;\"> <\/div> <div class=\"gallery-sharing-image\" style=\"display:none;\"> <\/div> <div class=\"gallery-sharing-popup\" style=\"display:none;\"> <\/div> <div class=\"grid-gallery-clearfix\"><\/div> <\/div> <!-- Gallery by Supsystic plugin1.16.0 \/2.10.00 --> <style> <\/style><a title=\"\" style=\"display:none;\" href=\"https:\/\/supsystic.com\/plugins\/photo-gallery\/?utm_medium=love_link\" target=\"_blank\"><\/a><\/td>\r\n<\/tr>\r\n<tr>\r\n<td><\/td>\r\n<\/tr>\r\n<tr>\r\n<td><\/td>\r\n<\/tr>\r\n<tr>\r\n<td><\/td>\r\n<\/tr>\r\n<\/tbody>\r\n<\/table>\r\n&nbsp;<\/div><div class=\"mtphr-dnt-tick mtphr-dnt-default-tick mtphr-dnt-clearfix \"><table style=\"height: 286px\" width=\"503\">\r\n<tbody>\r\n<tr>\r\n<td style=\"text-align: center\">\r\n<p align=\"CENTER\"><span style=\"font-size: 18pt\"><u><b>Mittwoch, 12.8.<\/b><\/u><\/span><\/p>\r\n<\/td>\r\n<\/tr>\r\n<tr>\r\n<td style=\"text-align: center\">\u00a0<u><b>Tagebuch 1<\/b><\/u><\/td>\r\n<\/tr>\r\n<tr>\r\n<td>\r\n<p align=\"LEFT\"><span style=\"font-size: medium\">In der Nacht kurz nach 12 Uhr besuchte uns die Polizei, welche die P\u00e4sse sehen wollte. Da sie kein Englisch oder Deutsch konnten, musste Felix die deutsche Botschaft anrufen. Nach einer Stunde beschlossen die Polizisten, dass Felix und Ramona am n\u00e4chsten Morgen zur Polizeiwache von Kotor kommen sollten. Fr\u00fch wollten Polizisten unseren Zeltplatz inspizieren, also hie\u00df es Ordnung schaffen. Da wir den Zeltplatz nicht verlassen durften, gab es kein Fr\u00fchst\u00fcck. Erst als Felix \u201eEntwarnung\u201c gab, konnten wir endlich einkaufen und essen. Und danach gingen wir erst mal schwimmmmeeeeeeeennnnnn!!!!!!!! Ramona kochte uns eine Nudelsuppe zum Abendessen, danach gingen wir schlafen. <\/span><\/p>\r\n<p align=\"LEFT\"><span style=\"font-size: 14pt;font-family: impact, sans-serif;color: #3366ff\">Lorenz<\/span><\/p>\r\n<\/td>\r\n<\/tr>\r\n<tr>\r\n<td style=\"text-align: center\">\u00a0<u><b>Tagebuch 2<\/b><\/u><\/td>\r\n<\/tr>\r\n<tr>\r\n<td>\r\n<p align=\"LEFT\"><span style=\"font-size: medium\">Wir standen auf und mussten aufr\u00e4umen, weil die Polizei zur Kontrolle kommen wollte. Felix und Ramona befanden sich w\u00e4hrend dessen in der Polizeiwache. Nachdem die Polizei doch nicht kam, konnten wir endlich Brot zum essen besorgen. Nach dem essen hab wir bis 14 Uhr nur Rumgelegen. Danach haben wir 20 Bambusstangen gef\u00e4llt und a\u00dfen zu Abend. <\/span><\/p>\r\n<p align=\"LEFT\"><span style=\"font-size: 14pt;font-family: impact, sans-serif;color: #3366ff\">Yannick S.<\/span><\/p>\r\n<\/td>\r\n<\/tr>\r\n<tr>\r\n<td>\u00a0<style> #grid-gallery-40-64330 .grid-gallery-caption[data-grid-gallery-type=\"show-on-hover\"]:hover figcaption, #grid-gallery-40-64330 .grid-gallery-caption[data-grid-gallery-type=\"show-on-hover\"].hovered figcaption, #grid-gallery-40-64330 .grid-gallery-caption[data-grid-gallery-type=\"show-on-hover\"]:active figcaption { background-color:rgba(111,0,0,0.5) !important; } <\/style> <div id=\"grid-gallery-40-64330\" data-gg-id=\"40\" data-title=\"Tagebuch Gro\u00dffahrt 2015: Mittwoch, 12.8.\" data-grid-type=\"0\" data-offset=\"5\" data-area-position=\"center\" data-icons=\"\" data-preloader=\"\" data-width=\"215\" data-height=\"215\" data-padding=\"\" data-quicksand=\"disabled\" data-quicksand-duration=\"none\" data-popup-theme=\"theme_6\" data-popup-type=\"pretty-photo\" data-popup-image-text=\"title\" data-popup-widthsize=\"auto\" data-popup-heightsize=\"auto\" data-popup-i18n-words=\"{&quot;close&quot;:&quot;schlie\\u00dfen&quot;,&quot;next&quot;:&quot;n\\u00e4chste&quot;,&quot;previous&quot;:&quot;vorherige&quot;,&quot;start_slideshow&quot;:&quot;Starte Slideshow&quot;,&quot;stop_slideshow&quot;:&quot;Stoppe Slideshow&quot;,&quot;image&quot;:&quot;Bild&quot;,&quot;of&quot;:&quot;von&quot;,&quot;prev&quot;:&quot;vorherige&quot;,&quot;cExpand&quot;:&quot;Erweitere&quot;,&quot;cPrevious&quot;:&quot;Vorheriges&quot;,&quot;cNext&quot;:&quot;N\\u00e4chstes&quot;,&quot;cExpandStr&quot;:&quot;Erweitere Bild&quot;,&quot;cRotate&quot;:&quot;Rotate&quot;,&quot;cDetails&quot;:&quot;Details&quot;}\" data-popup-slideshow=\"1\" data-popup-slideshow-speed=\"2500\" data-popup-hoverstop=\"true\" data-popup-slideshow-auto=\"true\" data-popup-background=\"\" data-popup-transparency=\"30\" data-popup-disable-history=\"\" data-popup-disable-changed-url=\"\" data-popup-border-type=\"\" data-popup-border-color=\"\" data-popup-border-width=\"\" data-popup-border-enable=\"\" data-fullscreen=\"false\" data-hide-tooltip=\"\" data-caption-font-family=\"Abel\" data-caption-text-size=\"140\" data-is-mobile=\"0\" data-caption-mobile=\"false\" data-hide-long-tltp-title=\"0\" data-caption-disabled-on-mobile=\"false\" data-popup-placement-type=\"0\" data-social-sharing=\"{&quot;enabled&quot;:null,&quot;gallerySharing&quot;:{&quot;enabled&quot;:null,&quot;position&quot;:null},&quot;imageSharing&quot;:{&quot;enabled&quot;:null,&quot;wrapperClass&quot;:&quot; vertical &quot;},&quot;popupSharing&quot;:{&quot;enabled&quot;:null,&quot;wrapperClass&quot;:&quot; vertical &quot;}}\" class=\"grid-gallery grid-gallery-fixed \" style=\" width:100%; height:auto; margin-left:auto; margin-right:auto;position:relative;\" data-popup-video=\"null\" data-popup-disable-source-image-for-linked-img=\"0\" data-popup-enable-download-photos-button=\"0\" data-thumbnail-size=\"150x150\"> <div class=\"gallery-loading\"> <div class=\"blocks\"> <div class=\"block\"><\/div> <div class=\"block\"><\/div> <div class=\"block\"><\/div> <div class=\"block\"><\/div> <\/div> <\/div> <div class=\"gallery-sharing-top\" style=\"display:none;\"> <\/div> <div id=\"photos-40\" class=\"grid-gallery-photos\"><a data-attachment-id=\"10710\" id=\"gg-40-275\" class=\"gg-link \" data-attachment-id=\"10710\" href=\"https:\/\/stammkoenigartus.de\/wp-content\/uploads\/Tagebuch-Gro\u00dffahrt-2015-Mittwoch-12.8-3.jpg?gid=40\" target=\"_self\" title=\"Tagebuch Gro\u00dffahrt 2015 Mittwoch, 12.8 (3)\" data- rel=\"lightbox[12067] prettyPhoto[pp_gal]\" style=\"border-radius:00;\" ><FIGURE data-tags=\"\" data-id=\"275\" class=\"grid-gallery-caption\" data-grid-gallery-type=\"quarter-slide-up\" data-index=\"0\" style=\"display:none;border-radius:00;; margin:5px; width:2150;\" ><div class=\"crop\" style=\" width:2150; height:2150; overflow:hidden;\"><img decoding=\"async\" src=\"https:\/\/stammkoenigartus.de\/wp-content\/uploads\/Tagebuch-Gro\u00dffahrt-2015-Mittwoch-12.8-3-215x215.jpg\" class=\"ggImg\" alt=\"Tagebuch Gro\u00dffahrt 2015 Mittwoch, 12.8 (3)\" title=\"Tagebuch Gro\u00dffahrt 2015 Mittwoch, 12.8 (3)\" data-description=\"Tagebuch Gro\u00dffahrt 2015 Mittwoch, 12.8 (3)\" data-caption=\"alte Ruine\" data-title=\"Tagebuch Gro\u00dffahrt 2015 Mittwoch, 12.8 (3)\" style=\" width:215px; height:215px;\" \/><\/div><FIGCAPTION class=\"\" data-alpha=\"5\" style=\"color:#ffffff; background-color:#6f0000; font-size:140; text-align:left; font-family:Abel;\" ><div class=\"grid-gallery-figcaption-wrap\" style=\" vertical-align:top;\"><div class=\"gg-image-caption fitvidsignore\" style=\"font-size:140;\"><object type=\"none\/none\">alte Ruine <\/object><\/div><\/div><\/FIGCAPTION><\/FIGURE><\/a><a data-attachment-id=\"10712\" id=\"gg-40-272\" class=\"gg-link \" data-attachment-id=\"10712\" href=\"https:\/\/stammkoenigartus.de\/wp-content\/uploads\/Tagebuch-Gro\u00dffahrt-2015-Mittwoch-12.8-1.jpg?gid=40\" target=\"_self\" title=\"Tagebuch Gro\u00dffahrt 2015 Mittwoch, 12.8 (1)\" data- rel=\"lightbox[12067] prettyPhoto[pp_gal]\" style=\"border-radius:00;\" ><FIGURE data-tags=\"\" data-id=\"272\" class=\"grid-gallery-caption\" data-grid-gallery-type=\"quarter-slide-up\" data-index=\"1\" style=\"display:none;border-radius:00;; margin:5px; width:2150;\" ><div class=\"crop\" style=\" width:2150; height:2150; overflow:hidden;\"><img decoding=\"async\" src=\"https:\/\/stammkoenigartus.de\/wp-content\/uploads\/Tagebuch-Gro\u00dffahrt-2015-Mittwoch-12.8-1-215x215.jpg\" class=\"ggImg\" alt=\"Tagebuch Gro\u00dffahrt 2015 Mittwoch, 12.8 (1)\" title=\"Tagebuch Gro\u00dffahrt 2015 Mittwoch, 12.8 (1)\" data-description=\"Tagebuch Gro\u00dffahrt 2015 Mittwoch, 12.8 (1)\" data-caption=\"unser Zeltplatz von oben\" data-title=\"Tagebuch Gro\u00dffahrt 2015 Mittwoch, 12.8 (1)\" style=\" width:215px; height:215px;\" \/><\/div><FIGCAPTION class=\"\" data-alpha=\"5\" style=\"color:#ffffff; background-color:#6f0000; font-size:140; text-align:left; font-family:Abel;\" ><div class=\"grid-gallery-figcaption-wrap\" style=\" vertical-align:top;\"><div class=\"gg-image-caption fitvidsignore\" style=\"font-size:140;\"><object type=\"none\/none\">unser Zeltplatz von oben <\/object><\/div><\/div><\/FIGCAPTION><\/FIGURE><\/a><a data-attachment-id=\"10713\" id=\"gg-40-274\" class=\"gg-link \" data-attachment-id=\"10713\" href=\"https:\/\/stammkoenigartus.de\/wp-content\/uploads\/Tagebuch-Gro\u00dffahrt-2015-Mittwoch-12.8-2.jpg?gid=40\" target=\"_self\" title=\"Tagebuch Gro\u00dffahrt 2015 Mittwoch, 12.8 (2)\" data- rel=\"lightbox[12067] prettyPhoto[pp_gal]\" style=\"border-radius:00;\" ><FIGURE data-tags=\"\" data-id=\"274\" class=\"grid-gallery-caption\" data-grid-gallery-type=\"quarter-slide-up\" data-index=\"2\" style=\"display:none;border-radius:00;; margin:5px; width:2150;\" ><div class=\"crop\" style=\" width:2150; height:2150; overflow:hidden;\"><img decoding=\"async\" src=\"https:\/\/stammkoenigartus.de\/wp-content\/uploads\/Tagebuch-Gro\u00dffahrt-2015-Mittwoch-12.8-2-215x215.jpg\" class=\"ggImg\" alt=\"Tagebuch Gro\u00dffahrt 2015 Mittwoch, 12.8 (2)\" title=\"Tagebuch Gro\u00dffahrt 2015 Mittwoch, 12.8 (2)\" data-description=\"Tagebuch Gro\u00dffahrt 2015 Mittwoch, 12.8 (2)\" data-caption=\"traumhafte Aussicht\" data-title=\"Tagebuch Gro\u00dffahrt 2015 Mittwoch, 12.8 (2)\" style=\" width:215px; height:215px;\" \/><\/div><FIGCAPTION class=\"\" data-alpha=\"5\" style=\"color:#ffffff; background-color:#6f0000; font-size:140; text-align:left; font-family:Abel;\" ><div class=\"grid-gallery-figcaption-wrap\" style=\" vertical-align:top;\"><div class=\"gg-image-caption fitvidsignore\" style=\"font-size:140;\"><object type=\"none\/none\">traumhafte Aussicht <\/object><\/div><\/div><\/FIGCAPTION><\/FIGURE><\/a> <div class=\"grid-gallery-clearfix\"><\/div> <\/div> <div class=\"gallery-sharing-bottom\" style=\"display:none;\"> <\/div> <div class=\"gallery-sharing-image\" style=\"display:none;\"> <\/div> <div class=\"gallery-sharing-popup\" style=\"display:none;\"> <\/div> <div class=\"grid-gallery-clearfix\"><\/div> <\/div> <!-- Gallery by Supsystic plugin1.16.0 \/2.10.00 --> <style> <\/style><a title=\"\" style=\"display:none;\" href=\"https:\/\/supsystic.com\/plugins\/photo-gallery\/?utm_medium=love_link\" target=\"_blank\"><\/a><\/td>\r\n<\/tr>\r\n<tr>\r\n<td><\/td>\r\n<\/tr>\r\n<tr>\r\n<td><\/td>\r\n<\/tr>\r\n<tr>\r\n<td><\/td>\r\n<\/tr>\r\n<tr>\r\n<td><\/td>\r\n<\/tr>\r\n<\/tbody>\r\n<\/table>\r\n&nbsp;<\/div><div class=\"mtphr-dnt-tick mtphr-dnt-default-tick mtphr-dnt-clearfix \"><table style=\"height: 286px\" width=\"503\">\r\n<tbody>\r\n<tr>\r\n<td style=\"text-align: center\">\r\n<p align=\"CENTER\"><span style=\"font-size: 18pt\"><u><b>Donnerstag, 13.8.<\/b><\/u><\/span><\/p>\r\n<\/td>\r\n<\/tr>\r\n<tr>\r\n<td style=\"text-align: center\">\u00a0<u><b>Tagebuch 1<\/b><\/u><\/td>\r\n<\/tr>\r\n<tr>\r\n<td>\r\n<p align=\"LEFT\"><span style=\"color: #373e4d\"><span style=\"font-size: medium\">Als wir am Morgen am Zeltplatz abgeholt worden sind, wurden wir in zwei Autos aufgeteilt. Nach einer Weile kamen wir am Meer an und erhielten eine kurze Einf\u00fchrung in\u00b4s Tauchen. Danach bekamen wir unsere Tauchausr\u00fcstung. Nachdem wir alles angelegt hatten, fuhren wir ein St\u00fcck auf\u00b4s Meer hinaus. Als wir mit den Booten \u00fcber einem kleinem Riff waren, durften wir eine Weile im Wasser schwimmen. Nach einer kurzen Zeit wurden wir in Gruppen eingeteilt. Jede Gruppe hatte ihren eigenen Tauchlehrer. Nun tauchte immer eine Gruppe nach unten. Nach unserem Tauchgang stiegen wir wieder ins Boot. An Land angekommen,verabschiedeten und bedankten wir uns f\u00fcr den sch\u00f6nen Tag und fuhren wieder zur\u00fcck zum Zeltplatz.<\/span><\/span><\/p>\r\n<p align=\"LEFT\"><span style=\"font-size: 14pt;font-family: impact, sans-serif;color: #3366ff\">Justus <\/span><\/p>\r\n<\/td>\r\n<\/tr>\r\n<tr>\r\n<td style=\"text-align: center\">\u00a0<u><b>Tagebuch 2<\/b><\/u><\/td>\r\n<\/tr>\r\n<tr>\r\n<td>\r\n<p align=\"LEFT\"><span style=\"font-size: medium\">Nach dem Aufstehen gab es das t\u00e4gliche montenegrinische Fr\u00fchst\u00fcck: Wei\u00dfbrot, Eurocreme, Tunfisch, Kaba und kleine, gef\u00fcllte Croissants. W\u00e4hrend Felix und Stefan in\u00b4s Krankenhaus nach Kotor fuhren um Luki abzuholen, wurden wir von Ivana zum Tauchen abgeholt. An der K\u00fcste vor Budva befand sich auf einem Gel\u00e4nde vor dem Strand ein gro\u00dfes Zelt, dass als St\u00fctzpunkt des Tauchclubs genutzt wird. Wir bekamen eine ausf\u00fchrliche Einweisung, wie wir uns unter Wasser zu verhalten haben und lernten die Zeichensprache des Tauchens. Anschlie\u00dfend bekam jeder seinen Neoprenanzug, Taucherbrille und Schwimmflossen. Mit zwei Schlauchbooten mit Motor fuhren wir auf\u00b4s offene Meer hinaus. Die Motoren wurden abgestellt und die Ersten von uns wurden f\u00fcr den Tauchgang ausger\u00fcstet. Die Tauchlehrer nahmen die Tauchneulinge in Obhut und mit unter Wasser. Gro\u00dfe Begeisterung und leuchtende Augen erz\u00e4hlten von einem au\u00dfergew\u00f6hnlichen Abenteuer. Leider verging die Zeit viel zu schnell und wir mussten uns verabschieden und wurden zur\u00fcckgefahren. Im Camp angekommen, konnten wir unseren Luki wieder begr\u00fc\u00dfen. Er hatte viel von dem Krankenhaus zu berichten. Einige von uns fuhren nach Kotor, um f\u00fcr den Abschlussabend einzukaufen. Gemeinsam mit den Silberf\u00fcchsen aus Erlangen verwandelten sich die gekauften Zutaten in leckere Gerichte. Im gro\u00dfen, gemeinsamen Essenskreis lie\u00dfen wir uns die Leckereien schmecken. Das Abendprogramm gestalteten die Silberf\u00fcchse mit Sketchen und Spielen. Die Unerm\u00fcdlichen fanden sich zum Singekreis, w\u00e4hrend die \u201eTaucher\u201c m\u00fcde in die Schlafs\u00e4cke krochen.<\/span><\/p>\r\n<p align=\"LEFT\"><span style=\"font-size: 14pt;font-family: impact, sans-serif;color: #3366ff\">Ramona<\/span><\/p>\r\n<\/td>\r\n<\/tr>\r\n<tr>\r\n<td><\/td>\r\n<\/tr>\r\n<tr>\r\n<td>\u00a0<style> #grid-gallery-41-80369 .grid-gallery-caption[data-grid-gallery-type=\"show-on-hover\"]:hover figcaption, #grid-gallery-41-80369 .grid-gallery-caption[data-grid-gallery-type=\"show-on-hover\"].hovered figcaption, #grid-gallery-41-80369 .grid-gallery-caption[data-grid-gallery-type=\"show-on-hover\"]:active figcaption { background-color:rgba(111,0,0,0.5) !important; } <\/style> <div id=\"grid-gallery-41-80369\" data-gg-id=\"41\" data-title=\"Tagebuch Gro\u00dffahrt 2015: Donnerstag, 13.8.\" data-grid-type=\"0\" data-offset=\"5\" data-area-position=\"center\" data-icons=\"\" data-preloader=\"\" data-width=\"215\" data-height=\"215\" data-padding=\"\" data-quicksand=\"disabled\" data-quicksand-duration=\"none\" data-popup-theme=\"theme_6\" data-popup-type=\"pretty-photo\" data-popup-image-text=\"title\" data-popup-widthsize=\"auto\" data-popup-heightsize=\"auto\" data-popup-i18n-words=\"{&quot;close&quot;:&quot;schlie\\u00dfen&quot;,&quot;next&quot;:&quot;n\\u00e4chste&quot;,&quot;previous&quot;:&quot;vorherige&quot;,&quot;start_slideshow&quot;:&quot;Starte Slideshow&quot;,&quot;stop_slideshow&quot;:&quot;Stoppe Slideshow&quot;,&quot;image&quot;:&quot;Bild&quot;,&quot;of&quot;:&quot;von&quot;,&quot;prev&quot;:&quot;vorherige&quot;,&quot;cExpand&quot;:&quot;Erweitere&quot;,&quot;cPrevious&quot;:&quot;Vorheriges&quot;,&quot;cNext&quot;:&quot;N\\u00e4chstes&quot;,&quot;cExpandStr&quot;:&quot;Erweitere Bild&quot;,&quot;cRotate&quot;:&quot;Rotate&quot;,&quot;cDetails&quot;:&quot;Details&quot;}\" data-popup-slideshow=\"0\" data-popup-slideshow-speed=\"2500\" data-popup-hoverstop=\"true\" data-popup-slideshow-auto=\"true\" data-popup-background=\"\" data-popup-transparency=\"30\" data-popup-disable-history=\"\" data-popup-disable-changed-url=\"\" data-popup-border-type=\"\" data-popup-border-color=\"\" data-popup-border-width=\"\" data-popup-border-enable=\"\" data-fullscreen=\"false\" data-hide-tooltip=\"\" data-caption-font-family=\"Abel\" data-caption-text-size=\"140\" data-is-mobile=\"0\" data-caption-mobile=\"false\" data-hide-long-tltp-title=\"0\" data-caption-disabled-on-mobile=\"false\" data-popup-placement-type=\"0\" data-social-sharing=\"{&quot;enabled&quot;:null,&quot;gallerySharing&quot;:{&quot;enabled&quot;:null,&quot;position&quot;:null},&quot;imageSharing&quot;:{&quot;enabled&quot;:null,&quot;wrapperClass&quot;:&quot; vertical &quot;},&quot;popupSharing&quot;:{&quot;enabled&quot;:null,&quot;wrapperClass&quot;:&quot; vertical &quot;}}\" class=\"grid-gallery grid-gallery-fixed \" style=\" width:100%; height:auto; margin-left:auto; margin-right:auto;position:relative;\" data-popup-video=\"null\" data-popup-disable-source-image-for-linked-img=\"0\" data-popup-enable-download-photos-button=\"0\" data-thumbnail-size=\"150x150\"> <div class=\"gallery-loading\"> <div class=\"blocks\"> <div class=\"block\"><\/div> <div class=\"block\"><\/div> <div class=\"block\"><\/div> <div class=\"block\"><\/div> <\/div> <\/div> <div class=\"gallery-sharing-top\" style=\"display:none;\"> <\/div> <div id=\"photos-41\" class=\"grid-gallery-photos\"><a data-attachment-id=\"10715\" id=\"gg-41-276\" class=\"gg-link \" data-attachment-id=\"10715\" href=\"https:\/\/stammkoenigartus.de\/wp-content\/uploads\/Gro\u00dffahrt-2015-Donnerstag-13.8-5.jpg?gid=41\" target=\"_self\" title=\"Gro\u00dffahrt 2015 Donnerstag, 13.8 (5)\" data- rel=\"lightbox[12067] prettyPhoto[pp_gal]\" style=\"border-radius:00;\" ><FIGURE data-tags=\"\" data-id=\"276\" class=\"grid-gallery-caption\" data-grid-gallery-type=\"quarter-slide-up\" data-index=\"0\" style=\"display:none;border-radius:00;; margin:5px; width:2150;\" ><div class=\"crop\" style=\" width:2150; height:2150; overflow:hidden;\"><img decoding=\"async\" src=\"https:\/\/stammkoenigartus.de\/wp-content\/uploads\/Gro\u00dffahrt-2015-Donnerstag-13.8-5-215x215.jpg\" class=\"ggImg\" alt=\"Gro\u00dffahrt 2015 Donnerstag, 13.8 (5)\" title=\"Gro\u00dffahrt 2015 Donnerstag, 13.8 (5)\" data-description=\"Gro\u00dffahrt 2015 Donnerstag, 13.8 (5)\" data-caption=\"Wir beim Tauchen\" data-title=\"Gro\u00dffahrt 2015 Donnerstag, 13.8 (5)\" style=\" width:215px; height:215px;\" \/><\/div><FIGCAPTION class=\"\" data-alpha=\"5\" style=\"color:#ffffff; background-color:#6f0000; font-size:140; text-align:left; font-family:Abel;\" ><div class=\"grid-gallery-figcaption-wrap\" style=\" vertical-align:top;\"><div class=\"gg-image-caption fitvidsignore\" style=\"font-size:140;\"><object type=\"none\/none\">Wir beim Tauchen <\/object><\/div><\/div><\/FIGCAPTION><\/FIGURE><\/a><a data-attachment-id=\"10717\" id=\"gg-41-280\" class=\"gg-link \" data-attachment-id=\"10717\" href=\"https:\/\/stammkoenigartus.de\/wp-content\/uploads\/Gro\u00dffahrt-2015-Donnerstag-13.8-2.jpg?gid=41\" target=\"_self\" title=\"Gro\u00dffahrt 2015 Donnerstag, 13.8 (2)\" data- rel=\"lightbox[12067] prettyPhoto[pp_gal]\" style=\"border-radius:00;\" ><FIGURE data-tags=\"\" data-id=\"280\" class=\"grid-gallery-caption\" data-grid-gallery-type=\"quarter-slide-up\" data-index=\"1\" style=\"display:none;border-radius:00;; margin:5px; width:2150;\" ><div class=\"crop\" style=\" width:2150; height:2150; overflow:hidden;\"><img decoding=\"async\" src=\"https:\/\/stammkoenigartus.de\/wp-content\/uploads\/Gro\u00dffahrt-2015-Donnerstag-13.8-2-215x215.jpg\" class=\"ggImg\" alt=\"Gro\u00dffahrt 2015 Donnerstag, 13.8 (2)\" title=\"Gro\u00dffahrt 2015 Donnerstag, 13.8 (2)\" data-description=\"Gro\u00dffahrt 2015 Donnerstag, 13.8 (2)\" data-caption=\"Auch die Kleinste (8 Jahre) durfte mittauchen\" data-title=\"Gro\u00dffahrt 2015 Donnerstag, 13.8 (2)\" style=\" width:215px; height:215px;\" \/><\/div><FIGCAPTION class=\"\" data-alpha=\"5\" style=\"color:#ffffff; background-color:#6f0000; font-size:140; text-align:left; font-family:Abel;\" ><div class=\"grid-gallery-figcaption-wrap\" style=\" vertical-align:top;\"><div class=\"gg-image-caption fitvidsignore\" style=\"font-size:140;\"><object type=\"none\/none\">Auch die Kleinste (8 Jahre) durfte mittauchen <\/object><\/div><\/div><\/FIGCAPTION><\/FIGURE><\/a><a data-attachment-id=\"10716\" id=\"gg-41-278\" class=\"gg-link \" data-attachment-id=\"10716\" href=\"https:\/\/stammkoenigartus.de\/wp-content\/uploads\/Gro\u00dffahrt-2015-Donnerstag-13.8-1.jpg?gid=41\" target=\"_self\" title=\"Gro\u00dffahrt 2015 Donnerstag, 13.8 (1)\" data- rel=\"lightbox[12067] prettyPhoto[pp_gal]\" style=\"border-radius:00;\" ><FIGURE data-tags=\"\" data-id=\"278\" class=\"grid-gallery-caption\" data-grid-gallery-type=\"quarter-slide-up\" data-index=\"2\" style=\"display:none;border-radius:00;; margin:5px; width:2150;\" ><div class=\"crop\" style=\" width:2150; height:2150; overflow:hidden;\"><img decoding=\"async\" src=\"https:\/\/stammkoenigartus.de\/wp-content\/uploads\/Gro\u00dffahrt-2015-Donnerstag-13.8-1-215x215.jpg\" class=\"ggImg\" alt=\"Gro\u00dffahrt 2015 Donnerstag, 13.8 (1)\" title=\"Gro\u00dffahrt 2015 Donnerstag, 13.8 (1)\" data-description=\"Gro\u00dffahrt 2015 Donnerstag, 13.8 (1)\" data-caption=\"so sah\u00b4s unten aus\" data-title=\"Gro\u00dffahrt 2015 Donnerstag, 13.8 (1)\" style=\" width:215px; height:215px;\" \/><\/div><FIGCAPTION class=\"\" data-alpha=\"5\" style=\"color:#ffffff; background-color:#6f0000; font-size:140; text-align:left; font-family:Abel;\" ><div class=\"grid-gallery-figcaption-wrap\" style=\" vertical-align:top;\"><div class=\"gg-image-caption fitvidsignore\" style=\"font-size:140;\"><object type=\"none\/none\">so sah\u00b4s unten aus <\/object><\/div><\/div><\/FIGCAPTION><\/FIGURE><\/a><a data-attachment-id=\"10718\" id=\"gg-41-277\" class=\"gg-link \" data-attachment-id=\"10718\" href=\"https:\/\/stammkoenigartus.de\/wp-content\/uploads\/Gro\u00dffahrt-2015-Donnerstag-13.8-3.jpg?gid=41\" target=\"_self\" title=\"Gro\u00dffahrt 2015 Donnerstag, 13.8 (3)\" data- rel=\"lightbox[12067] prettyPhoto[pp_gal]\" style=\"border-radius:00;\" ><FIGURE data-tags=\"\" data-id=\"277\" class=\"grid-gallery-caption\" data-grid-gallery-type=\"quarter-slide-up\" data-index=\"3\" style=\"display:none;border-radius:00;; margin:5px; width:2150;\" ><div class=\"crop\" style=\" width:2150; height:2150; overflow:hidden;\"><img decoding=\"async\" src=\"https:\/\/stammkoenigartus.de\/wp-content\/uploads\/Gro\u00dffahrt-2015-Donnerstag-13.8-3-215x215.jpg\" class=\"ggImg\" alt=\"Gro\u00dffahrt 2015 Donnerstag, 13.8 (3)\" title=\"Gro\u00dffahrt 2015 Donnerstag, 13.8 (3)\" data-description=\"Gro\u00dffahrt 2015 Donnerstag, 13.8 (3)\" data-caption=\"Salat f\u00fcr den Abschlussabend\" data-title=\"Gro\u00dffahrt 2015 Donnerstag, 13.8 (3)\" style=\" width:215px; height:215px;\" \/><\/div><FIGCAPTION class=\"\" data-alpha=\"5\" style=\"color:#ffffff; background-color:#6f0000; font-size:140; text-align:left; font-family:Abel;\" ><div class=\"grid-gallery-figcaption-wrap\" style=\" vertical-align:top;\"><div class=\"gg-image-caption fitvidsignore\" style=\"font-size:140;\"><object type=\"none\/none\">Salat f\u00fcr den Abschlussabend <\/object><\/div><\/div><\/FIGCAPTION><\/FIGURE><\/a><a data-attachment-id=\"10714\" id=\"gg-41-279\" class=\"gg-link \" data-attachment-id=\"10714\" href=\"https:\/\/stammkoenigartus.de\/wp-content\/uploads\/Gro\u00dffahrt-2015-Donnerstag-13.8-4.jpg?gid=41\" target=\"_self\" title=\"Gro\u00dffahrt 2015 Donnerstag, 13.8 (4)\" data- rel=\"lightbox[12067] prettyPhoto[pp_gal]\" style=\"border-radius:00;\" ><FIGURE data-tags=\"\" data-id=\"279\" class=\"grid-gallery-caption\" data-grid-gallery-type=\"quarter-slide-up\" data-index=\"4\" style=\"display:none;border-radius:00;; margin:5px; width:2150;\" ><div class=\"crop\" style=\" width:2150; height:2150; overflow:hidden;\"><img decoding=\"async\" src=\"https:\/\/stammkoenigartus.de\/wp-content\/uploads\/Gro\u00dffahrt-2015-Donnerstag-13.8-4-215x215.jpg\" class=\"ggImg\" alt=\"Gro\u00dffahrt 2015 Donnerstag, 13.8 (4)\" title=\"Gro\u00dffahrt 2015 Donnerstag, 13.8 (4)\" data-description=\"Gro\u00dffahrt 2015 Donnerstag, 13.8 (4)\" data-caption=\"K\u00fcchenchefin Ramona beim W\u00fcrzen\" data-title=\"Gro\u00dffahrt 2015 Donnerstag, 13.8 (4)\" style=\" width:215px; height:215px;\" \/><\/div><FIGCAPTION class=\"\" data-alpha=\"5\" style=\"color:#ffffff; background-color:#6f0000; font-size:140; text-align:left; font-family:Abel;\" ><div class=\"grid-gallery-figcaption-wrap\" style=\" vertical-align:top;\"><div class=\"gg-image-caption fitvidsignore\" style=\"font-size:140;\"><object type=\"none\/none\">K\u00fcchenchefin Ramona beim W\u00fcrzen <\/object><\/div><\/div><\/FIGCAPTION><\/FIGURE><\/a> <div class=\"grid-gallery-clearfix\"><\/div> <\/div> <div class=\"gallery-sharing-bottom\" style=\"display:none;\"> <\/div> <div class=\"gallery-sharing-image\" style=\"display:none;\"> <\/div> <div class=\"gallery-sharing-popup\" style=\"display:none;\"> <\/div> <div class=\"grid-gallery-clearfix\"><\/div> <\/div> <!-- Gallery by Supsystic plugin1.16.0 \/2.10.00 --> <style> <\/style><a title=\"\" style=\"display:none;\" href=\"https:\/\/supsystic.com\/plugins\/photo-gallery\/?utm_medium=love_link\" target=\"_blank\"><\/a><\/td>\r\n<\/tr>\r\n<tr>\r\n<td><\/td>\r\n<\/tr>\r\n<tr>\r\n<td><\/td>\r\n<\/tr>\r\n<tr>\r\n<td><\/td>\r\n<\/tr>\r\n<\/tbody>\r\n<\/table>\r\n&nbsp;<\/div><div class=\"mtphr-dnt-tick mtphr-dnt-default-tick mtphr-dnt-clearfix \"><table style=\"height: 286px\" width=\"503\">\r\n<tbody>\r\n<tr>\r\n<td style=\"text-align: center\">\r\n<p align=\"CENTER\"><span style=\"font-size: 18pt\"><u><b>Freitag, 14.8. bis Samstag, 15.8.<\/b><\/u><\/span><\/p>\r\n<\/td>\r\n<\/tr>\r\n<tr>\r\n<td style=\"text-align: center\">\u00a0<u><b>Tagebuch 1<\/b><\/u><\/td>\r\n<\/tr>\r\n<tr>\r\n<td>\r\n<p align=\"LEFT\"><span style=\"font-size: 14pt;font-family: impact, sans-serif;color: #3366ff\">Justus<\/span><\/p>\r\n<\/td>\r\n<\/tr>\r\n<tr>\r\n<td style=\"text-align: center\">\u00a0<u><b>Tagebuch 2<\/b><\/u><\/td>\r\n<\/tr>\r\n<tr>\r\n<td><span style=\"color: #000000\">P\u00fcnktlich um 7 Uhr standen wir auf und begannen nach dem Fr\u00fchst\u00fcck sogleich die Zelte abzubauen und das K\u00fcchenmaterial in den Kisten zu verstauen. Da wir bereits vorgearbeitet hatten, waren wir schon um 11 Uhr komplett fertig. Da wir bisher keine weiteren Infos von der Busvermittlung erhalten hatten, startete Felix sofort einen erneuten Versuch, die Telefonnummer der Busfahrer herauszufinden. Nach mehreren Telefonaten hatten wir schlie\u00dflich die Nummer der richtigen Busfahrer und konnten diesem mitteilen, dass sie uns schon 2 Stunden eher abholen k\u00f6nnen. Da der Bus aber nicht bis zu unserem Zeltplatz fahren konnte, mussten wir unser Zelt- und K\u00fcchenmaterial mittels Taxi nach Kotor bringen, w\u00e4hrend sich der Rest zu Fu\u00df auf den Weg machte. Der Taxifahrer war nat\u00fcrlich nicht davon begeistert, dass er 2m lange Bambusstangen in sein Auto laden sollte, hat es aber schlie\u00dflich doch getan. Die Heimfahrt verlief schlie\u00dflich z\u00fcgig und ohne Staus oder Wartezeiten an den Grenzen. Leider war es von der Fahrzeit so beschaffen, dass wir in etwa dieselbe Strecke im Dunkeln fuhren, wie auch schon bei der Anreise, sodass man von der Landschaft keine neuen Eindr\u00fccke gewinnen konnte. Stattdessen hatte ich gen\u00fcgend Zeit, noch mal \u00fcber (meine pers\u00f6nlichen) Highlights dieser Gro\u00dffahrt nachzudenken. Diese siehst du auf der n\u00e4chsten Seite. <\/span>\r\n<p align=\"LEFT\"><span style=\"color: #3366ff;font-size: 14pt;font-family: impact, sans-serif\">Stefan<\/span><\/p>\r\n<\/td>\r\n<\/tr>\r\n<tr>\r\n<td style=\"text-align: center\"><\/td>\r\n<\/tr>\r\n<tr>\r\n<td>\u00a0<style> #grid-gallery-42-99543 .grid-gallery-caption[data-grid-gallery-type=\"show-on-hover\"]:hover figcaption, #grid-gallery-42-99543 .grid-gallery-caption[data-grid-gallery-type=\"show-on-hover\"].hovered figcaption, #grid-gallery-42-99543 .grid-gallery-caption[data-grid-gallery-type=\"show-on-hover\"]:active figcaption { background-color:rgba(111,0,0,0.5) !important; } <\/style> <div id=\"grid-gallery-42-99543\" data-gg-id=\"42\" data-title=\"Tagebuch Gro\u00dffahrt 2015: Freitag, 14.8. bis Samstag, 15.8.\" data-grid-type=\"0\" data-offset=\"5\" data-area-position=\"center\" data-icons=\"\" data-preloader=\"\" data-width=\"215\" data-height=\"215\" data-padding=\"\" data-quicksand=\"disabled\" data-quicksand-duration=\"none\" data-popup-theme=\"theme_6\" data-popup-type=\"pretty-photo\" data-popup-image-text=\"title\" data-popup-widthsize=\"auto\" data-popup-heightsize=\"auto\" data-popup-i18n-words=\"{&quot;close&quot;:&quot;schlie\\u00dfen&quot;,&quot;next&quot;:&quot;n\\u00e4chste&quot;,&quot;previous&quot;:&quot;vorherige&quot;,&quot;start_slideshow&quot;:&quot;Starte Slideshow&quot;,&quot;stop_slideshow&quot;:&quot;Stoppe Slideshow&quot;,&quot;image&quot;:&quot;Bild&quot;,&quot;of&quot;:&quot;von&quot;,&quot;prev&quot;:&quot;vorherige&quot;,&quot;cExpand&quot;:&quot;Erweitere&quot;,&quot;cPrevious&quot;:&quot;Vorheriges&quot;,&quot;cNext&quot;:&quot;N\\u00e4chstes&quot;,&quot;cExpandStr&quot;:&quot;Erweitere Bild&quot;,&quot;cRotate&quot;:&quot;Rotate&quot;,&quot;cDetails&quot;:&quot;Details&quot;}\" data-popup-slideshow=\"1\" data-popup-slideshow-speed=\"2500\" data-popup-hoverstop=\"true\" data-popup-slideshow-auto=\"true\" data-popup-background=\"\" data-popup-transparency=\"30\" data-popup-disable-history=\"\" data-popup-disable-changed-url=\"\" data-popup-border-type=\"\" data-popup-border-color=\"\" data-popup-border-width=\"\" data-popup-border-enable=\"\" data-fullscreen=\"false\" data-hide-tooltip=\"\" data-caption-font-family=\"Abel\" data-caption-text-size=\"140\" data-is-mobile=\"0\" data-caption-mobile=\"false\" data-hide-long-tltp-title=\"0\" data-caption-disabled-on-mobile=\"false\" data-popup-placement-type=\"0\" data-social-sharing=\"{&quot;enabled&quot;:null,&quot;gallerySharing&quot;:{&quot;enabled&quot;:null,&quot;position&quot;:null},&quot;imageSharing&quot;:{&quot;enabled&quot;:null,&quot;wrapperClass&quot;:&quot; vertical &quot;},&quot;popupSharing&quot;:{&quot;enabled&quot;:null,&quot;wrapperClass&quot;:&quot; vertical &quot;}}\" class=\"grid-gallery grid-gallery-fixed \" style=\" width:100%; height:auto; margin-left:auto; margin-right:auto;position:relative;\" data-popup-video=\"null\" data-popup-disable-source-image-for-linked-img=\"0\" data-popup-enable-download-photos-button=\"0\" data-thumbnail-size=\"150x150\"> <div class=\"gallery-loading\"> <div class=\"blocks\"> <div class=\"block\"><\/div> <div class=\"block\"><\/div> <div class=\"block\"><\/div> <div class=\"block\"><\/div> <\/div> <\/div> <div class=\"gallery-sharing-top\" style=\"display:none;\"> <\/div> <div id=\"photos-42\" class=\"grid-gallery-photos\"><a data-attachment-id=\"10719\" id=\"gg-42-281\" class=\"gg-link \" data-attachment-id=\"10719\" href=\"https:\/\/stammkoenigartus.de\/wp-content\/uploads\/Gro\u00dffahrt-2015-Freitag-14.8.-bis-Samstag-15.8-3.jpg?gid=42\" target=\"_self\" title=\"Gro\u00dffahrt 2015 Freitag, 14.8. bis Samstag, 15.8 (3)\" data- rel=\"lightbox[12067] prettyPhoto[pp_gal]\" style=\"border-radius:00;\" ><FIGURE data-tags=\"\" data-id=\"281\" class=\"grid-gallery-caption\" data-grid-gallery-type=\"quarter-slide-up\" data-index=\"0\" style=\"display:none;border-radius:00;; margin:5px; width:2150;\" ><div class=\"crop\" style=\" width:2150; height:2150; overflow:hidden;\"><img decoding=\"async\" src=\"https:\/\/stammkoenigartus.de\/wp-content\/uploads\/Gro\u00dffahrt-2015-Freitag-14.8.-bis-Samstag-15.8-3-215x215.jpg\" class=\"ggImg\" alt=\"Gro\u00dffahrt 2015 Freitag, 14.8. bis Samstag, 15.8 (3)\" title=\"Gro\u00dffahrt 2015 Freitag, 14.8. bis Samstag, 15.8 (3)\" data-description=\"Gro\u00dffahrt 2015 Freitag, 14.8. bis Samstag, 15.8 (3)\" data-caption=\"Mit der F\u00e4hre wieder zur\u00fcck\" data-title=\"Gro\u00dffahrt 2015 Freitag, 14.8. bis Samstag, 15.8 (3)\" style=\" width:215px; height:215px;\" \/><\/div><FIGCAPTION class=\"\" data-alpha=\"5\" style=\"color:#ffffff; background-color:#6f0000; font-size:140; text-align:left; font-family:Abel;\" ><div class=\"grid-gallery-figcaption-wrap\" style=\" vertical-align:top;\"><div class=\"gg-image-caption fitvidsignore\" style=\"font-size:140;\"><object type=\"none\/none\">Mit der F\u00e4hre wieder zur\u00fcck <\/object><\/div><\/div><\/FIGCAPTION><\/FIGURE><\/a><a data-attachment-id=\"10720\" id=\"gg-42-283\" class=\"gg-link \" data-attachment-id=\"10720\" href=\"https:\/\/stammkoenigartus.de\/wp-content\/uploads\/Gro\u00dffahrt-2015-Freitag-14.8.-bis-Samstag-15.8-4.jpg?gid=42\" target=\"_self\" title=\"Gro\u00dffahrt 2015 Freitag, 14.8. bis Samstag, 15.8 (4)\" data- rel=\"lightbox[12067] prettyPhoto[pp_gal]\" style=\"border-radius:00;\" ><FIGURE data-tags=\"\" data-id=\"283\" class=\"grid-gallery-caption\" data-grid-gallery-type=\"quarter-slide-up\" data-index=\"1\" style=\"display:none;border-radius:00;; margin:5px; width:2150;\" ><div class=\"crop\" style=\" width:2150; height:2150; overflow:hidden;\"><img decoding=\"async\" src=\"https:\/\/stammkoenigartus.de\/wp-content\/uploads\/Gro\u00dffahrt-2015-Freitag-14.8.-bis-Samstag-15.8-4-215x215.jpg\" class=\"ggImg\" alt=\"Gro\u00dffahrt 2015 Freitag, 14.8. bis Samstag, 15.8 (4)\" title=\"Gro\u00dffahrt 2015 Freitag, 14.8. bis Samstag, 15.8 (4)\" data-description=\"Gro\u00dffahrt 2015 Freitag, 14.8. bis Samstag, 15.8 (4)\" data-caption=\"noch mal die Fahrt mit der F\u00e4hre genie\u00dfen \" data-title=\"Gro\u00dffahrt 2015 Freitag, 14.8. bis Samstag, 15.8 (4)\" style=\" width:215px; height:215px;\" \/><\/div><FIGCAPTION class=\"\" data-alpha=\"5\" style=\"color:#ffffff; background-color:#6f0000; font-size:140; text-align:left; font-family:Abel;\" ><div class=\"grid-gallery-figcaption-wrap\" style=\" vertical-align:top;\"><div class=\"gg-image-caption fitvidsignore\" style=\"font-size:140;\"><object type=\"none\/none\">noch mal die Fahrt mit der F\u00e4hre genie\u00dfen <\/object><\/div><\/div><\/FIGCAPTION><\/FIGURE><\/a><a data-attachment-id=\"10722\" id=\"gg-42-284\" class=\"gg-link \" data-attachment-id=\"10722\" href=\"https:\/\/stammkoenigartus.de\/wp-content\/uploads\/Gro\u00dffahrt-2015-Freitag-14.8.-bis-Samstag-15.8-2.jpg?gid=42\" target=\"_self\" title=\"Gro\u00dffahrt 2015 Freitag, 14.8. bis Samstag, 15.8 (2)\" data- rel=\"lightbox[12067] prettyPhoto[pp_gal]\" style=\"border-radius:00;\" ><FIGURE data-tags=\"\" data-id=\"284\" class=\"grid-gallery-caption\" data-grid-gallery-type=\"quarter-slide-up\" data-index=\"2\" style=\"display:none;border-radius:00;; margin:5px; width:2150;\" ><div class=\"crop\" style=\" width:2150; height:2150; overflow:hidden;\"><img decoding=\"async\" src=\"https:\/\/stammkoenigartus.de\/wp-content\/uploads\/Gro\u00dffahrt-2015-Freitag-14.8.-bis-Samstag-15.8-2-215x215.jpg\" class=\"ggImg\" alt=\"Gro\u00dffahrt 2015 Freitag, 14.8. bis Samstag, 15.8 (2)\" title=\"Gro\u00dffahrt 2015 Freitag, 14.8. bis Samstag, 15.8 (2)\" data-description=\"Gro\u00dffahrt 2015 Freitag, 14.8. bis Samstag, 15.8 (2)\" data-caption=\"und ein paar letzte Fotos vom Meer machen\" data-title=\"Gro\u00dffahrt 2015 Freitag, 14.8. bis Samstag, 15.8 (2)\" style=\" width:215px; height:215px;\" \/><\/div><FIGCAPTION class=\"\" data-alpha=\"5\" style=\"color:#ffffff; background-color:#6f0000; font-size:140; text-align:left; font-family:Abel;\" ><div class=\"grid-gallery-figcaption-wrap\" style=\" vertical-align:top;\"><div class=\"gg-image-caption fitvidsignore\" style=\"font-size:140;\"><object type=\"none\/none\">und ein paar letzte Fotos vom Meer machen <\/object><\/div><\/div><\/FIGCAPTION><\/FIGURE><\/a><a data-attachment-id=\"10721\" id=\"gg-42-282\" class=\"gg-link \" data-attachment-id=\"10721\" href=\"https:\/\/stammkoenigartus.de\/wp-content\/uploads\/Gro\u00dffahrt-2015-Freitag-14.8.-bis-Samstag-15.8-1.jpg?gid=42\" target=\"_self\" title=\"Gro\u00dffahrt 2015 Freitag, 14.8. bis Samstag, 15.8 (1)\" data- rel=\"lightbox[12067] prettyPhoto[pp_gal]\" style=\"border-radius:00;\" ><FIGURE data-tags=\"\" data-id=\"282\" class=\"grid-gallery-caption\" data-grid-gallery-type=\"quarter-slide-up\" data-index=\"3\" style=\"display:none;border-radius:00;; margin:5px; width:2150;\" ><div class=\"crop\" style=\" width:2150; height:2150; overflow:hidden;\"><img decoding=\"async\" src=\"https:\/\/stammkoenigartus.de\/wp-content\/uploads\/Gro\u00dffahrt-2015-Freitag-14.8.-bis-Samstag-15.8-1-215x215.jpg\" class=\"ggImg\" alt=\"Gro\u00dffahrt 2015 Freitag, 14.8. bis Samstag, 15.8 (1)\" title=\"Gro\u00dffahrt 2015 Freitag, 14.8. bis Samstag, 15.8 (1)\" data-description=\"Gro\u00dffahrt 2015 Freitag, 14.8. bis Samstag, 15.8 (1)\" data-caption=\"und ein allerletztes Foto vom Meer\" data-title=\"Gro\u00dffahrt 2015 Freitag, 14.8. bis Samstag, 15.8 (1)\" style=\" width:215px; height:215px;\" \/><\/div><FIGCAPTION class=\"\" data-alpha=\"5\" style=\"color:#ffffff; background-color:#6f0000; font-size:140; text-align:left; font-family:Abel;\" ><div class=\"grid-gallery-figcaption-wrap\" style=\" vertical-align:top;\"><div class=\"gg-image-caption fitvidsignore\" style=\"font-size:140;\"><object type=\"none\/none\">und ein allerletztes Foto vom Meer <\/object><\/div><\/div><\/FIGCAPTION><\/FIGURE><\/a> <div class=\"grid-gallery-clearfix\"><\/div> <\/div> <div class=\"gallery-sharing-bottom\" style=\"display:none;\"> <\/div> <div class=\"gallery-sharing-image\" style=\"display:none;\"> <\/div> <div class=\"gallery-sharing-popup\" style=\"display:none;\"> <\/div> <div class=\"grid-gallery-clearfix\"><\/div> <\/div> <!-- Gallery by Supsystic plugin1.16.0 \/2.10.00 --> <style> <\/style><a title=\"\" style=\"display:none;\" href=\"https:\/\/supsystic.com\/plugins\/photo-gallery\/?utm_medium=love_link\" target=\"_blank\"><\/a><\/td>\r\n<\/tr>\r\n<tr>\r\n<td><\/td>\r\n<\/tr>\r\n<tr>\r\n<td><\/td>\r\n<\/tr>\r\n<tr>\r\n<td><\/td>\r\n<\/tr>\r\n<\/tbody>\r\n<\/table>\r\n&nbsp;<\/div><div class=\"mtphr-dnt-tick mtphr-dnt-default-tick mtphr-dnt-clearfix \"><table style=\"height: 171px\" width=\"443\">\r\n<tbody>\r\n<tr>\r\n<td style=\"text-align: center\">\r\n<h1><span style=\"font-size: 18pt\"><strong><span style=\"text-decoration: underline\">Meine Highlights:<\/span><\/strong><\/span><\/h1>\r\n<\/td>\r\n<\/tr>\r\n<tr>\r\n<td><span style=\"color: #000000\">Tag 1, Samstag, 01. August<\/span>\r\n<ul>\r\n\t<li><span style=\"color: #000000\">P\u00fcnktliche Abfahrt<\/span><\/li>\r\n\t<li><span style=\"color: #000000\">Busfahrer wissen ebenso wenig wie wir den genauen Zielort<\/span><\/li>\r\n\t<li><span style=\"color: #000000\">Stau in M\u00fcnchen<\/span><\/li>\r\n<\/ul>\r\n<span style=\"color: #000000\">Tag 2, Sonntag, 02.08.<\/span>\r\n<ul>\r\n\t<li><span style=\"color: #000000\">Trotz langer Wartezeit an der Grenze planm\u00e4\u00dfige Ankunft<\/span><\/li>\r\n\t<li><span style=\"color: #000000\">Nach ca. 1 km Fu\u00dfweg erstes aufgeschlagenes Knie zu verarzten =&gt; Das f\u00e4ngt ja gut an!<\/span><\/li>\r\n\t<li><span style=\"color: #000000\">Schlafen unter freiem Himmel (Aussage: Hat seit 2 Wochen kein einziges Mal geregnet)<\/span><\/li>\r\n<\/ul>\r\n<span style=\"color: #000000\">Tag 3, Montag, 03.08.<\/span>\r\n<ul>\r\n\t<li><span style=\"color: #000000\">Nieselregen am Morgen =&gt; Wetter will uns wohl verarschen<\/span><\/li>\r\n\t<li><span style=\"color: #000000\">Ankunft am Lagerplatz und Jurtenburg steht wie erwartet =&gt; Auch schon anders erlebt<\/span><\/li>\r\n\t<li><span style=\"color: #000000\">Besuch des Denkmals in Grahovo =&gt; Hin <span style=\"font-family: Wingdings, serif\">\uf04c<\/span> \/ Zur\u00fcck <span style=\"font-family: Wingdings, serif\">\uf04a<\/span><\/span><\/li>\r\n<\/ul>\r\n<span style=\"color: #000000\">Tag 4, Dienstag, 04.08.<\/span>\r\n<ul>\r\n\t<li><span style=\"color: #000000\">Regen =&gt; So nass wird die Kluft nicht mal in der Waschmaschine!<\/span><\/li>\r\n\t<li><span style=\"color: #000000\">Dorffest in Grahovo =&gt; Super Stimmung!<\/span><\/li>\r\n<\/ul>\r\n<span style=\"color: #000000\">Tag 5, Mittwoch, 05.08.<\/span>\r\n<ul>\r\n\t<li><span style=\"color: #000000\">Baden an der Talsperre<\/span><\/li>\r\n\t<li><span style=\"color: #000000\">Nicht schon wieder Regen!<\/span><\/li>\r\n\t<li><span style=\"color: #000000\">In einen Skoda Fabia passen locker 9 Personen<\/span><\/li>\r\n<\/ul>\r\n<span style=\"color: #000000\">Tag 6, Donnerstag, 06.08.<\/span>\r\n<ul>\r\n\t<li><span style=\"color: #000000\">Baum pflanzen im botanischen Garten =&gt; Sehr sch\u00f6n!<\/span><\/li>\r\n\t<li><span style=\"color: #000000\">Abschlussabend<\/span><\/li>\r\n<\/ul>\r\n<span style=\"color: #000000\">Tag 7, Freitag, 07.08.<\/span>\r\n<ul>\r\n\t<li><span style=\"color: #000000\">Busfahrer macht im Tunnel statt den Scheinwerfern lieber die Innenbeleuchtung an<\/span><\/li>\r\n<\/ul>\r\n<span style=\"color: #000000\">Tag 8, Samstag, 08.08.<\/span>\r\n<ul>\r\n\t<li><span style=\"color: #000000\">Besichtigung der Altstadt von Kotor<\/span><\/li>\r\n<\/ul>\r\n<span style=\"color: #000000\">Tag 9, Sonntag, 09.08.<\/span>\r\n<ul>\r\n\t<li><span style=\"color: #000000\">Lovcen Nationalpark =&gt; Wunderbare Aussicht<\/span><\/li>\r\n\t<li>\r\n<p lang=\"en-US\"><span style=\"color: #000000\">Lied des Tages: \u201cWhat does the fox say\u201d?<\/span><\/p>\r\n<\/li>\r\n<\/ul>\r\n<span style=\"color: #000000\">Tag 10, Montag, 10.08.<\/span>\r\n<ul>\r\n\t<li><span style=\"color: #000000\">Einkauf auf dem (Fisch-)Markt<\/span><\/li>\r\n\t<li><span style=\"color: #000000\">Schwimmen im Meer<\/span><\/li>\r\n<\/ul>\r\n<span style=\"color: #000000\">Tag 11, Dienstag, 11.08.<\/span>\r\n<ul>\r\n\t<li><span style=\"color: #000000\">Fahrt nach Podgorica =&gt; Gutes Eis, sonst nicht viel zu sehen<\/span><\/li>\r\n\t<li><span style=\"color: #000000\">Bootsfahrt auf dem Skadarsee =&gt; Zum Gl\u00fcck sind wir nicht ganz stecken geblieben!<\/span><\/li>\r\n<\/ul>\r\n<span style=\"color: #000000\">Tag 12, Mittwoch, 12.08.<\/span>\r\n<ul>\r\n\t<li><span style=\"color: #000000\">Besuch der Polizei<\/span><\/li>\r\n<\/ul>\r\n<span style=\"color: #000000\">Tag 13, Donnerstag, 13.08. <\/span>\r\n<ul>\r\n\t<li><span style=\"color: #000000\">Krankenhausbesuch =&gt; Jetzt fehlt nur noch die Feuerwehr!<\/span><\/li>\r\n<\/ul>\r\n<span style=\"color: #000000\">Tag 14, Freitag, 14.08.<\/span>\r\n<ul>\r\n\t<li><span style=\"color: #000000\">Endlich geht es heim! \u2013 Schade eigentlich!<\/span><\/li>\r\n<\/ul>\r\n<span style=\"color: #000000\">Tag 15, Samstag, 15.08.<\/span>\r\n<ul>\r\n\t<li><span style=\"color: #000000\">Planm\u00e4\u00dfige Ankunft in Waldbuch<\/span><\/li>\r\n<\/ul>\r\n<p align=\"LEFT\"><span style=\"color: #3366ff;font-size: 14pt;font-family: impact, sans-serif\">Stefan<\/span><\/p>\r\n<\/td>\r\n<\/tr>\r\n<tr>\r\n<td><\/td>\r\n<\/tr>\r\n<tr>\r\n<td><\/td>\r\n<\/tr>\r\n<tr>\r\n<td><\/td>\r\n<\/tr>\r\n<tr>\r\n<td><\/td>\r\n<\/tr>\r\n<\/tbody>\r\n<\/table><\/div><\/div><a class=\"mtphr-dnt-nav mtphr-dnt-nav-prev\" href=\"#\" rel=\"nofollow\" aria-label=\"Previous\"><i class=\"mtphr-dnt-icon-arrow-left\"><\/i><\/a><a class=\"mtphr-dnt-nav mtphr-dnt-nav-next\" href=\"#\" rel=\"nofollow\" aria-label=\"Next\"><i class=\"mtphr-dnt-icon-arrow-right\"><\/i><\/a><\/div><div class=\"mtphr-dnt-control-links\"><a class=\"mtphr-dnt-control mtphr-dnt-control-button\" href=\"0\" rel=\"nofollow\"><i class=\"mtphr-dnt-icon-button\"><\/i><\/a><a class=\"mtphr-dnt-control mtphr-dnt-control-button\" href=\"1\" rel=\"nofollow\"><i class=\"mtphr-dnt-icon-button\"><\/i><\/a><a class=\"mtphr-dnt-control mtphr-dnt-control-button\" href=\"2\" rel=\"nofollow\"><i class=\"mtphr-dnt-icon-button\"><\/i><\/a><a class=\"mtphr-dnt-control mtphr-dnt-control-button\" href=\"3\" rel=\"nofollow\"><i class=\"mtphr-dnt-icon-button\"><\/i><\/a><a class=\"mtphr-dnt-control mtphr-dnt-control-button\" href=\"4\" rel=\"nofollow\"><i class=\"mtphr-dnt-icon-button\"><\/i><\/a><a class=\"mtphr-dnt-control mtphr-dnt-control-button\" href=\"5\" rel=\"nofollow\"><i class=\"mtphr-dnt-icon-button\"><\/i><\/a><a class=\"mtphr-dnt-control mtphr-dnt-control-button\" href=\"6\" rel=\"nofollow\"><i class=\"mtphr-dnt-icon-button\"><\/i><\/a><a class=\"mtphr-dnt-control mtphr-dnt-control-button\" href=\"7\" rel=\"nofollow\"><i class=\"mtphr-dnt-icon-button\"><\/i><\/a><a class=\"mtphr-dnt-control mtphr-dnt-control-button\" href=\"8\" rel=\"nofollow\"><i class=\"mtphr-dnt-icon-button\"><\/i><\/a><a class=\"mtphr-dnt-control mtphr-dnt-control-button\" href=\"9\" rel=\"nofollow\"><i class=\"mtphr-dnt-icon-button\"><\/i><\/a><a class=\"mtphr-dnt-control mtphr-dnt-control-button\" href=\"10\" rel=\"nofollow\"><i class=\"mtphr-dnt-icon-button\"><\/i><\/a><a class=\"mtphr-dnt-control mtphr-dnt-control-button\" href=\"11\" rel=\"nofollow\"><i class=\"mtphr-dnt-icon-button\"><\/i><\/a><a class=\"mtphr-dnt-control mtphr-dnt-control-button\" href=\"12\" rel=\"nofollow\"><i class=\"mtphr-dnt-icon-button\"><\/i><\/a><a class=\"mtphr-dnt-control mtphr-dnt-control-button\" href=\"13\" rel=\"nofollow\"><i class=\"mtphr-dnt-icon-button\"><\/i><\/a><\/div><\/div><\/div>\n","protected":false},"excerpt":{"rendered":"","protected":false},"author":2,"featured_media":9066,"comment_status":"open","ping_status":"open","sticky":false,"template":"","format":"standard","meta":{"_monsterinsights_skip_tracking":false,"_monsterinsights_sitenote_active":false,"_monsterinsights_sitenote_note":"","_monsterinsights_sitenote_category":0,"footnotes":""},"categories":[136,132,130,131],"tags":[],"class_list":["post-12067","post","type-post","status-publish","format-standard","has-post-thumbnail","hentry","category-pfadfinder","category-rover","category-unsere-aktionen","category-woelflinge"],"aioseo_notices":[],"_links":{"self":[{"href":"https:\/\/stammkoenigartus.de\/index.php?rest_route=\/wp\/v2\/posts\/12067","targetHints":{"allow":["GET"]}}],"collection":[{"href":"https:\/\/stammkoenigartus.de\/index.php?rest_route=\/wp\/v2\/posts"}],"about":[{"href":"https:\/\/stammkoenigartus.de\/index.php?rest_route=\/wp\/v2\/types\/post"}],"author":[{"embeddable":true,"href":"https:\/\/stammkoenigartus.de\/index.php?rest_route=\/wp\/v2\/users\/2"}],"replies":[{"embeddable":true,"href":"https:\/\/stammkoenigartus.de\/index.php?rest_route=%2Fwp%2Fv2%2Fcomments&post=12067"}],"version-history":[{"count":2,"href":"https:\/\/stammkoenigartus.de\/index.php?rest_route=\/wp\/v2\/posts\/12067\/revisions"}],"predecessor-version":[{"id":17975,"href":"https:\/\/stammkoenigartus.de\/index.php?rest_route=\/wp\/v2\/posts\/12067\/revisions\/17975"}],"wp:featuredmedia":[{"embeddable":true,"href":"https:\/\/stammkoenigartus.de\/index.php?rest_route=\/wp\/v2\/media\/9066"}],"wp:attachment":[{"href":"https:\/\/stammkoenigartus.de\/index.php?rest_route=%2Fwp%2Fv2%2Fmedia&parent=12067"}],"wp:term":[{"taxonomy":"category","embeddable":true,"href":"https:\/\/stammkoenigartus.de\/index.php?rest_route=%2Fwp%2Fv2%2Fcategories&post=12067"},{"taxonomy":"post_tag","embeddable":true,"href":"https:\/\/stammkoenigartus.de\/index.php?rest_route=%2Fwp%2Fv2%2Ftags&post=12067"}],"curies":[{"name":"wp","href":"https:\/\/api.w.org\/{rel}","templated":true}]}}