{"id":12101,"date":"2016-08-08T22:36:57","date_gmt":"2016-08-08T20:36:57","guid":{"rendered":"http:\/\/stammkoenigartus.de\/?p=12101"},"modified":"2023-02-12T17:48:22","modified_gmt":"2023-02-12T16:48:22","slug":"gruppenstunde-meute-fledermaus-am-15-juli-2016","status":"publish","type":"post","link":"https:\/\/stammkoenigartus.de\/?p=12101","title":{"rendered":"Gruppenstunde Meute Fledermaus am 3. Juni 2016"},"content":{"rendered":"\n<p>P\u00fcnktlich um 17:00 Uhr waren alle bis auf 1 W\u00f6lfling zur Gruppenstunde erschienen &#8211; nicht anwesend war Kenny.\u00a0Wie immer wurde die Gruppenstunde mit dem Anfangskreis und dem Wahlspruch der W\u00f6lflinge er\u00f6ffnet. Bevor wir mit der Probenarbeit f\u00fcr das Stammeslager anfingen, haben wir zusammen das Spiel \u201eSchwarz-Wei\u00df\u201c gespielt, um die Kinder etwas auszupowern.<\/p>\n<p>Nach einigen lustigen Runden bin ich mit den Kindern in den Gruppenraum der Meute gegangen, denn es hatte zu regnen angefangen. Nun stieg ich in die Probenarbeit mit dem Thema \u201eErste Hilfe\u201c ein. Dazu habe ich &#8211; w\u00e4hrend die Kinder sich nach oben in den Gruppenraum begaben &#8211; einen Verbandskasten in den Raum gelegt und einen Unfall vorget\u00e4uscht um die Reaktion der Kinder zu testen.<\/p>\n<p>Nach etwas z\u00f6gern haben sie sich getraut, etwas zu tun. Nachdem die Kinder der Meinung waren, sie h\u00e4tten mich verarztet, habe ich die noch vorhandenen Fehler mit ihnen besprochen. Das hei\u00dft, wir haben die verschiedenen Verb\u00e4nde besprochen, sowie die Notrufnummer und die 5 W-Fragen.<\/p>\n<p>Bei letzteren hatten die Kinder noch einige Probleme. So bin ich darauf eingegangen und habe diese mehrmals mit ihnen wiederholt, bis alle es auswendig konnten. Dadurch ging mehr Zeit drauf als geplant und die Gruppenstunde neigte sich dem Ende.<\/p>\n<p>Die Kinder durften sich zum Schluss noch ein Spiel aussuchen. Danach beendete ich die Gruppenstunde im Abschlusskreis und mit dem Gru\u00df der W\u00f6lflinge.<\/p>\n<p>Chris<\/p>\n","protected":false},"excerpt":{"rendered":"<p>P\u00fcnktlich um 17:00 Uhr waren alle bis auf 1 W\u00f6lfling zur Gruppenstunde erschienen &#8211; nicht anwesend war Kenny.\u00a0Wie immer wurde die Gruppenstunde mit dem Anfangskreis &hellip;<\/p>\n","protected":false},"author":14,"featured_media":17908,"comment_status":"open","ping_status":"open","sticky":false,"template":"","format":"standard","meta":{"_monsterinsights_skip_tracking":false,"_monsterinsights_sitenote_active":false,"_monsterinsights_sitenote_note":"","_monsterinsights_sitenote_category":0,"footnotes":""},"categories":[130,131],"tags":[],"class_list":["post-12101","post","type-post","status-publish","format-standard","has-post-thumbnail","hentry","category-unsere-aktionen","category-woelflinge"],"aioseo_notices":[],"_links":{"self":[{"href":"https:\/\/stammkoenigartus.de\/index.php?rest_route=\/wp\/v2\/posts\/12101","targetHints":{"allow":["GET"]}}],"collection":[{"href":"https:\/\/stammkoenigartus.de\/index.php?rest_route=\/wp\/v2\/posts"}],"about":[{"href":"https:\/\/stammkoenigartus.de\/index.php?rest_route=\/wp\/v2\/types\/post"}],"author":[{"embeddable":true,"href":"https:\/\/stammkoenigartus.de\/index.php?rest_route=\/wp\/v2\/users\/14"}],"replies":[{"embeddable":true,"href":"https:\/\/stammkoenigartus.de\/index.php?rest_route=%2Fwp%2Fv2%2Fcomments&post=12101"}],"version-history":[{"count":23,"href":"https:\/\/stammkoenigartus.de\/index.php?rest_route=\/wp\/v2\/posts\/12101\/revisions"}],"predecessor-version":[{"id":18150,"href":"https:\/\/stammkoenigartus.de\/index.php?rest_route=\/wp\/v2\/posts\/12101\/revisions\/18150"}],"wp:featuredmedia":[{"embeddable":true,"href":"https:\/\/stammkoenigartus.de\/index.php?rest_route=\/wp\/v2\/media\/17908"}],"wp:attachment":[{"href":"https:\/\/stammkoenigartus.de\/index.php?rest_route=%2Fwp%2Fv2%2Fmedia&parent=12101"}],"wp:term":[{"taxonomy":"category","embeddable":true,"href":"https:\/\/stammkoenigartus.de\/index.php?rest_route=%2Fwp%2Fv2%2Fcategories&post=12101"},{"taxonomy":"post_tag","embeddable":true,"href":"https:\/\/stammkoenigartus.de\/index.php?rest_route=%2Fwp%2Fv2%2Ftags&post=12101"}],"curies":[{"name":"wp","href":"https:\/\/api.w.org\/{rel}","templated":true}]}}