{"id":12115,"date":"2016-08-08T23:38:09","date_gmt":"2016-08-08T21:38:09","guid":{"rendered":"http:\/\/stammkoenigartus.de\/?p=12115"},"modified":"2023-02-12T17:09:47","modified_gmt":"2023-02-12T16:09:47","slug":"gruppenstunde-meute-fledermaus-am-15-juli-2016-2","status":"publish","type":"post","link":"https:\/\/stammkoenigartus.de\/?p=12115","title":{"rendered":"Gruppenstunde Meute Fledermaus am 15. Juli 2016"},"content":{"rendered":"<p>Wir trafen uns wie immer um 17:00 Uhr zur Gruppenstunde in Waldbuch. Alle Kinder waren zur Gruppenstunde gekommen. Die Gruppenstunde wurde im Anfangskreis mit dem Wahlspruch der W\u00f6lflinge er\u00f6ffnet. Die Themen waren Kim und Stammesaufbau.<\/p>\n<p>Zu Beginn der Gruppenstunde spielten wir \u201eSchwarz-Wei\u00df\u201c. W\u00e4hrend die Kinder spielten, hat Lorenz schon mal eine Decke und 12 verschiedene Gegenst\u00e4nde bereitgelegt. Nach spannenden Runden\u00a0\u201eSchwarz-Wei\u00df\u201c kamen wir nun zum ersten Thema: &#8222;Kim&#8220;.<\/p>\n<p>Dazu habe ich die verschiedenen Gegenst\u00e4nde unter die Decke gelegt. Dann habe ich jedem Kind ein Blatt Papier ausgeteilt. Die Kinder hatten folgende Aufgabe: Sie hatten 30 Sekunden Zeit, sich die 12 Gegenst\u00e4nde zu merken und sie dann auf ihr Blatt zu schreiben. In dieser ersten Runde konnte sich keiner alle 12 Gegenst\u00e4nde merken.<\/p>\n<p>In der zweiten Runde hatten die Kinder die selbe Aufgabe &#8211; nur diesmal mit 40 Sekunden Zeit.\u00a0Diesmal hatten fast alle die 12 Gegenst\u00e4nde auf ihrem Blatt stehen.<\/p>\n<p>Zur dritten und letzten Runde hatte ich noch 2 Gegenst\u00e4nde dazugelegt, aber diesmal sollten die Kinder alle Gegenst\u00e4nde aus dem Ged\u00e4chtnis aufschreiben. Auch das hat bei fast allen ganz gut funktioniert.<\/p>\n<p>Nun gab es erst mal eine Trinkpause f\u00fcr die Kinder. Darauf kamen wir zum n\u00e4chsten Thema &#8211; der Stammesaufbau. Zuerst erkl\u00e4rte ich, warum unser Stamm \u00fcberhaupt\u00a0\u201eStamm K\u00f6nig Artus\u201c hei\u00dft. Danach besprachen wir die verschiedenen Gruppen in unserem Stamm, sowie wer in unserer Stammesf\u00fchrung ist.<\/p>\n<p>Da wir nicht die einzigen Pfadfinder sind, haben wir noch \u00fcber unseren Ring gesprochen: Wer denn die Ringf\u00fchrerin ist und wie sich ein Ring bildet. Genauso haben wir \u00fcber unseren Bund gesprochen, wie unser Bund hei\u00dft und wer der Bundesf\u00fchrer ist.<\/p>\n<p>Leider haben sich Armin und Ben nicht benommen, so mussten sie w\u00e4hrenddessen aufsp\u00fclen. Zum Schluss gab es noch eine Runde \u00a0\u201eSchwarz-Wei\u00df\u201c.<\/p>\n<p>Die Stunde wurde mit dem Gru\u00df beendet.<\/p>\n<p>Chris<\/p>\n","protected":false},"excerpt":{"rendered":"<p>Wir trafen uns wie immer um 17:00 Uhr zur Gruppenstunde in Waldbuch. Alle Kinder waren zur Gruppenstunde gekommen. Die Gruppenstunde wurde im Anfangskreis mit dem &hellip;<\/p>\n","protected":false},"author":14,"featured_media":6527,"comment_status":"open","ping_status":"open","sticky":false,"template":"","format":"standard","meta":{"_monsterinsights_skip_tracking":false,"_monsterinsights_sitenote_active":false,"_monsterinsights_sitenote_note":"","_monsterinsights_sitenote_category":0,"footnotes":""},"categories":[130,131],"tags":[],"class_list":["post-12115","post","type-post","status-publish","format-standard","has-post-thumbnail","hentry","category-unsere-aktionen","category-woelflinge"],"aioseo_notices":[],"_links":{"self":[{"href":"https:\/\/stammkoenigartus.de\/index.php?rest_route=\/wp\/v2\/posts\/12115","targetHints":{"allow":["GET"]}}],"collection":[{"href":"https:\/\/stammkoenigartus.de\/index.php?rest_route=\/wp\/v2\/posts"}],"about":[{"href":"https:\/\/stammkoenigartus.de\/index.php?rest_route=\/wp\/v2\/types\/post"}],"author":[{"embeddable":true,"href":"https:\/\/stammkoenigartus.de\/index.php?rest_route=\/wp\/v2\/users\/14"}],"replies":[{"embeddable":true,"href":"https:\/\/stammkoenigartus.de\/index.php?rest_route=%2Fwp%2Fv2%2Fcomments&post=12115"}],"version-history":[{"count":4,"href":"https:\/\/stammkoenigartus.de\/index.php?rest_route=\/wp\/v2\/posts\/12115\/revisions"}],"predecessor-version":[{"id":18097,"href":"https:\/\/stammkoenigartus.de\/index.php?rest_route=\/wp\/v2\/posts\/12115\/revisions\/18097"}],"wp:featuredmedia":[{"embeddable":true,"href":"https:\/\/stammkoenigartus.de\/index.php?rest_route=\/wp\/v2\/media\/6527"}],"wp:attachment":[{"href":"https:\/\/stammkoenigartus.de\/index.php?rest_route=%2Fwp%2Fv2%2Fmedia&parent=12115"}],"wp:term":[{"taxonomy":"category","embeddable":true,"href":"https:\/\/stammkoenigartus.de\/index.php?rest_route=%2Fwp%2Fv2%2Fcategories&post=12115"},{"taxonomy":"post_tag","embeddable":true,"href":"https:\/\/stammkoenigartus.de\/index.php?rest_route=%2Fwp%2Fv2%2Ftags&post=12115"}],"curies":[{"name":"wp","href":"https:\/\/api.w.org\/{rel}","templated":true}]}}