{"id":12243,"date":"2016-08-28T18:09:10","date_gmt":"2016-08-28T16:09:10","guid":{"rendered":"http:\/\/stammkoenigartus.de\/?p=12243"},"modified":"2023-02-12T17:01:10","modified_gmt":"2023-02-12T16:01:10","slug":"xxl-haijk","status":"publish","type":"post","link":"https:\/\/stammkoenigartus.de\/?p=12243","title":{"rendered":"XXL Haijk"},"content":{"rendered":"<p>7 Tage lang wanderten wir den Steigerwald-Panoramaweg entlang. In dieser Zeit hatten wir weder ein Dach \u00fcber dem Kopf, noch ein Bett unter uns. Erstmals seit 11 Jahren sind wir so eine lange Tour mal wieder gelaufen.\u00a0\u00dcber 160 Km f\u00fchrt dieser Weg von Bad Windsheim &#8211; wo wir starteten &#8211; bis hoch in den Norden nach Bamberg. 140 dieser Kilometer haben wir in diesen 9 Tagen zur\u00fcckgelegt. Das Wetter war mit 30 \u00b0C voll auf unserer Seite. Hier unser Tagebuch mit all unseren Erfahrungen auf dieser langen Strecke.<\/p>\n<p>\u00a0<\/p>\n\n<div id=\"mtphr-dnt-12198\" class=\"mtphr-dnt mtphr-dnt-12198 mtphr-dnt-default mtphr-dnt-rotate mtphr-dnt-rotate-fade\"><div class=\"mtphr-dnt-wrapper mtphr-dnt-clearfix\"><h3 class=\"mtphr-dnt-title\">Tagebuch XXl Haijk 2016<\/h3><div class=\"mtphr-dnt-tick-container\" style=\"padding-top:10px;padding-bottom:10px;margin-top:10px;margin-bottom:10px;\"><div class=\"mtphr-dnt-tick-contents\"><div class=\"mtphr-dnt-tick mtphr-dnt-default-tick mtphr-dnt-clearfix \"><table style=\"height: 1180px;width: 80.4122%\">\r\n<tbody>\r\n<tr style=\"height: 68px\">\r\n<td style=\"text-align: center;height: 68px;width: 100%\">\r\n<p align=\"CENTER\"><span style=\"font-size: 18pt;color: #000000\"><u><b>Sonntag, 21.08.2016<\/b><\/u><\/span><\/p>\r\n<\/td>\r\n<\/tr>\r\n<tr style=\"height: 56px\">\r\n<td style=\"text-align: center;height: 56px;width: 100%\">\r\n<p align=\"CENTER\"><span style=\"font-size: medium;color: #000000\"><u><b>Tag 1\r\n<\/b><\/u><\/span><\/p>\r\n<\/td>\r\n<\/tr>\r\n<tr style=\"height: 56px\">\r\n<td style=\"text-align: center;height: 56px;width: 100%\"><span style=\"font-size: 14pt;color: #000000\">\u00a0Treffpunkt war der Kronacher Bahnhof. Um 7:40 Uhr stiegen Felix, Stefan, Selma, Axel, Baider und Stumpf\u00a0 schlie\u00dflich in den Zug. Die Fahrt lief gut, jedoch bemerkten wir in N\u00fcrnberg, \u00a0dass unser Anschlusszug ein ICE ist, womit wir nicht fahren durften. Mit neuem Fahrplan ging es weiter nach Bad Windsheim. Dort angekommen suchten wir die Touristeninformation auf und holten ein paar Karten. Los ging es Richtung Bamberg. Nach 1 Km setzten wir uns unter einen Baum zum Mittagessen. Dann ging es \u00fcber einen Berg in ein Dorf. Leider hatte das Dorf zwei Kirchen, aber keinen Brunnen mit Trinkwasser. Noch eine Wasserholpause und weiter ging\u00b4s. Am Fu\u00dfe eines Berges fiel uns auf, das Yannicks Schuhe zu klein waren, was ihm Schmerzen bereitete. Am Ziel &#8211; einer Ruine &#8211; angekommen, sahen wir eine Feuerstelle. Jeder packte mit an und schon sa\u00dfen wir am Feuer mit Stockbrot und Maiskolben. Um 22 Uhr l\u00f6schten wir das Feuer und schliefen ein. <\/span><\/td>\r\n<\/tr>\r\n<tr style=\"height: 24px\">\r\n<td style=\"text-align: center;height: 24px;width: 100%\"><span style=\"font-size: 14pt;font-family: impact,sans-serif;color: #3366ff\">Lukas<\/span><\/td>\r\n<\/tr>\r\n<tr style=\"height: 56px\">\r\n<td style=\"height: 56px;width: 100%\"><div id='gallery-1' class='gallery galleryid-12243 gallery-columns-3 gallery-size-thumbnail'><figure class='gallery-item'>\n\t\t\t<div class='gallery-icon landscape'>\n\t\t\t\t<a href='https:\/\/stammkoenigartus.de\/wp-content\/uploads\/XXL-Haijk-1-2.jpg' rel=\"lightbox[12243]\"><img loading=\"lazy\" decoding=\"async\" width=\"150\" height=\"150\" src=\"https:\/\/stammkoenigartus.de\/wp-content\/uploads\/XXL-Haijk-1-2-150x150.jpg\" class=\"attachment-thumbnail size-thumbnail\" alt=\"\" aria-describedby=\"gallery-1-12199\" \/><\/a>\n\t\t\t<\/div>\n\t\t\t\t<figcaption class='wp-caption-text gallery-caption' id='gallery-1-12199'>\n\t\t\t\tOrientierung ? Klaro \n\t\t\t\t<\/figcaption><\/figure><figure class='gallery-item'>\n\t\t\t<div class='gallery-icon landscape'>\n\t\t\t\t<a href='https:\/\/stammkoenigartus.de\/wp-content\/uploads\/XXL-Haijk-1-10.jpg' rel=\"lightbox[12243]\"><img loading=\"lazy\" decoding=\"async\" width=\"150\" height=\"150\" src=\"https:\/\/stammkoenigartus.de\/wp-content\/uploads\/XXL-Haijk-1-10-150x150.jpg\" class=\"attachment-thumbnail size-thumbnail\" alt=\"\" aria-describedby=\"gallery-1-12200\" \/><\/a>\n\t\t\t<\/div>\n\t\t\t\t<figcaption class='wp-caption-text gallery-caption' id='gallery-1-12200'>\n\t\t\t\tAm Nachtlager &#8211; einer ehemaligen Burgruine &#8211; angekommen\n\t\t\t\t<\/figcaption><\/figure><figure class='gallery-item'>\n\t\t\t<div class='gallery-icon landscape'>\n\t\t\t\t<a href='https:\/\/stammkoenigartus.de\/wp-content\/uploads\/XXL-Haijk-1-18.jpg' rel=\"lightbox[12243]\"><img loading=\"lazy\" decoding=\"async\" width=\"150\" height=\"150\" src=\"https:\/\/stammkoenigartus.de\/wp-content\/uploads\/XXL-Haijk-1-18-150x150.jpg\" class=\"attachment-thumbnail size-thumbnail\" alt=\"\" aria-describedby=\"gallery-1-12201\" \/><\/a>\n\t\t\t<\/div>\n\t\t\t\t<figcaption class='wp-caption-text gallery-caption' id='gallery-1-12201'>\n\t\t\t\tNochmal kurz einrichten\n\t\t\t\t<\/figcaption><\/figure><figure class='gallery-item'>\n\t\t\t<div class='gallery-icon landscape'>\n\t\t\t\t<a href='https:\/\/stammkoenigartus.de\/wp-content\/uploads\/XXL-Haijk-1-27.jpg' rel=\"lightbox[12243]\"><img loading=\"lazy\" decoding=\"async\" width=\"150\" height=\"150\" src=\"https:\/\/stammkoenigartus.de\/wp-content\/uploads\/XXL-Haijk-1-27-150x150.jpg\" class=\"attachment-thumbnail size-thumbnail\" alt=\"\" aria-describedby=\"gallery-1-12202\" \/><\/a>\n\t\t\t<\/div>\n\t\t\t\t<figcaption class='wp-caption-text gallery-caption' id='gallery-1-12202'>\n\t\t\t\tFeuer und Essen, es gibt nichts Sch\u00f6neres &#8230;\n\t\t\t\t<\/figcaption><\/figure><figure class='gallery-item'>\n\t\t\t<div class='gallery-icon landscape'>\n\t\t\t\t<a href='https:\/\/stammkoenigartus.de\/wp-content\/uploads\/XXL-Haijk-1-37.jpg' rel=\"lightbox[12243]\"><img loading=\"lazy\" decoding=\"async\" width=\"150\" height=\"150\" src=\"https:\/\/stammkoenigartus.de\/wp-content\/uploads\/XXL-Haijk-1-37-150x150.jpg\" class=\"attachment-thumbnail size-thumbnail\" alt=\"\" aria-describedby=\"gallery-1-12203\" \/><\/a>\n\t\t\t<\/div>\n\t\t\t\t<figcaption class='wp-caption-text gallery-caption' id='gallery-1-12203'>\n\t\t\t\t&#8230; au\u00dfer gegrillten Mais\n\t\t\t\t<\/figcaption><\/figure>\n\t\t<\/div>\n\r\n<p align=\"CENTER\"><span style=\"color: #000000\"><span style=\"font-size: medium\">\u00a0<\/span><\/span><\/p>\r\n<\/td>\r\n<\/tr>\r\n<\/tbody>\r\n<\/table>\r\n&nbsp;<\/div><div class=\"mtphr-dnt-tick mtphr-dnt-default-tick mtphr-dnt-clearfix \"><table style=\"height: 286px;width: 79.3783%\">\r\n<tbody>\r\n<tr style=\"height: 68px\">\r\n<td style=\"text-align: center;height: 68px;width: 100%\">\r\n<p align=\"CENTER\"><span style=\"font-size: 18pt;color: #000000\"><u><b>Montag, 22.08.2016<\/b><\/u><\/span><\/p>\r\n<\/td>\r\n<\/tr>\r\n<tr style=\"height: 56px\">\r\n<td style=\"text-align: center;height: 56px;width: 100%\">\r\n<p align=\"CENTER\"><span style=\"font-size: medium;color: #000000\"><u><b>Tag 2\r\n<\/b><\/u><\/span><\/p>\r\n<\/td>\r\n<\/tr>\r\n<tr style=\"height: 56px\">\r\n<td style=\"text-align: center;height: 56px;width: 100%\">\r\n<p align=\"CENTER\"><span style=\"font-size: 14pt;color: #000000\">Nach einer unruhigen Nacht und\u00a0Fr\u00fchst\u00fcck am Bett (bzw. Schlafsack) ging es direkt los. Mit der Zeit wurde es immer w\u00e4rmer und sonniger. Mittag verbrachten wir an einer Kneippanlage, k\u00fchlten unsere F\u00fc\u00dfe und f\u00fcllten unser Wasser auf. Ich wusch meine Socken, dann legten wir uns hin und schliefen. Einige nahmen den KaSpa (=Klappspaten) und machten sich auf ins Abenteuer. Nach ungef\u00e4hr 2 Stunden gingen wir weiter. Zwischendurch a\u00dfen Felix und Selma Weintrauben, \u00c4pfel und alles was reif aussah. Jetzt sitzen wir in unserem zweiten Lager und essen K\u00e4sesp\u00e4tzle und Joghurt. Gleich gehen wir langsam Richtung Bett und morgen geht es weiter.<b><\/b><\/span><\/p>\r\n<\/td>\r\n<\/tr>\r\n<tr style=\"height: 24px\">\r\n<td style=\"text-align: center;height: 24px;width: 100%\"><span style=\"font-size: 14pt;font-family: impact,sans-serif;color: #3366ff\">Axel<\/span><\/td>\r\n<\/tr>\r\n<tr style=\"height: 56px\">\r\n<td style=\"height: 56px;width: 100%\"><div id='gallery-2' class='gallery galleryid-12243 gallery-columns-3 gallery-size-thumbnail'><figure class='gallery-item'>\n\t\t\t<div class='gallery-icon landscape'>\n\t\t\t\t<a href='https:\/\/stammkoenigartus.de\/wp-content\/uploads\/XXL-Haijk-1-42.jpg' rel=\"lightbox[12243]\"><img loading=\"lazy\" decoding=\"async\" width=\"150\" height=\"150\" src=\"https:\/\/stammkoenigartus.de\/wp-content\/uploads\/XXL-Haijk-1-42-150x150.jpg\" class=\"attachment-thumbnail size-thumbnail\" alt=\"\" aria-describedby=\"gallery-2-12204\" \/><\/a>\n\t\t\t<\/div>\n\t\t\t\t<figcaption class='wp-caption-text gallery-caption' id='gallery-2-12204'>\n\t\t\t\tWandern h\u00e4lt jung\n\t\t\t\t<\/figcaption><\/figure><figure class='gallery-item'>\n\t\t\t<div class='gallery-icon landscape'>\n\t\t\t\t<a href='https:\/\/stammkoenigartus.de\/wp-content\/uploads\/XXL-Haijk-1-45.jpg' rel=\"lightbox[12243]\"><img loading=\"lazy\" decoding=\"async\" width=\"150\" height=\"150\" src=\"https:\/\/stammkoenigartus.de\/wp-content\/uploads\/XXL-Haijk-1-45-150x150.jpg\" class=\"attachment-thumbnail size-thumbnail\" alt=\"\" aria-describedby=\"gallery-2-12205\" \/><\/a>\n\t\t\t<\/div>\n\t\t\t\t<figcaption class='wp-caption-text gallery-caption' id='gallery-2-12205'>\n\t\t\t\tEcht coole Laubw\u00e4lder\n\t\t\t\t<\/figcaption><\/figure><figure class='gallery-item'>\n\t\t\t<div class='gallery-icon landscape'>\n\t\t\t\t<a href='https:\/\/stammkoenigartus.de\/wp-content\/uploads\/XXL-Haijk-1-53.jpg' rel=\"lightbox[12243]\"><img loading=\"lazy\" decoding=\"async\" width=\"150\" height=\"150\" src=\"https:\/\/stammkoenigartus.de\/wp-content\/uploads\/XXL-Haijk-1-53-150x150.jpg\" class=\"attachment-thumbnail size-thumbnail\" alt=\"\" aria-describedby=\"gallery-2-12206\" \/><\/a>\n\t\t\t<\/div>\n\t\t\t\t<figcaption class='wp-caption-text gallery-caption' id='gallery-2-12206'>\n\t\t\t\tUnsere Strecke\n\t\t\t\t<\/figcaption><\/figure><figure class='gallery-item'>\n\t\t\t<div class='gallery-icon landscape'>\n\t\t\t\t<a href='https:\/\/stammkoenigartus.de\/wp-content\/uploads\/XXL-Haijk-1-58.jpg' rel=\"lightbox[12243]\"><img loading=\"lazy\" decoding=\"async\" width=\"150\" height=\"150\" src=\"https:\/\/stammkoenigartus.de\/wp-content\/uploads\/XXL-Haijk-1-58-150x150.jpg\" class=\"attachment-thumbnail size-thumbnail\" alt=\"\" aria-describedby=\"gallery-2-12207\" \/><\/a>\n\t\t\t<\/div>\n\t\t\t\t<figcaption class='wp-caption-text gallery-caption' id='gallery-2-12207'>\n\t\t\t\tWundersch\u00f6ne vertr\u00e4umte D\u00f6rfer\n\t\t\t\t<\/figcaption><\/figure><figure class='gallery-item'>\n\t\t\t<div class='gallery-icon landscape'>\n\t\t\t\t<a href='https:\/\/stammkoenigartus.de\/wp-content\/uploads\/XXL-Haijk-1-54.jpg' rel=\"lightbox[12243]\"><img loading=\"lazy\" decoding=\"async\" width=\"150\" height=\"150\" src=\"https:\/\/stammkoenigartus.de\/wp-content\/uploads\/XXL-Haijk-1-54-150x150.jpg\" class=\"attachment-thumbnail size-thumbnail\" alt=\"\" aria-describedby=\"gallery-2-12208\" \/><\/a>\n\t\t\t<\/div>\n\t\t\t\t<figcaption class='wp-caption-text gallery-caption' id='gallery-2-12208'>\n\t\t\t\tUnd Maiskolben mit Gesicht\n\t\t\t\t<\/figcaption><\/figure>\n\t\t<\/div>\n\r\n<p align=\"CENTER\"><span style=\"color: #000000\"><span style=\"font-size: medium\">\u00a0<\/span><\/span><\/p>\r\n<\/td>\r\n<\/tr>\r\n<\/tbody>\r\n<\/table>\r\n&nbsp;<\/div><div class=\"mtphr-dnt-tick mtphr-dnt-default-tick mtphr-dnt-clearfix \"><table style=\"height: 286px;width: 80.1542%\">\r\n<tbody>\r\n<tr style=\"height: 68px\">\r\n<td style=\"text-align: center;height: 68px;width: 100%\">\r\n<p align=\"CENTER\"><span style=\"font-size: 18pt;color: #000000\"><u><b>Dienstag, 23.08.2016<\/b><\/u><\/span><\/p>\r\n<\/td>\r\n<\/tr>\r\n<tr style=\"height: 56px\">\r\n<td style=\"text-align: center;height: 56px;width: 100%\">\r\n<p align=\"CENTER\"><span style=\"font-size: medium;color: #000000\"><u><b>Tag 3 im Lockbuch von Captain Solenlos\r\n<\/b><\/u><\/span><\/p>\r\n<\/td>\r\n<\/tr>\r\n<tr style=\"height: 56px\">\r\n<td style=\"text-align: center;height: 56px;width: 100%\">\r\n<p align=\"CENTER\"><span style=\"font-size: 14pt;color: #000000\">Angesetzte Weckzeit : 5:45 Uhr,\r\nWirkliche Weckzeit: 6:45 Uhr.\r\nStart um 7:30 Uhr. \u00a0Nach einigen beschwerlichen Kiespfaden kamen ich und meine Crew an einen Spielplatz. Dort erfreute ich mich an einer im Sand endenden Seilbahn. Danach widmeten wir uns einem Gruppenfoto hin: <\/span><\/p>\r\n<p align=\"CENTER\"><span style=\"font-size: 14pt\">Take 1 &#8211; Felix hat nicht genug Kraft den Ausl\u00f6ser zu bet\u00e4tigen.\r\nTake 2 &#8211; Ein paar Leute haben die Augen zu. Na gut so viel dazu. <\/span><\/p>\r\n<p align=\"CENTER\"><span style=\"font-size: 14pt\">Nachdem das geschafft war, brachen wir erneut auf. Schotterwege\u00a0und Teerstra\u00dfen waren stehts bei uns. Circa 300 m nach dem Spielplatz f\u00fcllten wir unsere Wasservorr\u00e4te auf. Nach einigen Aufstiegen kamen wir auf den Schwanberg, wo wir Mittagssiesta machten. Nachdem Felix sich doch dazu entschied, die Bierkugel wieder einzupacken, sank die Motivation. \ud83d\ude42 <\/span><\/p>\r\n<p align=\"CENTER\"><span style=\"font-size: 14pt\">2 Stunden sp\u00e4ter brachen wir erneut auf. Nach einigen Auf- und Abstiegen machten wir erneut Rast, um Wasser aufzutanken. Nachdem eine sehr nette Frau mit ihrem Hund vorbei kam und uns Wasser anbot, f\u00fcllten wir es bei ihr auf. Nach geschenktem Eis und einer Vitaminst\u00e4rkung brachen wir auf &#8211; immer auf der Suche nach einem Schlafplatz. Wir sattelten ab und suchten. Nach dem entz\u00fcckenden Essen brachten wir uns in Schlafstellung. Leider ist es zum Ende etwas kurz geworden. <\/span><\/p>\r\n<\/td>\r\n<\/tr>\r\n<tr style=\"height: 56px\">\r\n<td style=\"text-align: center;height: 56px;width: 100%\">\r\n<p align=\"CENTER\"><span style=\"text-decoration: underline\"><span style=\"font-size: 14pt;color: #000000;text-decoration: underline\">3 Fakten \u00fcber Felix<\/span><\/span><\/p>\r\n\r\n<ol>\r\n \t<li>Er ist geladen wie eine Batterie.<\/li>\r\n \t<li>Er ist zu 50 % &#8222;Behindert&#8220;.<\/li>\r\n \t<li>Er hat eine Brennesel-Phobie.<\/li>\r\n<\/ol>\r\n<p align=\"CENTER\"><span style=\"text-decoration: underline;font-size: 14pt\">3 Fakten \u00fcber Peter<\/span><\/p>\r\n\r\n<ol>\r\n \t<li>Er nennt sich auch Baider.<\/li>\r\n \t<li>Er ist eine Standheizung.<\/li>\r\n \t<li>Er hat eine &#8222;Magic Hand&#8220;.<\/li>\r\n<\/ol>\r\n&nbsp;\r\n<p align=\"CENTER\"><span style=\"text-decoration: underline\"><span style=\"font-size: 14pt;color: #000000;text-decoration: underline\">3 Fakten \u00fcber Axel<\/span><\/span><\/p>\r\n\r\n<ol>\r\n \t<li>Er ist nicht multitaskingf\u00e4hig.<\/li>\r\n \t<li>Er benutzt zu viel Muckenspray.<\/li>\r\n \t<li>Er ist ein Warmduscher.<\/li>\r\n<\/ol>\r\n<p align=\"CENTER\"><span style=\"font-size: 14pt;color: #000000\"><span style=\"text-decoration: underline\">3 Fakten \u00fcber Lukas P.<\/span>\r\n<\/span><\/p>\r\n\r\n<ol>\r\n \t<li>Er hei\u00dft auch Selma.<\/li>\r\n \t<li>Kann seinen (Schlaf-)sack auf und zu machen.<\/li>\r\n \t<li>Ist sehr genau wenn es um sein K\u00f6rpergewicht geht.<\/li>\r\n<\/ol>\r\n<\/td>\r\n<\/tr>\r\n<tr style=\"height: 24px\">\r\n<td style=\"text-align: center;height: 24px;width: 100%\"><span style=\"font-size: 14pt;font-family: impact,sans-serif;color: #3366ff\">Stumpf<\/span><\/td>\r\n<\/tr>\r\n<tr style=\"height: 56px\">\r\n<td style=\"height: 56px;width: 100%\"><div id='gallery-3' class='gallery galleryid-12243 gallery-columns-3 gallery-size-thumbnail'><figure class='gallery-item'>\n\t\t\t<div class='gallery-icon landscape'>\n\t\t\t\t<a href='https:\/\/stammkoenigartus.de\/wp-content\/uploads\/XXL-Haijk-1-77.jpg' rel=\"lightbox[12243]\"><img loading=\"lazy\" decoding=\"async\" width=\"150\" height=\"150\" src=\"https:\/\/stammkoenigartus.de\/wp-content\/uploads\/XXL-Haijk-1-77-150x150.jpg\" class=\"attachment-thumbnail size-thumbnail\" alt=\"\" aria-describedby=\"gallery-3-12209\" \/><\/a>\n\t\t\t<\/div>\n\t\t\t\t<figcaption class='wp-caption-text gallery-caption' id='gallery-3-12209'>\n\t\t\t\tTrotz allem ein wenig matt\n\t\t\t\t<\/figcaption><\/figure><figure class='gallery-item'>\n\t\t\t<div class='gallery-icon landscape'>\n\t\t\t\t<a href='https:\/\/stammkoenigartus.de\/wp-content\/uploads\/XXL-Haijk-2-12.jpg' rel=\"lightbox[12243]\"><img loading=\"lazy\" decoding=\"async\" width=\"150\" height=\"150\" src=\"https:\/\/stammkoenigartus.de\/wp-content\/uploads\/XXL-Haijk-2-12-150x150.jpg\" class=\"attachment-thumbnail size-thumbnail\" alt=\"\" aria-describedby=\"gallery-3-12212\" \/><\/a>\n\t\t\t<\/div>\n\t\t\t\t<figcaption class='wp-caption-text gallery-caption' id='gallery-3-12212'>\n\t\t\t\tDer Aussichtsturm war leider geschlossen ;(\n\t\t\t\t<\/figcaption><\/figure><figure class='gallery-item'>\n\t\t\t<div class='gallery-icon landscape'>\n\t\t\t\t<a href='https:\/\/stammkoenigartus.de\/wp-content\/uploads\/XXL-Haijk-2-26.jpg' rel=\"lightbox[12243]\"><img loading=\"lazy\" decoding=\"async\" width=\"150\" height=\"150\" src=\"https:\/\/stammkoenigartus.de\/wp-content\/uploads\/XXL-Haijk-2-26-150x150.jpg\" class=\"attachment-thumbnail size-thumbnail\" alt=\"\" aria-describedby=\"gallery-3-12213\" \/><\/a>\n\t\t\t<\/div>\n\t\t\t\t<figcaption class='wp-caption-text gallery-caption' id='gallery-3-12213'>\n\t\t\t\tDie Kneipanlage &#8211; unsere Abk\u00fchlung!\n\t\t\t\t<\/figcaption><\/figure><figure class='gallery-item'>\n\t\t\t<div class='gallery-icon landscape'>\n\t\t\t\t<a href='https:\/\/stammkoenigartus.de\/wp-content\/uploads\/XXL-Haijk-2-35.jpg' rel=\"lightbox[12243]\"><img loading=\"lazy\" decoding=\"async\" width=\"150\" height=\"150\" src=\"https:\/\/stammkoenigartus.de\/wp-content\/uploads\/XXL-Haijk-2-35-150x150.jpg\" class=\"attachment-thumbnail size-thumbnail\" alt=\"\" aria-describedby=\"gallery-3-12214\" \/><\/a>\n\t\t\t<\/div>\n\t\t\t\t<figcaption class='wp-caption-text gallery-caption' id='gallery-3-12214'>\n\t\t\t\tMittagessen direkt danach\n\t\t\t\t<\/figcaption><\/figure><figure class='gallery-item'>\n\t\t\t<div class='gallery-icon landscape'>\n\t\t\t\t<a href='https:\/\/stammkoenigartus.de\/wp-content\/uploads\/XXL-Haijk-2-51.jpg' rel=\"lightbox[12243]\"><img loading=\"lazy\" decoding=\"async\" width=\"150\" height=\"150\" src=\"https:\/\/stammkoenigartus.de\/wp-content\/uploads\/XXL-Haijk-2-51-150x150.jpg\" class=\"attachment-thumbnail size-thumbnail\" alt=\"\" aria-describedby=\"gallery-3-12215\" \/><\/a>\n\t\t\t<\/div>\n\t\t\t\t<figcaption class='wp-caption-text gallery-caption' id='gallery-3-12215'>\n\t\t\t\tWeinberge \u00fcber Weinberge\n\t\t\t\t<\/figcaption><\/figure><figure class='gallery-item'>\n\t\t\t<div class='gallery-icon landscape'>\n\t\t\t\t<a href='https:\/\/stammkoenigartus.de\/wp-content\/uploads\/XXL-Haijk-2-70.jpg' rel=\"lightbox[12243]\"><img loading=\"lazy\" decoding=\"async\" width=\"150\" height=\"150\" src=\"https:\/\/stammkoenigartus.de\/wp-content\/uploads\/XXL-Haijk-2-70-150x150.jpg\" class=\"attachment-thumbnail size-thumbnail\" alt=\"\" aria-describedby=\"gallery-3-12216\" \/><\/a>\n\t\t\t<\/div>\n\t\t\t\t<figcaption class='wp-caption-text gallery-caption' id='gallery-3-12216'>\n\t\t\t\tUnser Nachtquartier oberhalb eines Weinbergs\n\t\t\t\t<\/figcaption><\/figure><figure class='gallery-item'>\n\t\t\t<div class='gallery-icon landscape'>\n\t\t\t\t<a href='https:\/\/stammkoenigartus.de\/wp-content\/uploads\/XXL-Haijk-2-92.jpg' rel=\"lightbox[12243]\"><img loading=\"lazy\" decoding=\"async\" width=\"150\" height=\"150\" src=\"https:\/\/stammkoenigartus.de\/wp-content\/uploads\/XXL-Haijk-2-92-150x150.jpg\" class=\"attachment-thumbnail size-thumbnail\" alt=\"\" aria-describedby=\"gallery-3-12217\" \/><\/a>\n\t\t\t<\/div>\n\t\t\t\t<figcaption class='wp-caption-text gallery-caption' id='gallery-3-12217'>\n\t\t\t\tTrupp auf dem Stein\n\t\t\t\t<\/figcaption><\/figure>\n\t\t<\/div>\n\r\n<p align=\"CENTER\"><span style=\"color: #000000\"><span style=\"font-size: medium\">\u00a0<\/span><\/span><\/p>\r\n<\/td>\r\n<\/tr>\r\n<\/tbody>\r\n<\/table>\r\n&nbsp;<\/div><div class=\"mtphr-dnt-tick mtphr-dnt-default-tick mtphr-dnt-clearfix \"><table style=\"height: 286px;width: 80.8706%\">\r\n<tbody>\r\n<tr style=\"height: 68px\">\r\n<td style=\"text-align: center;height: 68px;width: 100%\">\r\n<p align=\"CENTER\"><span style=\"font-size: 18pt\"><u><b>Mittwoch, 24.08.2016<\/b><\/u><\/span><\/p>\r\n<\/td>\r\n<\/tr>\r\n<tr style=\"height: 56px\">\r\n<td style=\"text-align: center;height: 56px;width: 100%\">\r\n<p align=\"CENTER\"><span style=\"font-size: medium\"><u><b>Tag 4\r\n<\/b><\/u><\/span><\/p>\r\n<\/td>\r\n<\/tr>\r\n<tr style=\"height: 56px\">\r\n<td style=\"text-align: center;height: 56px;width: 100%\">\r\n<p align=\"CENTER\"><span style=\"font-size: 14pt;color: #000000\">Nachdem wir uns vorgenommen hatten, um 5 aufzustehen, standen wir um 5:30 Uhr dann endlich auf. Selma, der &#8222;Brotschmierer&#8220;, verteilte Nutellabrote.<\/span><\/p>\r\n<p align=\"CENTER\"><span style=\"font-size: 14pt;color: #000000\"> Das Ziel des Tages: Ebrach. <\/span><\/p>\r\n<p align=\"CENTER\"><span style=\"font-size: 14pt;color: #000000\">Nachdem wir \u00fcber traumhafte Lichtungen gelaufen sind, h\u00f6rten wir schon die A3, die wir sogleich mit einer Br\u00fccke \u00fcberquerten. Vor uns lag Sonne, Hitze, Teer und Staub. Nach 1 Km erreichten wir Gr\u00e4fenneuses. Eine Kekspause sp\u00e4ter und mit m\u00fcllentleertem\u00a0Topf fanden wir uns auf einer ebenso romantischen Teerstra\u00dfe wieder, die noch dazu bergauf f\u00fchrte. Im Dorf Kleingossingen begegneten wir dem 1. Wanderer, der auch den Steigerwaldweg wanderte. Er gab uns einen Tipp: Frisch gebackenes Brot gleich um die Ecke. Ruck zuck waren wir da und wurden von dem Hund Felix begleitet. Leider konnten wir bei dem netten Bauernpaar nur noch ein Brot ergattern, da der Rest bestellt war. Wir zogen weiter. In einem traumhaften Tal voller Wiesen, Weiher und B\u00e4che liefen wir unserem Ziel entgegen: &#8222;Dem Schwimmbad&#8220;. Dieses erreichten wir harte 4 Km sp\u00e4ter. In Ebrach angekommen, tauchten wir ein ins eiskalte Nass. Das Bad war ungeheizt und eiskalt! Das erste mal nach 4 Tagen duschten wir uns. Wir genossen eine Brotzeit, f\u00fcllten Wasser und Klopapier auf und entspannten uns. Auch wurden wir von einem 4-J\u00e4hrigen interviewt. 3 h sp\u00e4ter verlie\u00dfen wir das Bad unter staunenden Blicken wieder. Am Rande der Hauptstra\u00dfe rasteten wir erneut. Peter, Selma Lukas, Stefan und ich gingen einkaufen. Nach der B\u00e4ckerei liefen Peter und Lukas mit Brot beladen wieder zur\u00fcck. Selma, Stefan und ich suchten den Markt &#8222;um&#8217;s Eck&#8220; auf. Ein ziemlich cooler Dorfladen mit breiter Auswahl, der alles hatte was das Herz begehrt. Die Frau an der Kasse meinte: &#8222;Ihr seid die ersten, die mit Kochtopf einkaufen&#8220;. Frisch beladen ging es weiter am Biberschutzgebiet und dem Fledermauspfad vorbei zum letzten Aufstieg des Tages. Langsam aber immerhin auf einem Schotterpfad. Die Schutzh\u00fctte war nicht vorhanden, die Schilder zeigten immer eine andere Enfernung an und die Horde begab sich auf Schlafplatzsuche. 20 Km lagen heute hinter uns. Respekt an die Truppe f\u00fcr diesen Tag. Nun liegen wir im Laub, Essen Stampf mit Sauce und Joghurt. Die Sonne geht langsam unter tosendem Stechfliegengebrumme unter.<\/span><\/p>\r\n<\/td>\r\n<\/tr>\r\n<tr style=\"height: 24px\">\r\n<td style=\"text-align: center;height: 24px;width: 100%\"><span style=\"font-size: 14pt;font-family: impact, sans-serif;color: #3366ff\">Felix<\/span><\/td>\r\n<\/tr>\r\n<tr style=\"height: 56px\">\r\n<td style=\"height: 56px;width: 100%\"><div id='gallery-4' class='gallery galleryid-12243 gallery-columns-3 gallery-size-thumbnail'><figure class='gallery-item'>\n\t\t\t<div class='gallery-icon landscape'>\n\t\t\t\t<a href='https:\/\/stammkoenigartus.de\/wp-content\/uploads\/XXL-Haijk-2-173.jpg' rel=\"lightbox[12243]\"><img loading=\"lazy\" decoding=\"async\" width=\"150\" height=\"150\" src=\"https:\/\/stammkoenigartus.de\/wp-content\/uploads\/XXL-Haijk-2-173-150x150.jpg\" class=\"attachment-thumbnail size-thumbnail\" alt=\"\" aria-describedby=\"gallery-4-12218\" \/><\/a>\n\t\t\t<\/div>\n\t\t\t\t<figcaption class='wp-caption-text gallery-caption' id='gallery-4-12218'>\n\t\t\t\tEcht sch\u00f6ne Lichtungen\n\t\t\t\t<\/figcaption><\/figure><figure class='gallery-item'>\n\t\t\t<div class='gallery-icon landscape'>\n\t\t\t\t<a href='https:\/\/stammkoenigartus.de\/wp-content\/uploads\/XXL-Haijk-2-185.jpg' rel=\"lightbox[12243]\"><img loading=\"lazy\" decoding=\"async\" width=\"150\" height=\"150\" src=\"https:\/\/stammkoenigartus.de\/wp-content\/uploads\/XXL-Haijk-2-185-150x150.jpg\" class=\"attachment-thumbnail size-thumbnail\" alt=\"\" aria-describedby=\"gallery-4-12219\" \/><\/a>\n\t\t\t<\/div>\n\t\t\t\t<figcaption class='wp-caption-text gallery-caption' id='gallery-4-12219'>\n\t\t\t\tSchwimmbad in Ebrach\n\t\t\t\t<\/figcaption><\/figure><figure class='gallery-item'>\n\t\t\t<div class='gallery-icon landscape'>\n\t\t\t\t<a href='https:\/\/stammkoenigartus.de\/wp-content\/uploads\/XXL-Haijk-2-205.jpg' rel=\"lightbox[12243]\"><img loading=\"lazy\" decoding=\"async\" width=\"150\" height=\"150\" src=\"https:\/\/stammkoenigartus.de\/wp-content\/uploads\/XXL-Haijk-2-205-150x150.jpg\" class=\"attachment-thumbnail size-thumbnail\" alt=\"\" aria-describedby=\"gallery-4-12220\" \/><\/a>\n\t\t\t<\/div>\n\t\t\t\t<figcaption class='wp-caption-text gallery-caption' id='gallery-4-12220'>\n\t\t\t\tDer Hund Felix empfing uns\n\t\t\t\t<\/figcaption><\/figure><figure class='gallery-item'>\n\t\t\t<div class='gallery-icon landscape'>\n\t\t\t\t<a href='https:\/\/stammkoenigartus.de\/wp-content\/uploads\/XXL-Haijk-2-212.jpg' rel=\"lightbox[12243]\"><img loading=\"lazy\" decoding=\"async\" width=\"150\" height=\"150\" src=\"https:\/\/stammkoenigartus.de\/wp-content\/uploads\/XXL-Haijk-2-212-150x150.jpg\" class=\"attachment-thumbnail size-thumbnail\" alt=\"\" \/><\/a>\n\t\t\t<\/div><\/figure><figure class='gallery-item'>\n\t\t\t<div class='gallery-icon landscape'>\n\t\t\t\t<a href='https:\/\/stammkoenigartus.de\/wp-content\/uploads\/XXL-Haijk-2-218.jpg' rel=\"lightbox[12243]\"><img loading=\"lazy\" decoding=\"async\" width=\"150\" height=\"150\" src=\"https:\/\/stammkoenigartus.de\/wp-content\/uploads\/XXL-Haijk-2-218-150x150.jpg\" class=\"attachment-thumbnail size-thumbnail\" alt=\"\" aria-describedby=\"gallery-4-12222\" \/><\/a>\n\t\t\t<\/div>\n\t\t\t\t<figcaption class='wp-caption-text gallery-caption' id='gallery-4-12222'>\n\t\t\t\tNachtlager\n\t\t\t\t<\/figcaption><\/figure><figure class='gallery-item'>\n\t\t\t<div class='gallery-icon landscape'>\n\t\t\t\t<a href='https:\/\/stammkoenigartus.de\/wp-content\/uploads\/XXL-Haijk-2-219.jpg' rel=\"lightbox[12243]\"><img loading=\"lazy\" decoding=\"async\" width=\"150\" height=\"150\" src=\"https:\/\/stammkoenigartus.de\/wp-content\/uploads\/XXL-Haijk-2-219-150x150.jpg\" class=\"attachment-thumbnail size-thumbnail\" alt=\"\" aria-describedby=\"gallery-4-12223\" \/><\/a>\n\t\t\t<\/div>\n\t\t\t\t<figcaption class='wp-caption-text gallery-caption' id='gallery-4-12223'>\n\t\t\t\tAber immer &#8230;\n\t\t\t\t<\/figcaption><\/figure><figure class='gallery-item'>\n\t\t\t<div class='gallery-icon landscape'>\n\t\t\t\t<a href='https:\/\/stammkoenigartus.de\/wp-content\/uploads\/XXL-Haijk-2-224.jpg' rel=\"lightbox[12243]\"><img loading=\"lazy\" decoding=\"async\" width=\"150\" height=\"150\" src=\"https:\/\/stammkoenigartus.de\/wp-content\/uploads\/XXL-Haijk-2-224-150x150.jpg\" class=\"attachment-thumbnail size-thumbnail\" alt=\"\" aria-describedby=\"gallery-4-12224\" \/><\/a>\n\t\t\t<\/div>\n\t\t\t\t<figcaption class='wp-caption-text gallery-caption' id='gallery-4-12224'>\n\t\t\t\t&#8230; gute Laune\n\t\t\t\t<\/figcaption><\/figure>\n\t\t<\/div>\n<\/td>\r\n<\/tr>\r\n<\/tbody>\r\n<\/table><\/div><div class=\"mtphr-dnt-tick mtphr-dnt-default-tick mtphr-dnt-clearfix \"><table style=\"height: 286px;width: 81.2876%\">\r\n<tbody>\r\n<tr style=\"height: 68px\">\r\n<td style=\"text-align: center;height: 68px;width: 100%\">\r\n<p align=\"CENTER\"><span style=\"font-size: 18pt\"><u><b>Donnerstag, 25.08.2016<\/b><\/u><\/span><\/p>\r\n<\/td>\r\n<\/tr>\r\n<tr style=\"height: 56px\">\r\n<td style=\"text-align: center;height: 56px;width: 100%\">\r\n<p align=\"CENTER\"><span style=\"font-size: medium\"><u><b>Tag 5 im Lockbuch von Offizier Sandalenschuh\r\n<\/b><\/u><\/span><\/p>\r\n<\/td>\r\n<\/tr>\r\n<tr style=\"height: 56px\">\r\n<td style=\"text-align: center;height: 56px;width: 100%\"><span style=\"font-size: 14pt;color: #000000\">Angesetzte Weckzeit: 5:45 Uhr, <\/span>\r\n\r\n<span style=\"font-size: 14pt;color: #000000\">Wirkliche Weckzeit: 6:15 Uhr <\/span>\r\n\r\n<span style=\"font-size: 14pt;color: #000000\">Start: 7:30 Uhr. Nach einigen flachen Wegen wurde es schon wieder steiler. Etwa so: \/ \u00a0.<\/span>\r\n\r\n<span style=\"font-size: 14pt;color: #000000\">Nach diesem Anstieg machten wir Rast, da es sehr hei\u00df war. Nach dieser Pause gingen wir wieder bergab, um den h\u00f6chsten Berg zu erklimmen. Nachdem wir diesen erklommen hatten, hat sich die Gruppe dazu entschlossen, doch die Wasserreserven aufzuf\u00fcllen inklusive der zwei Kanister. Trotz dem zus\u00e4tzlichen Gewicht raste Felix mit 10 Kg mehr die n\u00e4chsten Berge hoch. Da die Gruppe gezweit war, haben wir &#8211; also Stumpf, Selma, Stefan und Alex &#8211; uns dazu entschieden, eine Kekspause zu machen. Als wir am Zabelstein angekommen waren, schlugen wir gleich unser Lager auf in der Burgruine Zabelstein, die extrem gro\u00df war. OK Bye <\/span><\/td>\r\n<\/tr>\r\n<tr style=\"height: 24px\">\r\n<td style=\"text-align: center;height: 24px;width: 100%\"><span style=\"font-size: 14pt;font-family: impact, sans-serif;color: #3366ff\">Stumpf<\/span><\/td>\r\n<\/tr>\r\n<tr style=\"height: 56px\">\r\n<td style=\"height: 56px;width: 100%\">\r\n<p align=\"CENTER\"><span style=\"color: #000000\"><span style=\"font-size: medium\">\u00a0<\/span><\/span><\/p>\r\n<div id='gallery-5' class='gallery galleryid-12243 gallery-columns-3 gallery-size-thumbnail'><figure class='gallery-item'>\n\t\t\t<div class='gallery-icon landscape'>\n\t\t\t\t<a href='https:\/\/stammkoenigartus.de\/wp-content\/uploads\/XXL-Haijk-2-231.jpg' rel=\"lightbox[12243]\"><img loading=\"lazy\" decoding=\"async\" width=\"150\" height=\"150\" src=\"https:\/\/stammkoenigartus.de\/wp-content\/uploads\/XXL-Haijk-2-231-150x150.jpg\" class=\"attachment-thumbnail size-thumbnail\" alt=\"\" aria-describedby=\"gallery-5-12225\" \/><\/a>\n\t\t\t<\/div>\n\t\t\t\t<figcaption class='wp-caption-text gallery-caption' id='gallery-5-12225'>\n\t\t\t\tStartansicht am Morgen\n\t\t\t\t<\/figcaption><\/figure><figure class='gallery-item'>\n\t\t\t<div class='gallery-icon landscape'>\n\t\t\t\t<a href='https:\/\/stammkoenigartus.de\/wp-content\/uploads\/XXL-Haijk-2-233.jpg' rel=\"lightbox[12243]\"><img loading=\"lazy\" decoding=\"async\" width=\"150\" height=\"150\" src=\"https:\/\/stammkoenigartus.de\/wp-content\/uploads\/XXL-Haijk-2-233-150x150.jpg\" class=\"attachment-thumbnail size-thumbnail\" alt=\"\" aria-describedby=\"gallery-5-12226\" \/><\/a>\n\t\t\t<\/div>\n\t\t\t\t<figcaption class='wp-caption-text gallery-caption' id='gallery-5-12226'>\n\t\t\t\tdurch Weinberge,\n\t\t\t\t<\/figcaption><\/figure><figure class='gallery-item'>\n\t\t\t<div class='gallery-icon landscape'>\n\t\t\t\t<a href='https:\/\/stammkoenigartus.de\/wp-content\/uploads\/XXL-Haijk-2-237.jpg' rel=\"lightbox[12243]\"><img loading=\"lazy\" decoding=\"async\" width=\"150\" height=\"150\" src=\"https:\/\/stammkoenigartus.de\/wp-content\/uploads\/XXL-Haijk-2-237-150x150.jpg\" class=\"attachment-thumbnail size-thumbnail\" alt=\"\" aria-describedby=\"gallery-5-12227\" \/><\/a>\n\t\t\t<\/div>\n\t\t\t\t<figcaption class='wp-caption-text gallery-caption' id='gallery-5-12227'>\n\t\t\t\tan Seen vorbei,\n\t\t\t\t<\/figcaption><\/figure><figure class='gallery-item'>\n\t\t\t<div class='gallery-icon landscape'>\n\t\t\t\t<a href='https:\/\/stammkoenigartus.de\/wp-content\/uploads\/XXL-Haijk-2-267.jpg' rel=\"lightbox[12243]\"><img loading=\"lazy\" decoding=\"async\" width=\"150\" height=\"150\" src=\"https:\/\/stammkoenigartus.de\/wp-content\/uploads\/XXL-Haijk-2-267-150x150.jpg\" class=\"attachment-thumbnail size-thumbnail\" alt=\"\" aria-describedby=\"gallery-5-12228\" \/><\/a>\n\t\t\t<\/div>\n\t\t\t\t<figcaption class='wp-caption-text gallery-caption' id='gallery-5-12228'>\n\t\t\t\tum die Aussicht zu genie\u00dfen,\n\t\t\t\t<\/figcaption><\/figure><figure class='gallery-item'>\n\t\t\t<div class='gallery-icon landscape'>\n\t\t\t\t<a href='https:\/\/stammkoenigartus.de\/wp-content\/uploads\/XXL-Haijk-2-272.jpg' rel=\"lightbox[12243]\"><img loading=\"lazy\" decoding=\"async\" width=\"150\" height=\"150\" src=\"https:\/\/stammkoenigartus.de\/wp-content\/uploads\/XXL-Haijk-2-272-150x150.jpg\" class=\"attachment-thumbnail size-thumbnail\" alt=\"\" aria-describedby=\"gallery-5-12229\" \/><\/a>\n\t\t\t<\/div>\n\t\t\t\t<figcaption class='wp-caption-text gallery-caption' id='gallery-5-12229'>\n\t\t\t\tTee zu trinken\n\t\t\t\t<\/figcaption><\/figure><figure class='gallery-item'>\n\t\t\t<div class='gallery-icon landscape'>\n\t\t\t\t<a href='https:\/\/stammkoenigartus.de\/wp-content\/uploads\/XXL-Haijk-2-250.jpg' rel=\"lightbox[12243]\"><img loading=\"lazy\" decoding=\"async\" width=\"150\" height=\"150\" src=\"https:\/\/stammkoenigartus.de\/wp-content\/uploads\/XXL-Haijk-2-250-150x150.jpg\" class=\"attachment-thumbnail size-thumbnail\" alt=\"\" aria-describedby=\"gallery-5-12230\" \/><\/a>\n\t\t\t<\/div>\n\t\t\t\t<figcaption class='wp-caption-text gallery-caption' id='gallery-5-12230'>\n\t\t\t\tund mal Wurst mit Brot zu essen.\n\t\t\t\t<\/figcaption><\/figure>\n\t\t<\/div>\n<\/td>\r\n<\/tr>\r\n<\/tbody>\r\n<\/table><\/div><div class=\"mtphr-dnt-tick mtphr-dnt-default-tick mtphr-dnt-clearfix \"><table style=\"height: 286px;width: 80.81%\">\r\n<tbody>\r\n<tr style=\"height: 68px\">\r\n<td style=\"text-align: center;height: 68px;width: 100%\">\r\n<p align=\"CENTER\"><span style=\"font-size: 18pt\"><u><b>Freitag, 26.08.2016<\/b><\/u><\/span><\/p>\r\n<\/td>\r\n<\/tr>\r\n<tr style=\"height: 56px\">\r\n<td style=\"text-align: center;height: 56px;width: 100%\">\r\n<p align=\"CENTER\"><span style=\"font-size: medium\"><u><b>Tag 6\r\n<\/b><\/u><\/span><\/p>\r\n<\/td>\r\n<\/tr>\r\n<tr style=\"height: 56px\">\r\n<td style=\"text-align: center;height: 56px;width: 100%\">\r\n<p align=\"CENTER\"><span style=\"color: #000000;font-size: 14pt\">Guten Morgen an Tag 6. Wieder einmal hatten wir verschlafen! &#8211; NEIN, wir stellten den Wecker wieder auf\r\n5 Uhr, um ihn\u00a0 auszuschalten und dann planm\u00e4\u00dfig um 6:15 Uhr aufzustehen. <\/span><\/p>\r\n<p align=\"CENTER\"><span style=\"color: #000000;font-size: 14pt\">Nachdem uns Lukas unsere Marmeladenbrote schmierte, konnten wir getrost unsere 7 Sachen &#8211; wenn wir \u00fcberhaupt so viel zu verstauen hatten &#8211; aufr\u00e4umen und uns vom idyllischen Schloss Zabelstein in Richtung Etappenziel 7 machen. Neben dem &#8222;Bed and Breakfast&#8220; war auch die meist nur geringe Anzahl an M\u00fcckenstichen verantwortlich, f\u00fcr die wie immer gute Laune \ud83d\ude42 \u00a0.<\/span><\/p>\r\n<p align=\"CENTER\"><span style=\"color: #000000;font-size: 14pt\"> Diese war auch ausschlaggebend daf\u00fcr, dass wir zur\u00fcckblickend durchschnittlich 20-25 Km t\u00e4glich zur\u00fccklegten und am Morgen des 6. Tages schon 6,5 Etappen geschafft hatten. Also begaben wir uns um 7:15 auf den Weg nach Eschenau. In Oberschwappach angekommen, stand erst einmal ein Dixiklo am Ortsende, wasFelix und ich gleich f\u00fcr\u00b4s gro\u00dfe Gesch\u00e4ft nutzten und nebenbei unseren etwas knappen Klopapiervorrat auff\u00fcllten. Appropos Gesch\u00e4ft, danach fiel uns auf, dass wir heute an keinem mehr vorbei kommen werden. Deshalb begaben sich Stefan, Lukas und ich auf einen insgesamt 6 km langen Umweg, um auch den morgigen Tag erfolgreich zu \u00fcberstehen. W\u00e4hrenddessen liefen die anderen den Steigerwaldweg entlang bis zum gro\u00dfen\u00a0 Knetzberg. <\/span><\/p>\r\n<p align=\"CENTER\"><span style=\"color: #000000;font-size: 14pt\">Also liefen wir mit doppelter Geschwindigkeit. Da sahen wir gerade, dass ein B\u00e4cker 200 m entfernt anhielt. Wir sprinteten zu ihm und kauften 2 Brote und je ein kleines Geb\u00e4ck f\u00fcr unterwegs. <\/span><\/p>\r\n<p align=\"CENTER\"><span style=\"font-size: 14pt;color: #000000\">Hetzen wirkt Wunder: Im Nu erreichten wir das kleine L\u00e4dchen in Westheim und kauften alles Notwendige f\u00fcr den morgigen Tag. Wie immer st\u00e4rkten wir uns unterwegs mit Trauben, \u00c4pfeln, Birnen und Zwetschgen. Lukas gab bergauf Richtung Treffpunkt das Tempo vor, welches er erneut verdoppelte. So stiegen\u00a0Stefan und ich den Berg so schnell hinauf, dass wir eine dreiviertel Stunde auf Alex, Stumpf, Felix und Peter aufholten.<\/span><\/p>\r\n<p align=\"CENTER\"><span style=\"font-size: 14pt;color: #000000\"> Wobei man den vieren zu Gute halten muss, dass Sie ebenfalls eine &#8222;romantische&#8220; (hust-hust) Teerstra\u00dfe bergauf laufen mussten (wie leider schon \u00f6fters) an diesem Weg. Auf jeden Fall kamen wir oben wieder und fast zur selben Zeit an und feierten dies erst mal mit einer Kekspause.<\/span><\/p>\r\n<p align=\"CENTER\"><span style=\"font-size: 14pt;color: #000000\"> Der 8. Etappe folgend, kamen wir zu unserem Mittagessen im Wald kurz vor Zell am Ebersberg. Nach ausf\u00fchrlichen 2,5 Stunden Mittagspause ging es gest\u00e4rkt unz\u00e4hlige H\u00f6henmeter bergauf und -ab, daf\u00fcr aber mit toller Aussicht und an zahlreichen Weinbergen vorbei. Nach wenigen Kilometern f\u00fcllten wir zum 2. Mal f\u00fcr heute Wasser auf, was bei wolkenlosen, sonnigen 30\u00b0C ja auch kein Wunder war. Zum Ziel f\u00fcr heute wurde eine H\u00fctte angepeilt. Voller Vorfreude nochmal einige H\u00f6henmeter erklommen, sahen wir sogar ein Schild. Die Mysteri\u00f6se Wanderh\u00fctte kann also tats\u00e4chlich noch da und nicht weitergewandert sein, dachten wir uns. Und so war es auch &#8211; die H\u00fctte war noch da. Zu diesem Zeitpunkt wussten wir allerdings noch nicht dass diese uns nicht reinlassen wird. Erst kurz darauf erfuhren wir, dass die H\u00fctte zugesperrt ist, weshalb wir uns davor einen Schlafplatz suchten.<\/span><\/p>\r\n<p align=\"CENTER\"><span style=\"font-size: 14pt;color: #000000\"> Stefan hatte Nudeln mit Tomatensauce gekocht, welche wir so gut wie restlos nach der vorherigen Anstrengung\u00a0 verschlangen. Nachdem wir noch eine Stunde f\u00fcllten, wird es nun noch Tee geben und anschlie\u00dfend werden wir gegen 21 Uhr in den Schlafsack kriechen und versuchen uns vor den Stechm\u00fccken in Sicherheit zu bringen und dann gem\u00fctlich einschlafen. <\/span><\/p>\r\n<\/td>\r\n<\/tr>\r\n<tr style=\"height: 24px\">\r\n<td style=\"text-align: center;height: 24px;width: 100%\"><span style=\"font-size: 14pt;font-family: impact, sans-serif;color: #3366ff\">Selma<\/span><\/td>\r\n<\/tr>\r\n<tr style=\"height: 56px\">\r\n<td style=\"height: 56px;width: 100%\"><div id='gallery-6' class='gallery galleryid-12243 gallery-columns-3 gallery-size-thumbnail'><figure class='gallery-item'>\n\t\t\t<div class='gallery-icon landscape'>\n\t\t\t\t<a href='https:\/\/stammkoenigartus.de\/wp-content\/uploads\/XXL-Haijk-2-276.jpg' rel=\"lightbox[12243]\"><img loading=\"lazy\" decoding=\"async\" width=\"150\" height=\"150\" src=\"https:\/\/stammkoenigartus.de\/wp-content\/uploads\/XXL-Haijk-2-276-150x150.jpg\" class=\"attachment-thumbnail size-thumbnail\" alt=\"\" aria-describedby=\"gallery-6-12231\" \/><\/a>\n\t\t\t<\/div>\n\t\t\t\t<figcaption class='wp-caption-text gallery-caption' id='gallery-6-12231'>\n\t\t\t\t4 cm und fett Marmelade\n\t\t\t\t<\/figcaption><\/figure><figure class='gallery-item'>\n\t\t\t<div class='gallery-icon landscape'>\n\t\t\t\t<a href='https:\/\/stammkoenigartus.de\/wp-content\/uploads\/XXL-Haijk-2-280.jpg' rel=\"lightbox[12243]\"><img loading=\"lazy\" decoding=\"async\" width=\"150\" height=\"150\" src=\"https:\/\/stammkoenigartus.de\/wp-content\/uploads\/XXL-Haijk-2-280-150x150.jpg\" class=\"attachment-thumbnail size-thumbnail\" alt=\"\" aria-describedby=\"gallery-6-12232\" \/><\/a>\n\t\t\t<\/div>\n\t\t\t\t<figcaption class='wp-caption-text gallery-caption' id='gallery-6-12232'>\n\t\t\t\tAm gro\u00dfen Knetzberg\n\t\t\t\t<\/figcaption><\/figure><figure class='gallery-item'>\n\t\t\t<div class='gallery-icon landscape'>\n\t\t\t\t<a href='https:\/\/stammkoenigartus.de\/wp-content\/uploads\/XXL-Haijk-2-282.jpg' rel=\"lightbox[12243]\"><img loading=\"lazy\" decoding=\"async\" width=\"150\" height=\"150\" src=\"https:\/\/stammkoenigartus.de\/wp-content\/uploads\/XXL-Haijk-2-282-150x150.jpg\" class=\"attachment-thumbnail size-thumbnail\" alt=\"\" aria-describedby=\"gallery-6-12233\" \/><\/a>\n\t\t\t<\/div>\n\t\t\t\t<figcaption class='wp-caption-text gallery-caption' id='gallery-6-12233'>\n\t\t\t\tMittagessen im Wald\n\t\t\t\t<\/figcaption><\/figure><figure class='gallery-item'>\n\t\t\t<div class='gallery-icon landscape'>\n\t\t\t\t<a href='https:\/\/stammkoenigartus.de\/wp-content\/uploads\/XXL-Haijk-2-286.jpg' rel=\"lightbox[12243]\"><img loading=\"lazy\" decoding=\"async\" width=\"150\" height=\"150\" src=\"https:\/\/stammkoenigartus.de\/wp-content\/uploads\/XXL-Haijk-2-286-150x150.jpg\" class=\"attachment-thumbnail size-thumbnail\" alt=\"\" aria-describedby=\"gallery-6-12234\" \/><\/a>\n\t\t\t<\/div>\n\t\t\t\t<figcaption class='wp-caption-text gallery-caption' id='gallery-6-12234'>\n\t\t\t\tZell am Ebersberg\n\t\t\t\t<\/figcaption><\/figure><figure class='gallery-item'>\n\t\t\t<div class='gallery-icon landscape'>\n\t\t\t\t<a href='https:\/\/stammkoenigartus.de\/wp-content\/uploads\/XXL-Haijk-2-290.jpg' rel=\"lightbox[12243]\"><img loading=\"lazy\" decoding=\"async\" width=\"150\" height=\"150\" src=\"https:\/\/stammkoenigartus.de\/wp-content\/uploads\/XXL-Haijk-2-290-150x150.jpg\" class=\"attachment-thumbnail size-thumbnail\" alt=\"\" aria-describedby=\"gallery-6-12235\" \/><\/a>\n\t\t\t<\/div>\n\t\t\t\t<figcaption class='wp-caption-text gallery-caption' id='gallery-6-12235'>\n\t\t\t\tEine Dusche kommt uns recht\n\t\t\t\t<\/figcaption><\/figure><figure class='gallery-item'>\n\t\t\t<div class='gallery-icon landscape'>\n\t\t\t\t<a href='https:\/\/stammkoenigartus.de\/wp-content\/uploads\/XXL-Haijk-2-294.jpg' rel=\"lightbox[12243]\"><img loading=\"lazy\" decoding=\"async\" width=\"150\" height=\"150\" src=\"https:\/\/stammkoenigartus.de\/wp-content\/uploads\/XXL-Haijk-2-294-150x150.jpg\" class=\"attachment-thumbnail size-thumbnail\" alt=\"\" aria-describedby=\"gallery-6-12236\" \/><\/a>\n\t\t\t<\/div>\n\t\t\t\t<figcaption class='wp-caption-text gallery-caption' id='gallery-6-12236'>\n\t\t\t\tdie mysteri\u00f6se verschlossene  H\u00fctte\n\t\t\t\t<\/figcaption><\/figure><figure class='gallery-item'>\n\t\t\t<div class='gallery-icon landscape'>\n\t\t\t\t<a href='https:\/\/stammkoenigartus.de\/wp-content\/uploads\/XXL-Haijk-2-299.jpg' rel=\"lightbox[12243]\"><img loading=\"lazy\" decoding=\"async\" width=\"150\" height=\"150\" src=\"https:\/\/stammkoenigartus.de\/wp-content\/uploads\/XXL-Haijk-2-299-150x150.jpg\" class=\"attachment-thumbnail size-thumbnail\" alt=\"\" aria-describedby=\"gallery-6-12237\" \/><\/a>\n\t\t\t<\/div>\n\t\t\t\t<figcaption class='wp-caption-text gallery-caption' id='gallery-6-12237'>\n\t\t\t\tDer Berichtschreiber\n\t\t\t\t<\/figcaption><\/figure>\n\t\t<\/div>\n\r\n<p align=\"CENTER\"><span style=\"color: #000000\"><span style=\"font-size: medium\">\u00a0<\/span><\/span><\/p>\r\n<\/td>\r\n<\/tr>\r\n<\/tbody>\r\n<\/table><\/div><div class=\"mtphr-dnt-tick mtphr-dnt-default-tick mtphr-dnt-clearfix \"><table style=\"height: 286px;width: 79.736%\">\r\n<tbody>\r\n<tr style=\"height: 68px\">\r\n<td style=\"text-align: center;height: 68px;width: 100%\">\r\n<p align=\"CENTER\"><span style=\"font-size: 18pt\"><u><b>Samstag, 27.08.2016<\/b><\/u><\/span><\/p>\r\n<\/td>\r\n<\/tr>\r\n<tr style=\"height: 56px\">\r\n<td style=\"text-align: center;height: 56px;width: 100%\">\r\n<p align=\"CENTER\"><span style=\"font-size: medium\"><u><b>Tag 7, &#8222;Der Sieg&#8220;\r\n<\/b><\/u><\/span><\/p>\r\n<\/td>\r\n<\/tr>\r\n<tr style=\"height: 56px\">\r\n<td style=\"text-align: center;height: 56px;width: 100%\">\r\n<p align=\"CENTER\"><span style=\"font-size: 14pt\"><span style=\"color: #000000\">Nach einer St\u00e4rkung in der Fr\u00fch begaben wir uns auf den Siegesmarsch nach Eltmann. Es waren nur noch 10 Km.<\/span> Der Bergfried auf Eltmann war abgesperrt. Hier verlie\u00dfen wir den Steigerwaldweg und hielten Kurs nach Ebelsbach. Von dort ging es mit dem Zug direkt zur\u00fcck nach Kronach. Kapit\u00e4n Sohlenlos pr\u00e4sentierte in Kronach noch Stolz die \u00dcberreste seiner Solen. Die Schuhe wurden auf ewig vernichtet.\r\n<\/span><\/p>\r\n<\/td>\r\n<\/tr>\r\n<tr style=\"height: 24px\">\r\n<td style=\"text-align: center;height: 24px;width: 100%\"><span style=\"font-size: 14pt;font-family: impact, sans-serif;color: #3366ff\">Stumpf<\/span><\/td>\r\n<\/tr>\r\n<tr style=\"height: 56px\">\r\n<td style=\"height: 56px;width: 100%\"><div id='gallery-7' class='gallery galleryid-12243 gallery-columns-3 gallery-size-thumbnail'><figure class='gallery-item'>\n\t\t\t<div class='gallery-icon landscape'>\n\t\t\t\t<a href='https:\/\/stammkoenigartus.de\/wp-content\/uploads\/XXL-Haijk-2-300.jpg' rel=\"lightbox[12243]\"><img loading=\"lazy\" decoding=\"async\" width=\"150\" height=\"150\" src=\"https:\/\/stammkoenigartus.de\/wp-content\/uploads\/XXL-Haijk-2-300-150x150.jpg\" class=\"attachment-thumbnail size-thumbnail\" alt=\"\" aria-describedby=\"gallery-7-12238\" \/><\/a>\n\t\t\t<\/div>\n\t\t\t\t<figcaption class='wp-caption-text gallery-caption' id='gallery-7-12238'>\n\t\t\t\tTraumhafter Morgen\n\t\t\t\t<\/figcaption><\/figure><figure class='gallery-item'>\n\t\t\t<div class='gallery-icon landscape'>\n\t\t\t\t<a href='https:\/\/stammkoenigartus.de\/wp-content\/uploads\/XXL-Haijk-2-304.jpg' rel=\"lightbox[12243]\"><img loading=\"lazy\" decoding=\"async\" width=\"150\" height=\"150\" src=\"https:\/\/stammkoenigartus.de\/wp-content\/uploads\/XXL-Haijk-2-304-150x150.jpg\" class=\"attachment-thumbnail size-thumbnail\" alt=\"\" aria-describedby=\"gallery-7-12239\" \/><\/a>\n\t\t\t<\/div>\n\t\t\t\t<figcaption class='wp-caption-text gallery-caption' id='gallery-7-12239'>\n\t\t\t\tDer letzte Aufstieg\n\t\t\t\t<\/figcaption><\/figure><figure class='gallery-item'>\n\t\t\t<div class='gallery-icon landscape'>\n\t\t\t\t<a href='https:\/\/stammkoenigartus.de\/wp-content\/uploads\/XXL-Haijk-2-310.jpg' rel=\"lightbox[12243]\"><img loading=\"lazy\" decoding=\"async\" width=\"150\" height=\"150\" src=\"https:\/\/stammkoenigartus.de\/wp-content\/uploads\/XXL-Haijk-2-310-150x150.jpg\" class=\"attachment-thumbnail size-thumbnail\" alt=\"\" aria-describedby=\"gallery-7-12240\" \/><\/a>\n\t\t\t<\/div>\n\t\t\t\t<figcaption class='wp-caption-text gallery-caption' id='gallery-7-12240'>\n\t\t\t\tHinunter ins Tal nach Eltmann\n\t\t\t\t<\/figcaption><\/figure><figure class='gallery-item'>\n\t\t\t<div class='gallery-icon landscape'>\n\t\t\t\t<a href='https:\/\/stammkoenigartus.de\/wp-content\/uploads\/XXL-Haijk-2-315.jpg' rel=\"lightbox[12243]\"><img loading=\"lazy\" decoding=\"async\" width=\"150\" height=\"150\" src=\"https:\/\/stammkoenigartus.de\/wp-content\/uploads\/XXL-Haijk-2-315-150x150.jpg\" class=\"attachment-thumbnail size-thumbnail\" alt=\"\" aria-describedby=\"gallery-7-12241\" \/><\/a>\n\t\t\t<\/div>\n\t\t\t\t<figcaption class='wp-caption-text gallery-caption' id='gallery-7-12241'>\n\t\t\t\tDas Profil war so gut wie weg &#8230;\n\t\t\t\t<\/figcaption><\/figure><figure class='gallery-item'>\n\t\t\t<div class='gallery-icon landscape'>\n\t\t\t\t<a href='https:\/\/stammkoenigartus.de\/wp-content\/uploads\/XXL-Haijk-2-316.jpg' rel=\"lightbox[12243]\"><img loading=\"lazy\" decoding=\"async\" width=\"150\" height=\"150\" src=\"https:\/\/stammkoenigartus.de\/wp-content\/uploads\/XXL-Haijk-2-316-150x150.jpg\" class=\"attachment-thumbnail size-thumbnail\" alt=\"\" aria-describedby=\"gallery-7-12242\" \/><\/a>\n\t\t\t<\/div>\n\t\t\t\t<figcaption class='wp-caption-text gallery-caption' id='gallery-7-12242'>\n\t\t\t\t&#8230; und die Schuhe wurden vernichtet\n\t\t\t\t<\/figcaption><\/figure>\n\t\t<\/div>\n\r\n<p align=\"CENTER\"><span style=\"color: #000000\"><span style=\"font-size: medium\">\u00a0<\/span><\/span><\/p>\r\n<\/td>\r\n<\/tr>\r\n<\/tbody>\r\n<\/table><\/div><\/div><a class=\"mtphr-dnt-nav mtphr-dnt-nav-prev\" href=\"#\" rel=\"nofollow\" aria-label=\"Previous\"><i class=\"mtphr-dnt-icon-arrow-left\"><\/i><\/a><a class=\"mtphr-dnt-nav mtphr-dnt-nav-next\" href=\"#\" rel=\"nofollow\" aria-label=\"Next\"><i class=\"mtphr-dnt-icon-arrow-right\"><\/i><\/a><\/div><div class=\"mtphr-dnt-control-links\"><a class=\"mtphr-dnt-control mtphr-dnt-control-button\" href=\"0\" rel=\"nofollow\"><i class=\"mtphr-dnt-icon-button\"><\/i><\/a><a class=\"mtphr-dnt-control mtphr-dnt-control-button\" href=\"1\" rel=\"nofollow\"><i class=\"mtphr-dnt-icon-button\"><\/i><\/a><a class=\"mtphr-dnt-control mtphr-dnt-control-button\" href=\"2\" rel=\"nofollow\"><i class=\"mtphr-dnt-icon-button\"><\/i><\/a><a class=\"mtphr-dnt-control mtphr-dnt-control-button\" href=\"3\" rel=\"nofollow\"><i class=\"mtphr-dnt-icon-button\"><\/i><\/a><a class=\"mtphr-dnt-control mtphr-dnt-control-button\" href=\"4\" rel=\"nofollow\"><i class=\"mtphr-dnt-icon-button\"><\/i><\/a><a class=\"mtphr-dnt-control mtphr-dnt-control-button\" href=\"5\" rel=\"nofollow\"><i class=\"mtphr-dnt-icon-button\"><\/i><\/a><a class=\"mtphr-dnt-control mtphr-dnt-control-button\" href=\"6\" rel=\"nofollow\"><i class=\"mtphr-dnt-icon-button\"><\/i><\/a><\/div><\/div><\/div>\n\n\n\n<h4>FAZIT:\u00a0<\/h4>\n<p>Der Panoramaweg ist ein Weg, der seinen Namen leider nur zur H\u00e4lfte verdient. Es gibt viele M\u00f6glichkeiten das Panorama zu sehen, nur sehr viele Aussichtst\u00fcrme waren verschlossen, die Wegf\u00fchrung \u00fcber Hauptstra\u00dfen und Betonwege ist mehr als fragw\u00fcrdig und echt hart f\u00fcr die F\u00fc\u00dfe. Romantische Pfade gibt es nur zwischen Iphofen und Eltmann zu entdecken. Panorama &#8211; so sind wir der Meinung &#8211; ist etwas anderes und f\u00fcr die L\u00e4nge von 160 km h\u00e4tte mehr drinn sein m\u00fcssen.<br \/>Wir sind den Weg trotz allem gerne gelaufen. Die Anstiege waren zwar heftig, aber nicht unm\u00f6glich.<\/p>\n<p>Unsere Truppe: Felix, Stefan, Selma, Lukas, Peter, Stumpf und Axel<\/p>\n","protected":false},"excerpt":{"rendered":"<p>7 Tage lang wanderten wir den Steigerwald-Panoramaweg entlang. In dieser Zeit hatten wir weder ein Dach \u00fcber dem Kopf, noch ein Bett unter uns. Erstmals &hellip;<\/p>\n","protected":false},"author":2,"featured_media":12250,"comment_status":"open","ping_status":"closed","sticky":false,"template":"","format":"standard","meta":{"_monsterinsights_skip_tracking":false,"_monsterinsights_sitenote_active":false,"_monsterinsights_sitenote_note":"","_monsterinsights_sitenote_category":0,"footnotes":""},"categories":[136,130],"tags":[29,32,35,113,48,49,52,60,61,62],"class_list":["post-12243","post","type-post","status-publish","format-standard","has-post-thumbnail","hentry","category-pfadfinder","category-unsere-aktionen","tag-anerkennung","tag-fahrt","tag-gesprach","tag-haijk","tag-pfadfinderei","tag-probe","tag-sinn","tag-wald","tag-wasser","tag-wetter"],"aioseo_notices":[],"_links":{"self":[{"href":"https:\/\/stammkoenigartus.de\/index.php?rest_route=\/wp\/v2\/posts\/12243","targetHints":{"allow":["GET"]}}],"collection":[{"href":"https:\/\/stammkoenigartus.de\/index.php?rest_route=\/wp\/v2\/posts"}],"about":[{"href":"https:\/\/stammkoenigartus.de\/index.php?rest_route=\/wp\/v2\/types\/post"}],"author":[{"embeddable":true,"href":"https:\/\/stammkoenigartus.de\/index.php?rest_route=\/wp\/v2\/users\/2"}],"replies":[{"embeddable":true,"href":"https:\/\/stammkoenigartus.de\/index.php?rest_route=%2Fwp%2Fv2%2Fcomments&post=12243"}],"version-history":[{"count":8,"href":"https:\/\/stammkoenigartus.de\/index.php?rest_route=\/wp\/v2\/posts\/12243\/revisions"}],"predecessor-version":[{"id":18081,"href":"https:\/\/stammkoenigartus.de\/index.php?rest_route=\/wp\/v2\/posts\/12243\/revisions\/18081"}],"wp:featuredmedia":[{"embeddable":true,"href":"https:\/\/stammkoenigartus.de\/index.php?rest_route=\/wp\/v2\/media\/12250"}],"wp:attachment":[{"href":"https:\/\/stammkoenigartus.de\/index.php?rest_route=%2Fwp%2Fv2%2Fmedia&parent=12243"}],"wp:term":[{"taxonomy":"category","embeddable":true,"href":"https:\/\/stammkoenigartus.de\/index.php?rest_route=%2Fwp%2Fv2%2Fcategories&post=12243"},{"taxonomy":"post_tag","embeddable":true,"href":"https:\/\/stammkoenigartus.de\/index.php?rest_route=%2Fwp%2Fv2%2Ftags&post=12243"}],"curies":[{"name":"wp","href":"https:\/\/api.w.org\/{rel}","templated":true}]}}