{"id":12457,"date":"2016-11-09T22:12:15","date_gmt":"2016-11-09T21:12:15","guid":{"rendered":"http:\/\/stammkoenigartus.de\/?p=12457"},"modified":"2023-02-12T16:49:15","modified_gmt":"2023-02-12T15:49:15","slug":"gefrierhaeuslafest","status":"publish","type":"post","link":"https:\/\/stammkoenigartus.de\/?p=12457","title":{"rendered":"Gefrierh\u00e4uslafest"},"content":{"rendered":"<p>Der Freundeskreis der Pfadfinder e.V. , P\u00e4chter des Pfadfinderheimes und Freunde unseres Stammes veranstalteten mit uns und den Musikkapellen aus Geh\u00fclz und Seibelsdorf ein Fest zu ehren des &#8222;Gefrierh\u00e4uslas&#8220; am Dorfplatz von Waldbuch. Dieses wurde vor einigen Jahren von unserem Stamm saniert.<br \/>\nP\u00fcnktlich um 10 Uhr begann die Musik zu spielen und das Fest wurde durch den ersten Vorsitzenden Rainer Bl\u00fcchel und dem 1. B\u00fcrgermeister Norbert Gr\u00e4bner er\u00f6ffnet. Viele Sipplinge halfen bei der Betreuung der Parkpl\u00e4tze oder bei der Essensausgabe. Einige Eltern und Frauen des Dorfes stellten kostenlos einen Kuchen zur Verf\u00fcgung.<br \/>\nUnsere Meutenf\u00fchrung weihte zusammen mit vielen Kids, die gekommen waren, den ganz frisch fertig gewordenen Backofen am Pfadfinderheim ein. Zusammen wurden Brote und Semmeln gebacken. Es war ein buntes Treiben. Die Sonne war auf unserer Seite und nach und nach kamen immer mehr Leute zum Dorfplatz. Ein erfolgreiches Fest, welches wir n\u00e4chstes Jahr unbedingt wiederholen m\u00f6chten.<\/p>\n<h4 style=\"text-align: center;\">Wir Danken den zahlreichen Besuchern und Unterst\u00fctzern dieses Festes f\u00fcr die Hilfe.\u00a0 Ein Dank auch an den Freundeskreis der\u00a0Pfadfinder e.V.<\/h4>\n<div id='gallery-1' class='gallery galleryid-12457 gallery-columns-3 gallery-size-medium'><figure class='gallery-item'>\n\t\t\t<div class='gallery-icon landscape'>\n\t\t\t\t<a href='https:\/\/stammkoenigartus.de\/wp-content\/uploads\/IMGP8310.jpg' rel=\"lightbox[12457]\"><img loading=\"lazy\" decoding=\"async\" width=\"480\" height=\"360\" src=\"https:\/\/stammkoenigartus.de\/wp-content\/uploads\/IMGP8310-480x360.jpg\" class=\"attachment-medium size-medium\" alt=\"\" srcset=\"https:\/\/stammkoenigartus.de\/wp-content\/uploads\/IMGP8310-480x360.jpg 480w, https:\/\/stammkoenigartus.de\/wp-content\/uploads\/IMGP8310-600x450.jpg 600w, https:\/\/stammkoenigartus.de\/wp-content\/uploads\/IMGP8310-768x576.jpg 768w, https:\/\/stammkoenigartus.de\/wp-content\/uploads\/IMGP8310.jpg 800w\" sizes=\"auto, (max-width: 480px) 100vw, 480px\" \/><\/a>\n\t\t\t<\/div><\/figure><figure class='gallery-item'>\n\t\t\t<div class='gallery-icon landscape'>\n\t\t\t\t<a href='https:\/\/stammkoenigartus.de\/wp-content\/uploads\/IMGP8276.jpg' rel=\"lightbox[12457]\"><img loading=\"lazy\" decoding=\"async\" width=\"480\" height=\"360\" src=\"https:\/\/stammkoenigartus.de\/wp-content\/uploads\/IMGP8276-480x360.jpg\" class=\"attachment-medium size-medium\" alt=\"\" srcset=\"https:\/\/stammkoenigartus.de\/wp-content\/uploads\/IMGP8276-480x360.jpg 480w, https:\/\/stammkoenigartus.de\/wp-content\/uploads\/IMGP8276-600x450.jpg 600w, https:\/\/stammkoenigartus.de\/wp-content\/uploads\/IMGP8276-768x576.jpg 768w, https:\/\/stammkoenigartus.de\/wp-content\/uploads\/IMGP8276.jpg 800w\" sizes=\"auto, (max-width: 480px) 100vw, 480px\" \/><\/a>\n\t\t\t<\/div><\/figure><figure class='gallery-item'>\n\t\t\t<div class='gallery-icon landscape'>\n\t\t\t\t<a href='https:\/\/stammkoenigartus.de\/wp-content\/uploads\/IMGP8285.jpg' rel=\"lightbox[12457]\"><img loading=\"lazy\" decoding=\"async\" width=\"480\" height=\"360\" src=\"https:\/\/stammkoenigartus.de\/wp-content\/uploads\/IMGP8285-480x360.jpg\" class=\"attachment-medium size-medium\" alt=\"\" srcset=\"https:\/\/stammkoenigartus.de\/wp-content\/uploads\/IMGP8285-480x360.jpg 480w, https:\/\/stammkoenigartus.de\/wp-content\/uploads\/IMGP8285-600x450.jpg 600w, https:\/\/stammkoenigartus.de\/wp-content\/uploads\/IMGP8285-768x576.jpg 768w, https:\/\/stammkoenigartus.de\/wp-content\/uploads\/IMGP8285.jpg 800w\" sizes=\"auto, (max-width: 480px) 100vw, 480px\" \/><\/a>\n\t\t\t<\/div><\/figure><figure class='gallery-item'>\n\t\t\t<div class='gallery-icon landscape'>\n\t\t\t\t<a href='https:\/\/stammkoenigartus.de\/wp-content\/uploads\/IMGP8283.jpg' rel=\"lightbox[12457]\"><img loading=\"lazy\" decoding=\"async\" width=\"480\" height=\"360\" src=\"https:\/\/stammkoenigartus.de\/wp-content\/uploads\/IMGP8283-480x360.jpg\" class=\"attachment-medium size-medium\" alt=\"\" srcset=\"https:\/\/stammkoenigartus.de\/wp-content\/uploads\/IMGP8283-480x360.jpg 480w, https:\/\/stammkoenigartus.de\/wp-content\/uploads\/IMGP8283-600x450.jpg 600w, https:\/\/stammkoenigartus.de\/wp-content\/uploads\/IMGP8283-768x576.jpg 768w, https:\/\/stammkoenigartus.de\/wp-content\/uploads\/IMGP8283.jpg 800w\" sizes=\"auto, (max-width: 480px) 100vw, 480px\" \/><\/a>\n\t\t\t<\/div><\/figure><figure class='gallery-item'>\n\t\t\t<div class='gallery-icon landscape'>\n\t\t\t\t<a href='https:\/\/stammkoenigartus.de\/wp-content\/uploads\/IMGP8300.jpg' rel=\"lightbox[12457]\"><img loading=\"lazy\" decoding=\"async\" width=\"480\" height=\"360\" src=\"https:\/\/stammkoenigartus.de\/wp-content\/uploads\/IMGP8300-480x360.jpg\" class=\"attachment-medium size-medium\" alt=\"\" srcset=\"https:\/\/stammkoenigartus.de\/wp-content\/uploads\/IMGP8300-480x360.jpg 480w, https:\/\/stammkoenigartus.de\/wp-content\/uploads\/IMGP8300-600x450.jpg 600w, https:\/\/stammkoenigartus.de\/wp-content\/uploads\/IMGP8300-768x576.jpg 768w, https:\/\/stammkoenigartus.de\/wp-content\/uploads\/IMGP8300.jpg 800w\" sizes=\"auto, (max-width: 480px) 100vw, 480px\" \/><\/a>\n\t\t\t<\/div><\/figure><figure class='gallery-item'>\n\t\t\t<div class='gallery-icon landscape'>\n\t\t\t\t<a href='https:\/\/stammkoenigartus.de\/wp-content\/uploads\/IMGP8307.jpg' rel=\"lightbox[12457]\"><img loading=\"lazy\" decoding=\"async\" width=\"480\" height=\"360\" src=\"https:\/\/stammkoenigartus.de\/wp-content\/uploads\/IMGP8307-480x360.jpg\" class=\"attachment-medium size-medium\" alt=\"\" srcset=\"https:\/\/stammkoenigartus.de\/wp-content\/uploads\/IMGP8307-480x360.jpg 480w, https:\/\/stammkoenigartus.de\/wp-content\/uploads\/IMGP8307-600x450.jpg 600w, https:\/\/stammkoenigartus.de\/wp-content\/uploads\/IMGP8307-768x576.jpg 768w, https:\/\/stammkoenigartus.de\/wp-content\/uploads\/IMGP8307.jpg 800w\" sizes=\"auto, (max-width: 480px) 100vw, 480px\" \/><\/a>\n\t\t\t<\/div><\/figure><figure class='gallery-item'>\n\t\t\t<div class='gallery-icon landscape'>\n\t\t\t\t<a href='https:\/\/stammkoenigartus.de\/wp-content\/uploads\/IMGP8303.jpg' rel=\"lightbox[12457]\"><img loading=\"lazy\" decoding=\"async\" width=\"480\" height=\"360\" src=\"https:\/\/stammkoenigartus.de\/wp-content\/uploads\/IMGP8303-480x360.jpg\" class=\"attachment-medium size-medium\" alt=\"\" srcset=\"https:\/\/stammkoenigartus.de\/wp-content\/uploads\/IMGP8303-480x360.jpg 480w, https:\/\/stammkoenigartus.de\/wp-content\/uploads\/IMGP8303-600x450.jpg 600w, https:\/\/stammkoenigartus.de\/wp-content\/uploads\/IMGP8303-768x576.jpg 768w, https:\/\/stammkoenigartus.de\/wp-content\/uploads\/IMGP8303.jpg 800w\" sizes=\"auto, (max-width: 480px) 100vw, 480px\" \/><\/a>\n\t\t\t<\/div><\/figure><figure class='gallery-item'>\n\t\t\t<div class='gallery-icon landscape'>\n\t\t\t\t<a href='https:\/\/stammkoenigartus.de\/wp-content\/uploads\/IMGP8279.jpg' rel=\"lightbox[12457]\"><img loading=\"lazy\" decoding=\"async\" width=\"480\" height=\"360\" src=\"https:\/\/stammkoenigartus.de\/wp-content\/uploads\/IMGP8279-480x360.jpg\" class=\"attachment-medium size-medium\" alt=\"\" srcset=\"https:\/\/stammkoenigartus.de\/wp-content\/uploads\/IMGP8279-480x360.jpg 480w, https:\/\/stammkoenigartus.de\/wp-content\/uploads\/IMGP8279-600x450.jpg 600w, https:\/\/stammkoenigartus.de\/wp-content\/uploads\/IMGP8279-768x576.jpg 768w, https:\/\/stammkoenigartus.de\/wp-content\/uploads\/IMGP8279.jpg 800w\" sizes=\"auto, (max-width: 480px) 100vw, 480px\" \/><\/a>\n\t\t\t<\/div><\/figure>\n\t\t<\/div>\n\n","protected":false},"excerpt":{"rendered":"<p>Der Freundeskreis der Pfadfinder e.V. , P\u00e4chter des Pfadfinderheimes und Freunde unseres Stammes veranstalteten mit uns und den Musikkapellen aus Geh\u00fclz und Seibelsdorf ein Fest &hellip;<\/p>\n","protected":false},"author":2,"featured_media":12459,"comment_status":"open","ping_status":"closed","sticky":false,"template":"","format":"standard","meta":{"_monsterinsights_skip_tracking":false,"_monsterinsights_sitenote_active":false,"_monsterinsights_sitenote_note":"","_monsterinsights_sitenote_category":0,"footnotes":""},"categories":[135,130],"tags":[29,110,34,48,52,115,53,58,62],"class_list":["post-12457","post","type-post","status-publish","format-standard","has-post-thumbnail","hentry","category-oeffentliche-aktionen","category-unsere-aktionen","tag-anerkennung","tag-freundeskreis","tag-gemeinde","tag-pfadfinderei","tag-sinn","tag-sippe","tag-spas","tag-viele-leute","tag-wetter"],"aioseo_notices":[],"_links":{"self":[{"href":"https:\/\/stammkoenigartus.de\/index.php?rest_route=\/wp\/v2\/posts\/12457","targetHints":{"allow":["GET"]}}],"collection":[{"href":"https:\/\/stammkoenigartus.de\/index.php?rest_route=\/wp\/v2\/posts"}],"about":[{"href":"https:\/\/stammkoenigartus.de\/index.php?rest_route=\/wp\/v2\/types\/post"}],"author":[{"embeddable":true,"href":"https:\/\/stammkoenigartus.de\/index.php?rest_route=\/wp\/v2\/users\/2"}],"replies":[{"embeddable":true,"href":"https:\/\/stammkoenigartus.de\/index.php?rest_route=%2Fwp%2Fv2%2Fcomments&post=12457"}],"version-history":[{"count":5,"href":"https:\/\/stammkoenigartus.de\/index.php?rest_route=\/wp\/v2\/posts\/12457\/revisions"}],"predecessor-version":[{"id":18061,"href":"https:\/\/stammkoenigartus.de\/index.php?rest_route=\/wp\/v2\/posts\/12457\/revisions\/18061"}],"wp:featuredmedia":[{"embeddable":true,"href":"https:\/\/stammkoenigartus.de\/index.php?rest_route=\/wp\/v2\/media\/12459"}],"wp:attachment":[{"href":"https:\/\/stammkoenigartus.de\/index.php?rest_route=%2Fwp%2Fv2%2Fmedia&parent=12457"}],"wp:term":[{"taxonomy":"category","embeddable":true,"href":"https:\/\/stammkoenigartus.de\/index.php?rest_route=%2Fwp%2Fv2%2Fcategories&post=12457"},{"taxonomy":"post_tag","embeddable":true,"href":"https:\/\/stammkoenigartus.de\/index.php?rest_route=%2Fwp%2Fv2%2Ftags&post=12457"}],"curies":[{"name":"wp","href":"https:\/\/api.w.org\/{rel}","templated":true}]}}