{"id":12938,"date":"2017-03-12T11:46:13","date_gmt":"2017-03-12T10:46:13","guid":{"rendered":"http:\/\/stammkoenigartus.de\/?p=12938"},"modified":"2023-02-13T19:22:53","modified_gmt":"2023-02-13T18:22:53","slug":"altkleidersammlung-steinwiesen","status":"publish","type":"post","link":"https:\/\/stammkoenigartus.de\/?p=12938","title":{"rendered":"Altkleidersammlung Steinwiesen"},"content":{"rendered":"<p>Am 11.03.2017 um 9 Uhr fuhr ich zum Pfadfinderheim nach Steinwiesen. Ich half das erste mal bei der Altkleidersammlung. Da kam mir schon Thomas Trebes (ehem. 1. Vorstand des Freundeskreises) entgegen und wir unterhielten uns \u00fcber die Zeit.<br \/>\nVom Stamm K\u00f6nig Artus waren wir mit Alexander Holzmann, Max Smettane und Peter Lindenberger (der auch die Aufbaugruppe mit betreuen wird) dabei. Zus\u00e4tzlich war der Freundeskreis mit circa 13 Personen vertreten. Nun galt es gemeinsam mit 3 Transportfahrzeugen den grooooooo\u00dfen LKW-Anh\u00e4nger zu beladen.<\/p>\n<p>So machten wir uns auf den Weg durch die Stra\u00dfen Steinwiesens. Viele Kleiders\u00e4cke standen am Rande der vielen Stra\u00dfen f\u00fcr uns bereit. Einen nach dem anderen luden wir auf. Nachdem das Fahrzeug voll war, ging es zum Entladen an den LKW-Anh\u00e4nger. Der Freundeskreis und die Pfadfinder arbeiteten Hand in Hand und so wurden in extrem kurzer Zeit viele Kleiders\u00e4cke verladen. Der Vorsitzende des Freundeskreises der Pfadfinder Steinwiesen e.V. &#8211; Arno Kuhnlein &#8211; hatte die wohl wichtigste Aufgabe diese Tages: Er holte den Leberk\u00e4se und die Semmeln.<\/p>\n<p>So sa\u00dfen wir im Heim, lie\u00dfen es uns schmecken und freuten uns \u00fcber die vielen Spenden aus der Gemeinde Steinwiesen. Manche Einwohner schauten \u00fcberrascht, andere freuten sich die Pfadfinder aktiv und live wieder zu sehen. War es doch vor ein paar Wochen noch gar nicht sicher, dass die Pfadfinder wieder aktiv werden w\u00fcrden. Das WIR war das Endprodukt dieses Tages. Der Stamm K\u00f6nig Artus und der Freundeskreis halfen sich gegenseitig. Ehemalige Pfadfinder unterst\u00fctzen Pfadfinder und umgekehrt.<\/p>\n<p>Genau so wird es in Steinwiesen weitergehen. Zusammen mit Eltern, die uns unterst\u00fctzen und mit Kindern, die uns helfen, wollen wir das Heim in Steinwiesen wieder zu dem machen, was es einst war. Der Mittelpunkt einer Jugendbewegung, der in Deutschland rund 260.000 Mitglieder angeh\u00f6ren.<\/p>\n<p>Wir danken der Bev\u00f6lkerung in der Gemeinde Steinwiesen f\u00fcr die zahlreichen Kleiderspenden.<\/p>\n<div id='gallery-1' class='gallery galleryid-12938 gallery-columns-3 gallery-size-medium'><figure class='gallery-item'>\n\t\t\t<div class='gallery-icon landscape'>\n\t\t\t\t<a href='https:\/\/stammkoenigartus.de\/?attachment_id=12942'><img loading=\"lazy\" decoding=\"async\" width=\"480\" height=\"270\" src=\"https:\/\/stammkoenigartus.de\/wp-content\/uploads\/Altkleidersammlung-stw-17-12-480x270.jpg\" class=\"attachment-medium size-medium\" alt=\"\" aria-describedby=\"gallery-1-12942\" srcset=\"https:\/\/stammkoenigartus.de\/wp-content\/uploads\/Altkleidersammlung-stw-17-12-480x270.jpg 480w, https:\/\/stammkoenigartus.de\/wp-content\/uploads\/Altkleidersammlung-stw-17-12-600x338.jpg 600w, https:\/\/stammkoenigartus.de\/wp-content\/uploads\/Altkleidersammlung-stw-17-12-768x432.jpg 768w, https:\/\/stammkoenigartus.de\/wp-content\/uploads\/Altkleidersammlung-stw-17-12.jpg 800w\" sizes=\"auto, (max-width: 480px) 100vw, 480px\" \/><\/a>\n\t\t\t<\/div>\n\t\t\t\t<figcaption class='wp-caption-text gallery-caption' id='gallery-1-12942'>\n\t\t\t\tstrahlender Sonnenschein\n\t\t\t\t<\/figcaption><\/figure><figure class='gallery-item'>\n\t\t\t<div class='gallery-icon landscape'>\n\t\t\t\t<a href='https:\/\/stammkoenigartus.de\/?attachment_id=12941'><img loading=\"lazy\" decoding=\"async\" width=\"480\" height=\"270\" src=\"https:\/\/stammkoenigartus.de\/wp-content\/uploads\/Altkleidersammlung-stw-17-11-480x270.jpg\" class=\"attachment-medium size-medium\" alt=\"\" aria-describedby=\"gallery-1-12941\" srcset=\"https:\/\/stammkoenigartus.de\/wp-content\/uploads\/Altkleidersammlung-stw-17-11-480x270.jpg 480w, https:\/\/stammkoenigartus.de\/wp-content\/uploads\/Altkleidersammlung-stw-17-11-600x338.jpg 600w, https:\/\/stammkoenigartus.de\/wp-content\/uploads\/Altkleidersammlung-stw-17-11-768x432.jpg 768w, https:\/\/stammkoenigartus.de\/wp-content\/uploads\/Altkleidersammlung-stw-17-11.jpg 800w\" sizes=\"auto, (max-width: 480px) 100vw, 480px\" \/><\/a>\n\t\t\t<\/div>\n\t\t\t\t<figcaption class='wp-caption-text gallery-caption' id='gallery-1-12941'>\n\t\t\t\tPeter Lindenberger in Action\n\t\t\t\t<\/figcaption><\/figure><figure class='gallery-item'>\n\t\t\t<div class='gallery-icon landscape'>\n\t\t\t\t<a href='https:\/\/stammkoenigartus.de\/?attachment_id=12952'><img loading=\"lazy\" decoding=\"async\" width=\"480\" height=\"270\" src=\"https:\/\/stammkoenigartus.de\/wp-content\/uploads\/Altkleidersammlung-stw-17-9-480x270.jpg\" class=\"attachment-medium size-medium\" alt=\"\" aria-describedby=\"gallery-1-12952\" srcset=\"https:\/\/stammkoenigartus.de\/wp-content\/uploads\/Altkleidersammlung-stw-17-9-480x270.jpg 480w, https:\/\/stammkoenigartus.de\/wp-content\/uploads\/Altkleidersammlung-stw-17-9-600x338.jpg 600w, https:\/\/stammkoenigartus.de\/wp-content\/uploads\/Altkleidersammlung-stw-17-9-768x432.jpg 768w, https:\/\/stammkoenigartus.de\/wp-content\/uploads\/Altkleidersammlung-stw-17-9.jpg 800w\" sizes=\"auto, (max-width: 480px) 100vw, 480px\" \/><\/a>\n\t\t\t<\/div>\n\t\t\t\t<figcaption class='wp-caption-text gallery-caption' id='gallery-1-12952'>\n\t\t\t\tNoch sah es leer aus\n\t\t\t\t<\/figcaption><\/figure><figure class='gallery-item'>\n\t\t\t<div class='gallery-icon landscape'>\n\t\t\t\t<a href='https:\/\/stammkoenigartus.de\/?attachment_id=12944'><img loading=\"lazy\" decoding=\"async\" width=\"480\" height=\"270\" src=\"https:\/\/stammkoenigartus.de\/wp-content\/uploads\/Altkleidersammlung-stw-17-2-480x270.jpg\" class=\"attachment-medium size-medium\" alt=\"\" srcset=\"https:\/\/stammkoenigartus.de\/wp-content\/uploads\/Altkleidersammlung-stw-17-2-480x270.jpg 480w, https:\/\/stammkoenigartus.de\/wp-content\/uploads\/Altkleidersammlung-stw-17-2-600x338.jpg 600w, https:\/\/stammkoenigartus.de\/wp-content\/uploads\/Altkleidersammlung-stw-17-2-768x432.jpg 768w, https:\/\/stammkoenigartus.de\/wp-content\/uploads\/Altkleidersammlung-stw-17-2.jpg 800w\" sizes=\"auto, (max-width: 480px) 100vw, 480px\" \/><\/a>\n\t\t\t<\/div><\/figure><figure class='gallery-item'>\n\t\t\t<div class='gallery-icon landscape'>\n\t\t\t\t<a href='https:\/\/stammkoenigartus.de\/?attachment_id=12947'><img loading=\"lazy\" decoding=\"async\" width=\"480\" height=\"270\" src=\"https:\/\/stammkoenigartus.de\/wp-content\/uploads\/Altkleidersammlung-stw-17-4-480x270.jpg\" class=\"attachment-medium size-medium\" alt=\"\" aria-describedby=\"gallery-1-12947\" srcset=\"https:\/\/stammkoenigartus.de\/wp-content\/uploads\/Altkleidersammlung-stw-17-4-480x270.jpg 480w, https:\/\/stammkoenigartus.de\/wp-content\/uploads\/Altkleidersammlung-stw-17-4-600x338.jpg 600w, https:\/\/stammkoenigartus.de\/wp-content\/uploads\/Altkleidersammlung-stw-17-4-768x432.jpg 768w, https:\/\/stammkoenigartus.de\/wp-content\/uploads\/Altkleidersammlung-stw-17-4.jpg 800w\" sizes=\"auto, (max-width: 480px) 100vw, 480px\" \/><\/a>\n\t\t\t<\/div>\n\t\t\t\t<figcaption class='wp-caption-text gallery-caption' id='gallery-1-12947'>\n\t\t\t\tSmile \ud83d\ude42\n\t\t\t\t<\/figcaption><\/figure><figure class='gallery-item'>\n\t\t\t<div class='gallery-icon landscape'>\n\t\t\t\t<a href='https:\/\/stammkoenigartus.de\/?attachment_id=12948'><img loading=\"lazy\" decoding=\"async\" width=\"480\" height=\"270\" src=\"https:\/\/stammkoenigartus.de\/wp-content\/uploads\/Altkleidersammlung-stw-17-5-480x270.jpg\" class=\"attachment-medium size-medium\" alt=\"\" aria-describedby=\"gallery-1-12948\" srcset=\"https:\/\/stammkoenigartus.de\/wp-content\/uploads\/Altkleidersammlung-stw-17-5-480x270.jpg 480w, https:\/\/stammkoenigartus.de\/wp-content\/uploads\/Altkleidersammlung-stw-17-5-600x338.jpg 600w, https:\/\/stammkoenigartus.de\/wp-content\/uploads\/Altkleidersammlung-stw-17-5-768x432.jpg 768w, https:\/\/stammkoenigartus.de\/wp-content\/uploads\/Altkleidersammlung-stw-17-5.jpg 800w\" sizes=\"auto, (max-width: 480px) 100vw, 480px\" \/><\/a>\n\t\t\t<\/div>\n\t\t\t\t<figcaption class='wp-caption-text gallery-caption' id='gallery-1-12948'>\n\t\t\t\tmit Schwung\n\t\t\t\t<\/figcaption><\/figure><figure class='gallery-item'>\n\t\t\t<div class='gallery-icon landscape'>\n\t\t\t\t<a href='https:\/\/stammkoenigartus.de\/?attachment_id=12949'><img loading=\"lazy\" decoding=\"async\" width=\"480\" height=\"270\" src=\"https:\/\/stammkoenigartus.de\/wp-content\/uploads\/Altkleidersammlung-stw-17-6-480x270.jpg\" class=\"attachment-medium size-medium\" alt=\"\" aria-describedby=\"gallery-1-12949\" srcset=\"https:\/\/stammkoenigartus.de\/wp-content\/uploads\/Altkleidersammlung-stw-17-6-480x270.jpg 480w, https:\/\/stammkoenigartus.de\/wp-content\/uploads\/Altkleidersammlung-stw-17-6-600x338.jpg 600w, https:\/\/stammkoenigartus.de\/wp-content\/uploads\/Altkleidersammlung-stw-17-6-768x432.jpg 768w, https:\/\/stammkoenigartus.de\/wp-content\/uploads\/Altkleidersammlung-stw-17-6.jpg 800w\" sizes=\"auto, (max-width: 480px) 100vw, 480px\" \/><\/a>\n\t\t\t<\/div>\n\t\t\t\t<figcaption class='wp-caption-text gallery-caption' id='gallery-1-12949'>\n\t\t\t\tAuch die J\u00fcngsten halfen mit\n\t\t\t\t<\/figcaption><\/figure><figure class='gallery-item'>\n\t\t\t<div class='gallery-icon landscape'>\n\t\t\t\t<a href='https:\/\/stammkoenigartus.de\/?attachment_id=12953'><img loading=\"lazy\" decoding=\"async\" width=\"480\" height=\"270\" src=\"https:\/\/stammkoenigartus.de\/wp-content\/uploads\/Altkleidersammlung-stw-17-10-480x270.jpg\" class=\"attachment-medium size-medium\" alt=\"\" aria-describedby=\"gallery-1-12953\" srcset=\"https:\/\/stammkoenigartus.de\/wp-content\/uploads\/Altkleidersammlung-stw-17-10-480x270.jpg 480w, https:\/\/stammkoenigartus.de\/wp-content\/uploads\/Altkleidersammlung-stw-17-10-600x338.jpg 600w, https:\/\/stammkoenigartus.de\/wp-content\/uploads\/Altkleidersammlung-stw-17-10-768x432.jpg 768w, https:\/\/stammkoenigartus.de\/wp-content\/uploads\/Altkleidersammlung-stw-17-10.jpg 800w\" sizes=\"auto, (max-width: 480px) 100vw, 480px\" \/><\/a>\n\t\t\t<\/div>\n\t\t\t\t<figcaption class='wp-caption-text gallery-caption' id='gallery-1-12953'>\n\t\t\t\tFette Beute\n\t\t\t\t<\/figcaption><\/figure><figure class='gallery-item'>\n\t\t\t<div class='gallery-icon landscape'>\n\t\t\t\t<a href='https:\/\/stammkoenigartus.de\/?attachment_id=12951'><img loading=\"lazy\" decoding=\"async\" width=\"480\" height=\"270\" src=\"https:\/\/stammkoenigartus.de\/wp-content\/uploads\/Altkleidersammlung-stw-17-8-480x270.jpg\" class=\"attachment-medium size-medium\" alt=\"\" aria-describedby=\"gallery-1-12951\" srcset=\"https:\/\/stammkoenigartus.de\/wp-content\/uploads\/Altkleidersammlung-stw-17-8-480x270.jpg 480w, https:\/\/stammkoenigartus.de\/wp-content\/uploads\/Altkleidersammlung-stw-17-8-600x338.jpg 600w, https:\/\/stammkoenigartus.de\/wp-content\/uploads\/Altkleidersammlung-stw-17-8-768x432.jpg 768w, https:\/\/stammkoenigartus.de\/wp-content\/uploads\/Altkleidersammlung-stw-17-8.jpg 800w\" sizes=\"auto, (max-width: 480px) 100vw, 480px\" \/><\/a>\n\t\t\t<\/div>\n\t\t\t\t<figcaption class='wp-caption-text gallery-caption' id='gallery-1-12951'>\n\t\t\t\tder H\u00e4nger f\u00fcllt sich\n\t\t\t\t<\/figcaption><\/figure><figure class='gallery-item'>\n\t\t\t<div class='gallery-icon landscape'>\n\t\t\t\t<a href='https:\/\/stammkoenigartus.de\/?attachment_id=12943'><img loading=\"lazy\" decoding=\"async\" width=\"480\" height=\"270\" src=\"https:\/\/stammkoenigartus.de\/wp-content\/uploads\/Altkleidersammlung-stw-17-1-480x270.jpg\" class=\"attachment-medium size-medium\" alt=\"\" aria-describedby=\"gallery-1-12943\" srcset=\"https:\/\/stammkoenigartus.de\/wp-content\/uploads\/Altkleidersammlung-stw-17-1-480x270.jpg 480w, https:\/\/stammkoenigartus.de\/wp-content\/uploads\/Altkleidersammlung-stw-17-1-600x338.jpg 600w, https:\/\/stammkoenigartus.de\/wp-content\/uploads\/Altkleidersammlung-stw-17-1-768x432.jpg 768w, https:\/\/stammkoenigartus.de\/wp-content\/uploads\/Altkleidersammlung-stw-17-1.jpg 800w\" sizes=\"auto, (max-width: 480px) 100vw, 480px\" \/><\/a>\n\t\t\t<\/div>\n\t\t\t\t<figcaption class='wp-caption-text gallery-caption' id='gallery-1-12943'>\n\t\t\t\tHand in Hand\n\t\t\t\t<\/figcaption><\/figure><figure class='gallery-item'>\n\t\t\t<div class='gallery-icon landscape'>\n\t\t\t\t<a href='https:\/\/stammkoenigartus.de\/?attachment_id=12950'><img loading=\"lazy\" decoding=\"async\" width=\"480\" height=\"270\" src=\"https:\/\/stammkoenigartus.de\/wp-content\/uploads\/Altkleidersammlung-stw-17-7-480x270.jpg\" class=\"attachment-medium size-medium\" alt=\"\" aria-describedby=\"gallery-1-12950\" srcset=\"https:\/\/stammkoenigartus.de\/wp-content\/uploads\/Altkleidersammlung-stw-17-7-480x270.jpg 480w, https:\/\/stammkoenigartus.de\/wp-content\/uploads\/Altkleidersammlung-stw-17-7-600x338.jpg 600w, https:\/\/stammkoenigartus.de\/wp-content\/uploads\/Altkleidersammlung-stw-17-7-768x432.jpg 768w, https:\/\/stammkoenigartus.de\/wp-content\/uploads\/Altkleidersammlung-stw-17-7.jpg 800w\" sizes=\"auto, (max-width: 480px) 100vw, 480px\" \/><\/a>\n\t\t\t<\/div>\n\t\t\t\t<figcaption class='wp-caption-text gallery-caption' id='gallery-1-12950'>\n\t\t\t\tund f\u00fcllt sich\n\t\t\t\t<\/figcaption><\/figure>\n\t\t<\/div>\n\n","protected":false},"excerpt":{"rendered":"<p>Am 11.03.2017 um 9 Uhr fuhr ich zum Pfadfinderheim nach Steinwiesen. Ich half das erste mal bei der Altkleidersammlung. Da kam mir schon Thomas Trebes &hellip;<\/p>\n","protected":false},"author":2,"featured_media":18263,"comment_status":"open","ping_status":"closed","sticky":false,"template":"","format":"standard","meta":{"_monsterinsights_skip_tracking":false,"_monsterinsights_sitenote_active":false,"_monsterinsights_sitenote_note":"","_monsterinsights_sitenote_category":0,"footnotes":""},"categories":[141,135,136,130],"tags":[],"class_list":["post-12938","post","type-post","status-publish","format-standard","has-post-thumbnail","hentry","category-aufbaugruppe-steinwiesen","category-oeffentliche-aktionen","category-pfadfinder","category-unsere-aktionen"],"aioseo_notices":[],"_links":{"self":[{"href":"https:\/\/stammkoenigartus.de\/index.php?rest_route=\/wp\/v2\/posts\/12938","targetHints":{"allow":["GET"]}}],"collection":[{"href":"https:\/\/stammkoenigartus.de\/index.php?rest_route=\/wp\/v2\/posts"}],"about":[{"href":"https:\/\/stammkoenigartus.de\/index.php?rest_route=\/wp\/v2\/types\/post"}],"author":[{"embeddable":true,"href":"https:\/\/stammkoenigartus.de\/index.php?rest_route=\/wp\/v2\/users\/2"}],"replies":[{"embeddable":true,"href":"https:\/\/stammkoenigartus.de\/index.php?rest_route=%2Fwp%2Fv2%2Fcomments&post=12938"}],"version-history":[{"count":8,"href":"https:\/\/stammkoenigartus.de\/index.php?rest_route=\/wp\/v2\/posts\/12938\/revisions"}],"predecessor-version":[{"id":18259,"href":"https:\/\/stammkoenigartus.de\/index.php?rest_route=\/wp\/v2\/posts\/12938\/revisions\/18259"}],"wp:featuredmedia":[{"embeddable":true,"href":"https:\/\/stammkoenigartus.de\/index.php?rest_route=\/wp\/v2\/media\/18263"}],"wp:attachment":[{"href":"https:\/\/stammkoenigartus.de\/index.php?rest_route=%2Fwp%2Fv2%2Fmedia&parent=12938"}],"wp:term":[{"taxonomy":"category","embeddable":true,"href":"https:\/\/stammkoenigartus.de\/index.php?rest_route=%2Fwp%2Fv2%2Fcategories&post=12938"},{"taxonomy":"post_tag","embeddable":true,"href":"https:\/\/stammkoenigartus.de\/index.php?rest_route=%2Fwp%2Fv2%2Ftags&post=12938"}],"curies":[{"name":"wp","href":"https:\/\/api.w.org\/{rel}","templated":true}]}}