{"id":12969,"date":"2017-03-22T20:21:48","date_gmt":"2017-03-22T19:21:48","guid":{"rendered":"http:\/\/stammkoenigartus.de\/?p=12969"},"modified":"2023-02-13T19:14:46","modified_gmt":"2023-02-13T18:14:46","slug":"rainer-bluechel-feierte-seinen-50","status":"publish","type":"post","link":"https:\/\/stammkoenigartus.de\/?p=12969","title":{"rendered":"Reiner Bl\u00fcchel feierte seinen 50."},"content":{"rendered":"<p>Reiner Bl\u00fcchel &#8211; unser Vorsitzender des Freundeskreises der Pfadfinder e.V. &#8211; feierte am vergangenen Montag sein 50. Lebensjahr.<br \/>\nViele Freunde, Bekannte und Pfadfinder waren gekommen, um mit ihm gemeinsam im Limerick in Kronach zu feiern. Nachdem Tom Sauer und Thomas \u00d6xler gemeinsam aufspielten, stieg die Stimmung und es machten sich bei manchen Liedern wieder alte Erinnerungen bemerkbar. Vom Stamm K\u00f6nig Artus konnten Reiner &#8211; \u00a0Willi Pechtold, Felix B\u00e4r, Stefan Strobel, Denis Yasar, Lukas Porzelt und Christoph Scheller gratulieren. Wir \u00fcberreichten Reiner, dessen Verdienst der Heimumbau und die ehrenamtliche Arbeit im Freundeskreis ist, ein gro\u00dfes Bild. Auf diesem kann er viele vergangene Erlebnisse bestaunen und sich an viele gemeinsame Stunden im Kreis der Pfadfinder erinnern.<\/p>\n<p>Nach einem &#8222;hausgemachten&#8220; Feuerwerk ging es f\u00fcr mich Chris und Stefan auch leider schon wieder nach Hause, da Arbeit und Schule am n\u00e4chsten Tag auf uns warteten.<\/p>\n<p>Hier nochmal offiziell f\u00fcr dich lieber Reiner :<\/p>\n<p>HERZLICHEN\u00a0 GL\u00dcCKWUNSCH<\/p>\n","protected":false},"excerpt":{"rendered":"<p>Reiner Bl\u00fcchel &#8211; unser Vorsitzender des Freundeskreises der Pfadfinder e.V. &#8211; feierte am vergangenen Montag sein 50. Lebensjahr. Viele Freunde, Bekannte und Pfadfinder waren gekommen, &hellip;<\/p>\n","protected":false},"author":2,"featured_media":18250,"comment_status":"open","ping_status":"closed","sticky":false,"template":"","format":"standard","meta":{"_monsterinsights_skip_tracking":false,"_monsterinsights_sitenote_active":false,"_monsterinsights_sitenote_note":"","_monsterinsights_sitenote_category":0,"footnotes":""},"categories":[135,130],"tags":[],"class_list":["post-12969","post","type-post","status-publish","format-standard","has-post-thumbnail","hentry","category-oeffentliche-aktionen","category-unsere-aktionen"],"aioseo_notices":[],"_links":{"self":[{"href":"https:\/\/stammkoenigartus.de\/index.php?rest_route=\/wp\/v2\/posts\/12969","targetHints":{"allow":["GET"]}}],"collection":[{"href":"https:\/\/stammkoenigartus.de\/index.php?rest_route=\/wp\/v2\/posts"}],"about":[{"href":"https:\/\/stammkoenigartus.de\/index.php?rest_route=\/wp\/v2\/types\/post"}],"author":[{"embeddable":true,"href":"https:\/\/stammkoenigartus.de\/index.php?rest_route=\/wp\/v2\/users\/2"}],"replies":[{"embeddable":true,"href":"https:\/\/stammkoenigartus.de\/index.php?rest_route=%2Fwp%2Fv2%2Fcomments&post=12969"}],"version-history":[{"count":5,"href":"https:\/\/stammkoenigartus.de\/index.php?rest_route=\/wp\/v2\/posts\/12969\/revisions"}],"predecessor-version":[{"id":18251,"href":"https:\/\/stammkoenigartus.de\/index.php?rest_route=\/wp\/v2\/posts\/12969\/revisions\/18251"}],"wp:featuredmedia":[{"embeddable":true,"href":"https:\/\/stammkoenigartus.de\/index.php?rest_route=\/wp\/v2\/media\/18250"}],"wp:attachment":[{"href":"https:\/\/stammkoenigartus.de\/index.php?rest_route=%2Fwp%2Fv2%2Fmedia&parent=12969"}],"wp:term":[{"taxonomy":"category","embeddable":true,"href":"https:\/\/stammkoenigartus.de\/index.php?rest_route=%2Fwp%2Fv2%2Fcategories&post=12969"},{"taxonomy":"post_tag","embeddable":true,"href":"https:\/\/stammkoenigartus.de\/index.php?rest_route=%2Fwp%2Fv2%2Ftags&post=12969"}],"curies":[{"name":"wp","href":"https:\/\/api.w.org\/{rel}","templated":true}]}}