{"id":13166,"date":"2017-05-07T11:15:59","date_gmt":"2017-05-07T09:15:59","guid":{"rendered":"http:\/\/stammkoenigartus.de\/?p=13166"},"modified":"2023-02-13T19:04:19","modified_gmt":"2023-02-13T18:04:19","slug":"die-jagd-nach-dem-5-element","status":"publish","type":"post","link":"https:\/\/stammkoenigartus.de\/?p=13166","title":{"rendered":"Die Jagd nach dem 5. Element"},"content":{"rendered":"\n<p>Wir danken den zahlreichen Kids f\u00fcr die<br>Unterst\u00fctzung bei der Jagd nach dem 5. Element.<\/p>\n<p>Nachdem sich alle Kids auf dem Gel\u00e4nde des Pfadfinderheims eingefunden hatten, wurde von Viki die Sage vorgelesen. Gem\u00e4\u00df dieser versteckt sich in der Umgebung jemand, der wei\u00df, wo wir das 5. Element finden k\u00f6nnen.&nbsp; Daraufhin zogen die Kids in zwei Gruppen in die Umgebung aus. Um voranzukommen, wurde in zahlreichen Workshops alles \u00fcber die 4 Elemente gelernt. Dabei wurde Metall geschmolzen, gelernt wie man Wasser filtert, Gold gesucht und vieles mehr. Alle hatten sichtlich Spa\u00df dabei. Zur Tee- und Kekspause trafen sich die beiden Gruppen wieder und tauschten sich \u00fcber Erlebtes aus. Kr\u00e4ftig gest\u00e4rkt ging es auf die Suche nach dem 5. Element. Kurze Zeit sp\u00e4ter wurde ein Waldmensch gefunden, der den Eindruck machte, als w\u00fcrde er etwas wissen. Es hat etwas gedauert bei ihm Geh\u00f6r zu finden, letztendlich ist es uns gelungen.<br>Er schleuderte mit seltsamen R\u00e4tseln um sich und nach einige Versuchen gelang es uns, diese zu l\u00f6sen. Wir Danken f\u00fcr die Planung und Vorbereitung Peter Lindenberger, Alexander Holzmann, Paula Smettane und Marie Schneider. Parallel dazu konnten sich alle Eltern am Pfadfinderheim bei Kaffee und Kuchen informieren. Unser &#8222;grauer Wolf&#8220; und einige Eltern und Pfadfinder konnten so manches Erlebnis zum Besten geben. Das Wetter war super und viele Zelte waren aufgebaut. Als die beiden Gruppen aus dem Gel\u00e4nde zur\u00fcck kamen, brannte ein Feuer in der Jurte und der Tag wurde gemeinsam mit Stockbrot und Wienern beendet. Wir freuen uns auch in Zukunft viele Kinder am Pfadfinderheim begr\u00fc\u00dfen zu d\u00fcrfen. Gruppenstunden finden au\u00dferhalb der Schulferien jeden Donnerstag von 16 bis 18 Uhr statt.&nbsp;An dieser Stelle den Familien aus Steinwiesen (Smettane, Rehwald und Schneider) vielen Dank f\u00fcr die hervorragende Unterst\u00fctzung.<\/p>\n\n\n<div id='gallery-1' class='gallery galleryid-13166 gallery-columns-3 gallery-size-medium'><figure class='gallery-item'>\n\t\t\t<div class='gallery-icon landscape'>\n\t\t\t\t<a href='https:\/\/stammkoenigartus.de\/wp-content\/uploads\/Jagd-nach-dem-5.-Element-4.jpg' rel=\"lightbox[13166]\"><img loading=\"lazy\" decoding=\"async\" width=\"480\" height=\"270\" src=\"https:\/\/stammkoenigartus.de\/wp-content\/uploads\/Jagd-nach-dem-5.-Element-4-480x270.jpg\" class=\"attachment-medium size-medium\" alt=\"\" aria-describedby=\"gallery-1-13170\" srcset=\"https:\/\/stammkoenigartus.de\/wp-content\/uploads\/Jagd-nach-dem-5.-Element-4-480x270.jpg 480w, https:\/\/stammkoenigartus.de\/wp-content\/uploads\/Jagd-nach-dem-5.-Element-4-600x338.jpg 600w, https:\/\/stammkoenigartus.de\/wp-content\/uploads\/Jagd-nach-dem-5.-Element-4-768x432.jpg 768w, https:\/\/stammkoenigartus.de\/wp-content\/uploads\/Jagd-nach-dem-5.-Element-4.jpg 800w\" sizes=\"auto, (max-width: 480px) 100vw, 480px\" \/><\/a>\n\t\t\t<\/div>\n\t\t\t\t<figcaption class='wp-caption-text gallery-caption' id='gallery-1-13170'>\n\t\t\t\tDer aufbau beginnt\n\t\t\t\t<\/figcaption><\/figure><figure class='gallery-item'>\n\t\t\t<div class='gallery-icon landscape'>\n\t\t\t\t<a href='https:\/\/stammkoenigartus.de\/wp-content\/uploads\/Jagd-nach-dem-5.-Element-3.jpg' rel=\"lightbox[13166]\"><img loading=\"lazy\" decoding=\"async\" width=\"480\" height=\"270\" src=\"https:\/\/stammkoenigartus.de\/wp-content\/uploads\/Jagd-nach-dem-5.-Element-3-480x270.jpg\" class=\"attachment-medium size-medium\" alt=\"\" aria-describedby=\"gallery-1-13169\" srcset=\"https:\/\/stammkoenigartus.de\/wp-content\/uploads\/Jagd-nach-dem-5.-Element-3-480x270.jpg 480w, https:\/\/stammkoenigartus.de\/wp-content\/uploads\/Jagd-nach-dem-5.-Element-3-600x338.jpg 600w, https:\/\/stammkoenigartus.de\/wp-content\/uploads\/Jagd-nach-dem-5.-Element-3-768x432.jpg 768w, https:\/\/stammkoenigartus.de\/wp-content\/uploads\/Jagd-nach-dem-5.-Element-3.jpg 800w\" sizes=\"auto, (max-width: 480px) 100vw, 480px\" \/><\/a>\n\t\t\t<\/div>\n\t\t\t\t<figcaption class='wp-caption-text gallery-caption' id='gallery-1-13169'>\n\t\t\t\tSeile wurden gespannt\n\t\t\t\t<\/figcaption><\/figure><figure class='gallery-item'>\n\t\t\t<div class='gallery-icon landscape'>\n\t\t\t\t<a href='https:\/\/stammkoenigartus.de\/wp-content\/uploads\/Jagd-nach-dem-5.-Element-2.jpg' rel=\"lightbox[13166]\"><img loading=\"lazy\" decoding=\"async\" width=\"480\" height=\"270\" src=\"https:\/\/stammkoenigartus.de\/wp-content\/uploads\/Jagd-nach-dem-5.-Element-2-480x270.jpg\" class=\"attachment-medium size-medium\" alt=\"\" aria-describedby=\"gallery-1-13168\" srcset=\"https:\/\/stammkoenigartus.de\/wp-content\/uploads\/Jagd-nach-dem-5.-Element-2-480x270.jpg 480w, https:\/\/stammkoenigartus.de\/wp-content\/uploads\/Jagd-nach-dem-5.-Element-2-600x338.jpg 600w, https:\/\/stammkoenigartus.de\/wp-content\/uploads\/Jagd-nach-dem-5.-Element-2-768x432.jpg 768w, https:\/\/stammkoenigartus.de\/wp-content\/uploads\/Jagd-nach-dem-5.-Element-2.jpg 800w\" sizes=\"auto, (max-width: 480px) 100vw, 480px\" \/><\/a>\n\t\t\t<\/div>\n\t\t\t\t<figcaption class='wp-caption-text gallery-caption' id='gallery-1-13168'>\n\t\t\t\tDas  Jurtendach hochgezogen\n\t\t\t\t<\/figcaption><\/figure><figure class='gallery-item'>\n\t\t\t<div class='gallery-icon portrait'>\n\t\t\t\t<a href='https:\/\/stammkoenigartus.de\/wp-content\/uploads\/Jagd-nach-dem-5.-Element-1-e1494146859358.jpg' rel=\"lightbox[13166]\"><img loading=\"lazy\" decoding=\"async\" width=\"480\" height=\"270\" src=\"https:\/\/stammkoenigartus.de\/wp-content\/uploads\/Jagd-nach-dem-5.-Element-1-480x270.jpg\" class=\"attachment-medium size-medium\" alt=\"\" aria-describedby=\"gallery-1-13167\" \/><\/a>\n\t\t\t<\/div>\n\t\t\t\t<figcaption class='wp-caption-text gallery-caption' id='gallery-1-13167'>\n\t\t\t\tUnd die Fahne gehisst\n\t\t\t\t<\/figcaption><\/figure><figure class='gallery-item'>\n\t\t\t<div class='gallery-icon landscape'>\n\t\t\t\t<a href='https:\/\/stammkoenigartus.de\/wp-content\/uploads\/Jagd-nach-dem-5.-Element-8.jpg' rel=\"lightbox[13166]\"><img loading=\"lazy\" decoding=\"async\" width=\"480\" height=\"269\" src=\"https:\/\/stammkoenigartus.de\/wp-content\/uploads\/Jagd-nach-dem-5.-Element-8-480x269.jpg\" class=\"attachment-medium size-medium\" alt=\"\" aria-describedby=\"gallery-1-13173\" srcset=\"https:\/\/stammkoenigartus.de\/wp-content\/uploads\/Jagd-nach-dem-5.-Element-8-480x269.jpg 480w, https:\/\/stammkoenigartus.de\/wp-content\/uploads\/Jagd-nach-dem-5.-Element-8-600x337.jpg 600w, https:\/\/stammkoenigartus.de\/wp-content\/uploads\/Jagd-nach-dem-5.-Element-8-768x431.jpg 768w, https:\/\/stammkoenigartus.de\/wp-content\/uploads\/Jagd-nach-dem-5.-Element-8.jpg 800w\" sizes=\"auto, (max-width: 480px) 100vw, 480px\" \/><\/a>\n\t\t\t<\/div>\n\t\t\t\t<figcaption class='wp-caption-text gallery-caption' id='gallery-1-13173'>\n\t\t\t\tDer Fluss war interessant\n\t\t\t\t<\/figcaption><\/figure><figure class='gallery-item'>\n\t\t\t<div class='gallery-icon landscape'>\n\t\t\t\t<a href='https:\/\/stammkoenigartus.de\/wp-content\/uploads\/Jagd-nach-dem-5.-Element-5.jpg' rel=\"lightbox[13166]\"><img loading=\"lazy\" decoding=\"async\" width=\"480\" height=\"269\" src=\"https:\/\/stammkoenigartus.de\/wp-content\/uploads\/Jagd-nach-dem-5.-Element-5-480x269.jpg\" class=\"attachment-medium size-medium\" alt=\"\" aria-describedby=\"gallery-1-13174\" srcset=\"https:\/\/stammkoenigartus.de\/wp-content\/uploads\/Jagd-nach-dem-5.-Element-5-480x269.jpg 480w, https:\/\/stammkoenigartus.de\/wp-content\/uploads\/Jagd-nach-dem-5.-Element-5-600x337.jpg 600w, https:\/\/stammkoenigartus.de\/wp-content\/uploads\/Jagd-nach-dem-5.-Element-5-768x431.jpg 768w, https:\/\/stammkoenigartus.de\/wp-content\/uploads\/Jagd-nach-dem-5.-Element-5.jpg 800w\" sizes=\"auto, (max-width: 480px) 100vw, 480px\" \/><\/a>\n\t\t\t<\/div>\n\t\t\t\t<figcaption class='wp-caption-text gallery-caption' id='gallery-1-13174'>\n\t\t\t\tFeuer ist aufgebaut\n\t\t\t\t<\/figcaption><\/figure><figure class='gallery-item'>\n\t\t\t<div class='gallery-icon landscape'>\n\t\t\t\t<a href='https:\/\/stammkoenigartus.de\/wp-content\/uploads\/Jagd-nach-dem-5.-Element-6.jpg' rel=\"lightbox[13166]\"><img loading=\"lazy\" decoding=\"async\" width=\"480\" height=\"269\" src=\"https:\/\/stammkoenigartus.de\/wp-content\/uploads\/Jagd-nach-dem-5.-Element-6-480x269.jpg\" class=\"attachment-medium size-medium\" alt=\"\" aria-describedby=\"gallery-1-13175\" srcset=\"https:\/\/stammkoenigartus.de\/wp-content\/uploads\/Jagd-nach-dem-5.-Element-6-480x269.jpg 480w, https:\/\/stammkoenigartus.de\/wp-content\/uploads\/Jagd-nach-dem-5.-Element-6-600x337.jpg 600w, https:\/\/stammkoenigartus.de\/wp-content\/uploads\/Jagd-nach-dem-5.-Element-6-768x431.jpg 768w, https:\/\/stammkoenigartus.de\/wp-content\/uploads\/Jagd-nach-dem-5.-Element-6.jpg 800w\" sizes=\"auto, (max-width: 480px) 100vw, 480px\" \/><\/a>\n\t\t\t<\/div>\n\t\t\t\t<figcaption class='wp-caption-text gallery-caption' id='gallery-1-13175'>\n\t\t\t\tUnser Pfadfinderhund\n\t\t\t\t<\/figcaption><\/figure><figure class='gallery-item'>\n\t\t\t<div class='gallery-icon landscape'>\n\t\t\t\t<a href='https:\/\/stammkoenigartus.de\/wp-content\/uploads\/Jagd-nach-dem-5.-Element-7.jpg' rel=\"lightbox[13166]\"><img loading=\"lazy\" decoding=\"async\" width=\"480\" height=\"269\" src=\"https:\/\/stammkoenigartus.de\/wp-content\/uploads\/Jagd-nach-dem-5.-Element-7-480x269.jpg\" class=\"attachment-medium size-medium\" alt=\"\" aria-describedby=\"gallery-1-13176\" srcset=\"https:\/\/stammkoenigartus.de\/wp-content\/uploads\/Jagd-nach-dem-5.-Element-7-480x269.jpg 480w, https:\/\/stammkoenigartus.de\/wp-content\/uploads\/Jagd-nach-dem-5.-Element-7-600x337.jpg 600w, https:\/\/stammkoenigartus.de\/wp-content\/uploads\/Jagd-nach-dem-5.-Element-7-768x431.jpg 768w, https:\/\/stammkoenigartus.de\/wp-content\/uploads\/Jagd-nach-dem-5.-Element-7.jpg 800w\" sizes=\"auto, (max-width: 480px) 100vw, 480px\" \/><\/a>\n\t\t\t<\/div>\n\t\t\t\t<figcaption class='wp-caption-text gallery-caption' id='gallery-1-13176'>\n\t\t\t\tDie Gruppenf\u00fchrung der Meuten Fledermaus und Schneehase\n\t\t\t\t<\/figcaption><\/figure>\n\t\t<\/div>\n","protected":false},"excerpt":{"rendered":"<p>Wir danken den zahlreichen Kids f\u00fcr dieUnterst\u00fctzung bei der Jagd nach dem 5. Element. Nachdem sich alle Kids auf dem Gel\u00e4nde des Pfadfinderheims eingefunden hatten, &hellip;<\/p>\n","protected":false},"author":2,"featured_media":13167,"comment_status":"open","ping_status":"closed","sticky":false,"template":"","format":"standard","meta":{"_monsterinsights_skip_tracking":false,"_monsterinsights_sitenote_active":false,"_monsterinsights_sitenote_note":"","_monsterinsights_sitenote_category":0,"footnotes":""},"categories":[141,135,130],"tags":[28,107,30,32,33,35,114,43,44,48,53,62],"class_list":["post-13166","post","type-post","status-publish","format-standard","has-post-thumbnail","hentry","category-aufbaugruppe-steinwiesen","category-oeffentliche-aktionen","category-unsere-aktionen","tag-action","tag-anmeldung","tag-ansporn","tag-fahrt","tag-gelandespiel","tag-gesprach","tag-halstuch","tag-kontakt","tag-leistung","tag-pfadfinderei","tag-spas","tag-wetter"],"aioseo_notices":[],"_links":{"self":[{"href":"https:\/\/stammkoenigartus.de\/index.php?rest_route=\/wp\/v2\/posts\/13166","targetHints":{"allow":["GET"]}}],"collection":[{"href":"https:\/\/stammkoenigartus.de\/index.php?rest_route=\/wp\/v2\/posts"}],"about":[{"href":"https:\/\/stammkoenigartus.de\/index.php?rest_route=\/wp\/v2\/types\/post"}],"author":[{"embeddable":true,"href":"https:\/\/stammkoenigartus.de\/index.php?rest_route=\/wp\/v2\/users\/2"}],"replies":[{"embeddable":true,"href":"https:\/\/stammkoenigartus.de\/index.php?rest_route=%2Fwp%2Fv2%2Fcomments&post=13166"}],"version-history":[{"count":6,"href":"https:\/\/stammkoenigartus.de\/index.php?rest_route=\/wp\/v2\/posts\/13166\/revisions"}],"predecessor-version":[{"id":18245,"href":"https:\/\/stammkoenigartus.de\/index.php?rest_route=\/wp\/v2\/posts\/13166\/revisions\/18245"}],"wp:featuredmedia":[{"embeddable":true,"href":"https:\/\/stammkoenigartus.de\/index.php?rest_route=\/wp\/v2\/media\/13167"}],"wp:attachment":[{"href":"https:\/\/stammkoenigartus.de\/index.php?rest_route=%2Fwp%2Fv2%2Fmedia&parent=13166"}],"wp:term":[{"taxonomy":"category","embeddable":true,"href":"https:\/\/stammkoenigartus.de\/index.php?rest_route=%2Fwp%2Fv2%2Fcategories&post=13166"},{"taxonomy":"post_tag","embeddable":true,"href":"https:\/\/stammkoenigartus.de\/index.php?rest_route=%2Fwp%2Fv2%2Ftags&post=13166"}],"curies":[{"name":"wp","href":"https:\/\/api.w.org\/{rel}","templated":true}]}}