{"id":13435,"date":"2017-07-18T22:24:36","date_gmt":"2017-07-18T20:24:36","guid":{"rendered":"http:\/\/stammkoenigartus.de\/?p=13435"},"modified":"2023-02-13T18:51:09","modified_gmt":"2023-02-13T17:51:09","slug":"stammeslager","status":"publish","type":"post","link":"https:\/\/stammkoenigartus.de\/?p=13435","title":{"rendered":"Bericht Stammeslager 2017"},"content":{"rendered":"<p>Vom 30.06 bis zum 02.07 fand mal wieder unser all j\u00e4hrliches Stammeslager statt. Auch diesmal hat es uns wieder ins wundersch\u00f6ne Schney bei Lichtenfels gezogen. Die Ankunft am Freitag ging wie immer reibungslos von statten. Auch das Wetter hat beim Zeltaufbau gl\u00fccklicherweise mitgespielt. Nachdem Zeltaufbau gab es erst mal Abendessen und danach konnten sich unsere W\u00f6lflinge noch auf den bevorstehenden Postenlauf vorbereiten. Sp\u00e4ter gab es dann noch eine gem\u00fctliche Singerunde.<br \/>\nAm n\u00e4chsten Tag ging es fr\u00fch um halb acht los . Der Tag begann wie immer mit einem herzhaften Fr\u00fchst\u00fcck , dass durch unsere K\u00fcchenmannschaft vorbereitet wurde. Danach gab es im Auftrag der K\u00fcche eine Topfputzaktion bei der jede Gruppe einen Topf bekam und los putzen musste. Die Sippe Morgan konnte bei diesem Wettbewerb mit dem saubersten Topf \u00fcberzeugen. Nun ging es gleich los mit dem Postenlauf , bei dem die W\u00f6lflinge wieder zeigen konnten , was \u00fcbers Jahr gelernt haben. W\u00e4hrend dessen haben sich die Sippe Morgan und die Sippe Gareth auf eine kleine Kanutour begeben. Nach 2 Stunden kamen dann die Sippen wieder von ihrer Kanutour zur\u00fcck und so konnte sich nun auch der Trupp zu einer kleinen Tour aufmachen. Auf 14 Uhr gab es dann Mittagessen. Nach einer kleinen Pause ging es auch gleich weiter mit dem Programm. So konnten die Sippen und Meuten in einem Kanuspiel ihr K\u00f6nnen zeigen.<br \/>\nNach einem sehr guten Abendessen ging es auch schon langsam in den wichtigsten Teil des Stammeslagers \u00fcber; die Versprechensfeier. Hier nochmal die Versprechensfeier zusammengefasst:<\/p>\n<p>W\u00f6lflinge: Abzeichen Jungwolf: Noah Schneider, Linus Huth<\/p>\n<p>Sternwolf: Leon Sigmund ,Max Smettane ,Fabian Rehwald, Pheobe B\u00f6ttger<\/p>\n<p>Stammwolf : Armin Schwarz ,Marlene Vitz<\/p>\n<p>Halstuch: Lennard Witzgall<\/p>\n<p>Sippe: Halstuch: Armin Schwarz, Leon Sigmund, Linus Huth, Marlene Vitz<\/p>\n<p>Gruppenf\u00fchrung: Lukas M\u00fchlnickel \u2013 Meutenf\u00fchrung Schneehase<\/p>\n<p>Tim Bauer \u2013 Meutenf\u00fchrung Fledermaus<\/p>\n<p>Selma \u2013 Truppf\u00fchrung<\/p>\n<p>Chris \u2013 Sippenf\u00fchrung Gareth<\/p>\n<p>Am Sonntag fr\u00fch machten wir uns nach dem Fr\u00fchst\u00fcck gleich auf und bauten die Zelte ab, sodass wir p\u00fcnktlich um 10 Uhr in Schney losfahren konnten. An dieser Stelle Danke an alle, die dabei waren. Ohne euch w\u00fcrde das Stammeslager nicht existieren. Gro\u00dfes DANKE !! Chris<\/p>\n","protected":false},"excerpt":{"rendered":"<p>Vom 30.06 bis zum 02.07 fand mal wieder unser all j\u00e4hrliches Stammeslager statt. Auch diesmal hat es uns wieder ins wundersch\u00f6ne Schney bei Lichtenfels gezogen. &hellip;<\/p>\n","protected":false},"author":14,"featured_media":18227,"comment_status":"open","ping_status":"closed","sticky":false,"template":"","format":"standard","meta":{"_monsterinsights_skip_tracking":false,"_monsterinsights_sitenote_active":false,"_monsterinsights_sitenote_note":"","_monsterinsights_sitenote_category":0,"footnotes":""},"categories":[136,132,137,130,131],"tags":[],"class_list":["post-13435","post","type-post","status-publish","format-standard","has-post-thumbnail","hentry","category-pfadfinder","category-rover","category-stamm","category-unsere-aktionen","category-woelflinge"],"aioseo_notices":[],"_links":{"self":[{"href":"https:\/\/stammkoenigartus.de\/index.php?rest_route=\/wp\/v2\/posts\/13435","targetHints":{"allow":["GET"]}}],"collection":[{"href":"https:\/\/stammkoenigartus.de\/index.php?rest_route=\/wp\/v2\/posts"}],"about":[{"href":"https:\/\/stammkoenigartus.de\/index.php?rest_route=\/wp\/v2\/types\/post"}],"author":[{"embeddable":true,"href":"https:\/\/stammkoenigartus.de\/index.php?rest_route=\/wp\/v2\/users\/14"}],"replies":[{"embeddable":true,"href":"https:\/\/stammkoenigartus.de\/index.php?rest_route=%2Fwp%2Fv2%2Fcomments&post=13435"}],"version-history":[{"count":4,"href":"https:\/\/stammkoenigartus.de\/index.php?rest_route=\/wp\/v2\/posts\/13435\/revisions"}],"predecessor-version":[{"id":18228,"href":"https:\/\/stammkoenigartus.de\/index.php?rest_route=\/wp\/v2\/posts\/13435\/revisions\/18228"}],"wp:featuredmedia":[{"embeddable":true,"href":"https:\/\/stammkoenigartus.de\/index.php?rest_route=\/wp\/v2\/media\/18227"}],"wp:attachment":[{"href":"https:\/\/stammkoenigartus.de\/index.php?rest_route=%2Fwp%2Fv2%2Fmedia&parent=13435"}],"wp:term":[{"taxonomy":"category","embeddable":true,"href":"https:\/\/stammkoenigartus.de\/index.php?rest_route=%2Fwp%2Fv2%2Fcategories&post=13435"},{"taxonomy":"post_tag","embeddable":true,"href":"https:\/\/stammkoenigartus.de\/index.php?rest_route=%2Fwp%2Fv2%2Ftags&post=13435"}],"curies":[{"name":"wp","href":"https:\/\/api.w.org\/{rel}","templated":true}]}}