{"id":13439,"date":"2017-07-18T22:26:10","date_gmt":"2017-07-18T20:26:10","guid":{"rendered":"http:\/\/stammkoenigartus.de\/?p=13439"},"modified":"2023-02-13T18:49:24","modified_gmt":"2023-02-13T17:49:24","slug":"johannisfeuer-waldlaeufer","status":"publish","type":"post","link":"https:\/\/stammkoenigartus.de\/?p=13439","title":{"rendered":"Bericht Johannisfeuer Waldl\u00e4ufer 2017"},"content":{"rendered":"<p>Am Freitag den 23.06.2017 machten sich Felix, Stefan, Yannick S., Willi, Ramona, Sammy und Chris auf zum Johannisfeuer des Pfadfinderstammes Waldl\u00e4ufer. Am Freitagabend angekommen, bauten wir unsere Kohte auf. Danach ging es langsam auch schon los. Die ersten G\u00e4ste kamen und der Grill war schon m\u00e4chtig am Braten. Wir hatten gut gespeist. Im Anschluss wurde das Feuer entz\u00fcndet. Danke an dieser Stelle an die Feuerwehr Grafenw\u00f6hr, die das Johannisfeuer erst erm\u00f6glichten. Nach einem gem\u00fctlichen Abend gingen wir dann gegen 2 Uhr ins Bett. Am n\u00e4chsten Tag halfen wir dann noch beim Aufr\u00e4umen bevor es Heim ging. Ein gelungenes Johannisfeuer und danke f\u00fcr die Einladung!! Chris<\/p>\n","protected":false},"excerpt":{"rendered":"<p>Am Freitag den 23.06.2017 machten sich Felix, Stefan, Yannick S., Willi, Ramona, Sammy und Chris auf zum Johannisfeuer des Pfadfinderstammes Waldl\u00e4ufer. Am Freitagabend angekommen, bauten &hellip;<\/p>\n","protected":false},"author":14,"featured_media":18224,"comment_status":"open","ping_status":"closed","sticky":false,"template":"","format":"standard","meta":{"_monsterinsights_skip_tracking":false,"_monsterinsights_sitenote_active":false,"_monsterinsights_sitenote_note":"","_monsterinsights_sitenote_category":0,"footnotes":""},"categories":[136,132,137,130],"tags":[],"class_list":["post-13439","post","type-post","status-publish","format-standard","has-post-thumbnail","hentry","category-pfadfinder","category-rover","category-stamm","category-unsere-aktionen"],"aioseo_notices":[],"_links":{"self":[{"href":"https:\/\/stammkoenigartus.de\/index.php?rest_route=\/wp\/v2\/posts\/13439","targetHints":{"allow":["GET"]}}],"collection":[{"href":"https:\/\/stammkoenigartus.de\/index.php?rest_route=\/wp\/v2\/posts"}],"about":[{"href":"https:\/\/stammkoenigartus.de\/index.php?rest_route=\/wp\/v2\/types\/post"}],"author":[{"embeddable":true,"href":"https:\/\/stammkoenigartus.de\/index.php?rest_route=\/wp\/v2\/users\/14"}],"replies":[{"embeddable":true,"href":"https:\/\/stammkoenigartus.de\/index.php?rest_route=%2Fwp%2Fv2%2Fcomments&post=13439"}],"version-history":[{"count":5,"href":"https:\/\/stammkoenigartus.de\/index.php?rest_route=\/wp\/v2\/posts\/13439\/revisions"}],"predecessor-version":[{"id":18225,"href":"https:\/\/stammkoenigartus.de\/index.php?rest_route=\/wp\/v2\/posts\/13439\/revisions\/18225"}],"wp:featuredmedia":[{"embeddable":true,"href":"https:\/\/stammkoenigartus.de\/index.php?rest_route=\/wp\/v2\/media\/18224"}],"wp:attachment":[{"href":"https:\/\/stammkoenigartus.de\/index.php?rest_route=%2Fwp%2Fv2%2Fmedia&parent=13439"}],"wp:term":[{"taxonomy":"category","embeddable":true,"href":"https:\/\/stammkoenigartus.de\/index.php?rest_route=%2Fwp%2Fv2%2Fcategories&post=13439"},{"taxonomy":"post_tag","embeddable":true,"href":"https:\/\/stammkoenigartus.de\/index.php?rest_route=%2Fwp%2Fv2%2Ftags&post=13439"}],"curies":[{"name":"wp","href":"https:\/\/api.w.org\/{rel}","templated":true}]}}