{"id":13442,"date":"2017-07-18T22:27:41","date_gmt":"2017-07-18T20:27:41","guid":{"rendered":"http:\/\/stammkoenigartus.de\/?p=13442"},"modified":"2023-02-13T18:48:48","modified_gmt":"2023-02-13T17:48:48","slug":"haijk-sippe-gerath","status":"publish","type":"post","link":"https:\/\/stammkoenigartus.de\/?p=13442","title":{"rendered":"Bericht Haijk Sippe Gareth 2017"},"content":{"rendered":"<p>1. Tag<\/p>\n<p>Am ersten Tag starteten wir um ca. 16 Uhr am Pfadfinderheim in Waldbuch zum ersten Tagesziel Zeyern, wo wir den ersten Stopp am Spielplatz einlegten und uns an der Kneippanlage etwas abk\u00fchlten. Danach legten wir unser Tagesziel Erlabr\u00fcck fest, wir erreichten es gegen 18 Uhr und da wir bis jetzt noch keine Lebensmittel bei uns hatten, mussten sich zwei von drei Leuten (Alex, Felix) dazu besinnen, nach Steinwiesen zu laufen und dort etwas zu Essen f\u00fcr die zwei noch folgenden Tage zu kaufen. Da wir sp\u00e4t dran waren, kamen wir ca. 5 Minuten vor Schlie\u00dfung des Ladens und konnten somit den Haijk gerade noch retten. Nachdem das Nachtlager aufgebaut war, gingen wir noch im Fluss schwimmen, bevor wir uns das Abendessen (K\u00e4sesp\u00e4tzle) schmecken lie\u00dfen.<\/p>\n<p>2. Tag<br \/>\nWir starteten um ca. 9 Uhr zum Tagesziel &#8211; der K\u00f6deltalsperre -, das Fr\u00fchst\u00fcck bestand aus Cornflakes und Tee. Das Wetter war mehr oder weniger auf unserer Seite: Es regnete nicht, aber es war ein bisschen hei\u00df um zu haijken. Doch das st\u00f6rte uns nat\u00fcrlich nicht. Wir kamen um ca. 18 Uhr an unserem geplanten Schlafplatz an und badeten wieder in einem Fluss, um uns von der Anstrengung des Tages zu erholen. Als Essen gab es die vom Vortag \u00fcbrig gebliebenen K\u00e4sesp\u00e4tzle und Nudeln.<\/p>\n<p>3. Tag<br \/>\nAm letzten Tag starteten wir um 10 Uhr und liefen auf unser Tagesziel &#8211; das Nordhalbener Naturbad \u2013 zu. Als wir Nordhalben erreicht hatten, liefen wir dank unserer guten Koordinationsf\u00e4higkeiten erst mal ans falsche Ende, welches &#8211; wie wir festgestellt haben &#8211; nicht wirklich gut ausgeschildert ist. Nachdem wir ein paar nette Nordhalbenerinnen nach dem Weg zum Schwimmbad fragten, gelangten wir endlich zum Tagesziel, wo wir uns um 12 Uhr abholen lie\u00dfen.<br \/>\nBei Fragen wendet euch bitte an die Sippe Gareth.<br \/>\nGez.\u00a0 Yannick Stumpf<\/p>\n","protected":false},"excerpt":{"rendered":"<p>1. Tag Am ersten Tag starteten wir um ca. 16 Uhr am Pfadfinderheim in Waldbuch zum ersten Tagesziel Zeyern, wo wir den ersten Stopp am &hellip;<\/p>\n","protected":false},"author":14,"featured_media":18221,"comment_status":"open","ping_status":"closed","sticky":false,"template":"","format":"standard","meta":{"_monsterinsights_skip_tracking":false,"_monsterinsights_sitenote_active":false,"_monsterinsights_sitenote_note":"","_monsterinsights_sitenote_category":0,"footnotes":""},"categories":[136,130],"tags":[],"class_list":["post-13442","post","type-post","status-publish","format-standard","has-post-thumbnail","hentry","category-pfadfinder","category-unsere-aktionen"],"aioseo_notices":[],"_links":{"self":[{"href":"https:\/\/stammkoenigartus.de\/index.php?rest_route=\/wp\/v2\/posts\/13442","targetHints":{"allow":["GET"]}}],"collection":[{"href":"https:\/\/stammkoenigartus.de\/index.php?rest_route=\/wp\/v2\/posts"}],"about":[{"href":"https:\/\/stammkoenigartus.de\/index.php?rest_route=\/wp\/v2\/types\/post"}],"author":[{"embeddable":true,"href":"https:\/\/stammkoenigartus.de\/index.php?rest_route=\/wp\/v2\/users\/14"}],"replies":[{"embeddable":true,"href":"https:\/\/stammkoenigartus.de\/index.php?rest_route=%2Fwp%2Fv2%2Fcomments&post=13442"}],"version-history":[{"count":5,"href":"https:\/\/stammkoenigartus.de\/index.php?rest_route=\/wp\/v2\/posts\/13442\/revisions"}],"predecessor-version":[{"id":18223,"href":"https:\/\/stammkoenigartus.de\/index.php?rest_route=\/wp\/v2\/posts\/13442\/revisions\/18223"}],"wp:featuredmedia":[{"embeddable":true,"href":"https:\/\/stammkoenigartus.de\/index.php?rest_route=\/wp\/v2\/media\/18221"}],"wp:attachment":[{"href":"https:\/\/stammkoenigartus.de\/index.php?rest_route=%2Fwp%2Fv2%2Fmedia&parent=13442"}],"wp:term":[{"taxonomy":"category","embeddable":true,"href":"https:\/\/stammkoenigartus.de\/index.php?rest_route=%2Fwp%2Fv2%2Fcategories&post=13442"},{"taxonomy":"post_tag","embeddable":true,"href":"https:\/\/stammkoenigartus.de\/index.php?rest_route=%2Fwp%2Fv2%2Ftags&post=13442"}],"curies":[{"name":"wp","href":"https:\/\/api.w.org\/{rel}","templated":true}]}}