{"id":13444,"date":"2017-07-18T22:28:54","date_gmt":"2017-07-18T20:28:54","guid":{"rendered":"http:\/\/stammkoenigartus.de\/?p=13444"},"modified":"2017-07-18T22:41:18","modified_gmt":"2017-07-18T20:41:18","slug":"haijk-sippe-morgan","status":"publish","type":"post","link":"https:\/\/stammkoenigartus.de\/?p=13444","title":{"rendered":"Bericht Haijk Sippe Morgan 2017"},"content":{"rendered":"<p align=\"CENTER\"><span style=\"font-family: Comic Sans MS,cursive;\"><span style=\"font-size: medium;\">Am Mittwoch trafen wir uns zum aufteilen aller Materialien,sodass jeder eine Zeltplane,zwei Heringe und ein Seil, sowie sein Essen und drei Liter Wasser in seinem Rucksack hatte.<br \/>\nAm Freitag starteten wir dann um halb elf in Rauhenberg Richtung Bischofsm\u00fchle, dort kehrten wir ein und machten eine einst\u00fcndige Pause, auf halb einse gings weiter. Nach einigen malen bergauf, bergab haben wir beschlossen, von dreiviertel vier bis halb f\u00fcnf nochmal oberhalb des Gasthof Fels pause zu machen, bevor wir uns auf zum letzten St\u00fcck nach Wallenfels zum Campingplatz machten. Als wir schon fast da waren, bemerkten wir, dass der Fl\u00f6\u00dferweg au\u00dfenrum nach Wallenfels geht und wir anschlie\u00dfend wieder ein St\u00fcck zur\u00fcck laufen h\u00e4tten m\u00fcssen, da wir aber nach 25 km geschafft waren,wurde beschlossen \u00fcber die Bundesstra\u00dfe zu gehen und bei der Br\u00fccke die kleinen Stufen hinunter zugehen, so waren wir um halb sieben am Zeltplatz. Dort bauten wir unsere Lock mit der aufm Weg gesuchten Zeltstange auf, doch leider ist sie beim spannen zerbrochen &#8230; Da wir alle mit unseren Nerven am Ende waren, wurde Paula&#8217;s Dad angerufen, der uns eine bessere Zeltstange, sowie eine Axt vorbeibrachte. Nachdem das Zelt stand, haben wir uns unser Essen gekocht und noch ein bisschn geredet. Auf zehne sind wir dann schon langsam schlafen gegangen. Daf\u00fcr sind wir alle am n\u00e4chsten Tag um dreiviertel sieben schon auf den Beinen gewesen. Nach dem Fr\u00fchst\u00fcck und dem Zusammenpacken sind wir auf achte Richtung Unterrodach los gelaufen. Nach weiteren 7km hatten wir keine kraft mehr und lie\u00dfen uns dann in Elabr\u00fcck von Marie&#8217;s Mama zum McDonalds in Oberrodach fahren, dort haben wir ein zweites Fr\u00fchst\u00fcck gemacht. Anschlie\u00dfend lie\u00dfen wir uns auf elfe abholen. <\/span><\/span><span style=\"font-family: Arial,sans-serif;\"><span style=\"font-size: medium;\">Viki<\/span><\/span><\/p>\n","protected":false},"excerpt":{"rendered":"<p>Am Mittwoch trafen wir uns zum aufteilen aller Materialien,sodass jeder eine Zeltplane,zwei Heringe und ein Seil, sowie sein Essen und drei Liter Wasser in seinem &hellip;<\/p>\n","protected":false},"author":14,"featured_media":0,"comment_status":"open","ping_status":"closed","sticky":false,"template":"","format":"standard","meta":{"_monsterinsights_skip_tracking":false,"_monsterinsights_sitenote_active":false,"_monsterinsights_sitenote_note":"","_monsterinsights_sitenote_category":0,"footnotes":""},"categories":[136,130],"tags":[],"class_list":["post-13444","post","type-post","status-publish","format-standard","hentry","category-pfadfinder","category-unsere-aktionen"],"aioseo_notices":[],"_links":{"self":[{"href":"https:\/\/stammkoenigartus.de\/index.php?rest_route=\/wp\/v2\/posts\/13444","targetHints":{"allow":["GET"]}}],"collection":[{"href":"https:\/\/stammkoenigartus.de\/index.php?rest_route=\/wp\/v2\/posts"}],"about":[{"href":"https:\/\/stammkoenigartus.de\/index.php?rest_route=\/wp\/v2\/types\/post"}],"author":[{"embeddable":true,"href":"https:\/\/stammkoenigartus.de\/index.php?rest_route=\/wp\/v2\/users\/14"}],"replies":[{"embeddable":true,"href":"https:\/\/stammkoenigartus.de\/index.php?rest_route=%2Fwp%2Fv2%2Fcomments&post=13444"}],"version-history":[{"count":2,"href":"https:\/\/stammkoenigartus.de\/index.php?rest_route=\/wp\/v2\/posts\/13444\/revisions"}],"predecessor-version":[{"id":13447,"href":"https:\/\/stammkoenigartus.de\/index.php?rest_route=\/wp\/v2\/posts\/13444\/revisions\/13447"}],"wp:attachment":[{"href":"https:\/\/stammkoenigartus.de\/index.php?rest_route=%2Fwp%2Fv2%2Fmedia&parent=13444"}],"wp:term":[{"taxonomy":"category","embeddable":true,"href":"https:\/\/stammkoenigartus.de\/index.php?rest_route=%2Fwp%2Fv2%2Fcategories&post=13444"},{"taxonomy":"post_tag","embeddable":true,"href":"https:\/\/stammkoenigartus.de\/index.php?rest_route=%2Fwp%2Fv2%2Ftags&post=13444"}],"curies":[{"name":"wp","href":"https:\/\/api.w.org\/{rel}","templated":true}]}}