{"id":13832,"date":"2017-11-20T16:22:52","date_gmt":"2017-11-20T15:22:52","guid":{"rendered":"http:\/\/stammkoenigartus.de\/?p=13832"},"modified":"2023-02-13T18:40:02","modified_gmt":"2023-02-13T17:40:02","slug":"aepfel-sammeln-und-apfelsaft","status":"publish","type":"post","link":"https:\/\/stammkoenigartus.de\/?p=13832","title":{"rendered":"\u00c4pfel sammeln und Apfelsaft"},"content":{"rendered":"<p><span style=\"font-weight: 400;\">In einer unserer Gruppenstunden haben wir ausgemacht, dass wir \u00c4pfel sammeln gehen und diese anschlie\u00dfend in Fischbach pressen lassen. Gesagt getan! Am Dienstag in der Gruppenstunde sind Paula, Linda, Greta und ich zum \u00c4pfelsammeln gegangen. Wir haben circa 90 kg \u00c4pfel zusammen bekommen. Als n\u00e4chstes wurde ein Termin in Fischbach ausgemacht. Am Freitag trafen wir uns in Marktrodach bei Linda, um nach Fischbach zu fahren. Dort wurde uns gezeigt, wie die \u00c4pfel verarbeitet werden und daraus Saft gepresst wird. Wir bekamen circa 70 Liter Apfelsaft heraus. <\/span><span style=\"font-weight: 400;\"><br \/>\n<\/span><span style=\"font-weight: 400;\">Nat\u00fcrlich durften wir gleich den warmen Apfelsaft probieren. Er war super lecker. <\/span><\/p>\n","protected":false},"excerpt":{"rendered":"<p>In einer unserer Gruppenstunden haben wir ausgemacht, dass wir \u00c4pfel sammeln gehen und diese anschlie\u00dfend in Fischbach pressen lassen. Gesagt getan! Am Dienstag in der &hellip;<\/p>\n","protected":false},"author":3,"featured_media":16814,"comment_status":"open","ping_status":"closed","sticky":false,"template":"","format":"standard","meta":{"_monsterinsights_skip_tracking":false,"_monsterinsights_sitenote_active":false,"_monsterinsights_sitenote_note":"","_monsterinsights_sitenote_category":0,"footnotes":""},"categories":[138,1],"tags":[],"class_list":["post-13832","post","type-post","status-publish","format-standard","has-post-thumbnail","hentry","category-projekt-heim","category-uncategorized"],"aioseo_notices":[],"_links":{"self":[{"href":"https:\/\/stammkoenigartus.de\/index.php?rest_route=\/wp\/v2\/posts\/13832","targetHints":{"allow":["GET"]}}],"collection":[{"href":"https:\/\/stammkoenigartus.de\/index.php?rest_route=\/wp\/v2\/posts"}],"about":[{"href":"https:\/\/stammkoenigartus.de\/index.php?rest_route=\/wp\/v2\/types\/post"}],"author":[{"embeddable":true,"href":"https:\/\/stammkoenigartus.de\/index.php?rest_route=\/wp\/v2\/users\/3"}],"replies":[{"embeddable":true,"href":"https:\/\/stammkoenigartus.de\/index.php?rest_route=%2Fwp%2Fv2%2Fcomments&post=13832"}],"version-history":[{"count":1,"href":"https:\/\/stammkoenigartus.de\/index.php?rest_route=\/wp\/v2\/posts\/13832\/revisions"}],"predecessor-version":[{"id":13833,"href":"https:\/\/stammkoenigartus.de\/index.php?rest_route=\/wp\/v2\/posts\/13832\/revisions\/13833"}],"wp:featuredmedia":[{"embeddable":true,"href":"https:\/\/stammkoenigartus.de\/index.php?rest_route=\/wp\/v2\/media\/16814"}],"wp:attachment":[{"href":"https:\/\/stammkoenigartus.de\/index.php?rest_route=%2Fwp%2Fv2%2Fmedia&parent=13832"}],"wp:term":[{"taxonomy":"category","embeddable":true,"href":"https:\/\/stammkoenigartus.de\/index.php?rest_route=%2Fwp%2Fv2%2Fcategories&post=13832"},{"taxonomy":"post_tag","embeddable":true,"href":"https:\/\/stammkoenigartus.de\/index.php?rest_route=%2Fwp%2Fv2%2Ftags&post=13832"}],"curies":[{"name":"wp","href":"https:\/\/api.w.org\/{rel}","templated":true}]}}