{"id":13837,"date":"2017-11-20T16:34:51","date_gmt":"2017-11-20T15:34:51","guid":{"rendered":"http:\/\/stammkoenigartus.de\/?p=13837"},"modified":"2023-08-21T17:59:14","modified_gmt":"2023-08-21T15:59:14","slug":"ueber-die-pfadfinderei-willi-pechtold-im-interview","status":"publish","type":"post","link":"https:\/\/stammkoenigartus.de\/?p=13837","title":{"rendered":"\u00dcber die Pfadfinderei &#8211; Willi Pechtold im Interview"},"content":{"rendered":"<p><span style=\"font-family: tahoma, arial, helvetica, sans-serif; font-size: 12pt;\"><b>\u201cJeden Tag eine gute Tat tun.\u201d <\/b><span style=\"font-weight: 400;\">Nach diesem Motto lebt unser Willi Pechtold schon seit er 6 Jahre alt ist. Denn Willi ist bereits seit 65 Jahren aktiver Pfadfinder &#8211; 50 davon in unserem Stamm. Ich denke dass Willi seither in den 50 Jahren eine tragende S\u00e4ule unseres Stammes ist, die Vieles leistet, wisst ihr alle. <\/span><span style=\"font-weight: 400;\"><br \/>\n<\/span><span style=\"font-weight: 400;\">Und genau aus diesen 65 Jahren Pfadfindererfahrung k\u00f6nnen wir vieles lernen, wie das Interview mit Willi zeigt:<\/span><\/span><\/p>\n<p><span style=\"font-family: tahoma, arial, helvetica, sans-serif; font-size: 12pt;\"><b><i>Was bedeutet Pfadfinder sein f\u00fcr dich?<\/i><\/b><\/span><\/p>\n<p><span style=\"font-weight: 400; font-family: tahoma, arial, helvetica, sans-serif; font-size: 12pt;\">Ich finde es wichtig, Vorbild zu sein. Die Pfadfinderei beinhaltet so vieles. Kein Pfadfinder, der bei mir dabei war, ist auf die schiefe Bahn geraten. Dar\u00fcber freue ich mich.<\/span><\/p>\n<p><span style=\"font-family: tahoma, arial, helvetica, sans-serif; font-size: 12pt;\"><b><i>Ist Pfadfinderei \u00fcberhaupt noch zeitgem\u00e4\u00df in Zeiten von Facebook, Google und Co?<\/i><\/b><b><i><br \/>\n<\/i><\/b><span style=\"font-weight: 400;\">Auf jeden Fall, man sieht ja den Unterschied. Das eine findet im Wohnzimmer statt, das andere ist reine Natur. Viele Menschen suchen abenteuerliche Urlaube. Da ist Pfadfinderei einfach zeitgem\u00e4\u00df.<\/span><\/span><\/p>\n<p><span style=\"font-family: tahoma, arial, helvetica, sans-serif; font-size: 12pt;\"><b><i>Ist Pfadfinder sein nicht auch Herzens- und Charakterbildung?<\/i><\/b><b><br \/>\n<\/b><span style=\"font-weight: 400;\">Richtig, genau das ist es. Am meisten \u00e4rgert es mich, wenn wir Pfadfinder manchmal in das rechte Eck gestellt werden. Wir sind gegen rechts und das bekunde ich gerne \u00f6ffentlich: Kronach ist bunt. Da bin ich dabei. Wir werden oft als Wegesucher bezeichnet. Wir wollen ernst genommen werden. Pfadfinderei ist wirklich eine Erziehung.<\/span><\/span><\/p>\n<p><span style=\"font-family: tahoma, arial, helvetica, sans-serif; font-size: 12pt;\"><b><i>Geht es bei den Pfadfindern auch darum, Lebenswege zu finden?<\/i><\/b><b><br \/>\n<\/b><span style=\"font-weight: 400;\">Genau. Dazu geh\u00f6rt die Integration von Menschen mit Behinderungen. Die Jugendlichen erleben, dass es auch gemeinsam mit Behinderten funktioniert. Bei den meisten Pfadfindergruppen wird erst ab 15 Jahren auf Fahrt gegangen. Die W\u00f6lflinge bleiben meistens zu Hause. Nicht so bei uns. Nat\u00fcrlich bedeutet das mehr Aufwand, aber so haben auch die J\u00fcngeren dieses Erleben in der Natur. <\/span><\/span><\/p>\n<p><span style=\"font-family: tahoma, arial, helvetica, sans-serif; font-size: 12pt;\"><b><i>Willi, was freut dich besonders?<\/i><\/b><i><span style=\"font-weight: 400;\"><br \/>\n<\/span><\/i><span style=\"font-weight: 400;\">Besonders freue ich mich \u00fcber den B\u00fcrgerkulturpreis der Bayerischen Staatsregierung, den wir im Jahr 2014 bekamen. Wir integrieren schon immer Menschen mit Behinderungen, darauf sind wir stolz. Die Aufnahme von Behinderten sollte Vorbildwirkung haben.<\/span><\/span><\/p>\n<p><span style=\"font-family: tahoma, arial, helvetica, sans-serif; font-size: 12pt;\"><b><i>Was bleibt noch zu sagen?<\/i><\/b><b><br \/>\n<\/b><span style=\"font-weight: 400;\">Jeder, der als junger Mensch in unserem Stamm eine F\u00fchrungsposition einnahm, ist auch beruflich sehr erfolgreich geworden. Ich kann Eltern nur raten: Schickt die Kinder zu den Pfadfindern. Dort lernen die jungen Menschen, Verantwortung f\u00fcr sich und andere zu \u00fcbernehmen. Pfadfinder sind bem\u00fcht, jeden Tag eine gute Tat zu tun &#8211; auch wenn das nur ein bewusstes \u201cGr\u00fc\u00df Gott\u201d ist. Unser Motto \u201cbereit sein\u201d hei\u00dft, jederzeit f\u00fcr andere hilfsbereit zu sein und einen Blick zu entwickeln, wo Hilfe ben\u00f6tigt wird. Das braucht eine humane Gesellschaft immer.<\/span><\/span><\/p>\n","protected":false},"excerpt":{"rendered":"<p>\u201cJeden Tag eine gute Tat tun.\u201d Nach diesem Motto lebt unser Willi Pechtold schon seit er 6 Jahre alt ist. Denn Willi ist bereits seit &hellip;<\/p>\n","protected":false},"author":3,"featured_media":6521,"comment_status":"open","ping_status":"closed","sticky":false,"template":"","format":"standard","meta":{"_monsterinsights_skip_tracking":false,"_monsterinsights_sitenote_active":false,"_monsterinsights_sitenote_note":"","_monsterinsights_sitenote_category":0,"footnotes":""},"categories":[128],"tags":[],"class_list":["post-13837","post","type-post","status-publish","format-standard","has-post-thumbnail","hentry","category-pfadiwissen"],"aioseo_notices":[],"_links":{"self":[{"href":"https:\/\/stammkoenigartus.de\/index.php?rest_route=\/wp\/v2\/posts\/13837","targetHints":{"allow":["GET"]}}],"collection":[{"href":"https:\/\/stammkoenigartus.de\/index.php?rest_route=\/wp\/v2\/posts"}],"about":[{"href":"https:\/\/stammkoenigartus.de\/index.php?rest_route=\/wp\/v2\/types\/post"}],"author":[{"embeddable":true,"href":"https:\/\/stammkoenigartus.de\/index.php?rest_route=\/wp\/v2\/users\/3"}],"replies":[{"embeddable":true,"href":"https:\/\/stammkoenigartus.de\/index.php?rest_route=%2Fwp%2Fv2%2Fcomments&post=13837"}],"version-history":[{"count":1,"href":"https:\/\/stammkoenigartus.de\/index.php?rest_route=\/wp\/v2\/posts\/13837\/revisions"}],"predecessor-version":[{"id":13838,"href":"https:\/\/stammkoenigartus.de\/index.php?rest_route=\/wp\/v2\/posts\/13837\/revisions\/13838"}],"wp:featuredmedia":[{"embeddable":true,"href":"https:\/\/stammkoenigartus.de\/index.php?rest_route=\/wp\/v2\/media\/6521"}],"wp:attachment":[{"href":"https:\/\/stammkoenigartus.de\/index.php?rest_route=%2Fwp%2Fv2%2Fmedia&parent=13837"}],"wp:term":[{"taxonomy":"category","embeddable":true,"href":"https:\/\/stammkoenigartus.de\/index.php?rest_route=%2Fwp%2Fv2%2Fcategories&post=13837"},{"taxonomy":"post_tag","embeddable":true,"href":"https:\/\/stammkoenigartus.de\/index.php?rest_route=%2Fwp%2Fv2%2Ftags&post=13837"}],"curies":[{"name":"wp","href":"https:\/\/api.w.org\/{rel}","templated":true}]}}