{"id":13889,"date":"2018-01-23T21:19:59","date_gmt":"2018-01-23T20:19:59","guid":{"rendered":"http:\/\/stammkoenigartus.de\/?p=13889"},"modified":"2023-02-12T20:42:53","modified_gmt":"2023-02-12T19:42:53","slug":"roverfahrt-nach-koestenschmoelz","status":"publish","type":"post","link":"https:\/\/stammkoenigartus.de\/?p=13889","title":{"rendered":"Roverfahrt nach K\u00f6stenschm\u00f6lz"},"content":{"rendered":"<p>Die Rovergruppen Sir Ector und Kreuzritter starteten ins neue Jahr mit einer gemeinsamen Fahrt ins Wanderheim in K\u00f6stenschm\u00f6lz vom 2. &#8211; 5. Januar 2018. Wie war die Freude bei den Teilnehmern gro\u00df, als sie nach und nach eintrafen und das Heim schon angenehm warm vorfanden. Schnell waren alle Sachen ausgepackt und jeder fand seinen Schlafplatz in dem gro\u00dfen Schlafraum.<\/p>\n<p>Da es nur 9 Teilnehmer waren (Willi, Ramona, Sammy, Felix, France, Selma, Denis, Tim und Yannick), einigte man sich schnell darauf, die anderen Zimmer nicht zu belegen, weil man sonst zu viele R\u00e4ume beim Nachhause fahren putzen muss. Das Wichtigste jedoch war der Einkauf. Unter Sammys Leitung und mit Felix&#8216; Unterst\u00fctzung fuhren wir nach Schwarzenbach zur Rewe. Zum Abendbrot wollten wir Schnitzel mit Pommes Frites zubereiten. Strukturiert, wie jeder Einkauf unter der strengen Leitung von unserem Sammy \u00fcber die B\u00fchne geht, war dieser Einkauf bald \u201e\u00fcberstanden\u201c. Es ist halt immer wieder ein besonderes Erlebnis, bei so einem Einkauf dabei zu sein.<\/p>\n<p>Das K\u00fcchenteam zauberte aus den wahrlich gro\u00dfen Fleischst\u00fccken wirklich gute Schnitzel. Nach dem Essen und Aufr\u00e4umen der K\u00fcche sangen wir noch lange, bevor die ersten in ihren Schlafsack krabbelten. Nur ein paar Unerm\u00fcdliche diskutierten noch. Kaum waren alle in ihren Betten, als wir durch gro\u00dfes Gepolter wieder aus den Betten sprangen. Unser Willi hatte im Dunkeln den Lichtschalter nicht gefunden und st\u00fcrzte die Treppe hinab. Gro\u00df war der Schrecken, als er am Treppenabsatz benommen lag. Nach dem wir 1. Hilfe geleistet hatten, wollten wir den Notarzt rufen. Leider hatten wir dort aber keinen Netzempfang und mussten so den Nachbarn mit seinem Festnetzanschluss um Hilfe bitten. Doch der Sanka fand unseren Standort nicht, sodass wir den Rettungswagen in Presseck abholten. Nach kurzer Untersuchung waren alle sich einig, dass Willi eine Nacht zur Beobachtung mit ins Kulmbacher Krankenhaus f\u00e4hrt. Lange noch haben alle \u00fcber diesen Schrecken gesprochen, bevor endg\u00fcltig Nachtruhe einkehrte.<\/p>\n<p>Der erste Gedanke am n\u00e4chsten Morgen war: \u201eWie es wohl unserem Willi geht\u201c. So beschlossen wir, ihm am Nachmittag einen Besuch abzustatten. Doch zuerst nahmen wir an einer Besichtigung der FWO in Rieblich bei Steinwiesen teil. W\u00e4hrend der sachkundigen F\u00fchrung lernten wir viel Neues \u00fcber die K\u00f6deltalsperre und die Herstellung und Bedeutung von sauberem Trinkwasser. Zur\u00fcck in der Unterkunft machten wir Mittag und spielten ein paar Spiele, bis uns \u201eHeri\u201c vom Stamm Waldl\u00e4ufer besuchen kam.<\/p>\n<p>Als alle 9 Pfadfinder im Krankenhaus aus dem Fahrstuhl stiegen und in unserer Kluft durch den Flur zu Willis Zimmer liefen, haben wir schon gro\u00dfes Aufsehen erregt. Willis Freude, uns zu sehen, war gro\u00df. Und wir freuten uns, als er sagte, dass wir ihn am n\u00e4chsten Tag abholen sollten und er wieder mit ins Wintercamp kommt.<\/p>\n<p>Heri verabschiedete sich auf dem Parkplatz und wir fuhren zur\u00fcck zum Wanderheim. Dort bereiteten wir Pizza zu und lie\u00dfen den Abend mit Spielen ausklingen.<\/p>\n<p>Gleich nach dem Fr\u00fchst\u00fcck holten wir unseren Willi vom Krankenhaus ab. Nach so viel Krankenhausluft brauchte der arme Kerl erst einmal frische Luft. Die beste Medizin f\u00fcr ihn war ein Stadtbummel. Naja, nebenbei haben wir Steaks und Bratw\u00fcrste f\u00fcr den Abschlussabend eingekauft, aber man muss halt Praktisches mit N\u00fctzlichem verbinden. Zur\u00fcck im Heim wurden als Imbiss all die Reste der letzten zwei Tage vertilgt und schon waren wir zum n\u00e4chsten informativem Ausflug bereit. In Unterrodach besuchten wir das Fl\u00f6\u00dfermuseum. Die F\u00fchrung war sehr informativ und hat uns allen gefallen.<\/p>\n<p>Am Abend gab es die gekauften Leckereien. Anschlie\u00dfend informierte uns Willi \u00fcber die anstehenden Veranstaltungen, wobei der Arbeitseinsatz der Rover ben\u00f6tigt und geplant wurde. Es schloss sich ein Spieleabend an. Das \u201eWerwolfspiel\u201c war wohl mit einer der Renner, ebenso \u201ePsycho\u201c. Sp\u00e4t gingen die Letzten zu Bett.<\/p>\n<p>Nach dem Fr\u00fchst\u00fcck am n\u00e4chsten Morgen wurde gepackt, aufger\u00e4umt und geputzt. Schon war es nach dem Abschlusskreis Zeit, um Abschied zu nehmen. Alle waren sich einig, dass es eine sch\u00f6ne Fahrt war und man dies wiederholen will und es wirklich sehr gut zwischen Jung und Alt funktioniert hat.<\/p>\n","protected":false},"excerpt":{"rendered":"<p>Die Rovergruppen Sir Ector und Kreuzritter starteten ins neue Jahr mit einer gemeinsamen Fahrt ins Wanderheim in K\u00f6stenschm\u00f6lz vom 2. &#8211; 5. Januar 2018. Wie &hellip;<\/p>\n","protected":false},"author":3,"featured_media":11760,"comment_status":"open","ping_status":"closed","sticky":false,"template":"","format":"standard","meta":{"_monsterinsights_skip_tracking":false,"_monsterinsights_sitenote_active":false,"_monsterinsights_sitenote_note":"","_monsterinsights_sitenote_category":0,"footnotes":""},"categories":[136,132,130],"tags":[],"class_list":["post-13889","post","type-post","status-publish","format-standard","has-post-thumbnail","hentry","category-pfadfinder","category-rover","category-unsere-aktionen"],"aioseo_notices":[],"_links":{"self":[{"href":"https:\/\/stammkoenigartus.de\/index.php?rest_route=\/wp\/v2\/posts\/13889","targetHints":{"allow":["GET"]}}],"collection":[{"href":"https:\/\/stammkoenigartus.de\/index.php?rest_route=\/wp\/v2\/posts"}],"about":[{"href":"https:\/\/stammkoenigartus.de\/index.php?rest_route=\/wp\/v2\/types\/post"}],"author":[{"embeddable":true,"href":"https:\/\/stammkoenigartus.de\/index.php?rest_route=\/wp\/v2\/users\/3"}],"replies":[{"embeddable":true,"href":"https:\/\/stammkoenigartus.de\/index.php?rest_route=%2Fwp%2Fv2%2Fcomments&post=13889"}],"version-history":[{"count":2,"href":"https:\/\/stammkoenigartus.de\/index.php?rest_route=\/wp\/v2\/posts\/13889\/revisions"}],"predecessor-version":[{"id":18203,"href":"https:\/\/stammkoenigartus.de\/index.php?rest_route=\/wp\/v2\/posts\/13889\/revisions\/18203"}],"wp:featuredmedia":[{"embeddable":true,"href":"https:\/\/stammkoenigartus.de\/index.php?rest_route=\/wp\/v2\/media\/11760"}],"wp:attachment":[{"href":"https:\/\/stammkoenigartus.de\/index.php?rest_route=%2Fwp%2Fv2%2Fmedia&parent=13889"}],"wp:term":[{"taxonomy":"category","embeddable":true,"href":"https:\/\/stammkoenigartus.de\/index.php?rest_route=%2Fwp%2Fv2%2Fcategories&post=13889"},{"taxonomy":"post_tag","embeddable":true,"href":"https:\/\/stammkoenigartus.de\/index.php?rest_route=%2Fwp%2Fv2%2Ftags&post=13889"}],"curies":[{"name":"wp","href":"https:\/\/api.w.org\/{rel}","templated":true}]}}