{"id":13896,"date":"2018-02-07T22:06:42","date_gmt":"2018-02-07T21:06:42","guid":{"rendered":"http:\/\/stammkoenigartus.de\/?p=13896"},"modified":"2023-02-12T20:41:35","modified_gmt":"2023-02-12T19:41:35","slug":"bericht-kinderfasching-2018","status":"publish","type":"post","link":"https:\/\/stammkoenigartus.de\/?p=13896","title":{"rendered":"Bericht Kinderfasching 2018"},"content":{"rendered":"<p>Am Sonntag, den 4. Februar 2018 fand ab 14 Uhr unser Kinderfasching in der Radspitzscheune in Seibelsdorf statt. Hierf\u00fcr \u00fcberlegen wir uns jedes Jahr ein eigenes Motto, neue Spiele und andere Dekoration.<\/p>\n<p>Dem Motto \u201eWickie und die vielen Kinder\u201c kamen zahlreiche Besucher nach und so durften wir uns wenig sp\u00e4ter \u00fcber eine volle Halle freuen.<\/p>\n<p>Im Wechsel fanden die Spiele und Lieder statt, wobei das Highlight des Kinderfaschings die beiden Auftritte des TV Unterrodach darstellten. Gegen Ende fand dann noch die Polonaise mit anschlie\u00dfender kostenloser Leberk\u00e4sesemmel statt.<\/p>\n<p>Bis 18 Uhr feierten alle Kinder sowie Eltern mit uns bei einer tollen Stimmung. Nebenbei sorgten wir mit Kaffee &amp; Kuchen, Laugenstangen sowie Getr\u00e4nken f\u00fcr das leibliche Wohl. Auch unsere Tombola, bei der jedes Los gewann, erfreute sich gro\u00dfer Beliebtheit.<\/p>\n<p>Wir m\u00f6chten uns beim TV Unterrodach f\u00fcr die Tanzauff\u00fchrungen, der Gemeinde f\u00fcr das Spenden der Leberk\u00e4sesemmeln, den Helfern sowie nat\u00fcrlich allen Besuchern bedanken.<\/p>\n<p>IHR SEID SPITZE!!!<div id=\"su_slider_69f70a6fcc26a\" class=\"su-slider su-slider-centered su-slider-pages-yes su-slider-responsive-yes\" style=\"width:100%\" data-autoplay=\"4000\" data-speed=\"800\" data-mousewheel=\"true\"><div class=\"su-slider-slides\"><div class=\"su-slider-slide\"><a href=\"https:\/\/stammkoenigartus.de\/wp-content\/uploads\/Kinderfasching-5.jpg\"  title=\"Kinderfasching (5)\" rel=\"lightbox[13896]\"><img decoding=\"async\" src=\"https:\/\/stammkoenigartus.de\/wp-content\/uploads\/Kinderfasching-5-600x300.jpg\" alt=\"Kinderfasching (5)\" \/><span class=\"su-slider-slide-title\">Kinderfasching (5)<\/span><\/a><\/div><div class=\"su-slider-slide\"><a href=\"https:\/\/stammkoenigartus.de\/wp-content\/uploads\/Kinderfasching-4.jpg\"  title=\"Kinderfasching (4)\" rel=\"lightbox[13896]\"><img decoding=\"async\" src=\"https:\/\/stammkoenigartus.de\/wp-content\/uploads\/Kinderfasching-4-600x300.jpg\" alt=\"Kinderfasching (4)\" \/><span class=\"su-slider-slide-title\">Kinderfasching (4)<\/span><\/a><\/div><div class=\"su-slider-slide\"><a href=\"https:\/\/stammkoenigartus.de\/wp-content\/uploads\/Kinderfasching-3.jpg\"  title=\"Kinderfasching (3)\" rel=\"lightbox[13896]\"><img decoding=\"async\" src=\"https:\/\/stammkoenigartus.de\/wp-content\/uploads\/Kinderfasching-3-600x300.jpg\" alt=\"Kinderfasching (3)\" \/><span class=\"su-slider-slide-title\">Kinderfasching (3)<\/span><\/a><\/div><div class=\"su-slider-slide\"><a href=\"https:\/\/stammkoenigartus.de\/wp-content\/uploads\/Kinderfasching-2.jpg\"  title=\"Kinderfasching (2)\" rel=\"lightbox[13896]\"><img decoding=\"async\" src=\"https:\/\/stammkoenigartus.de\/wp-content\/uploads\/Kinderfasching-2-600x300.jpg\" alt=\"Kinderfasching (2)\" \/><span class=\"su-slider-slide-title\">Kinderfasching (2)<\/span><\/a><\/div><div class=\"su-slider-slide\"><a href=\"https:\/\/stammkoenigartus.de\/wp-content\/uploads\/Kinderfasching-1.jpg\"  title=\"Kinderfasching (1)\" rel=\"lightbox[13896]\"><img decoding=\"async\" src=\"https:\/\/stammkoenigartus.de\/wp-content\/uploads\/Kinderfasching-1-600x300.jpg\" alt=\"Kinderfasching (1)\" \/><span class=\"su-slider-slide-title\">Kinderfasching (1)<\/span><\/a><\/div><\/div><div class=\"su-slider-nav\"><div class=\"su-slider-direction\"><span class=\"su-slider-prev\"><\/span><span class=\"su-slider-next\"><\/span><\/div><div class=\"su-slider-pagination\"><\/div><\/div><\/div>\n","protected":false},"excerpt":{"rendered":"<p>Am Sonntag, den 4. Februar 2018 fand ab 14 Uhr unser Kinderfasching in der Radspitzscheune in Seibelsdorf statt. Hierf\u00fcr \u00fcberlegen wir uns jedes Jahr ein &hellip;<\/p>\n","protected":false},"author":3,"featured_media":13901,"comment_status":"open","ping_status":"closed","sticky":false,"template":"","format":"standard","meta":{"_monsterinsights_skip_tracking":false,"_monsterinsights_sitenote_active":false,"_monsterinsights_sitenote_note":"","_monsterinsights_sitenote_category":0,"footnotes":""},"categories":[135,136,137,130,131],"tags":[],"class_list":["post-13896","post","type-post","status-publish","format-standard","has-post-thumbnail","hentry","category-oeffentliche-aktionen","category-pfadfinder","category-stamm","category-unsere-aktionen","category-woelflinge"],"aioseo_notices":[],"_links":{"self":[{"href":"https:\/\/stammkoenigartus.de\/index.php?rest_route=\/wp\/v2\/posts\/13896","targetHints":{"allow":["GET"]}}],"collection":[{"href":"https:\/\/stammkoenigartus.de\/index.php?rest_route=\/wp\/v2\/posts"}],"about":[{"href":"https:\/\/stammkoenigartus.de\/index.php?rest_route=\/wp\/v2\/types\/post"}],"author":[{"embeddable":true,"href":"https:\/\/stammkoenigartus.de\/index.php?rest_route=\/wp\/v2\/users\/3"}],"replies":[{"embeddable":true,"href":"https:\/\/stammkoenigartus.de\/index.php?rest_route=%2Fwp%2Fv2%2Fcomments&post=13896"}],"version-history":[{"count":2,"href":"https:\/\/stammkoenigartus.de\/index.php?rest_route=\/wp\/v2\/posts\/13896\/revisions"}],"predecessor-version":[{"id":13908,"href":"https:\/\/stammkoenigartus.de\/index.php?rest_route=\/wp\/v2\/posts\/13896\/revisions\/13908"}],"wp:featuredmedia":[{"embeddable":true,"href":"https:\/\/stammkoenigartus.de\/index.php?rest_route=\/wp\/v2\/media\/13901"}],"wp:attachment":[{"href":"https:\/\/stammkoenigartus.de\/index.php?rest_route=%2Fwp%2Fv2%2Fmedia&parent=13896"}],"wp:term":[{"taxonomy":"category","embeddable":true,"href":"https:\/\/stammkoenigartus.de\/index.php?rest_route=%2Fwp%2Fv2%2Fcategories&post=13896"},{"taxonomy":"post_tag","embeddable":true,"href":"https:\/\/stammkoenigartus.de\/index.php?rest_route=%2Fwp%2Fv2%2Ftags&post=13896"}],"curies":[{"name":"wp","href":"https:\/\/api.w.org\/{rel}","templated":true}]}}