{"id":14330,"date":"2018-02-26T19:01:01","date_gmt":"2018-02-26T18:01:01","guid":{"rendered":"http:\/\/stammkoenigartus.de\/?p=14330"},"modified":"2023-02-12T20:40:52","modified_gmt":"2023-02-12T19:40:52","slug":"bericht-jahresanfangsfeier-2018","status":"publish","type":"post","link":"https:\/\/stammkoenigartus.de\/?p=14330","title":{"rendered":"Bericht Jahresanfangsfeier 2018"},"content":{"rendered":"<p>Dieses Jahr fand unsere Jahresanfangsfeier in der gut geheizten Radspitzscheune zu Seibelsdorf statt.<br \/>\nTraditionell gab es nat\u00fcrlich wieder viel vom vergangenen Jahr zu berichten. Bereits im Fr\u00fchjahr 2017<br \/>\nkonnten wir uns \u00fcber den 1.Platz beim Jugendpreis freuen. Diesen konnten wir mit einem Film \u00fcber<br \/>\ndie \u201eKronicher Housnkuh\u201c f\u00fcr uns entscheiden. Im weiteren Verlauf durfte jede Gruppe ihre<br \/>\npers\u00f6nlichen Fahrten-Highlights und Aktivit\u00e4ten aus den Gruppenstunden vorstellen. Des Weiteren<br \/>\ngab es von der Gro\u00dffahrt nach D\u00e4nemark viele Bilder von Wikingermuseum, D\u00fcnenwanderung,<br \/>\nNordkap und Wattwanderung zu bestaunen. Abgesehen von den Fahrten hat sich im vergangenen<br \/>\nJahr auch anderweitig sehr viel getan. Mit gro\u00dfem Erfolg wurde eine Aufbaugruppe in Steinwiesen,<br \/>\nsowie die Bienenprojektgruppe \u201eApis mellifera\u201c gegr\u00fcndet.<br \/>\nUnser \u201eGrauer Wolf\u201c Willi Pechtold gab einen \u00dcberblick \u00fcber die Aktivit\u00e4ten des Freundeskreises, der<br \/>\nf\u00fcr alle Unterhaltskosten des Pfadfinderheims aufkommt. So wird auch 2018 wieder das<br \/>\n\u201eGfrierh\u00e4uslafest\u201c am 3. Oktober stattfinden, zu dem bereits jetzt eine recht herzliche Einladung an alle<br \/>\nergeht.<br \/>\nEin besonderer Dank gilt nat\u00fcrlich den Gruppenf\u00fchrungen, sowie unserem tatkr\u00e4ftigen Unterst\u00fctzer<br \/>\nReinhardt Kirschner, der sich das ganze Jahr unerm\u00fcdlich um unser Pfadfinderheim k\u00fcmmert. Leider<br \/>\nmussten wir im vergangenen Jahr auch Abschied von unserem langj\u00e4hrigen Pfadfinderfreund Josef<br \/>\nKalb nehmen.<br \/>\nIm neuen Jahr ist nat\u00fcrlich auch wieder viel geplant. So wird uns die Gro\u00dffahrt nach Italien f\u00fchren,<br \/>\nwo wir unter anderem am Bundeslager teilnehmen. Um neue Mitglieder zu werben und auf unsere<br \/>\nT\u00e4tigkeiten als Pfadfinder aufmerksam zu machen, ist ein Kompasslauf sowie ein Sommerlager<br \/>\ngeplant, an denen jeder teilnehmen darf.<\/p>\n","protected":false},"excerpt":{"rendered":"<p>Dieses Jahr fand unsere Jahresanfangsfeier in der gut geheizten Radspitzscheune zu Seibelsdorf statt. Traditionell gab es nat\u00fcrlich wieder viel vom vergangenen Jahr zu berichten. Bereits &hellip;<\/p>\n","protected":false},"author":3,"featured_media":13697,"comment_status":"open","ping_status":"closed","sticky":false,"template":"","format":"standard","meta":{"_monsterinsights_skip_tracking":false,"_monsterinsights_sitenote_active":false,"_monsterinsights_sitenote_note":"","_monsterinsights_sitenote_category":0,"footnotes":""},"categories":[141,136,132,137,130,131],"tags":[],"class_list":["post-14330","post","type-post","status-publish","format-standard","has-post-thumbnail","hentry","category-aufbaugruppe-steinwiesen","category-pfadfinder","category-rover","category-stamm","category-unsere-aktionen","category-woelflinge"],"aioseo_notices":[],"_links":{"self":[{"href":"https:\/\/stammkoenigartus.de\/index.php?rest_route=\/wp\/v2\/posts\/14330","targetHints":{"allow":["GET"]}}],"collection":[{"href":"https:\/\/stammkoenigartus.de\/index.php?rest_route=\/wp\/v2\/posts"}],"about":[{"href":"https:\/\/stammkoenigartus.de\/index.php?rest_route=\/wp\/v2\/types\/post"}],"author":[{"embeddable":true,"href":"https:\/\/stammkoenigartus.de\/index.php?rest_route=\/wp\/v2\/users\/3"}],"replies":[{"embeddable":true,"href":"https:\/\/stammkoenigartus.de\/index.php?rest_route=%2Fwp%2Fv2%2Fcomments&post=14330"}],"version-history":[{"count":1,"href":"https:\/\/stammkoenigartus.de\/index.php?rest_route=\/wp\/v2\/posts\/14330\/revisions"}],"predecessor-version":[{"id":14331,"href":"https:\/\/stammkoenigartus.de\/index.php?rest_route=\/wp\/v2\/posts\/14330\/revisions\/14331"}],"wp:featuredmedia":[{"embeddable":true,"href":"https:\/\/stammkoenigartus.de\/index.php?rest_route=\/wp\/v2\/media\/13697"}],"wp:attachment":[{"href":"https:\/\/stammkoenigartus.de\/index.php?rest_route=%2Fwp%2Fv2%2Fmedia&parent=14330"}],"wp:term":[{"taxonomy":"category","embeddable":true,"href":"https:\/\/stammkoenigartus.de\/index.php?rest_route=%2Fwp%2Fv2%2Fcategories&post=14330"},{"taxonomy":"post_tag","embeddable":true,"href":"https:\/\/stammkoenigartus.de\/index.php?rest_route=%2Fwp%2Fv2%2Ftags&post=14330"}],"curies":[{"name":"wp","href":"https:\/\/api.w.org\/{rel}","templated":true}]}}