{"id":14346,"date":"2018-05-21T14:21:06","date_gmt":"2018-05-21T12:21:06","guid":{"rendered":"http:\/\/stammkoenigartus.de\/?p=14346"},"modified":"2023-02-12T19:43:05","modified_gmt":"2023-02-12T18:43:05","slug":"30-jubilaeum-deutscher-pfadfinderbund-mosaik-dpbm","status":"publish","type":"post","link":"https:\/\/stammkoenigartus.de\/?p=14346","title":{"rendered":"30. Jubil\u00e4um Deutscher Pfadfinderbund Mosaik (DPbM)"},"content":{"rendered":"<p>Unsere Stammesf\u00fchrung schlug vor, dass die Einladung f\u00fcr das 30. Jubil\u00e4um unseres Bundes eher f\u00fcr unsere \u00e4lteren Pfadfinder gedacht sei, weshalb sich unser Willi angesprochen f\u00fchlte, sich beim Bundesamt des DPBM anzumelden. Leider hatte Willi keine Info \u00fcber den Programmablauf bekommen. Er bat Bernd Wohlgut vom Stamm Waldl\u00e4ufer sich ebenfalls anzumelden und Infos einzuholen.<\/p>\n<p>F\u00fcr das Wochenende vom 2. &#8211; 4. M\u00e4rz 2018 waren \u00fcber 300 Teilnehmer gemeldet &#8211; 90% davon Jugendliche.<\/p>\n<p>Beide dachten, sie seien in der Jugendherberge Ludwigstein untergebracht, welche heute ein Museum f\u00fcr die deutsche Jugend- und Pfadfinderbewegung ist &#8211;\u00a0 und nahmen deshalb nur Hausschuhe und kein Fahrtengep\u00e4ck mit. Doch nach Ankunft auf der Burg Ludwigstein mussten sie feststellen, dass der Gro\u00dfteil in Zelten bei frostigen -15 Grad Celsius \u00fcbernachtet.<\/p>\n<p>Da beide keine Essenssachen dabei hatten, kauften sie aus der Not heraus einen Jubil\u00e4umsbecher des Bundes. Nun konnten auch sie zur Essensausgabe in der Scheune. Nach eigenen Angaben sind sie \u00fcber das Wochenende zwar nicht verhungert (sonst h\u00e4tten wir ja wohl auch keinen Bericht\u00a0 \ud83d\ude42 ), doch zugenommen haben sie sicherlich auch nicht. Beim n\u00e4chsten Mal sind sie schlauer \ud83d\ude42<\/p>\n<p>Am Samstagnachmittag trafen sich alle zu einer Podiumsdiskussion mit allen Bundesf\u00fchrern der 30-J\u00e4hrigen Geschichte. Es ging um die Vergangenheit und die Zukunft des Bundes. Auch Willi meldete sich zu Wort und vertrat seinen Standpunkt, dass man der Jugend den Vortritt lassen sollte, um Erfahrungen zu sammeln und durch kleinere Fehler zu Lernen. Die \u00c4lteren sollten zur Beratung mit einbezogen werden, sofern es gew\u00fcnscht wird.<\/p>\n<p>Am Abend wurde ein Lagerfeuer gesch\u00fcrt und anschlie\u00dfend wurde gemeinsam gesungen und \u00fcber alte Zeiten und Zukunftspl\u00e4ne gesprochen.<br \/>\nEs war f\u00fcr Jung und Alt ein erfolgreiches Wochenende.<\/p>\n<p>Der Bundesf\u00fchrer beendete das Lager schlie\u00dflich am n\u00e4chsten Morgen und bezeichnete diese als Art Klassentreffen.<\/p>\n<p><img loading=\"lazy\" decoding=\"async\" class=\"aligncenter wp-image-14589\" src=\"https:\/\/stammkoenigartus.de\/wp-content\/uploads\/IMG-20180305-WA0000.jpg\" alt=\"\" width=\"341\" height=\"205\" srcset=\"https:\/\/stammkoenigartus.de\/wp-content\/uploads\/IMG-20180305-WA0000.jpg 800w, https:\/\/stammkoenigartus.de\/wp-content\/uploads\/IMG-20180305-WA0000-480x288.jpg 480w, https:\/\/stammkoenigartus.de\/wp-content\/uploads\/IMG-20180305-WA0000-768x461.jpg 768w, https:\/\/stammkoenigartus.de\/wp-content\/uploads\/IMG-20180305-WA0000-383x230.jpg 383w, https:\/\/stammkoenigartus.de\/wp-content\/uploads\/IMG-20180305-WA0000-600x360.jpg 600w, https:\/\/stammkoenigartus.de\/wp-content\/uploads\/IMG-20180305-WA0000-400x240.jpg 400w\" sizes=\"auto, (max-width: 341px) 100vw, 341px\" \/><\/p>\n","protected":false},"excerpt":{"rendered":"<p>Unsere Stammesf\u00fchrung schlug vor, dass die Einladung f\u00fcr das 30. Jubil\u00e4um unseres Bundes eher f\u00fcr unsere \u00e4lteren Pfadfinder gedacht sei, weshalb sich unser Willi angesprochen &hellip;<\/p>\n","protected":false},"author":3,"featured_media":14589,"comment_status":"open","ping_status":"closed","sticky":false,"template":"","format":"standard","meta":{"_monsterinsights_skip_tracking":false,"_monsterinsights_sitenote_active":false,"_monsterinsights_sitenote_note":"","_monsterinsights_sitenote_category":0,"footnotes":""},"categories":[133,132,130],"tags":[],"class_list":["post-14346","post","type-post","status-publish","format-standard","has-post-thumbnail","hentry","category-ring","category-rover","category-unsere-aktionen"],"aioseo_notices":[],"_links":{"self":[{"href":"https:\/\/stammkoenigartus.de\/index.php?rest_route=\/wp\/v2\/posts\/14346","targetHints":{"allow":["GET"]}}],"collection":[{"href":"https:\/\/stammkoenigartus.de\/index.php?rest_route=\/wp\/v2\/posts"}],"about":[{"href":"https:\/\/stammkoenigartus.de\/index.php?rest_route=\/wp\/v2\/types\/post"}],"author":[{"embeddable":true,"href":"https:\/\/stammkoenigartus.de\/index.php?rest_route=\/wp\/v2\/users\/3"}],"replies":[{"embeddable":true,"href":"https:\/\/stammkoenigartus.de\/index.php?rest_route=%2Fwp%2Fv2%2Fcomments&post=14346"}],"version-history":[{"count":3,"href":"https:\/\/stammkoenigartus.de\/index.php?rest_route=\/wp\/v2\/posts\/14346\/revisions"}],"predecessor-version":[{"id":14590,"href":"https:\/\/stammkoenigartus.de\/index.php?rest_route=\/wp\/v2\/posts\/14346\/revisions\/14590"}],"wp:featuredmedia":[{"embeddable":true,"href":"https:\/\/stammkoenigartus.de\/index.php?rest_route=\/wp\/v2\/media\/14589"}],"wp:attachment":[{"href":"https:\/\/stammkoenigartus.de\/index.php?rest_route=%2Fwp%2Fv2%2Fmedia&parent=14346"}],"wp:term":[{"taxonomy":"category","embeddable":true,"href":"https:\/\/stammkoenigartus.de\/index.php?rest_route=%2Fwp%2Fv2%2Fcategories&post=14346"},{"taxonomy":"post_tag","embeddable":true,"href":"https:\/\/stammkoenigartus.de\/index.php?rest_route=%2Fwp%2Fv2%2Ftags&post=14346"}],"curies":[{"name":"wp","href":"https:\/\/api.w.org\/{rel}","templated":true}]}}