{"id":1498,"date":"2012-10-31T14:52:16","date_gmt":"2012-10-31T13:52:16","guid":{"rendered":"http:\/\/stammkoenigartus.de\/?p=1498"},"modified":"2023-01-30T20:48:56","modified_gmt":"2023-01-30T19:48:56","slug":"grosfahrt-schwarzwald","status":"publish","type":"post","link":"https:\/\/stammkoenigartus.de\/?p=1498","title":{"rendered":"Gro\u00dffahrt Schwarzwald"},"content":{"rendered":"<p align=\"JUSTIFY\"><span style=\"color: #000000;\"><span style=\"font-size: large;\">Plangem\u00e4\u00df und reibungslos verlief die Fahrt nach Villingen. In 5 Autos waren wir unterwegs zur Gro\u00dffahrt. Die Zelte wurden bei sonnigen 38\u00b0 aufgebaut. Den ersten Tag lie\u00dfen wir ruhig angehen. <\/span><\/span><\/p>\n<p align=\"JUSTIFY\"><span style=\"color: #ff0000;\"><span style=\"font-size: large;\"><span style=\"color: #000000;\">Wir begannen mit dem Bau unserer Burg. Ziel war es, zwei T\u00fcrme, einen Verbindungssteg und eine Zugbr\u00fccke zu errichten in die zwei Fahnenmasten integriert werden sollten. Ein strammes Ziel, an der Umsetzung half jeder Mann mit.<\/span><\/span><\/span><\/p>\n<p align=\"JUSTIFY\"><span style=\"color: #000000;\"><span style=\"font-size: large;\">Des Weiteren gab es einen Tagesausflug zu den Rheinf\u00e4llen nach Schaffhausen, wo wir uns einen ganzen Tag lang nicht satt genug sehen konnten und beeindruckt waren von der Gewalt, mit der das Wasser \u00fcber die spitzen Felsen schoss. Auch eine Fahrt mit der S\u00e4uschw\u00e4nzlebahn wurde gemacht, die Museumsbahn fuhr \u00fcber wundersch\u00f6ne T\u00e4ler und man konnte erahnen wie hart die Arbeit fr\u00fcher war, um diese Strecke zu bauen, was auch in einem Museum verdeutlicht wurde. Auf dem Flugplatz in Schwenningen schauten wir uns Flugzeugmodelle aus vergangenen Zeiten an, die liebevoll restauriert wurden. Fasziniert waren die Kids davon, als sie in ein Flugzeug einsteigen durften. Auch gingen unsere neuen Sipplinge das erste mal auf Haijk. Hierzu im Bereich Sippe ein Bericht. Auch dem Ganztagsgel\u00e4ndespiel fieberte jeder entgegen und spielte eifrig mit. <\/span><\/span><\/p>\n<p align=\"JUSTIFY\"><span style=\"color: #000000;\"><span style=\"font-size: large;\">Es war eine sch\u00f6ne Gro\u00dffahrt, es war Harmonie die man sp\u00fcren konnte. Es war teilweise hart f\u00fcr jeden aber genauso wurde man mit der Sch\u00f6nheit des Schwarzwaldes wieder belohnt. Ich denke, dass auch alle Teilnehmer euch dasselbe erz\u00e4hlt haben. Das war Pfadfinderei, die man sp\u00fcren konnte.<\/span><\/span><\/p>\n<p align=\"JUSTIFY\"><span style=\"color: #ff0000;\"><span style=\"font-size: large;\"><span style=\"color: #000000;\">Ein Kompliment an alle!<\/span><\/span><\/span><\/p>\n","protected":false},"excerpt":{"rendered":"<p>Plangem\u00e4\u00df und reibungslos verlief die Fahrt nach Villingen. In 5 Autos waren wir unterwegs zur Gro\u00dffahrt. Die Zelte wurden bei sonnigen 38\u00b0 aufgebaut. Den ersten &hellip;<\/p>\n","protected":false},"author":2,"featured_media":7785,"comment_status":"open","ping_status":"open","sticky":false,"template":"","format":"standard","meta":{"_monsterinsights_skip_tracking":false,"_monsterinsights_sitenote_active":false,"_monsterinsights_sitenote_note":"","_monsterinsights_sitenote_category":0,"footnotes":""},"categories":[136,132,137,130,131],"tags":[32,46,48,115,59,60,62],"class_list":["post-1498","post","type-post","status-publish","format-standard","has-post-thumbnail","hentry","category-pfadfinder","category-rover","category-stamm","category-unsere-aktionen","category-woelflinge","tag-fahrt","tag-naturgewalt","tag-pfadfinderei","tag-sippe","tag-voraussetzung","tag-wald","tag-wetter"],"aioseo_notices":[],"_links":{"self":[{"href":"https:\/\/stammkoenigartus.de\/index.php?rest_route=\/wp\/v2\/posts\/1498","targetHints":{"allow":["GET"]}}],"collection":[{"href":"https:\/\/stammkoenigartus.de\/index.php?rest_route=\/wp\/v2\/posts"}],"about":[{"href":"https:\/\/stammkoenigartus.de\/index.php?rest_route=\/wp\/v2\/types\/post"}],"author":[{"embeddable":true,"href":"https:\/\/stammkoenigartus.de\/index.php?rest_route=\/wp\/v2\/users\/2"}],"replies":[{"embeddable":true,"href":"https:\/\/stammkoenigartus.de\/index.php?rest_route=%2Fwp%2Fv2%2Fcomments&post=1498"}],"version-history":[{"count":1,"href":"https:\/\/stammkoenigartus.de\/index.php?rest_route=\/wp\/v2\/posts\/1498\/revisions"}],"predecessor-version":[{"id":5035,"href":"https:\/\/stammkoenigartus.de\/index.php?rest_route=\/wp\/v2\/posts\/1498\/revisions\/5035"}],"wp:featuredmedia":[{"embeddable":true,"href":"https:\/\/stammkoenigartus.de\/index.php?rest_route=\/wp\/v2\/media\/7785"}],"wp:attachment":[{"href":"https:\/\/stammkoenigartus.de\/index.php?rest_route=%2Fwp%2Fv2%2Fmedia&parent=1498"}],"wp:term":[{"taxonomy":"category","embeddable":true,"href":"https:\/\/stammkoenigartus.de\/index.php?rest_route=%2Fwp%2Fv2%2Fcategories&post=1498"},{"taxonomy":"post_tag","embeddable":true,"href":"https:\/\/stammkoenigartus.de\/index.php?rest_route=%2Fwp%2Fv2%2Ftags&post=1498"}],"curies":[{"name":"wp","href":"https:\/\/api.w.org\/{rel}","templated":true}]}}