{"id":1502,"date":"2012-10-31T14:58:11","date_gmt":"2012-10-31T13:58:11","guid":{"rendered":"http:\/\/stammkoenigartus.de\/?p=1502"},"modified":"2023-01-30T20:46:49","modified_gmt":"2023-01-30T19:46:49","slug":"meutenlager-bayreuth","status":"publish","type":"post","link":"https:\/\/stammkoenigartus.de\/?p=1502","title":{"rendered":"Meutenlager Bayreuth"},"content":{"rendered":"<p>Nat\u00fcrlich war f\u00fcr unsere W\u00f6lflinge auch wieder etwas geplant.\u00a0Sie verbrachten gemeinsam mit einem Teil der &#8218;Waldl\u00e4ufer&#8216;-Meute ein Wochenende auf dem Jugendzeltplatz Bayreuth nahe der Universit\u00e4t. Start war am Freitag den 15.06.12 um 16 Uhr in Waldbuch, wovon alle zum Zielort chauffiert wurden. Dort angekommen wurden wir bereits von unseren Freunden herzlich begr\u00fc\u00dft und alsbald streckten sich\u00a0 unsere Zelte dem Himmel entgegen. Die Schinkennudeln zum Abendessen hatten wir als St\u00e4rkung f\u00fcr weitere Spiele in der Nacht (z.B. Leutchtstab-Catchen) bitter n\u00f6tig. Am Samstag mussten wir erstaunt feststellen, dass \u00fcber Nacht unser\u00a0Materialzelt gepl\u00fcndert wurde. Ein W\u00f6lflingstrupp machte sich sofort auf den\u00a0 Weg um nach potentiellen Zeugen in der Stadt zu suchen, w\u00e4hrend der Hauptteil sein kombinatorisches Wissen unter Beweis stellen musste, um Licht ins Dunkle zu bringen. Am Nachmittag hatten wir endlich eine Spur und machten uns auf den Weg in ein nahegelegenes Waldst\u00fcck, um das Lager der Banditen aufzusp\u00fcren, in dem unsere Vorr\u00e4te gebunkert wurden. Nachdem unsere W\u00f6lflinge alle gemeinsam die gefundenen Hinweise unter die Lupe nahmen, gelang\u00a0 ihnen dieses Kunstst\u00fcck\u00a0auch. Siegreich kehrten wir ins Lager zur\u00fcck und \u00fcberreichten\u00a0unseren begnadeten K\u00f6chen (Wili Pechtold und Jens Bl\u00fcchel) die zur\u00fcckgewonnene Beute, was wir nat\u00fcrlich mit einem ausgiebigen Grillabend feiern mussten. Abschlie\u00dfend versammelten wir uns zur Singerunde\u00a0 am\u00a0 Lagerfeuer, bevor der anstrengende Tag seinen Tribut forderte. Am Sonntag\u00a0 war unsere Zeit dann doch leider schon wieder um. Zelte wurden eingeschmissen,\u00a0es wurde gepackt und der Zeltplatz ges\u00e4ubert und wir waren gerade fertig, als die ersten &#8218;Taxis&#8216;\u00a0 auch schon eintrafen. Alles in allem war dies ein gelungenes Lager und wir freuen uns auch bereits auf unser n\u00e4chstes Zusammensein mit unseren &#8218;Waldl\u00e4ufer&#8216;-Kameraden. In diesem Sinne, allzeit &#8218;Gut Jagd&#8216; bis zum n\u00e4chsten Mal!<\/p>\n<pre style=\"font-size: small;\"><\/pre>\n","protected":false},"excerpt":{"rendered":"<p>Nat\u00fcrlich war f\u00fcr unsere W\u00f6lflinge auch wieder etwas geplant.\u00a0Sie verbrachten gemeinsam mit einem Teil der &#8218;Waldl\u00e4ufer&#8216;-Meute ein Wochenende auf dem Jugendzeltplatz Bayreuth nahe der Universit\u00e4t. &hellip;<\/p>\n","protected":false},"author":2,"featured_media":8118,"comment_status":"open","ping_status":"open","sticky":false,"template":"","format":"standard","meta":{"_monsterinsights_skip_tracking":false,"_monsterinsights_sitenote_active":false,"_monsterinsights_sitenote_note":"","_monsterinsights_sitenote_category":0,"footnotes":""},"categories":[130,131],"tags":[28,30,31,32,47,58,60,63],"class_list":["post-1502","post","type-post","status-publish","format-standard","has-post-thumbnail","hentry","category-unsere-aktionen","category-woelflinge","tag-action","tag-ansporn","tag-eltern","tag-fahrt","tag-partnerstamm","tag-viele-leute","tag-wald","tag-wolfling"],"aioseo_notices":[],"_links":{"self":[{"href":"https:\/\/stammkoenigartus.de\/index.php?rest_route=\/wp\/v2\/posts\/1502","targetHints":{"allow":["GET"]}}],"collection":[{"href":"https:\/\/stammkoenigartus.de\/index.php?rest_route=\/wp\/v2\/posts"}],"about":[{"href":"https:\/\/stammkoenigartus.de\/index.php?rest_route=\/wp\/v2\/types\/post"}],"author":[{"embeddable":true,"href":"https:\/\/stammkoenigartus.de\/index.php?rest_route=\/wp\/v2\/users\/2"}],"replies":[{"embeddable":true,"href":"https:\/\/stammkoenigartus.de\/index.php?rest_route=%2Fwp%2Fv2%2Fcomments&post=1502"}],"version-history":[{"count":3,"href":"https:\/\/stammkoenigartus.de\/index.php?rest_route=\/wp\/v2\/posts\/1502\/revisions"}],"predecessor-version":[{"id":17767,"href":"https:\/\/stammkoenigartus.de\/index.php?rest_route=\/wp\/v2\/posts\/1502\/revisions\/17767"}],"wp:featuredmedia":[{"embeddable":true,"href":"https:\/\/stammkoenigartus.de\/index.php?rest_route=\/wp\/v2\/media\/8118"}],"wp:attachment":[{"href":"https:\/\/stammkoenigartus.de\/index.php?rest_route=%2Fwp%2Fv2%2Fmedia&parent=1502"}],"wp:term":[{"taxonomy":"category","embeddable":true,"href":"https:\/\/stammkoenigartus.de\/index.php?rest_route=%2Fwp%2Fv2%2Fcategories&post=1502"},{"taxonomy":"post_tag","embeddable":true,"href":"https:\/\/stammkoenigartus.de\/index.php?rest_route=%2Fwp%2Fv2%2Ftags&post=1502"}],"curies":[{"name":"wp","href":"https:\/\/api.w.org\/{rel}","templated":true}]}}