{"id":15163,"date":"2019-01-06T14:11:31","date_gmt":"2019-01-06T13:11:31","guid":{"rendered":"https:\/\/stammkoenigartus.de\/?p=15163"},"modified":"2023-02-12T17:27:10","modified_gmt":"2023-02-12T16:27:10","slug":"winterlager-2019","status":"publish","type":"post","link":"https:\/\/stammkoenigartus.de\/?p=15163","title":{"rendered":"Winterlager 2019"},"content":{"rendered":"\n<h2 class=\"wp-block-heading\">Forschungsreise ins Eis<\/h2>\n\n\n\n<p>Bereits am 1. Januar traf sich die Sippe Gareth um gemeinsam zum diesj\u00e4hrigen Winterlager nach Almos bei Hiltpoltstein zu wandern. Eine eiskalte Nacht wurde im Zelt verbracht, aber der Spa\u00df kam auf keinen Fall zu kurz. Alle anderen trafen sich am 2. Januar und fuhren gemeinsam zur Egerlandh\u00fctte, wo sich beide Gruppen trafen. Dort stie\u00dfen au\u00dferdem 8 Kids vom Stamm Waldl\u00e4ufer aus Grafenw\u00f6hr zu uns, die dieses Winterlager gemeinsam mit uns verbrachten. <\/p>\n\n\n\n<figure class=\"wp-block-gallery has-nested-images columns-default is-cropped wp-block-gallery-1 is-layout-flex wp-block-gallery-is-layout-flex\">\n<figure class=\"wp-block-image\"><img loading=\"lazy\" decoding=\"async\" width=\"800\" height=\"450\" data-id=\"15166\" src=\"https:\/\/stammkoenigartus.de\/wp-content\/uploads\/RIMG0252.jpg\" alt=\"\" class=\"wp-image-15166\" srcset=\"https:\/\/stammkoenigartus.de\/wp-content\/uploads\/RIMG0252.jpg 800w, https:\/\/stammkoenigartus.de\/wp-content\/uploads\/RIMG0252-480x270.jpg 480w, https:\/\/stammkoenigartus.de\/wp-content\/uploads\/RIMG0252-768x432.jpg 768w, https:\/\/stammkoenigartus.de\/wp-content\/uploads\/RIMG0252-409x230.jpg 409w, https:\/\/stammkoenigartus.de\/wp-content\/uploads\/RIMG0252-600x338.jpg 600w, https:\/\/stammkoenigartus.de\/wp-content\/uploads\/RIMG0252-400x225.jpg 400w\" sizes=\"auto, (max-width: 800px) 100vw, 800px\" \/><figcaption class=\"wp-element-caption\">30 Kinder nahmen teil<\/figcaption><\/figure>\n\n\n\n<figure class=\"wp-block-image\"><img loading=\"lazy\" decoding=\"async\" width=\"800\" height=\"450\" data-id=\"15168\" src=\"https:\/\/stammkoenigartus.de\/wp-content\/uploads\/RIMG0279.jpg\" alt=\"\" class=\"wp-image-15168\" srcset=\"https:\/\/stammkoenigartus.de\/wp-content\/uploads\/RIMG0279.jpg 800w, https:\/\/stammkoenigartus.de\/wp-content\/uploads\/RIMG0279-480x270.jpg 480w, https:\/\/stammkoenigartus.de\/wp-content\/uploads\/RIMG0279-768x432.jpg 768w, https:\/\/stammkoenigartus.de\/wp-content\/uploads\/RIMG0279-409x230.jpg 409w, https:\/\/stammkoenigartus.de\/wp-content\/uploads\/RIMG0279-600x338.jpg 600w, https:\/\/stammkoenigartus.de\/wp-content\/uploads\/RIMG0279-400x225.jpg 400w\" sizes=\"auto, (max-width: 800px) 100vw, 800px\" \/><figcaption class=\"wp-element-caption\">Um den \u00dcberblick zu behalten<\/figcaption><\/figure>\n<\/figure>\n\n\n\n<p>Am ersten Abend bekamen alle Besuch von einem Dorf\u00e4ltesten, der etwas von einem verschwunden Paar und einen mysteri\u00f6sen Fluch erz\u00e4hlte, der von einer Kr\u00e4uterhexe ausgesprochen war. Ein Forscher berichtete von mehreren Knochenteilen, die gefunden wurden. Zur Orientierung hatte er eine Karte dabei. <\/p>\n\n\n\n<p>Nun bereiteten sich alle vor. Dazu wurden Umh\u00e4nge und Kordeln selbst hergestellt. Am Nachmittag zogen nun alle ins Gel\u00e4nde und machten sich auf die Suche nach den ersten Knochen, was sich jedoch als schwierig erwies, da auch Diebe im Gel\u00e4nde unterwegs waren. <\/p>\n\n\n\n<figure class=\"wp-block-gallery has-nested-images columns-default is-cropped wp-block-gallery-2 is-layout-flex wp-block-gallery-is-layout-flex\">\n<figure class=\"wp-block-image\"><img loading=\"lazy\" decoding=\"async\" width=\"4024\" height=\"2264\" data-id=\"15169\" src=\"https:\/\/stammkoenigartus.de\/wp-content\/uploads\/RIMG0282-4024x2264.jpg\" alt=\"\" class=\"wp-image-15169\" srcset=\"https:\/\/stammkoenigartus.de\/wp-content\/uploads\/RIMG0282-4024x2264.jpg 4024w, https:\/\/stammkoenigartus.de\/wp-content\/uploads\/RIMG0282-480x270.jpg 480w, https:\/\/stammkoenigartus.de\/wp-content\/uploads\/RIMG0282-768x432.jpg 768w, https:\/\/stammkoenigartus.de\/wp-content\/uploads\/RIMG0282-409x230.jpg 409w, https:\/\/stammkoenigartus.de\/wp-content\/uploads\/RIMG0282-600x338.jpg 600w, https:\/\/stammkoenigartus.de\/wp-content\/uploads\/RIMG0282-400x225.jpg 400w\" sizes=\"auto, (max-width: 4024px) 100vw, 4024px\" \/><\/figure>\n\n\n\n<figure class=\"wp-block-image\"><img loading=\"lazy\" decoding=\"async\" width=\"4024\" height=\"2264\" data-id=\"15170\" src=\"https:\/\/stammkoenigartus.de\/wp-content\/uploads\/RIMG0291-4024x2264.jpg\" alt=\"\" class=\"wp-image-15170\" srcset=\"https:\/\/stammkoenigartus.de\/wp-content\/uploads\/RIMG0291-4024x2264.jpg 4024w, https:\/\/stammkoenigartus.de\/wp-content\/uploads\/RIMG0291-480x270.jpg 480w, https:\/\/stammkoenigartus.de\/wp-content\/uploads\/RIMG0291-768x432.jpg 768w, https:\/\/stammkoenigartus.de\/wp-content\/uploads\/RIMG0291-409x230.jpg 409w, https:\/\/stammkoenigartus.de\/wp-content\/uploads\/RIMG0291-600x338.jpg 600w, https:\/\/stammkoenigartus.de\/wp-content\/uploads\/RIMG0291-400x225.jpg 400w\" sizes=\"auto, (max-width: 4024px) 100vw, 4024px\" \/><\/figure>\n\n\n\n<figure class=\"wp-block-image\"><img loading=\"lazy\" decoding=\"async\" width=\"4024\" height=\"2264\" data-id=\"15171\" src=\"https:\/\/stammkoenigartus.de\/wp-content\/uploads\/RIMG0293-4024x2264.jpg\" alt=\"\" class=\"wp-image-15171\" srcset=\"https:\/\/stammkoenigartus.de\/wp-content\/uploads\/RIMG0293-4024x2264.jpg 4024w, https:\/\/stammkoenigartus.de\/wp-content\/uploads\/RIMG0293-480x270.jpg 480w, https:\/\/stammkoenigartus.de\/wp-content\/uploads\/RIMG0293-768x432.jpg 768w, https:\/\/stammkoenigartus.de\/wp-content\/uploads\/RIMG0293-409x230.jpg 409w, https:\/\/stammkoenigartus.de\/wp-content\/uploads\/RIMG0293-600x338.jpg 600w, https:\/\/stammkoenigartus.de\/wp-content\/uploads\/RIMG0293-400x225.jpg 400w\" sizes=\"auto, (max-width: 4024px) 100vw, 4024px\" \/><\/figure>\n<\/figure>\n\n\n\n<p> Der Abend wurde gemeinsam mit einer Singerunde beendet. Am dritten Tag wurden wir wieder vom Forscher besucht, der die bereis gefundenen Knochen untersuchte. Dabei wurde festgestellt, dass es sich um zwei verschiedene Menschen handelte. Zuerst jedoch wurde eine Grabzeremonie f\u00fcr die beiden Verstorbenen vorbereitet. Dazu wurden Kr\u00e4nze geflochten, ein Kreuz gebunden, ein Leichentuch gefertigt, das Grab ausgehoben und nat\u00fcrlich der Ablauf notiert. Erneut zogen wir danach aus und suchten den Rest. Alle Teile die nicht gefunden wurden, konnten aus Zaubermasse geformt werden, die den Gruppenf\u00fchrern abgenommen wurde. Gemeinsam entlie\u00dfen wir die beiden Verstorbenen in die Ewige Ruhe, der Fluch wurde mit einem Ritual vertrieben und die Beiden konnten in Frieden ruhen. <\/p>\n\n\n\n<figure class=\"wp-block-gallery has-nested-images columns-default is-cropped wp-block-gallery-3 is-layout-flex wp-block-gallery-is-layout-flex\">\n<figure class=\"wp-block-image\"><img loading=\"lazy\" decoding=\"async\" width=\"4024\" height=\"2264\" data-id=\"15172\" src=\"https:\/\/stammkoenigartus.de\/wp-content\/uploads\/RIMG0326-4024x2264.jpg\" alt=\"\" class=\"wp-image-15172\" srcset=\"https:\/\/stammkoenigartus.de\/wp-content\/uploads\/RIMG0326-4024x2264.jpg 4024w, https:\/\/stammkoenigartus.de\/wp-content\/uploads\/RIMG0326-480x270.jpg 480w, https:\/\/stammkoenigartus.de\/wp-content\/uploads\/RIMG0326-768x432.jpg 768w, https:\/\/stammkoenigartus.de\/wp-content\/uploads\/RIMG0326-409x230.jpg 409w, https:\/\/stammkoenigartus.de\/wp-content\/uploads\/RIMG0326-600x338.jpg 600w, https:\/\/stammkoenigartus.de\/wp-content\/uploads\/RIMG0326-400x225.jpg 400w\" sizes=\"auto, (max-width: 4024px) 100vw, 4024px\" \/><\/figure>\n\n\n\n<figure class=\"wp-block-image\"><img loading=\"lazy\" decoding=\"async\" width=\"4024\" height=\"2264\" data-id=\"15173\" src=\"https:\/\/stammkoenigartus.de\/wp-content\/uploads\/RIMG0334-4024x2264.jpg\" alt=\"\" class=\"wp-image-15173\" srcset=\"https:\/\/stammkoenigartus.de\/wp-content\/uploads\/RIMG0334-4024x2264.jpg 4024w, https:\/\/stammkoenigartus.de\/wp-content\/uploads\/RIMG0334-480x270.jpg 480w, https:\/\/stammkoenigartus.de\/wp-content\/uploads\/RIMG0334-768x432.jpg 768w, https:\/\/stammkoenigartus.de\/wp-content\/uploads\/RIMG0334-409x230.jpg 409w, https:\/\/stammkoenigartus.de\/wp-content\/uploads\/RIMG0334-600x338.jpg 600w, https:\/\/stammkoenigartus.de\/wp-content\/uploads\/RIMG0334-400x225.jpg 400w\" sizes=\"auto, (max-width: 4024px) 100vw, 4024px\" \/><\/figure>\n\n\n\n<figure class=\"wp-block-image\"><img loading=\"lazy\" decoding=\"async\" width=\"4024\" height=\"2264\" data-id=\"15174\" src=\"https:\/\/stammkoenigartus.de\/wp-content\/uploads\/RIMG0368-4024x2264.jpg\" alt=\"\" class=\"wp-image-15174\" srcset=\"https:\/\/stammkoenigartus.de\/wp-content\/uploads\/RIMG0368-4024x2264.jpg 4024w, https:\/\/stammkoenigartus.de\/wp-content\/uploads\/RIMG0368-480x270.jpg 480w, https:\/\/stammkoenigartus.de\/wp-content\/uploads\/RIMG0368-768x432.jpg 768w, https:\/\/stammkoenigartus.de\/wp-content\/uploads\/RIMG0368-409x230.jpg 409w, https:\/\/stammkoenigartus.de\/wp-content\/uploads\/RIMG0368-600x338.jpg 600w, https:\/\/stammkoenigartus.de\/wp-content\/uploads\/RIMG0368-400x225.jpg 400w\" sizes=\"auto, (max-width: 4024px) 100vw, 4024px\" \/><\/figure>\n\n\n\n<figure class=\"wp-block-image\"><img loading=\"lazy\" decoding=\"async\" width=\"4024\" height=\"2264\" data-id=\"15175\" src=\"https:\/\/stammkoenigartus.de\/wp-content\/uploads\/RIMG0372-4024x2264.jpg\" alt=\"\" class=\"wp-image-15175\" srcset=\"https:\/\/stammkoenigartus.de\/wp-content\/uploads\/RIMG0372-4024x2264.jpg 4024w, https:\/\/stammkoenigartus.de\/wp-content\/uploads\/RIMG0372-480x270.jpg 480w, https:\/\/stammkoenigartus.de\/wp-content\/uploads\/RIMG0372-768x432.jpg 768w, https:\/\/stammkoenigartus.de\/wp-content\/uploads\/RIMG0372-409x230.jpg 409w, https:\/\/stammkoenigartus.de\/wp-content\/uploads\/RIMG0372-600x338.jpg 600w, https:\/\/stammkoenigartus.de\/wp-content\/uploads\/RIMG0372-400x225.jpg 400w\" sizes=\"auto, (max-width: 4024px) 100vw, 4024px\" \/><\/figure>\n<\/figure>\n\n\n\n<p> Eines der sch\u00f6nsten Ereignisse lag jedoch noch vor uns, die Versprechensfeier. Am Abend zogen wir im Schweigemarsch, die Fahne vorweg, ins Gel\u00e4nde und vollzogen diese. Zuerst bekam Leon sein Abzeichen und darf sich von nun an Pfadfinder nennen, da er bereits am Stammeslager alle Pr\u00fcfungen dazu abgelegt hat. Die am Stammeslager neu gegr\u00fcndete Sippe wurde auf den Namen Merlin getauft, diese nahm auch gleich noch Max und Leon als neue Mitglieder auf.  Am Ende wurden zwei W\u00f6lflinge in den Stamm aufgenommen. Jakob und Sebastian haben im letzten halben Jahr bewiesen, dass Sie dazu geh\u00f6ren m\u00f6chten. Sie durften beide ihr Versprechen ablegen und wurden in unseren Kreis aufgenommen. <\/p>\n\n\n\n<figure class=\"wp-block-gallery has-nested-images columns-default is-cropped wp-block-gallery-4 is-layout-flex wp-block-gallery-is-layout-flex\">\n<figure class=\"wp-block-image\"><img loading=\"lazy\" decoding=\"async\" width=\"4024\" height=\"2264\" data-id=\"15176\" src=\"https:\/\/stammkoenigartus.de\/wp-content\/uploads\/RIMG0401-4024x2264.jpg\" alt=\"\" class=\"wp-image-15176\" srcset=\"https:\/\/stammkoenigartus.de\/wp-content\/uploads\/RIMG0401-4024x2264.jpg 4024w, https:\/\/stammkoenigartus.de\/wp-content\/uploads\/RIMG0401-480x270.jpg 480w, https:\/\/stammkoenigartus.de\/wp-content\/uploads\/RIMG0401-768x432.jpg 768w, https:\/\/stammkoenigartus.de\/wp-content\/uploads\/RIMG0401-409x230.jpg 409w, https:\/\/stammkoenigartus.de\/wp-content\/uploads\/RIMG0401-600x338.jpg 600w, https:\/\/stammkoenigartus.de\/wp-content\/uploads\/RIMG0401-400x225.jpg 400w\" sizes=\"auto, (max-width: 4024px) 100vw, 4024px\" \/><\/figure>\n\n\n\n<figure class=\"wp-block-image\"><img loading=\"lazy\" decoding=\"async\" width=\"4024\" height=\"2264\" data-id=\"15177\" src=\"https:\/\/stammkoenigartus.de\/wp-content\/uploads\/RIMG0403-4024x2264.jpg\" alt=\"\" class=\"wp-image-15177\" srcset=\"https:\/\/stammkoenigartus.de\/wp-content\/uploads\/RIMG0403-4024x2264.jpg 4024w, https:\/\/stammkoenigartus.de\/wp-content\/uploads\/RIMG0403-480x270.jpg 480w, https:\/\/stammkoenigartus.de\/wp-content\/uploads\/RIMG0403-768x432.jpg 768w, https:\/\/stammkoenigartus.de\/wp-content\/uploads\/RIMG0403-409x230.jpg 409w, https:\/\/stammkoenigartus.de\/wp-content\/uploads\/RIMG0403-600x338.jpg 600w, https:\/\/stammkoenigartus.de\/wp-content\/uploads\/RIMG0403-400x225.jpg 400w\" sizes=\"auto, (max-width: 4024px) 100vw, 4024px\" \/><\/figure>\n\n\n\n<figure class=\"wp-block-image\"><img loading=\"lazy\" decoding=\"async\" width=\"4024\" height=\"2264\" data-id=\"15179\" src=\"https:\/\/stammkoenigartus.de\/wp-content\/uploads\/RIMG0404-4024x2264.jpg\" alt=\"\" class=\"wp-image-15179\" srcset=\"https:\/\/stammkoenigartus.de\/wp-content\/uploads\/RIMG0404-4024x2264.jpg 4024w, https:\/\/stammkoenigartus.de\/wp-content\/uploads\/RIMG0404-480x270.jpg 480w, https:\/\/stammkoenigartus.de\/wp-content\/uploads\/RIMG0404-768x432.jpg 768w, https:\/\/stammkoenigartus.de\/wp-content\/uploads\/RIMG0404-409x230.jpg 409w, https:\/\/stammkoenigartus.de\/wp-content\/uploads\/RIMG0404-600x338.jpg 600w, https:\/\/stammkoenigartus.de\/wp-content\/uploads\/RIMG0404-400x225.jpg 400w\" sizes=\"auto, (max-width: 4024px) 100vw, 4024px\" \/><\/figure>\n<\/figure>\n\n\n\n<p>Wir danken der Roverrunde Ector f\u00fcr das kulinarische Wohl, 30 Personen zu verpflegen kostet viel Zeit und Geduld. Danke an Willi, Sammy und Ramona. Ein Dank gilt auch allen, die am Winterlager dabei waren und ihr Bestes gaben. <\/p>\n\n\n\n<figure class=\"wp-block-image\"><img loading=\"lazy\" decoding=\"async\" width=\"4608\" height=\"2592\" src=\"https:\/\/i0.wp.com\/stammkoenigartus.de\/wp-content\/uploads\/RIMG0434.jpg?fit=4024%2C2264&amp;ssl=1\" alt=\"\" class=\"wp-image-15180\" srcset=\"https:\/\/stammkoenigartus.de\/wp-content\/uploads\/RIMG0434.jpg 4608w, https:\/\/stammkoenigartus.de\/wp-content\/uploads\/RIMG0434-480x270.jpg 480w, https:\/\/stammkoenigartus.de\/wp-content\/uploads\/RIMG0434-768x432.jpg 768w, https:\/\/stammkoenigartus.de\/wp-content\/uploads\/RIMG0434-409x230.jpg 409w, https:\/\/stammkoenigartus.de\/wp-content\/uploads\/RIMG0434-600x338.jpg 600w, https:\/\/stammkoenigartus.de\/wp-content\/uploads\/RIMG0434-400x225.jpg 400w\" sizes=\"auto, (max-width: 4608px) 100vw, 4608px\" \/><figcaption class=\"wp-element-caption\">Winterlager 2019<\/figcaption><\/figure>\n","protected":false},"excerpt":{"rendered":"<p>Forschungsreise ins Eis Bereits am 1. Januar traf sich die Sippe Gareth um gemeinsam zum diesj\u00e4hrigen Winterlager nach Almos bei Hiltpoltstein zu wandern. Eine eiskalte &hellip;<\/p>\n","protected":false},"author":2,"featured_media":15164,"comment_status":"open","ping_status":"closed","sticky":false,"template":"","format":"standard","meta":{"_monsterinsights_skip_tracking":false,"_monsterinsights_sitenote_active":false,"_monsterinsights_sitenote_note":"","_monsterinsights_sitenote_category":0,"footnotes":""},"categories":[141,136,132,137,130,131],"tags":[],"class_list":["post-15163","post","type-post","status-publish","format-standard","has-post-thumbnail","hentry","category-aufbaugruppe-steinwiesen","category-pfadfinder","category-rover","category-stamm","category-unsere-aktionen","category-woelflinge"],"aioseo_notices":[],"_links":{"self":[{"href":"https:\/\/stammkoenigartus.de\/index.php?rest_route=\/wp\/v2\/posts\/15163","targetHints":{"allow":["GET"]}}],"collection":[{"href":"https:\/\/stammkoenigartus.de\/index.php?rest_route=\/wp\/v2\/posts"}],"about":[{"href":"https:\/\/stammkoenigartus.de\/index.php?rest_route=\/wp\/v2\/types\/post"}],"author":[{"embeddable":true,"href":"https:\/\/stammkoenigartus.de\/index.php?rest_route=\/wp\/v2\/users\/2"}],"replies":[{"embeddable":true,"href":"https:\/\/stammkoenigartus.de\/index.php?rest_route=%2Fwp%2Fv2%2Fcomments&post=15163"}],"version-history":[{"count":6,"href":"https:\/\/stammkoenigartus.de\/index.php?rest_route=\/wp\/v2\/posts\/15163\/revisions"}],"predecessor-version":[{"id":18117,"href":"https:\/\/stammkoenigartus.de\/index.php?rest_route=\/wp\/v2\/posts\/15163\/revisions\/18117"}],"wp:featuredmedia":[{"embeddable":true,"href":"https:\/\/stammkoenigartus.de\/index.php?rest_route=\/wp\/v2\/media\/15164"}],"wp:attachment":[{"href":"https:\/\/stammkoenigartus.de\/index.php?rest_route=%2Fwp%2Fv2%2Fmedia&parent=15163"}],"wp:term":[{"taxonomy":"category","embeddable":true,"href":"https:\/\/stammkoenigartus.de\/index.php?rest_route=%2Fwp%2Fv2%2Fcategories&post=15163"},{"taxonomy":"post_tag","embeddable":true,"href":"https:\/\/stammkoenigartus.de\/index.php?rest_route=%2Fwp%2Fv2%2Ftags&post=15163"}],"curies":[{"name":"wp","href":"https:\/\/api.w.org\/{rel}","templated":true}]}}