{"id":15317,"date":"2019-03-10T17:12:37","date_gmt":"2019-03-10T16:12:37","guid":{"rendered":"https:\/\/stammkoenigartus.de\/?p=15317"},"modified":"2023-02-12T17:33:35","modified_gmt":"2023-02-12T16:33:35","slug":"skilager-2019","status":"publish","type":"post","link":"https:\/\/stammkoenigartus.de\/?p=15317","title":{"rendered":"Skilager 2019"},"content":{"rendered":"\n<p>Mittwoch, 06. M\u00e4rz 2019 \/ Anreise:<\/p>\n\n\n\n<p>Am 06. M\u00e4rz 2019 ging es los. Felix holte mich daf\u00fcr p\u00fcnktlich um 13:00 Uhr ab. Nachdem dann alles eingeladen war und wir Stefan abgeholt hatten, starteten wir. Ohne Stau und guten Verkehr schafften wir es in 4 Stunden zu unserem Hotel beim Spitzingsee. Nach kurzem Einrichten im Zimmer erkundeten wir die Umgebung und endeten bei einer Wanderung um den See, die 1,5 Stunden dauerte. Sp\u00e4ter gab es dann Essen ( K\u00e4sesp\u00e4tzle, Zander und Hausgemachten Alm-Burger). Mit vollen B\u00e4uchen gingen wir dann schlafen.<\/p>\n\n\n\n<figure class=\"wp-block-gallery has-nested-images columns-default is-cropped wp-block-gallery-1 is-layout-flex wp-block-gallery-is-layout-flex\">\n<figure class=\"wp-block-image\"><img loading=\"lazy\" decoding=\"async\" width=\"800\" height=\"450\" data-id=\"15318\" src=\"https:\/\/stammkoenigartus.de\/wp-content\/uploads\/RIMG0467.jpg\" alt=\"\" class=\"wp-image-15318\" srcset=\"https:\/\/stammkoenigartus.de\/wp-content\/uploads\/RIMG0467.jpg 800w, https:\/\/stammkoenigartus.de\/wp-content\/uploads\/RIMG0467-480x270.jpg 480w, https:\/\/stammkoenigartus.de\/wp-content\/uploads\/RIMG0467-768x432.jpg 768w, https:\/\/stammkoenigartus.de\/wp-content\/uploads\/RIMG0467-409x230.jpg 409w, https:\/\/stammkoenigartus.de\/wp-content\/uploads\/RIMG0467-600x338.jpg 600w, https:\/\/stammkoenigartus.de\/wp-content\/uploads\/RIMG0467-400x225.jpg 400w\" sizes=\"auto, (max-width: 800px) 100vw, 800px\" \/><\/figure>\n\n\n\n<figure class=\"wp-block-image\"><img loading=\"lazy\" decoding=\"async\" width=\"800\" height=\"450\" data-id=\"15319\" src=\"https:\/\/stammkoenigartus.de\/wp-content\/uploads\/RIMG0455.jpg\" alt=\"\" class=\"wp-image-15319\" srcset=\"https:\/\/stammkoenigartus.de\/wp-content\/uploads\/RIMG0455.jpg 800w, https:\/\/stammkoenigartus.de\/wp-content\/uploads\/RIMG0455-480x270.jpg 480w, https:\/\/stammkoenigartus.de\/wp-content\/uploads\/RIMG0455-768x432.jpg 768w, https:\/\/stammkoenigartus.de\/wp-content\/uploads\/RIMG0455-409x230.jpg 409w, https:\/\/stammkoenigartus.de\/wp-content\/uploads\/RIMG0455-600x338.jpg 600w, https:\/\/stammkoenigartus.de\/wp-content\/uploads\/RIMG0455-400x225.jpg 400w\" sizes=\"auto, (max-width: 800px) 100vw, 800px\" \/><\/figure>\n\n\n\n<figure class=\"wp-block-image\"><img loading=\"lazy\" decoding=\"async\" width=\"800\" height=\"450\" data-id=\"15320\" src=\"https:\/\/stammkoenigartus.de\/wp-content\/uploads\/RIMG0506.jpg\" alt=\"\" class=\"wp-image-15320\" srcset=\"https:\/\/stammkoenigartus.de\/wp-content\/uploads\/RIMG0506.jpg 800w, https:\/\/stammkoenigartus.de\/wp-content\/uploads\/RIMG0506-480x270.jpg 480w, https:\/\/stammkoenigartus.de\/wp-content\/uploads\/RIMG0506-768x432.jpg 768w, https:\/\/stammkoenigartus.de\/wp-content\/uploads\/RIMG0506-409x230.jpg 409w, https:\/\/stammkoenigartus.de\/wp-content\/uploads\/RIMG0506-600x338.jpg 600w, https:\/\/stammkoenigartus.de\/wp-content\/uploads\/RIMG0506-400x225.jpg 400w\" sizes=\"auto, (max-width: 800px) 100vw, 800px\" \/><\/figure>\n<\/figure>\n\n\n\n<p>Donnerstag, 07. M\u00e4rz 2019<\/p>\n\n\n\n<p> Diesen Morgen standen wir um 7:30 auf, um p\u00fcnktlich um 8:00 beim Fr\u00fchst\u00fcck zu sein. Danach ging es auch gleich zu unserem Skigebiet Spitzingsee, das ca. 5 min von unserem Hotel entfernt war. Nachdem wir dann einen Parkplatz gefunden hatten, konnten wir endlich auf die Piste. Zu Beginn war es sehr sonnig und warm, sodass es recht gut lief. Zudem hatte Stefan ein Spiel vorbereitet, bei dem er versuchen musste, innerhalb einer Stunde zum Parkplatz zu kommen. Daf\u00fcr starteten wir in der Mitte des Skigebietes. Stefan bekam 2 min Vorsprung und wir mussten versuchen ihn rechtzeitig abzufangen. Ab Mittag begann es dann langsam zu schneien und im Tal zu regnen. Da wir nach einigen Stunden komplett nass waren, verlie\u00dfen wir vorzeitig (15:00) den Berg und begaben uns zum Hotel. <br>Nach dem Essen gingen wir dann alle ins Bett.<\/p>\n\n\n\n<p>Axel<\/p>\n\n\n\n<figure class=\"wp-block-gallery has-nested-images columns-default is-cropped wp-block-gallery-2 is-layout-flex wp-block-gallery-is-layout-flex\">\n<figure class=\"wp-block-image\"><img loading=\"lazy\" decoding=\"async\" width=\"800\" height=\"450\" data-id=\"15322\" src=\"https:\/\/stammkoenigartus.de\/wp-content\/uploads\/RIMG0541.jpg\" alt=\"\" class=\"wp-image-15322\" srcset=\"https:\/\/stammkoenigartus.de\/wp-content\/uploads\/RIMG0541.jpg 800w, https:\/\/stammkoenigartus.de\/wp-content\/uploads\/RIMG0541-480x270.jpg 480w, https:\/\/stammkoenigartus.de\/wp-content\/uploads\/RIMG0541-768x432.jpg 768w, https:\/\/stammkoenigartus.de\/wp-content\/uploads\/RIMG0541-409x230.jpg 409w, https:\/\/stammkoenigartus.de\/wp-content\/uploads\/RIMG0541-600x338.jpg 600w, https:\/\/stammkoenigartus.de\/wp-content\/uploads\/RIMG0541-400x225.jpg 400w\" sizes=\"auto, (max-width: 800px) 100vw, 800px\" \/><\/figure>\n\n\n\n<figure class=\"wp-block-image\"><img loading=\"lazy\" decoding=\"async\" width=\"800\" height=\"450\" data-id=\"15323\" src=\"https:\/\/stammkoenigartus.de\/wp-content\/uploads\/RIMG0534.jpg\" alt=\"\" class=\"wp-image-15323\" srcset=\"https:\/\/stammkoenigartus.de\/wp-content\/uploads\/RIMG0534.jpg 800w, https:\/\/stammkoenigartus.de\/wp-content\/uploads\/RIMG0534-480x270.jpg 480w, https:\/\/stammkoenigartus.de\/wp-content\/uploads\/RIMG0534-768x432.jpg 768w, https:\/\/stammkoenigartus.de\/wp-content\/uploads\/RIMG0534-409x230.jpg 409w, https:\/\/stammkoenigartus.de\/wp-content\/uploads\/RIMG0534-600x338.jpg 600w, https:\/\/stammkoenigartus.de\/wp-content\/uploads\/RIMG0534-400x225.jpg 400w\" sizes=\"auto, (max-width: 800px) 100vw, 800px\" \/><\/figure>\n\n\n\n<figure class=\"wp-block-image\"><img loading=\"lazy\" decoding=\"async\" width=\"800\" height=\"450\" data-id=\"15324\" src=\"https:\/\/stammkoenigartus.de\/wp-content\/uploads\/RIMG0528.jpg\" alt=\"\" class=\"wp-image-15324\" srcset=\"https:\/\/stammkoenigartus.de\/wp-content\/uploads\/RIMG0528.jpg 800w, https:\/\/stammkoenigartus.de\/wp-content\/uploads\/RIMG0528-480x270.jpg 480w, https:\/\/stammkoenigartus.de\/wp-content\/uploads\/RIMG0528-768x432.jpg 768w, https:\/\/stammkoenigartus.de\/wp-content\/uploads\/RIMG0528-409x230.jpg 409w, https:\/\/stammkoenigartus.de\/wp-content\/uploads\/RIMG0528-600x338.jpg 600w, https:\/\/stammkoenigartus.de\/wp-content\/uploads\/RIMG0528-400x225.jpg 400w\" sizes=\"auto, (max-width: 800px) 100vw, 800px\" \/><\/figure>\n<\/figure>\n\n\n\n<p>Freitag, 08. M\u00e4rz 2019<\/p>\n\n\n\n<p>Nachdem Fr\u00fchst\u00fcck machten wir uns p\u00fcnktlich um 8:15 Uhr auf den Weg nach Lenggries zum Skigebiet am Brauneck. Dort angekommen fuhren wir sogleich mit der Gondel nach oben und konnten einen herrlichen Ausblick genie\u00dfen. Die Pisten waren alle in einem sehr guten Zustand und es waren auch alle Lifte ge\u00f6ffnet. Als wir jedoch gerade an einem Sessellift einsteigen wollten, hielt dieser pl\u00f6tzlich unvermittelt an. Der Liftbetreiber schien zuerst auch etwas ratlos zu sein und \u00f6ffnete die Schaltschr\u00e4nke und dr\u00fcckte alle m\u00f6glichen Kn\u00f6pfe, doch der Lift wollte seinen Betrieb nicht wieder aufnehmen. Nachdem wir einige Minuten an der Einstiegsstelle gewartet hatten, war unser Vertrauen in den Lift schlie\u00dflich soweit gesunken, dass wir uns entschieden einen kleinen H\u00fcgel zu erklimmen und den Schlepplift zu benutzen. Gegen Mittag kamen vermehrt Wolken auf und auch der Wind wurde heftiger. Auf dem Berg begann es abwechselnd zu schneien und zu hageln, w\u00e4hrend an den Talstationen leichter Nieselregen einsetzte. Alles in Allem war es jedoch ertr\u00e4glich und nicht so schlimm wie am ersten Tag. Als wir allerdings am Nachmittag gegen 15:45 Uhr ein letztes Mal nach oben fahren wollten, um zur\u00fcck zum Parkplatz zu gelangen, stellten wir fest, dass der Lift soeben wegen zu starker Windb\u00f6en geschlossen wurde. Da wir nun an der falschen Talstation standen, entschlossen wir uns eine Langlaufloipe ca. 2 km entlangzufahren, um zu unserem Parkplatz zu gelangen. Bis dahin waren wir noch alle relativ trocken geblieben. Allerdings begann es nach der H\u00e4lfte des Weges sehr stark zu regnen, sodass wir wieder komplett durchn\u00e4sst am Auto ankamen. Als Belohnung f\u00fcr unsere Strapazen fuhren wir anschlie\u00dfend nach Kochel am See in die Therme und lie\u00dfen es uns im warmen Wasser gut gehen.  <\/p>\n\n\n\n<p>Stefan<\/p>\n\n\n\n<figure class=\"wp-block-gallery has-nested-images columns-default is-cropped wp-block-gallery-3 is-layout-flex wp-block-gallery-is-layout-flex\">\n<figure class=\"wp-block-image\"><img loading=\"lazy\" decoding=\"async\" width=\"800\" height=\"450\" data-id=\"15326\" src=\"https:\/\/stammkoenigartus.de\/wp-content\/uploads\/RIMG0545.jpg\" alt=\"\" class=\"wp-image-15326\" srcset=\"https:\/\/stammkoenigartus.de\/wp-content\/uploads\/RIMG0545.jpg 800w, https:\/\/stammkoenigartus.de\/wp-content\/uploads\/RIMG0545-480x270.jpg 480w, https:\/\/stammkoenigartus.de\/wp-content\/uploads\/RIMG0545-768x432.jpg 768w, https:\/\/stammkoenigartus.de\/wp-content\/uploads\/RIMG0545-409x230.jpg 409w, https:\/\/stammkoenigartus.de\/wp-content\/uploads\/RIMG0545-600x338.jpg 600w, https:\/\/stammkoenigartus.de\/wp-content\/uploads\/RIMG0545-400x225.jpg 400w\" sizes=\"auto, (max-width: 800px) 100vw, 800px\" \/><\/figure>\n\n\n\n<figure class=\"wp-block-image\"><img loading=\"lazy\" decoding=\"async\" width=\"800\" height=\"450\" data-id=\"15327\" src=\"https:\/\/stammkoenigartus.de\/wp-content\/uploads\/RIMG0553.jpg\" alt=\"\" class=\"wp-image-15327\" srcset=\"https:\/\/stammkoenigartus.de\/wp-content\/uploads\/RIMG0553.jpg 800w, https:\/\/stammkoenigartus.de\/wp-content\/uploads\/RIMG0553-480x270.jpg 480w, https:\/\/stammkoenigartus.de\/wp-content\/uploads\/RIMG0553-768x432.jpg 768w, https:\/\/stammkoenigartus.de\/wp-content\/uploads\/RIMG0553-409x230.jpg 409w, https:\/\/stammkoenigartus.de\/wp-content\/uploads\/RIMG0553-600x338.jpg 600w, https:\/\/stammkoenigartus.de\/wp-content\/uploads\/RIMG0553-400x225.jpg 400w\" sizes=\"auto, (max-width: 800px) 100vw, 800px\" \/><\/figure>\n\n\n\n<figure class=\"wp-block-image\"><img loading=\"lazy\" decoding=\"async\" width=\"800\" height=\"450\" data-id=\"15328\" src=\"https:\/\/stammkoenigartus.de\/wp-content\/uploads\/RIMG0556.jpg\" alt=\"\" class=\"wp-image-15328\" srcset=\"https:\/\/stammkoenigartus.de\/wp-content\/uploads\/RIMG0556.jpg 800w, https:\/\/stammkoenigartus.de\/wp-content\/uploads\/RIMG0556-480x270.jpg 480w, https:\/\/stammkoenigartus.de\/wp-content\/uploads\/RIMG0556-768x432.jpg 768w, https:\/\/stammkoenigartus.de\/wp-content\/uploads\/RIMG0556-409x230.jpg 409w, https:\/\/stammkoenigartus.de\/wp-content\/uploads\/RIMG0556-600x338.jpg 600w, https:\/\/stammkoenigartus.de\/wp-content\/uploads\/RIMG0556-400x225.jpg 400w\" sizes=\"auto, (max-width: 800px) 100vw, 800px\" \/><\/figure>\n<\/figure>\n\n\n\n<p>Samstag, 09. M\u00e4rz 2019<\/p>\n\n\n\n<p>Am dritten und letzten Tag unseres Skilagers nahmen wir Kurs aufs Sudelfeld, ein Skigebiet bei Bayrischzell. Entgegen allen Vorhersagen strahlte die Sonne den ganzen Tag. Leider musste eine der sch\u00f6nsten Pisten wegen Lawinenabgangs gesperrt bleiben und so begn\u00fcgten wir uns mit blauen und roten Pisten. Um Mittag rum bat Stefan um eine Stunde Zeit zum Vorbereiten. F\u00fcr was, erfuhren wir bei Spielbeginn. Im ganzen Skigebiet waren Buchstaben in den Schnee gemalt. Zusammen gesetzt ergaben diese ein L\u00f6sungswort. Wo die Buchstaben sich verstecken, wurde auf einer Karte des Skigebiets markiert. Wir hatten 1,5 h Zeit, wer verliert zahlt das Abendessen :-). Nach anf\u00e4nglichen Schwierigkeiten fanden wir gen\u00fcgend Buchstaben, um daraus das L\u00f6sungswort abzuleiten. P\u00fcnktlich um 16 Uhr fing es an zu regnen und nach einer warmen Dusche war auch der letzte Tag schnell zu Ende.<\/p>\n\n\n\n<figure class=\"wp-block-gallery has-nested-images columns-default is-cropped wp-block-gallery-4 is-layout-flex wp-block-gallery-is-layout-flex\">\n<figure class=\"wp-block-image\"><img loading=\"lazy\" decoding=\"async\" width=\"800\" height=\"450\" data-id=\"15330\" src=\"https:\/\/stammkoenigartus.de\/wp-content\/uploads\/RIMG0567.jpg\" alt=\"\" class=\"wp-image-15330\" srcset=\"https:\/\/stammkoenigartus.de\/wp-content\/uploads\/RIMG0567.jpg 800w, https:\/\/stammkoenigartus.de\/wp-content\/uploads\/RIMG0567-480x270.jpg 480w, https:\/\/stammkoenigartus.de\/wp-content\/uploads\/RIMG0567-768x432.jpg 768w, https:\/\/stammkoenigartus.de\/wp-content\/uploads\/RIMG0567-409x230.jpg 409w, https:\/\/stammkoenigartus.de\/wp-content\/uploads\/RIMG0567-600x338.jpg 600w, https:\/\/stammkoenigartus.de\/wp-content\/uploads\/RIMG0567-400x225.jpg 400w\" sizes=\"auto, (max-width: 800px) 100vw, 800px\" \/><\/figure>\n\n\n\n<figure class=\"wp-block-image\"><img loading=\"lazy\" decoding=\"async\" width=\"800\" height=\"450\" data-id=\"15331\" src=\"https:\/\/stammkoenigartus.de\/wp-content\/uploads\/RIMG0565.jpg\" alt=\"\" class=\"wp-image-15331\" srcset=\"https:\/\/stammkoenigartus.de\/wp-content\/uploads\/RIMG0565.jpg 800w, https:\/\/stammkoenigartus.de\/wp-content\/uploads\/RIMG0565-480x270.jpg 480w, https:\/\/stammkoenigartus.de\/wp-content\/uploads\/RIMG0565-768x432.jpg 768w, https:\/\/stammkoenigartus.de\/wp-content\/uploads\/RIMG0565-409x230.jpg 409w, https:\/\/stammkoenigartus.de\/wp-content\/uploads\/RIMG0565-600x338.jpg 600w, https:\/\/stammkoenigartus.de\/wp-content\/uploads\/RIMG0565-400x225.jpg 400w\" sizes=\"auto, (max-width: 800px) 100vw, 800px\" \/><\/figure>\n\n\n\n<figure class=\"wp-block-image\"><img loading=\"lazy\" decoding=\"async\" width=\"800\" height=\"450\" data-id=\"15332\" src=\"https:\/\/stammkoenigartus.de\/wp-content\/uploads\/RIMG0574.jpg\" alt=\"\" class=\"wp-image-15332\" srcset=\"https:\/\/stammkoenigartus.de\/wp-content\/uploads\/RIMG0574.jpg 800w, https:\/\/stammkoenigartus.de\/wp-content\/uploads\/RIMG0574-480x270.jpg 480w, https:\/\/stammkoenigartus.de\/wp-content\/uploads\/RIMG0574-768x432.jpg 768w, https:\/\/stammkoenigartus.de\/wp-content\/uploads\/RIMG0574-409x230.jpg 409w, https:\/\/stammkoenigartus.de\/wp-content\/uploads\/RIMG0574-600x338.jpg 600w, https:\/\/stammkoenigartus.de\/wp-content\/uploads\/RIMG0574-400x225.jpg 400w\" sizes=\"auto, (max-width: 800px) 100vw, 800px\" \/><\/figure>\n<\/figure>\n\n\n\n<p>Sonntag, 10. M\u00e4rz 2019 \/ Abreise:<\/p>\n\n\n\n<p>Nach gr\u00fcndlichem Ausschlafen sch\u00e4lten wir uns aus den Betten, packten unsere Sachen und fuhren so schnell es ging gen Heimat. Dem R\u00fcckreiseverkehr trotzten wir erfolgreich. Ein sch\u00f6nes Skilager ist zu Ende, im n\u00e4chsten Jahr hoffen wir wieder auf mehr Teilnehmer. Aber auch mit wenigen macht\u00b4s Spa\u00df!<\/p>\n\n\n\n<p>Felix<\/p>\n\n\n\n<figure class=\"wp-block-image\"><img loading=\"lazy\" decoding=\"async\" width=\"4608\" height=\"2592\" src=\"https:\/\/i0.wp.com\/stammkoenigartus.de\/wp-content\/uploads\/RIMG0569.jpg?fit=4024%2C2264&amp;ssl=1\" alt=\"\" class=\"wp-image-15334\" srcset=\"https:\/\/stammkoenigartus.de\/wp-content\/uploads\/RIMG0569.jpg 4608w, https:\/\/stammkoenigartus.de\/wp-content\/uploads\/RIMG0569-480x270.jpg 480w, https:\/\/stammkoenigartus.de\/wp-content\/uploads\/RIMG0569-768x432.jpg 768w, https:\/\/stammkoenigartus.de\/wp-content\/uploads\/RIMG0569-409x230.jpg 409w, https:\/\/stammkoenigartus.de\/wp-content\/uploads\/RIMG0569-600x338.jpg 600w, https:\/\/stammkoenigartus.de\/wp-content\/uploads\/RIMG0569-400x225.jpg 400w\" sizes=\"auto, (max-width: 4608px) 100vw, 4608px\" \/><figcaption class=\"wp-element-caption\">Teilnehmer Skilager 2019<\/figcaption><\/figure>\n","protected":false},"excerpt":{"rendered":"<p>Mittwoch, 06. M\u00e4rz 2019 \/ Anreise: Am 06. M\u00e4rz 2019 ging es los. Felix holte mich daf\u00fcr p\u00fcnktlich um 13:00 Uhr ab. Nachdem dann alles &hellip;<\/p>\n","protected":false},"author":2,"featured_media":15334,"comment_status":"open","ping_status":"closed","sticky":false,"template":"","format":"standard","meta":{"_monsterinsights_skip_tracking":false,"_monsterinsights_sitenote_active":false,"_monsterinsights_sitenote_note":"","_monsterinsights_sitenote_category":0,"footnotes":""},"categories":[136,137,130,131],"tags":[],"class_list":["post-15317","post","type-post","status-publish","format-standard","has-post-thumbnail","hentry","category-pfadfinder","category-stamm","category-unsere-aktionen","category-woelflinge"],"aioseo_notices":[],"_links":{"self":[{"href":"https:\/\/stammkoenigartus.de\/index.php?rest_route=\/wp\/v2\/posts\/15317","targetHints":{"allow":["GET"]}}],"collection":[{"href":"https:\/\/stammkoenigartus.de\/index.php?rest_route=\/wp\/v2\/posts"}],"about":[{"href":"https:\/\/stammkoenigartus.de\/index.php?rest_route=\/wp\/v2\/types\/post"}],"author":[{"embeddable":true,"href":"https:\/\/stammkoenigartus.de\/index.php?rest_route=\/wp\/v2\/users\/2"}],"replies":[{"embeddable":true,"href":"https:\/\/stammkoenigartus.de\/index.php?rest_route=%2Fwp%2Fv2%2Fcomments&post=15317"}],"version-history":[{"count":7,"href":"https:\/\/stammkoenigartus.de\/index.php?rest_route=\/wp\/v2\/posts\/15317\/revisions"}],"predecessor-version":[{"id":18133,"href":"https:\/\/stammkoenigartus.de\/index.php?rest_route=\/wp\/v2\/posts\/15317\/revisions\/18133"}],"wp:featuredmedia":[{"embeddable":true,"href":"https:\/\/stammkoenigartus.de\/index.php?rest_route=\/wp\/v2\/media\/15334"}],"wp:attachment":[{"href":"https:\/\/stammkoenigartus.de\/index.php?rest_route=%2Fwp%2Fv2%2Fmedia&parent=15317"}],"wp:term":[{"taxonomy":"category","embeddable":true,"href":"https:\/\/stammkoenigartus.de\/index.php?rest_route=%2Fwp%2Fv2%2Fcategories&post=15317"},{"taxonomy":"post_tag","embeddable":true,"href":"https:\/\/stammkoenigartus.de\/index.php?rest_route=%2Fwp%2Fv2%2Ftags&post=15317"}],"curies":[{"name":"wp","href":"https:\/\/api.w.org\/{rel}","templated":true}]}}