{"id":15662,"date":"2019-09-24T22:14:08","date_gmt":"2019-09-24T20:14:08","guid":{"rendered":"https:\/\/stammkoenigartus.de\/?p=15662"},"modified":"2023-02-12T18:49:49","modified_gmt":"2023-02-12T17:49:49","slug":"tagebuch-grossfahrt-kochel-am-see-2019","status":"publish","type":"post","link":"https:\/\/stammkoenigartus.de\/?p=15662","title":{"rendered":"Tagebuch Gro\u00dffahrt Kochel am See 2019"},"content":{"rendered":"\n<p><strong><span style=\"text-decoration: underline;\">Hier findet ihr unser Tagebuch:<\/span><\/strong><\/p>\n\n\n\n<pre class=\"wp-block-preformatted\"><div id=\"mtphr-dnt-15663\" class=\"mtphr-dnt mtphr-dnt-15663 mtphr-dnt-default mtphr-dnt-rotate mtphr-dnt-rotate-fade\"><div class=\"mtphr-dnt-wrapper mtphr-dnt-clearfix\"><div class=\"mtphr-dnt-tick-container\"><div class=\"mtphr-dnt-tick-contents\"><div class=\"mtphr-dnt-tick mtphr-dnt-default-tick mtphr-dnt-clearfix \">Samstag, 27.07.2019\r\n\r\nZur Anreise nach Kochel trafen wir uns am Bahnhof in Kronach. Nachdem jeder eingetroffen war und sich verabschiedet hatte, konnten wir zu den Gleisen. Dort kl\u00e4rten wir nochmals, was auf der Zugfahrt zu beachten ist. Das Warten auf die jeweiligen Z\u00fcge verging relativ schnell, obwohl bereits der Erste Versp\u00e4tung hatte. Die restliche Fahrt lief ohne Probleme, das Umsteigen in Bamberg und M\u00fcnchen ging genauso gut. In Kochel angekommen erwartete Stefan uns bereits. Er fuhr zuerst alle W\u00f6lflinge zu unserem Zeltplatz. Die Sipplinge liefen in der Zeit bereits los, wurden aber dann nacheinander eingesammelt. An unserem Platz ging es wie gewohnt los mit Zeltaufbau. Daf\u00fcr mussten wir uns beeilen, da es bald regnen sollte. Als n\u00e4chstes durfte der Anfangskreis nicht fehlen. Dort wurden auch die Regeln, die auf dem Zeltplatz galten, erkl\u00e4rt. Nach dem Abendessen und der Singerunde ging jeder m\u00fcde zum Schlafen.\r\n\r\nAxel<\/div><div class=\"mtphr-dnt-tick mtphr-dnt-default-tick mtphr-dnt-clearfix \">Sonntag, 28.07.2019\r\n\r\nAm Sonntag gab es fr\u00fch armer Ritter. Danach sollten wir kleine LKWs abdichten, um mit diesen dann Wasser durch einen von uns gebauten Parkour zu fahren. Das Ziel jeder Gruppe war es, m\u00f6glichst viel Wasser ins Ziel zu bringen. Nach dem Mittagessen sollten wir dann f\u00fcr abends aus mitgebrachten Holzst\u00fccken versuchen, Besteck zu schnitzen, um den Reis, den es dann gab, zu essen. &#8230;&#8230;<\/div><div class=\"mtphr-dnt-tick mtphr-dnt-default-tick mtphr-dnt-clearfix \">Montag, 29.07.2019\r\n\r\nWir sind um 8.30 aufgestanden und haben uns f\u00fcrs Essen fertig gemacht.\r\n\r\nDann gab es Reis vom Vortag und M\u00fcsli.\r\n\r\nDanach haben wir eine kleine Wanderung zu den Lainbachf\u00e4llen gemacht. Mittags waren wir wieder am Zeltplatz und haben uns mit Wienern gest\u00e4rkt. Dann machten wir eine Mittagspause, in der wir an den Badesee gegangen sind. Am Abend gab es dann Bratw\u00fcrste mit Sauerkraut und den davor selbstgemachten Senf.\r\n\r\nWir beendeten den Tag schlie\u00dflich mit einer Singerunde.\r\n\r\nFabi<\/div><div class=\"mtphr-dnt-tick mtphr-dnt-default-tick mtphr-dnt-clearfix \">Dienstag, 30.07.2019\r\n\r\nHeute sind wir ganz gew\u00f6hnlich aufgestanden und hatten erst mal lange Freizeit, bis wir dann zusammen zum See gegangen sind. Dort pumpten wir zuerst von Stefan mitgebrachte LKW Reifenschl\u00e4uche auf. Mit diesen veranstalteten wir nicht nur ein Rennen, sondern bauten auch ein Flo\u00df. Nat\u00fcrlich brauchten wir nach so viel Anstrengung erst einmal eine St\u00e4rkung. Nach dem Mittagessen liefen wir dann zum Walchenseekraftwerk, um etwas zu lernen. Dort bekamen wir auch eine interessante F\u00fchrung, in der wir mehr \u00fcber das Kraftwerk und dessen Funktion erfuhren.\r\n\r\nAuf dem R\u00fcckweg wanderten wir eine andere Strecke \u00fcber Wasserf\u00e4lle zur\u00fcck. Wieder angekommen mussten wir uns erst einmal im See abk\u00fchlen. Abends durfte jede Gruppe einen Teil des Essens kochen\/machen: Meute Adler: Gurkensalat, Sippe Merlin: Gulasch, Meute Fledermaus: Pudding\r\n\r\nAbends gab es dann wie gewohnt eine Singerunde.\r\n\r\nLena<\/div><div class=\"mtphr-dnt-tick mtphr-dnt-default-tick mtphr-dnt-clearfix \">Mittwoch, 31.07.2019\r\n\r\nAm Mittwoch haben wir gleich nach dem Fr\u00fchst\u00fcck Morgensport gemacht. Zuerst joggten wir zu einer Wiese, auf der wir einige Spiele spielten. Als es dann anfing zu regnen, liefen wir so schnell es geht zur\u00fcck. Gleich danach mussten wir uns auch schon fertig machen, um unseren Bus zu erwischen, der uns in das Freilichtmuseum gebracht hat. Im Museum haben wir uns dann in Gruppen aufgeteilt, um das riesige Gel\u00e4nde besser erkunden zu k\u00f6nnen. Um 14 Uhr trafen wir uns dann, um Mittag zu machen. Nach der Brotzeit hatten wir nochmal eine Stunde Zeit, um letzte Dinge noch zu besichtigen.\r\n\r\nZur\u00fcck am Zeltplatz k\u00fchlten wir uns noch einmal im See ab und warteten auf das Abendessen.<\/div><div class=\"mtphr-dnt-tick mtphr-dnt-default-tick mtphr-dnt-clearfix \">Donnerstag, 01.08.2019\r\n\r\nHeute war f\u00fcr uns fr\u00fches Aufstehen angesagt. Denn nach dem morgendlichen Fr\u00fchst\u00fcck fuhren wir erst eine Viertelstunde mit dem Bus, bevor der Weg weiter zu Fu\u00df nach oben ging. Auch wenn es teils steil bergauf ging, hielten auch unsere 2 W\u00f6lflinge tapfer durch.\r\n\r\nIrgendwann kamen wir schlie\u00dflich bei tollem Wetter oben an und machten dort schlie\u00dflich erst einmal gemeinsam Brotzeit. Wir genossen die Aussicht, bevor die W\u00f6lflinge wieder mit der Seilbahn nach unten fuhren und die Sippe Merlin mit Stefan und mir den R\u00fcckweg antraten.\r\n\r\nHierbei hatten wir eine traumhafte Aussicht auf den t\u00fcrkis schimmernden Walchensee.\r\n\r\nAls wir schlie\u00dflich wieder unten ankamen, fuhren wir mit dem Bus wieder zur\u00fcck, um noch ein paar Stunden mit allen am Zeltplatz oder See zu verbringen.\r\n\r\nSelma<\/div><div class=\"mtphr-dnt-tick mtphr-dnt-default-tick mtphr-dnt-clearfix \">Freitag, 02.08.2019\r\n\r\nAm letzten richtigen Tag lie\u00dfen wir es ruhig angehen. Nach einem gem\u00fctlichen Fr\u00fchst\u00fcck packten wir schonmal einiges zusammen, das nicht mehr gebraucht wurde.\r\n\r\nDanach verbrachten wir den Tag am See. Wir badeten und fuhren mit den Kanus sowie Stefans mitgebrachten LKW-Reifen auf dem See herum.\r\n\r\nAm Abend lie\u00dfen wir den Tag mit einer Singerunde gar ausklingen, bevor es morgen wieder zur\u00fcck geht.\r\n\r\nSelma<\/div><div class=\"mtphr-dnt-tick mtphr-dnt-default-tick mtphr-dnt-clearfix \">Samstag, 03.08.2019\r\n\r\nAm Abreisetag ging es f\u00fcr uns bereits fr\u00fch los, denn der Zug fuhr schon relativ fr\u00fch. Da wir einen Teil der Zelte aber schon am vorherigen Tag abgebaut hatten, waren wir schnell fertig mit dem Abbauen und Aufr\u00e4umen des Platzes. Wieder wurden zuerst die W\u00f6lflinge zum Bahnhof gefahren und danach die Sipplinge. Am Bahnhof in Kochel wurden noch die Gewinner des Lagerspiels bekannt gegeben. Danach ging es f\u00fcr uns auf den Heimweg.\r\n\r\nAxel<\/div><\/div><a class=\"mtphr-dnt-nav mtphr-dnt-nav-prev\" href=\"#\" rel=\"nofollow\" aria-label=\"Previous\"><i class=\"mtphr-dnt-icon-arrow-left\"><\/i><\/a><a class=\"mtphr-dnt-nav mtphr-dnt-nav-next\" href=\"#\" rel=\"nofollow\" aria-label=\"Next\"><i class=\"mtphr-dnt-icon-arrow-right\"><\/i><\/a><\/div><div class=\"mtphr-dnt-control-links\"><a class=\"mtphr-dnt-control mtphr-dnt-control-button\" href=\"0\" rel=\"nofollow\"><i class=\"mtphr-dnt-icon-button\"><\/i><\/a><a class=\"mtphr-dnt-control mtphr-dnt-control-button\" href=\"1\" rel=\"nofollow\"><i class=\"mtphr-dnt-icon-button\"><\/i><\/a><a class=\"mtphr-dnt-control mtphr-dnt-control-button\" href=\"2\" rel=\"nofollow\"><i class=\"mtphr-dnt-icon-button\"><\/i><\/a><a class=\"mtphr-dnt-control mtphr-dnt-control-button\" href=\"3\" rel=\"nofollow\"><i class=\"mtphr-dnt-icon-button\"><\/i><\/a><a class=\"mtphr-dnt-control mtphr-dnt-control-button\" href=\"4\" rel=\"nofollow\"><i class=\"mtphr-dnt-icon-button\"><\/i><\/a><a class=\"mtphr-dnt-control mtphr-dnt-control-button\" href=\"5\" rel=\"nofollow\"><i class=\"mtphr-dnt-icon-button\"><\/i><\/a><a class=\"mtphr-dnt-control mtphr-dnt-control-button\" href=\"6\" rel=\"nofollow\"><i class=\"mtphr-dnt-icon-button\"><\/i><\/a><a class=\"mtphr-dnt-control mtphr-dnt-control-button\" href=\"7\" rel=\"nofollow\"><i class=\"mtphr-dnt-icon-button\"><\/i><\/a><\/div><\/div><\/div><\/pre>\n\n\n<div class=\"su-custom-gallery su-custom-gallery-align-left su-custom-gallery-title-never\"><div class=\"su-custom-gallery-slide\" style=\"width:300px;height:300px\"><a href=\"https:\/\/stammkoenigartus.de\/wp-content\/uploads\/grofa-kochel3.jpg\" title=\"sdr\" rel=\"lightbox[15662]\"><img loading=\"lazy\" decoding=\"async\" src=\"https:\/\/stammkoenigartus.de\/wp-content\/uploads\/grofa-kochel3-300x300.jpg\" alt=\"sdr\" width=\"300\" height=\"300\" \/><span class=\"su-custom-gallery-title\">sdr<\/span><\/a><\/div><div class=\"su-custom-gallery-slide\" style=\"width:300px;height:300px\"><a href=\"https:\/\/stammkoenigartus.de\/wp-content\/uploads\/grofa-kochel2.jpg\" title=\"sdr\" rel=\"lightbox[15662]\"><img loading=\"lazy\" decoding=\"async\" src=\"https:\/\/stammkoenigartus.de\/wp-content\/uploads\/grofa-kochel2-300x300.jpg\" alt=\"sdr\" width=\"300\" height=\"300\" \/><span class=\"su-custom-gallery-title\">sdr<\/span><\/a><\/div><div class=\"su-custom-gallery-slide\" style=\"width:300px;height:300px\"><a href=\"https:\/\/stammkoenigartus.de\/wp-content\/uploads\/grofa-kochel1.jpg\" title=\"sdr\" rel=\"lightbox[15662]\"><img loading=\"lazy\" decoding=\"async\" src=\"https:\/\/stammkoenigartus.de\/wp-content\/uploads\/grofa-kochel1-300x300.jpg\" alt=\"sdr\" width=\"300\" height=\"300\" \/><span class=\"su-custom-gallery-title\">sdr<\/span><\/a><\/div><div class=\"su-clear\"><\/div><\/div>","protected":false},"excerpt":{"rendered":"<p>Hier findet ihr unser Tagebuch:<\/p>\n","protected":false},"author":3,"featured_media":15667,"comment_status":"open","ping_status":"closed","sticky":false,"template":"","format":"standard","meta":{"_monsterinsights_skip_tracking":false,"_monsterinsights_sitenote_active":false,"_monsterinsights_sitenote_note":"","_monsterinsights_sitenote_category":0,"footnotes":""},"categories":[136,132,137,130,131],"tags":[],"class_list":["post-15662","post","type-post","status-publish","format-standard","has-post-thumbnail","hentry","category-pfadfinder","category-rover","category-stamm","category-unsere-aktionen","category-woelflinge"],"aioseo_notices":[],"_links":{"self":[{"href":"https:\/\/stammkoenigartus.de\/index.php?rest_route=\/wp\/v2\/posts\/15662","targetHints":{"allow":["GET"]}}],"collection":[{"href":"https:\/\/stammkoenigartus.de\/index.php?rest_route=\/wp\/v2\/posts"}],"about":[{"href":"https:\/\/stammkoenigartus.de\/index.php?rest_route=\/wp\/v2\/types\/post"}],"author":[{"embeddable":true,"href":"https:\/\/stammkoenigartus.de\/index.php?rest_route=\/wp\/v2\/users\/3"}],"replies":[{"embeddable":true,"href":"https:\/\/stammkoenigartus.de\/index.php?rest_route=%2Fwp%2Fv2%2Fcomments&post=15662"}],"version-history":[{"count":3,"href":"https:\/\/stammkoenigartus.de\/index.php?rest_route=\/wp\/v2\/posts\/15662\/revisions"}],"predecessor-version":[{"id":18168,"href":"https:\/\/stammkoenigartus.de\/index.php?rest_route=\/wp\/v2\/posts\/15662\/revisions\/18168"}],"wp:featuredmedia":[{"embeddable":true,"href":"https:\/\/stammkoenigartus.de\/index.php?rest_route=\/wp\/v2\/media\/15667"}],"wp:attachment":[{"href":"https:\/\/stammkoenigartus.de\/index.php?rest_route=%2Fwp%2Fv2%2Fmedia&parent=15662"}],"wp:term":[{"taxonomy":"category","embeddable":true,"href":"https:\/\/stammkoenigartus.de\/index.php?rest_route=%2Fwp%2Fv2%2Fcategories&post=15662"},{"taxonomy":"post_tag","embeddable":true,"href":"https:\/\/stammkoenigartus.de\/index.php?rest_route=%2Fwp%2Fv2%2Ftags&post=15662"}],"curies":[{"name":"wp","href":"https:\/\/api.w.org\/{rel}","templated":true}]}}