{"id":15855,"date":"2020-06-07T22:27:08","date_gmt":"2020-06-07T20:27:08","guid":{"rendered":"https:\/\/stammkoenigartus.de\/?p=15855"},"modified":"2023-02-12T16:36:50","modified_gmt":"2023-02-12T15:36:50","slug":"erster-haijk-2020","status":"publish","type":"post","link":"https:\/\/stammkoenigartus.de\/?p=15855","title":{"rendered":"Erster Haijk 2020"},"content":{"rendered":"\n<p>Aufgrund der Coronakrise waren wir bisher etwas eingeschr\u00e4nkt. Nachdem allerdings die Infektionen gesunken waren, beschlossen wir erstmals heuer einen Haijk mit \u00dcbernachtung im Zelt zu unternehmen. Vorerst zum Test innerhalb der Gruppenf\u00fchrung.<\/p>\n<p>Konkret fuhren wir nach Torfmoorh\u00f6lle, einem kleinen Dorf vor Wei\u00dfenstadt. Dort angekommen entschlossen wir uns, den Waldstein mit Aussichtspunkt zu besichtigen.<\/p>\n<div id='gallery-1' class='gallery galleryid-15855 gallery-columns-3 gallery-size-thumbnail'><figure class='gallery-item'>\n\t\t\t<div class='gallery-icon portrait'>\n\t\t\t\t<a href='https:\/\/stammkoenigartus.de\/?attachment_id=15856'><img loading=\"lazy\" decoding=\"async\" width=\"150\" height=\"150\" src=\"https:\/\/stammkoenigartus.de\/wp-content\/uploads\/20200530_180648-150x150.jpg\" class=\"attachment-thumbnail size-thumbnail\" alt=\"\" srcset=\"https:\/\/stammkoenigartus.de\/wp-content\/uploads\/20200530_180648-150x150.jpg 150w, https:\/\/stammkoenigartus.de\/wp-content\/uploads\/20200530_180648-300x300.jpg 300w, https:\/\/stammkoenigartus.de\/wp-content\/uploads\/20200530_180648-100x100.jpg 100w, https:\/\/stammkoenigartus.de\/wp-content\/uploads\/20200530_180648-200x200.jpg 200w\" sizes=\"auto, (max-width: 150px) 100vw, 150px\" \/><\/a>\n\t\t\t<\/div><\/figure><figure class='gallery-item'>\n\t\t\t<div class='gallery-icon landscape'>\n\t\t\t\t<a href='https:\/\/stammkoenigartus.de\/?attachment_id=15857'><img loading=\"lazy\" decoding=\"async\" width=\"150\" height=\"150\" src=\"https:\/\/stammkoenigartus.de\/wp-content\/uploads\/20200530_195708-150x150.jpg\" class=\"attachment-thumbnail size-thumbnail\" alt=\"\" srcset=\"https:\/\/stammkoenigartus.de\/wp-content\/uploads\/20200530_195708-150x150.jpg 150w, https:\/\/stammkoenigartus.de\/wp-content\/uploads\/20200530_195708-300x300.jpg 300w, https:\/\/stammkoenigartus.de\/wp-content\/uploads\/20200530_195708-100x100.jpg 100w, https:\/\/stammkoenigartus.de\/wp-content\/uploads\/20200530_195708-200x200.jpg 200w\" sizes=\"auto, (max-width: 150px) 100vw, 150px\" \/><\/a>\n\t\t\t<\/div><\/figure><figure class='gallery-item'>\n\t\t\t<div class='gallery-icon landscape'>\n\t\t\t\t<a href='https:\/\/stammkoenigartus.de\/?attachment_id=15858'><img loading=\"lazy\" decoding=\"async\" width=\"150\" height=\"150\" src=\"https:\/\/stammkoenigartus.de\/wp-content\/uploads\/20200530_210002-150x150.jpg\" class=\"attachment-thumbnail size-thumbnail\" alt=\"\" srcset=\"https:\/\/stammkoenigartus.de\/wp-content\/uploads\/20200530_210002-150x150.jpg 150w, https:\/\/stammkoenigartus.de\/wp-content\/uploads\/20200530_210002-300x300.jpg 300w, https:\/\/stammkoenigartus.de\/wp-content\/uploads\/20200530_210002-100x100.jpg 100w, https:\/\/stammkoenigartus.de\/wp-content\/uploads\/20200530_210002-200x200.jpg 200w\" sizes=\"auto, (max-width: 150px) 100vw, 150px\" \/><\/a>\n\t\t\t<\/div><\/figure>\n\t\t<\/div>\n\n<p>Nach einer kurzen Kekspause ging es trotz eines gr\u00f6\u00dferen Umweges in Richtung Epprechtstein. Das Wetter war hervorragend &#8211; zum Haijken nicht zu warm und nicht zu kalt. N\u00e4he Epprechtstein bauten wir nahe eines Granitbruchs unser Nachtlager auf. Zu Essen gab es Fetar\u00f6llchen mit Nudeln und Sahneso\u00dfe. Die Nacht war ruhig und lau.<\/p>\n<div id='gallery-2' class='gallery galleryid-15855 gallery-columns-3 gallery-size-thumbnail'><figure class='gallery-item'>\n\t\t\t<div class='gallery-icon landscape'>\n\t\t\t\t<a href='https:\/\/stammkoenigartus.de\/?attachment_id=15859'><img loading=\"lazy\" decoding=\"async\" width=\"150\" height=\"150\" src=\"https:\/\/stammkoenigartus.de\/wp-content\/uploads\/20200530_195817-150x150.jpg\" class=\"attachment-thumbnail size-thumbnail\" alt=\"\" aria-describedby=\"gallery-2-15859\" srcset=\"https:\/\/stammkoenigartus.de\/wp-content\/uploads\/20200530_195817-150x150.jpg 150w, https:\/\/stammkoenigartus.de\/wp-content\/uploads\/20200530_195817-300x300.jpg 300w, https:\/\/stammkoenigartus.de\/wp-content\/uploads\/20200530_195817-100x100.jpg 100w, https:\/\/stammkoenigartus.de\/wp-content\/uploads\/20200530_195817-200x200.jpg 200w\" sizes=\"auto, (max-width: 150px) 100vw, 150px\" \/><\/a>\n\t\t\t<\/div>\n\t\t\t\t<figcaption class='wp-caption-text gallery-caption' id='gallery-2-15859'>\n\t\t\t\tStammescloud\n\t\t\t\t<\/figcaption><\/figure><figure class='gallery-item'>\n\t\t\t<div class='gallery-icon portrait'>\n\t\t\t\t<a href='https:\/\/stammkoenigartus.de\/?attachment_id=15860'><img loading=\"lazy\" decoding=\"async\" width=\"150\" height=\"150\" src=\"https:\/\/stammkoenigartus.de\/wp-content\/uploads\/20200530_175146-150x150.jpg\" class=\"attachment-thumbnail size-thumbnail\" alt=\"\" srcset=\"https:\/\/stammkoenigartus.de\/wp-content\/uploads\/20200530_175146-150x150.jpg 150w, https:\/\/stammkoenigartus.de\/wp-content\/uploads\/20200530_175146-300x300.jpg 300w, https:\/\/stammkoenigartus.de\/wp-content\/uploads\/20200530_175146-100x100.jpg 100w, https:\/\/stammkoenigartus.de\/wp-content\/uploads\/20200530_175146-200x200.jpg 200w\" sizes=\"auto, (max-width: 150px) 100vw, 150px\" \/><\/a>\n\t\t\t<\/div><\/figure><figure class='gallery-item'>\n\t\t\t<div class='gallery-icon landscape'>\n\t\t\t\t<a href='https:\/\/stammkoenigartus.de\/?attachment_id=15861'><img loading=\"lazy\" decoding=\"async\" width=\"150\" height=\"150\" src=\"https:\/\/stammkoenigartus.de\/wp-content\/uploads\/20200531_080908-150x150.jpg\" class=\"attachment-thumbnail size-thumbnail\" alt=\"\" srcset=\"https:\/\/stammkoenigartus.de\/wp-content\/uploads\/20200531_080908-150x150.jpg 150w, https:\/\/stammkoenigartus.de\/wp-content\/uploads\/20200531_080908-300x300.jpg 300w, https:\/\/stammkoenigartus.de\/wp-content\/uploads\/20200531_080908-100x100.jpg 100w, https:\/\/stammkoenigartus.de\/wp-content\/uploads\/20200531_080908-200x200.jpg 200w\" sizes=\"auto, (max-width: 150px) 100vw, 150px\" \/><\/a>\n\t\t\t<\/div><\/figure>\n\t\t<\/div>\n\n<p>Am zweiten Tag unserer Tour erklommen wir den Epprechtstein, hier wird in diesem Jahr eine Gel\u00e4ndeaktion unserer Sippen stattfinden, wir verschafften uns daher einen ersten \u00dcberblick. Nachdem wir den richtigen Weg wieder gefunden hatten, folgten wir diesem an den Wei\u00dfenst\u00e4dter See. Hier mussten wir an zu vielen Seebesuchern vorbei. Gott sei Dank f\u00fchrte unser Weg ziemlich schnell Richtung Rudolfstein. Nach einer kurzen Apfelpause waren wir auch schon oben. Beim Aufstieg stellten wir fest, dass uns Kondition und Training bisher gefehlt hat:- )<\/p>\n<div id='gallery-3' class='gallery galleryid-15855 gallery-columns-3 gallery-size-thumbnail'><figure class='gallery-item'>\n\t\t\t<div class='gallery-icon landscape'>\n\t\t\t\t<a href='https:\/\/stammkoenigartus.de\/?attachment_id=15862'><img loading=\"lazy\" decoding=\"async\" width=\"150\" height=\"150\" src=\"https:\/\/stammkoenigartus.de\/wp-content\/uploads\/20200531_094733-150x150.jpg\" class=\"attachment-thumbnail size-thumbnail\" alt=\"\" srcset=\"https:\/\/stammkoenigartus.de\/wp-content\/uploads\/20200531_094733-150x150.jpg 150w, https:\/\/stammkoenigartus.de\/wp-content\/uploads\/20200531_094733-300x300.jpg 300w, https:\/\/stammkoenigartus.de\/wp-content\/uploads\/20200531_094733-100x100.jpg 100w, https:\/\/stammkoenigartus.de\/wp-content\/uploads\/20200531_094733-200x200.jpg 200w\" sizes=\"auto, (max-width: 150px) 100vw, 150px\" \/><\/a>\n\t\t\t<\/div><\/figure><figure class='gallery-item'>\n\t\t\t<div class='gallery-icon landscape'>\n\t\t\t\t<a href='https:\/\/stammkoenigartus.de\/?attachment_id=15863'><img loading=\"lazy\" decoding=\"async\" width=\"150\" height=\"150\" src=\"https:\/\/stammkoenigartus.de\/wp-content\/uploads\/20200531_094748-150x150.jpg\" class=\"attachment-thumbnail size-thumbnail\" alt=\"\" srcset=\"https:\/\/stammkoenigartus.de\/wp-content\/uploads\/20200531_094748-150x150.jpg 150w, https:\/\/stammkoenigartus.de\/wp-content\/uploads\/20200531_094748-300x300.jpg 300w, https:\/\/stammkoenigartus.de\/wp-content\/uploads\/20200531_094748-100x100.jpg 100w, https:\/\/stammkoenigartus.de\/wp-content\/uploads\/20200531_094748-200x200.jpg 200w\" sizes=\"auto, (max-width: 150px) 100vw, 150px\" \/><\/a>\n\t\t\t<\/div><\/figure><figure class='gallery-item'>\n\t\t\t<div class='gallery-icon landscape'>\n\t\t\t\t<a href='https:\/\/stammkoenigartus.de\/?attachment_id=15864'><img loading=\"lazy\" decoding=\"async\" width=\"150\" height=\"150\" src=\"https:\/\/stammkoenigartus.de\/wp-content\/uploads\/20200531_120155-150x150.jpg\" class=\"attachment-thumbnail size-thumbnail\" alt=\"\" srcset=\"https:\/\/stammkoenigartus.de\/wp-content\/uploads\/20200531_120155-150x150.jpg 150w, https:\/\/stammkoenigartus.de\/wp-content\/uploads\/20200531_120155-300x300.jpg 300w, https:\/\/stammkoenigartus.de\/wp-content\/uploads\/20200531_120155-100x100.jpg 100w, https:\/\/stammkoenigartus.de\/wp-content\/uploads\/20200531_120155-200x200.jpg 200w\" sizes=\"auto, (max-width: 150px) 100vw, 150px\" \/><\/a>\n\t\t\t<\/div><\/figure>\n\t\t<\/div>\n\n<p>Auf dem Rudolfstein ging es \u00e4hnlich wie am Stachhus vor der Coronakrise zu: Viel zu viele Leute. Daher wanderten wir nach einem kleinen Aussichtsstop direkt weiter zum Schneeberg. Dazwischen machten wir bei strahlendem Sonnenschein Mittag und genossen ein St\u00fcndchen zum D\u00f6sen. Nach kurzer Zeit wurden wir von einer &#8222;Regenandeutung&#8220; wieder geweckt und wanderten weiter gen Schneeberggipfel.<\/p>\n<div id='gallery-4' class='gallery galleryid-15855 gallery-columns-3 gallery-size-thumbnail'><figure class='gallery-item'>\n\t\t\t<div class='gallery-icon landscape'>\n\t\t\t\t<a href='https:\/\/stammkoenigartus.de\/?attachment_id=15865'><img loading=\"lazy\" decoding=\"async\" width=\"150\" height=\"150\" src=\"https:\/\/stammkoenigartus.de\/wp-content\/uploads\/20200531_120758-150x150.jpg\" class=\"attachment-thumbnail size-thumbnail\" alt=\"\" srcset=\"https:\/\/stammkoenigartus.de\/wp-content\/uploads\/20200531_120758-150x150.jpg 150w, https:\/\/stammkoenigartus.de\/wp-content\/uploads\/20200531_120758-300x300.jpg 300w, https:\/\/stammkoenigartus.de\/wp-content\/uploads\/20200531_120758-100x100.jpg 100w, https:\/\/stammkoenigartus.de\/wp-content\/uploads\/20200531_120758-200x200.jpg 200w\" sizes=\"auto, (max-width: 150px) 100vw, 150px\" \/><\/a>\n\t\t\t<\/div><\/figure><figure class='gallery-item'>\n\t\t\t<div class='gallery-icon portrait'>\n\t\t\t\t<a href='https:\/\/stammkoenigartus.de\/?attachment_id=15866'><img loading=\"lazy\" decoding=\"async\" width=\"150\" height=\"150\" src=\"https:\/\/stammkoenigartus.de\/wp-content\/uploads\/20200531_133509-150x150.jpg\" class=\"attachment-thumbnail size-thumbnail\" alt=\"\" srcset=\"https:\/\/stammkoenigartus.de\/wp-content\/uploads\/20200531_133509-150x150.jpg 150w, https:\/\/stammkoenigartus.de\/wp-content\/uploads\/20200531_133509-300x300.jpg 300w, https:\/\/stammkoenigartus.de\/wp-content\/uploads\/20200531_133509-100x100.jpg 100w, https:\/\/stammkoenigartus.de\/wp-content\/uploads\/20200531_133509-200x200.jpg 200w\" sizes=\"auto, (max-width: 150px) 100vw, 150px\" \/><\/a>\n\t\t\t<\/div><\/figure><figure class='gallery-item'>\n\t\t\t<div class='gallery-icon landscape'>\n\t\t\t\t<a href='https:\/\/stammkoenigartus.de\/?attachment_id=15867'><img loading=\"lazy\" decoding=\"async\" width=\"150\" height=\"150\" src=\"https:\/\/stammkoenigartus.de\/wp-content\/uploads\/20200531_154507-150x150.jpg\" class=\"attachment-thumbnail size-thumbnail\" alt=\"\" srcset=\"https:\/\/stammkoenigartus.de\/wp-content\/uploads\/20200531_154507-150x150.jpg 150w, https:\/\/stammkoenigartus.de\/wp-content\/uploads\/20200531_154507-300x300.jpg 300w, https:\/\/stammkoenigartus.de\/wp-content\/uploads\/20200531_154507-100x100.jpg 100w, https:\/\/stammkoenigartus.de\/wp-content\/uploads\/20200531_154507-200x200.jpg 200w\" sizes=\"auto, (max-width: 150px) 100vw, 150px\" \/><\/a>\n\t\t\t<\/div><\/figure>\n\t\t<\/div>\n\n<p>Oben angekommen waren schon wieder zu viele Leute um den Turm versammelt. Der Wind wurde st\u00e4rker und die Andeutung verwandelte sich in nieselnden Regen. Schnell verlie\u00dfen wir den Gipfel wieder in Richtung Egerquelle. Nach zu kurzer Zeit fanden wir diese nahe eines Parkplatzes an einer Teerstra\u00dfe. Es war erst 17 Uhr, daher verweilten wir und schw\u00e4rmten aus zur Nachtlagersuche. Ein wenig verhext, denn die Teerstra\u00dfe begrenzte uns oben und der Publikumsverkehr von unten. Dazwischen fanden wir trotzdem ein nettes und ruhiges Pl\u00e4tzchen.<\/p>\n<div id='gallery-5' class='gallery galleryid-15855 gallery-columns-3 gallery-size-thumbnail'><figure class='gallery-item'>\n\t\t\t<div class='gallery-icon landscape'>\n\t\t\t\t<a href='https:\/\/stammkoenigartus.de\/?attachment_id=15868'><img loading=\"lazy\" decoding=\"async\" width=\"150\" height=\"150\" src=\"https:\/\/stammkoenigartus.de\/wp-content\/uploads\/20200531_182635-150x150.jpg\" class=\"attachment-thumbnail size-thumbnail\" alt=\"\" srcset=\"https:\/\/stammkoenigartus.de\/wp-content\/uploads\/20200531_182635-150x150.jpg 150w, https:\/\/stammkoenigartus.de\/wp-content\/uploads\/20200531_182635-300x300.jpg 300w, https:\/\/stammkoenigartus.de\/wp-content\/uploads\/20200531_182635-100x100.jpg 100w, https:\/\/stammkoenigartus.de\/wp-content\/uploads\/20200531_182635-200x200.jpg 200w\" sizes=\"auto, (max-width: 150px) 100vw, 150px\" \/><\/a>\n\t\t\t<\/div><\/figure><figure class='gallery-item'>\n\t\t\t<div class='gallery-icon landscape'>\n\t\t\t\t<a href='https:\/\/stammkoenigartus.de\/?attachment_id=15869'><img loading=\"lazy\" decoding=\"async\" width=\"150\" height=\"150\" src=\"https:\/\/stammkoenigartus.de\/wp-content\/uploads\/20200531_190308-150x150.jpg\" class=\"attachment-thumbnail size-thumbnail\" alt=\"\" srcset=\"https:\/\/stammkoenigartus.de\/wp-content\/uploads\/20200531_190308-150x150.jpg 150w, https:\/\/stammkoenigartus.de\/wp-content\/uploads\/20200531_190308-300x300.jpg 300w, https:\/\/stammkoenigartus.de\/wp-content\/uploads\/20200531_190308-100x100.jpg 100w, https:\/\/stammkoenigartus.de\/wp-content\/uploads\/20200531_190308-200x200.jpg 200w\" sizes=\"auto, (max-width: 150px) 100vw, 150px\" \/><\/a>\n\t\t\t<\/div><\/figure><figure class='gallery-item'>\n\t\t\t<div class='gallery-icon landscape'>\n\t\t\t\t<a href='https:\/\/stammkoenigartus.de\/?attachment_id=15870'><img loading=\"lazy\" decoding=\"async\" width=\"150\" height=\"150\" src=\"https:\/\/stammkoenigartus.de\/wp-content\/uploads\/20200601_090229-150x150.jpg\" class=\"attachment-thumbnail size-thumbnail\" alt=\"\" srcset=\"https:\/\/stammkoenigartus.de\/wp-content\/uploads\/20200601_090229-150x150.jpg 150w, https:\/\/stammkoenigartus.de\/wp-content\/uploads\/20200601_090229-300x300.jpg 300w, https:\/\/stammkoenigartus.de\/wp-content\/uploads\/20200601_090229-100x100.jpg 100w, https:\/\/stammkoenigartus.de\/wp-content\/uploads\/20200601_090229-200x200.jpg 200w\" sizes=\"auto, (max-width: 150px) 100vw, 150px\" \/><\/a>\n\t\t\t<\/div><\/figure>\n\t\t<\/div>\n\n<p>Am Tag darauf kamen wir p\u00fcnktlich um 10 Uhr wieder am Auto an. Eine gelungene erste Aktion 2020 &#8211; leider aufgrund der Kontaktbeschr\u00e4nkung nur zu zweit \ud83d\ude42 . Felix.<\/p>\n","protected":false},"excerpt":{"rendered":"<p>Aufgrund der Coronakrise waren wir bisher etwas eingeschr\u00e4nkt. Nachdem allerdings die Infektionen gesunken waren, beschlossen wir erstmals heuer einen Haijk mit \u00dcbernachtung im Zelt zu &hellip;<\/p>\n","protected":false},"author":2,"featured_media":15859,"comment_status":"open","ping_status":"closed","sticky":false,"template":"","format":"standard","meta":{"_monsterinsights_skip_tracking":false,"_monsterinsights_sitenote_active":false,"_monsterinsights_sitenote_note":"","_monsterinsights_sitenote_category":0,"footnotes":""},"categories":[136,130],"tags":[],"class_list":["post-15855","post","type-post","status-publish","format-standard","has-post-thumbnail","hentry","category-pfadfinder","category-unsere-aktionen"],"aioseo_notices":[],"_links":{"self":[{"href":"https:\/\/stammkoenigartus.de\/index.php?rest_route=\/wp\/v2\/posts\/15855","targetHints":{"allow":["GET"]}}],"collection":[{"href":"https:\/\/stammkoenigartus.de\/index.php?rest_route=\/wp\/v2\/posts"}],"about":[{"href":"https:\/\/stammkoenigartus.de\/index.php?rest_route=\/wp\/v2\/types\/post"}],"author":[{"embeddable":true,"href":"https:\/\/stammkoenigartus.de\/index.php?rest_route=\/wp\/v2\/users\/2"}],"replies":[{"embeddable":true,"href":"https:\/\/stammkoenigartus.de\/index.php?rest_route=%2Fwp%2Fv2%2Fcomments&post=15855"}],"version-history":[{"count":4,"href":"https:\/\/stammkoenigartus.de\/index.php?rest_route=\/wp\/v2\/posts\/15855\/revisions"}],"predecessor-version":[{"id":18054,"href":"https:\/\/stammkoenigartus.de\/index.php?rest_route=\/wp\/v2\/posts\/15855\/revisions\/18054"}],"wp:featuredmedia":[{"embeddable":true,"href":"https:\/\/stammkoenigartus.de\/index.php?rest_route=\/wp\/v2\/media\/15859"}],"wp:attachment":[{"href":"https:\/\/stammkoenigartus.de\/index.php?rest_route=%2Fwp%2Fv2%2Fmedia&parent=15855"}],"wp:term":[{"taxonomy":"category","embeddable":true,"href":"https:\/\/stammkoenigartus.de\/index.php?rest_route=%2Fwp%2Fv2%2Fcategories&post=15855"},{"taxonomy":"post_tag","embeddable":true,"href":"https:\/\/stammkoenigartus.de\/index.php?rest_route=%2Fwp%2Fv2%2Ftags&post=15855"}],"curies":[{"name":"wp","href":"https:\/\/api.w.org\/{rel}","templated":true}]}}