{"id":15910,"date":"2020-08-09T18:11:43","date_gmt":"2020-08-09T16:11:43","guid":{"rendered":"https:\/\/stammkoenigartus.de\/?p=15910"},"modified":"2023-02-12T16:43:28","modified_gmt":"2023-02-12T15:43:28","slug":"tagebuch-grossfahrt-harra-thueringen-2020","status":"publish","type":"post","link":"https:\/\/stammkoenigartus.de\/?p=15910","title":{"rendered":"Tagebuch Gro\u00dffahrt Harra (Th\u00fcringen) 2020"},"content":{"rendered":"\n<p><\/p>\n<div id=\"mtphr-dnt-15911\" class=\"mtphr-dnt mtphr-dnt-15911 mtphr-dnt-default mtphr-dnt-rotate mtphr-dnt-rotate-fade\"><div class=\"mtphr-dnt-wrapper mtphr-dnt-clearfix\"><div class=\"mtphr-dnt-tick-container\"><div class=\"mtphr-dnt-tick-contents\"><div style=\"height:1800px;\" class=\"mtphr-dnt-tick mtphr-dnt-default-tick mtphr-dnt-clearfix \">Sonntag, 26.07. \u2013 Die Anreise\r\n\r\nP\u00fcnktlich um 16 Uhr trafen wir uns am Pfadfinderheim, um unsere diesj\u00e4hrige Gro\u00dffahrt nach Th\u00fcringen (Harra) zu starten. Voller Vorfreude fieberten wir nun dem 1. Lager in diesem Jahr entgegen.\r\n\r\n<div id='gallery-1' class='gallery galleryid-15910 gallery-columns-2 gallery-size-thumbnail'><figure class='gallery-item'>\n\t\t\t<div class='gallery-icon landscape'>\n\t\t\t\t<img loading=\"lazy\" decoding=\"async\" width=\"150\" height=\"150\" src=\"https:\/\/stammkoenigartus.de\/wp-content\/uploads\/6-Kopie-150x150.jpg\" class=\"attachment-thumbnail size-thumbnail\" alt=\"\" srcset=\"https:\/\/stammkoenigartus.de\/wp-content\/uploads\/6-Kopie-150x150.jpg 150w, https:\/\/stammkoenigartus.de\/wp-content\/uploads\/6-Kopie-300x300.jpg 300w, https:\/\/stammkoenigartus.de\/wp-content\/uploads\/6-Kopie-100x100.jpg 100w, https:\/\/stammkoenigartus.de\/wp-content\/uploads\/6-Kopie-200x200.jpg 200w\" sizes=\"auto, (max-width: 150px) 100vw, 150px\" \/>\n\t\t\t<\/div><\/figure><figure class='gallery-item'>\n\t\t\t<div class='gallery-icon landscape'>\n\t\t\t\t<img loading=\"lazy\" decoding=\"async\" width=\"150\" height=\"150\" src=\"https:\/\/stammkoenigartus.de\/wp-content\/uploads\/1-Kopie-150x150.jpg\" class=\"attachment-thumbnail size-thumbnail\" alt=\"\" srcset=\"https:\/\/stammkoenigartus.de\/wp-content\/uploads\/1-Kopie-150x150.jpg 150w, https:\/\/stammkoenigartus.de\/wp-content\/uploads\/1-Kopie-300x300.jpg 300w, https:\/\/stammkoenigartus.de\/wp-content\/uploads\/1-Kopie-100x100.jpg 100w, https:\/\/stammkoenigartus.de\/wp-content\/uploads\/1-Kopie-200x200.jpg 200w\" sizes=\"auto, (max-width: 150px) 100vw, 150px\" \/>\n\t\t\t<\/div><\/figure>\n\t\t<\/div>\n\r\n\r\nAm Pfadfinderheim machten wir gleich unseren Anfangskreis und Felix wies uns auf einige Besonderheiten dieses Lagers hin. Danach gingen wir zu den Autos und fuhren \u00fcber teils enge und kurvige Stra\u00dfen ins th\u00fcringische Harra. Dort angekommen erfuhren wir, dass die Wiese, f\u00fcr die wir eigentlich vorgesehen waren, versehentlich schon durch andere Camper belegt war. So wurde uns ein Platz direkt am Wasser zugewiesen.\r\n\r\nWir bauten dann z\u00fcgig und schnell unsere Zelte auf und beendeten schlie\u00dflich den ersten Tag mit einer z\u00fcnftigen Singerunde.\r\n\r\n&nbsp;\r\n\r\nStefan<\/div><div style=\"height:1800px;\" class=\"mtphr-dnt-tick mtphr-dnt-default-tick mtphr-dnt-clearfix \">Montag, 27.07.\r\n\r\nFr\u00fch am Morgen wurde aufgestanden, bald schon sollten die Armen Ritter in unseren M\u00e4gen landen.\r\n\r\nDanach gings in Richtung H\u00f6llental, es war f\u00fcr keinen eine Qual.\r\n\r\n<div id='gallery-2' class='gallery galleryid-15910 gallery-columns-3 gallery-size-thumbnail'><figure class='gallery-item'>\n\t\t\t<div class='gallery-icon landscape'>\n\t\t\t\t<a href='https:\/\/stammkoenigartus.de\/?attachment_id=15917'><img loading=\"lazy\" decoding=\"async\" width=\"150\" height=\"150\" src=\"https:\/\/stammkoenigartus.de\/wp-content\/uploads\/RIMG2032-150x150.jpg\" class=\"attachment-thumbnail size-thumbnail\" alt=\"\" srcset=\"https:\/\/stammkoenigartus.de\/wp-content\/uploads\/RIMG2032-150x150.jpg 150w, https:\/\/stammkoenigartus.de\/wp-content\/uploads\/RIMG2032-300x300.jpg 300w, https:\/\/stammkoenigartus.de\/wp-content\/uploads\/RIMG2032-100x100.jpg 100w, https:\/\/stammkoenigartus.de\/wp-content\/uploads\/RIMG2032-200x200.jpg 200w\" sizes=\"auto, (max-width: 150px) 100vw, 150px\" \/><\/a>\n\t\t\t<\/div><\/figure><figure class='gallery-item'>\n\t\t\t<div class='gallery-icon landscape'>\n\t\t\t\t<a href='https:\/\/stammkoenigartus.de\/?attachment_id=15918'><img loading=\"lazy\" decoding=\"async\" width=\"150\" height=\"150\" src=\"https:\/\/stammkoenigartus.de\/wp-content\/uploads\/RIMG2020-150x150.jpg\" class=\"attachment-thumbnail size-thumbnail\" alt=\"\" srcset=\"https:\/\/stammkoenigartus.de\/wp-content\/uploads\/RIMG2020-150x150.jpg 150w, https:\/\/stammkoenigartus.de\/wp-content\/uploads\/RIMG2020-300x300.jpg 300w, https:\/\/stammkoenigartus.de\/wp-content\/uploads\/RIMG2020-100x100.jpg 100w, https:\/\/stammkoenigartus.de\/wp-content\/uploads\/RIMG2020-200x200.jpg 200w\" sizes=\"auto, (max-width: 150px) 100vw, 150px\" \/><\/a>\n\t\t\t<\/div><\/figure><figure class='gallery-item'>\n\t\t\t<div class='gallery-icon landscape'>\n\t\t\t\t<a href='https:\/\/stammkoenigartus.de\/?attachment_id=15919'><img loading=\"lazy\" decoding=\"async\" width=\"150\" height=\"150\" src=\"https:\/\/stammkoenigartus.de\/wp-content\/uploads\/RIMG2081-150x150.jpg\" class=\"attachment-thumbnail size-thumbnail\" alt=\"\" srcset=\"https:\/\/stammkoenigartus.de\/wp-content\/uploads\/RIMG2081-150x150.jpg 150w, https:\/\/stammkoenigartus.de\/wp-content\/uploads\/RIMG2081-300x300.jpg 300w, https:\/\/stammkoenigartus.de\/wp-content\/uploads\/RIMG2081-100x100.jpg 100w, https:\/\/stammkoenigartus.de\/wp-content\/uploads\/RIMG2081-200x200.jpg 200w\" sizes=\"auto, (max-width: 150px) 100vw, 150px\" \/><\/a>\n\t\t\t<\/div><\/figure>\n\t\t<\/div>\n\r\n\r\nBeim Brunnenh\u00e4uschen testeten wir Wasser, es war zu viel Eisen drin und irgendwie auch nasser.\u00a0Danach gings zu `nem Wehr und ab da immer der Leitung entlang. Diese f\u00fchrte zu `nem Turm, dort das Wasser in die Tiefe rann. Hoch ging`s hinaus, die Aussicht war sch\u00f6n, wir machten uns auf, den Hirschsprung zu sehn. Dort oben angekommen gab\u00b4s eine Sage \u2013 der arme Hirschj\u00e4ger, keine Frage.\r\n\r\nAb dann ging\u00b4s nur bergab, der Weg war lang doch nicht zu knapp.\r\n\r\nDie Sippe Artus ging durch den Fluss, f\u00fcr jeden Mann war das ein Muss.\r\n\r\n<div id='gallery-3' class='gallery galleryid-15910 gallery-columns-3 gallery-size-thumbnail'><figure class='gallery-item'>\n\t\t\t<div class='gallery-icon landscape'>\n\t\t\t\t<a href='https:\/\/stammkoenigartus.de\/?attachment_id=15920'><img loading=\"lazy\" decoding=\"async\" width=\"150\" height=\"150\" src=\"https:\/\/stammkoenigartus.de\/wp-content\/uploads\/RIMG2107-150x150.jpg\" class=\"attachment-thumbnail size-thumbnail\" alt=\"\" srcset=\"https:\/\/stammkoenigartus.de\/wp-content\/uploads\/RIMG2107-150x150.jpg 150w, https:\/\/stammkoenigartus.de\/wp-content\/uploads\/RIMG2107-300x300.jpg 300w, https:\/\/stammkoenigartus.de\/wp-content\/uploads\/RIMG2107-100x100.jpg 100w, https:\/\/stammkoenigartus.de\/wp-content\/uploads\/RIMG2107-200x200.jpg 200w\" sizes=\"auto, (max-width: 150px) 100vw, 150px\" \/><\/a>\n\t\t\t<\/div><\/figure><figure class='gallery-item'>\n\t\t\t<div class='gallery-icon landscape'>\n\t\t\t\t<a href='https:\/\/stammkoenigartus.de\/?attachment_id=15921'><img loading=\"lazy\" decoding=\"async\" width=\"150\" height=\"150\" src=\"https:\/\/stammkoenigartus.de\/wp-content\/uploads\/RIMG2130-150x150.jpg\" class=\"attachment-thumbnail size-thumbnail\" alt=\"\" srcset=\"https:\/\/stammkoenigartus.de\/wp-content\/uploads\/RIMG2130-150x150.jpg 150w, https:\/\/stammkoenigartus.de\/wp-content\/uploads\/RIMG2130-300x300.jpg 300w, https:\/\/stammkoenigartus.de\/wp-content\/uploads\/RIMG2130-100x100.jpg 100w, https:\/\/stammkoenigartus.de\/wp-content\/uploads\/RIMG2130-200x200.jpg 200w\" sizes=\"auto, (max-width: 150px) 100vw, 150px\" \/><\/a>\n\t\t\t<\/div><\/figure><figure class='gallery-item'>\n\t\t\t<div class='gallery-icon landscape'>\n\t\t\t\t<a href='https:\/\/stammkoenigartus.de\/?attachment_id=15922'><img loading=\"lazy\" decoding=\"async\" width=\"150\" height=\"150\" src=\"https:\/\/stammkoenigartus.de\/wp-content\/uploads\/RIMG2089-150x150.jpg\" class=\"attachment-thumbnail size-thumbnail\" alt=\"\" srcset=\"https:\/\/stammkoenigartus.de\/wp-content\/uploads\/RIMG2089-150x150.jpg 150w, https:\/\/stammkoenigartus.de\/wp-content\/uploads\/RIMG2089-300x300.jpg 300w, https:\/\/stammkoenigartus.de\/wp-content\/uploads\/RIMG2089-100x100.jpg 100w, https:\/\/stammkoenigartus.de\/wp-content\/uploads\/RIMG2089-200x200.jpg 200w\" sizes=\"auto, (max-width: 150px) 100vw, 150px\" \/><\/a>\n\t\t\t<\/div><\/figure>\n\t\t<\/div>\n\r\n\r\nWieder am Platz plantschten und ruderten wir im feuchten Nass, das war auch f\u00fcr alle Zuschauer ein riesiger Spa\u00df.\r\n\r\nSemmelkn\u00f6del und Pilzso\u00dfe gab\u00b4s abends zu Essen, das Gericht haben wir alle gerne gegessen.\r\n\r\nAm Fluss mit Taschenlampe und Leuchtsignal morsten wir uns das Programm des n\u00e4chsten Tages. -&gt; genial!\r\n\r\nDer Tag ist rum, Spa\u00df hat\u00b4s gemacht, viele kommen noch und jetzt GUTE NACHT.\r\n\r\n&nbsp;\r\n\r\nFelix<\/div><div style=\"height:1800px;\" class=\"mtphr-dnt-tick mtphr-dnt-default-tick mtphr-dnt-clearfix \">Dienstag, 28.07.\r\n\r\n<strong>Teil 1: Bericht Lagerplatz<\/strong>\r\n\r\nHeute ist Dienstag. Wir wurden gegen 9 Uhr geweckt und zum Fr\u00fchst\u00fcck gab es \u201eBlueberry Porridge\u201c. Obwohl es wirklich gut aussah, waren leider nicht alle davon entz\u00fcckt, obwohl der Geschmack nichts zu w\u00fcnschen \u00fcbriglie\u00df. Nach dem Essen wurde wie jeden Morgen abgesp\u00fclt &#8211; und zwar in kleinen Gruppen, die das Essgeschirr im Wechsel f\u00fcr alle sp\u00fclten. Nach dem Sp\u00fclen war es auch schon so unertr\u00e4glich hei\u00df, dass wir direkt im Fluss Abk\u00fchlung suchten.\r\n\r\nNachdem alle mit Honigmelone gest\u00e4rkt und abgek\u00fchlt waren, war es schon Zeit f\u00fcr das Mittagessen. Es gab Brotzeit und Gurkensalat. Danach ruhten wir uns noch eine Stunde aus, bis es Zeit war f\u00fcr die Sipplinge der Sippe Artus uns zu verlassen und auf ihren ersten Haijk zu gehen (siehe nachfolgender Bericht). Nachdem ihre Rucks\u00e4cke fertig gepackt waren, machten wir ein Gruppenfoto von der Sippe, um einen Vergleich zu nach dem Haijk ziehen zu k\u00f6nnen. Den restlichen Nachmittag verbrachten wir mit Baden und Kanu fahren. Zum Abendessen gab es eine Suppe mit Kartoffeln, Karotten, Wienern und einigen anderen Suppeneinlagen. Den Abend lie\u00dfen wir mit einer Singerunde nur f\u00fcr die zwei verbliebenen W\u00f6lflinge ausklingen.\r\n\r\nStumpf\r\n\r\n<strong>Teil 2: Bericht Haijk<\/strong>\r\n\r\nDie Sippe Artus ist mit Gruppenf\u00fchrer Stefan und begleitet von Selma am Dienstag nach dem Mittagessen losgelaufen mit dem Ziel Bad Lobenstein. Auf unserem ersten Haijk haben wir viele Pausen gemacht, um uns auszuruhen, denn es war sehr anstrengend.\r\n\r\n<div id='gallery-4' class='gallery galleryid-15910 gallery-columns-3 gallery-size-thumbnail'><figure class='gallery-item'>\n\t\t\t<div class='gallery-icon landscape'>\n\t\t\t\t<a href='https:\/\/stammkoenigartus.de\/?attachment_id=15923'><img loading=\"lazy\" decoding=\"async\" width=\"150\" height=\"150\" src=\"https:\/\/stammkoenigartus.de\/wp-content\/uploads\/RIMG2144-150x150.jpg\" class=\"attachment-thumbnail size-thumbnail\" alt=\"\" srcset=\"https:\/\/stammkoenigartus.de\/wp-content\/uploads\/RIMG2144-150x150.jpg 150w, https:\/\/stammkoenigartus.de\/wp-content\/uploads\/RIMG2144-300x300.jpg 300w, https:\/\/stammkoenigartus.de\/wp-content\/uploads\/RIMG2144-100x100.jpg 100w, https:\/\/stammkoenigartus.de\/wp-content\/uploads\/RIMG2144-200x200.jpg 200w\" sizes=\"auto, (max-width: 150px) 100vw, 150px\" \/><\/a>\n\t\t\t<\/div><\/figure><figure class='gallery-item'>\n\t\t\t<div class='gallery-icon landscape'>\n\t\t\t\t<a href='https:\/\/stammkoenigartus.de\/?attachment_id=15924'><img loading=\"lazy\" decoding=\"async\" width=\"150\" height=\"150\" src=\"https:\/\/stammkoenigartus.de\/wp-content\/uploads\/RIMG2139-150x150.jpg\" class=\"attachment-thumbnail size-thumbnail\" alt=\"\" srcset=\"https:\/\/stammkoenigartus.de\/wp-content\/uploads\/RIMG2139-150x150.jpg 150w, https:\/\/stammkoenigartus.de\/wp-content\/uploads\/RIMG2139-300x300.jpg 300w, https:\/\/stammkoenigartus.de\/wp-content\/uploads\/RIMG2139-100x100.jpg 100w, https:\/\/stammkoenigartus.de\/wp-content\/uploads\/RIMG2139-200x200.jpg 200w\" sizes=\"auto, (max-width: 150px) 100vw, 150px\" \/><\/a>\n\t\t\t<\/div><\/figure><figure class='gallery-item'>\n\t\t\t<div class='gallery-icon landscape'>\n\t\t\t\t<a href='https:\/\/stammkoenigartus.de\/?attachment_id=15925'><img loading=\"lazy\" decoding=\"async\" width=\"150\" height=\"150\" src=\"https:\/\/stammkoenigartus.de\/wp-content\/uploads\/RIMG2165-150x150.jpg\" class=\"attachment-thumbnail size-thumbnail\" alt=\"\" srcset=\"https:\/\/stammkoenigartus.de\/wp-content\/uploads\/RIMG2165-150x150.jpg 150w, https:\/\/stammkoenigartus.de\/wp-content\/uploads\/RIMG2165-300x300.jpg 300w, https:\/\/stammkoenigartus.de\/wp-content\/uploads\/RIMG2165-100x100.jpg 100w, https:\/\/stammkoenigartus.de\/wp-content\/uploads\/RIMG2165-200x200.jpg 200w\" sizes=\"auto, (max-width: 150px) 100vw, 150px\" \/><\/a>\n\t\t\t<\/div><\/figure>\n\t\t<\/div>\n\r\n\r\nAuf dem Weg dorthin haben wir in Lichtenbrunn eine gr\u00f6\u00dfere Pause gemacht und Kekse gegessen.\r\n\r\nWieder im Wald haben wir uns \u00c4ste f\u00fcr den bevorstehenden Zeltaufbau gesucht.\r\n\r\nKurz darauf trafen wir drei nette Damen, die einen Abendspaziergang machten. Alle waren sehr erfreut uns zu treffen und eine wollte sogar ein Foto von uns, was wir nat\u00fcrlich machten.\r\n\r\nNun suchten wir im umliegenden Gebiet nach einem guten Schlafplatz, welchen wir kurz darauf auch fanden. Dort haben wir unsere Zelte aufgebaut und Stefan bereitete f\u00fcr uns schon mal extrem leckere und etwas scharfe Schinkennudeln zu.\r\n\r\nKurz darauf schliefen wir ein. In der Nacht konnten wir ein Wildschwein mit Babys h\u00f6ren.\r\n\r\nNoah<\/div><div style=\"height:1800px;\" class=\"mtphr-dnt-tick mtphr-dnt-default-tick mtphr-dnt-clearfix \">Mittwoch, 29.07.\r\n\r\n<strong>Teil 1: Bericht Lagerplatz<\/strong>\r\n\r\nMittwochmorgen haben wir nicht ganz solange geschlafen wie gestern, man kann ja nicht immer solch ein Gl\u00fcck haben. Gl\u00fcck f\u00fcr mich, Zeit f\u00fcr die W\u00f6lflinge in ihren Schlafs\u00e4cken. Zum Fr\u00fchst\u00fcck gab es Brot mit Nutella, Marmelade oder auch wahlweise eigenen Honig. Nach dem dieses Mal durch die Bank entz\u00fcckenden Fr\u00fchst\u00fcck packten wir unsere Sachen, um die erst neu abgesteckten Wanderwege in der Umgebung zu erkunden. Man m\u00f6chte meinen, neu abgesteckte Wege sind leicht zu finden oder wir sind einfach nur dumm, aber tats\u00e4chlich war dieser Wanderweg der Erste, den ich gelaufen bin, der einen ein gutes St\u00fcck querfeldein f\u00fchrte. Das stellten wir aber erst zu sp\u00e4t fest und so entschieden wir uns daf\u00fcr, einfach am Fluss entlang zum Zeltplatz zur\u00fcck zu laufen.\r\n\r\n<div id='gallery-5' class='gallery galleryid-15910 gallery-columns-3 gallery-size-thumbnail'><figure class='gallery-item'>\n\t\t\t<div class='gallery-icon landscape'>\n\t\t\t\t<a href='https:\/\/stammkoenigartus.de\/?attachment_id=15926'><img loading=\"lazy\" decoding=\"async\" width=\"150\" height=\"150\" src=\"https:\/\/stammkoenigartus.de\/wp-content\/uploads\/RIMG2178-150x150.jpg\" class=\"attachment-thumbnail size-thumbnail\" alt=\"\" srcset=\"https:\/\/stammkoenigartus.de\/wp-content\/uploads\/RIMG2178-150x150.jpg 150w, https:\/\/stammkoenigartus.de\/wp-content\/uploads\/RIMG2178-300x300.jpg 300w, https:\/\/stammkoenigartus.de\/wp-content\/uploads\/RIMG2178-100x100.jpg 100w, https:\/\/stammkoenigartus.de\/wp-content\/uploads\/RIMG2178-200x200.jpg 200w\" sizes=\"auto, (max-width: 150px) 100vw, 150px\" \/><\/a>\n\t\t\t<\/div><\/figure><figure class='gallery-item'>\n\t\t\t<div class='gallery-icon landscape'>\n\t\t\t\t<a href='https:\/\/stammkoenigartus.de\/?attachment_id=15927'><img loading=\"lazy\" decoding=\"async\" width=\"150\" height=\"150\" src=\"https:\/\/stammkoenigartus.de\/wp-content\/uploads\/RIMG2169-150x150.jpg\" class=\"attachment-thumbnail size-thumbnail\" alt=\"\" srcset=\"https:\/\/stammkoenigartus.de\/wp-content\/uploads\/RIMG2169-150x150.jpg 150w, https:\/\/stammkoenigartus.de\/wp-content\/uploads\/RIMG2169-300x300.jpg 300w, https:\/\/stammkoenigartus.de\/wp-content\/uploads\/RIMG2169-100x100.jpg 100w, https:\/\/stammkoenigartus.de\/wp-content\/uploads\/RIMG2169-200x200.jpg 200w\" sizes=\"auto, (max-width: 150px) 100vw, 150px\" \/><\/a>\n\t\t\t<\/div><\/figure><figure class='gallery-item'>\n\t\t\t<div class='gallery-icon landscape'>\n\t\t\t\t<a href='https:\/\/stammkoenigartus.de\/?attachment_id=15928'><img loading=\"lazy\" decoding=\"async\" width=\"150\" height=\"150\" src=\"https:\/\/stammkoenigartus.de\/wp-content\/uploads\/RIMG2159-150x150.jpg\" class=\"attachment-thumbnail size-thumbnail\" alt=\"\" srcset=\"https:\/\/stammkoenigartus.de\/wp-content\/uploads\/RIMG2159-150x150.jpg 150w, https:\/\/stammkoenigartus.de\/wp-content\/uploads\/RIMG2159-300x300.jpg 300w, https:\/\/stammkoenigartus.de\/wp-content\/uploads\/RIMG2159-100x100.jpg 100w, https:\/\/stammkoenigartus.de\/wp-content\/uploads\/RIMG2159-200x200.jpg 200w\" sizes=\"auto, (max-width: 150px) 100vw, 150px\" \/><\/a>\n\t\t\t<\/div><\/figure>\n\t\t<\/div>\n\r\n\r\nIn der Tat gestaltete sich das doch etwas schwieriger als gedacht, weil wir auf einer immer schmaler werdenden Landzunge zwischen Felswand und Fluss liefen. Am Ende angekommen blieben uns nur zwei M\u00f6glichkeiten, die Felswand hoch oder zur\u00fcck. Naja, genau genommen drei durch den Fluss w\u00fcrde auch noch funktionieren. Nat\u00fcrlich gehen wir durch den Fluss, zwar nicht alle aber zumindest einer \u2013 Felix. Mit der Hose auf dem Kopf geschnallt sollte er den Fluss durchqueren, um uns mit den Kanus vom Zeltplatz abzuholen \u2013 dieses Bild unvergesslich \u2013 der Stammesf\u00fchrer mit Hose auf den Kopf geschnallt. Nach kurzen lachen und der Erkenntnis, dass diese Idee nicht einmal so hirnrissig ist, wie sie schien, schicken wir unseren tapferen Schwimmer los. Nachdem dieser die andere Seite sicher und ohne gr\u00f6\u00dfere Strapazen erreicht hatte, holte er uns wie gedacht sicher und bequem mit den Kanus ab. Am Zeltplatz angekommen stellten wir gleich fest, dass wir nicht mehr alleine sind, unsere Sippe, die auf ihrem ersten Haijk war, ist schon wieder zur\u00fcck (siehe nachfolgender Bericht).\r\n\r\nNach dem Mittagessen (griechischer Salat und Brotzeit) verbrachten wir den restlichen Tag mit Baden und Warten auf das Abendessen. Das Warten sollte sich lohnen, denn es gab Bratkartoffeln mit angebratenem Leberk\u00e4se und Spiegeleiern &#8211; Sau geil.\r\n\r\nDen restlichen Abend lie\u00dfen wir wie immer mit einer Singerunde ausklingen.\r\n\r\nStumpf\r\n\r\n<strong>Teil 2: Bericht Haijk<\/strong>\r\n\r\nAm n\u00e4chsten Morgen gab es Kn\u00e4ckebrot mit Nutella zum Fr\u00fchst\u00fcck. Anschlie\u00dfend bauten wir die Zelte ab und gingen durch Bad Lobenstein, bis wir schlie\u00dflich beim Bahnhof ankamen. Eigentlich wollten wir davor noch einen Turm mit Museum anschauen, aber das war heute leider geschlossen.\r\n\r\nAm Bahnhof gab uns Stefan ein (eigentlich sogar 2) Eis aus (was sehr lecker war) und wir fuhren wieder mit dem Zug zur\u00fcck.\r\n\r\nDort angekommen war \u2013 wie bisher gewohnt \u2013 nat\u00fcrlich wieder sehr sch\u00f6nes Wetter.\r\n\r\nNoah<\/div><div style=\"height:1800px;\" class=\"mtphr-dnt-tick mtphr-dnt-default-tick mtphr-dnt-clearfix \">Donnerstag, 30.07.\r\n\r\nNachdem wir eigentlich gem\u00fctlich ausschlafen wollten, hie\u00df es dann fr\u00fcher als gedacht \u201eAufstehen!\u201c. Aber f\u00fcr das leckere Fr\u00fchst\u00fcck lohnte sich das auf alle F\u00e4lle, denn Felix ist extra fr\u00fch aufgestanden, um einen leckeren Kaiserschmarrn f\u00fcr alle zu zaubern.\r\n\r\nIm Anschluss stand ein erlebnisreicher Tagesausflug mit mehreren Zielen auf dem Programm.\r\n\r\nErster Halt war das Schloss Burgk, ein gut erhaltenes Schloss, welches seinen Ursprung im 15. Jahrhundert hat. Ganze R\u00e4ume mit beeindruckenden Fresken an der Wand konnten ebenso wie gut erhaltene und prunkvolle Zimmer bewundert werden.\r\n\r\nWir konnten in Gruppen einen Rundgang durch das gesamte Schloss inklusive allem, was dazugeh\u00f6rt machen.\r\n\r\nNach vielen geschichtlichen Infos und einer st\u00e4rkenden Brotzeit begaben sich alle, die Lust hatten, auf den Aufstieg des unmittelbar daneben liegenden Saaleturms. Aus 36m H\u00f6he hatten wir einen tollen Ausblick auf eine kleine Talsperre und die Saale.\r\n\r\n<div id='gallery-6' class='gallery galleryid-15910 gallery-columns-3 gallery-size-thumbnail'><figure class='gallery-item'>\n\t\t\t<div class='gallery-icon landscape'>\n\t\t\t\t<a href='https:\/\/stammkoenigartus.de\/?attachment_id=15929'><img loading=\"lazy\" decoding=\"async\" width=\"150\" height=\"150\" src=\"https:\/\/stammkoenigartus.de\/wp-content\/uploads\/RIMG2228-150x150.jpg\" class=\"attachment-thumbnail size-thumbnail\" alt=\"\" srcset=\"https:\/\/stammkoenigartus.de\/wp-content\/uploads\/RIMG2228-150x150.jpg 150w, https:\/\/stammkoenigartus.de\/wp-content\/uploads\/RIMG2228-300x300.jpg 300w, https:\/\/stammkoenigartus.de\/wp-content\/uploads\/RIMG2228-100x100.jpg 100w, https:\/\/stammkoenigartus.de\/wp-content\/uploads\/RIMG2228-200x200.jpg 200w\" sizes=\"auto, (max-width: 150px) 100vw, 150px\" \/><\/a>\n\t\t\t<\/div><\/figure><figure class='gallery-item'>\n\t\t\t<div class='gallery-icon landscape'>\n\t\t\t\t<a href='https:\/\/stammkoenigartus.de\/?attachment_id=15930'><img loading=\"lazy\" decoding=\"async\" width=\"150\" height=\"150\" src=\"https:\/\/stammkoenigartus.de\/wp-content\/uploads\/RIMG2239-150x150.jpg\" class=\"attachment-thumbnail size-thumbnail\" alt=\"\" srcset=\"https:\/\/stammkoenigartus.de\/wp-content\/uploads\/RIMG2239-150x150.jpg 150w, https:\/\/stammkoenigartus.de\/wp-content\/uploads\/RIMG2239-300x300.jpg 300w, https:\/\/stammkoenigartus.de\/wp-content\/uploads\/RIMG2239-100x100.jpg 100w, https:\/\/stammkoenigartus.de\/wp-content\/uploads\/RIMG2239-200x200.jpg 200w\" sizes=\"auto, (max-width: 150px) 100vw, 150px\" \/><\/a>\n\t\t\t<\/div><\/figure><figure class='gallery-item'>\n\t\t\t<div class='gallery-icon landscape'>\n\t\t\t\t<a href='https:\/\/stammkoenigartus.de\/?attachment_id=15931'><img loading=\"lazy\" decoding=\"async\" width=\"150\" height=\"150\" src=\"https:\/\/stammkoenigartus.de\/wp-content\/uploads\/RIMG2244-150x150.jpg\" class=\"attachment-thumbnail size-thumbnail\" alt=\"\" srcset=\"https:\/\/stammkoenigartus.de\/wp-content\/uploads\/RIMG2244-150x150.jpg 150w, https:\/\/stammkoenigartus.de\/wp-content\/uploads\/RIMG2244-300x300.jpg 300w, https:\/\/stammkoenigartus.de\/wp-content\/uploads\/RIMG2244-100x100.jpg 100w, https:\/\/stammkoenigartus.de\/wp-content\/uploads\/RIMG2244-200x200.jpg 200w\" sizes=\"auto, (max-width: 150px) 100vw, 150px\" \/><\/a>\n\t\t\t<\/div><\/figure>\n\t\t<\/div>\n\r\n\r\nAuf dem R\u00fcckweg stoppten wir bei der 58m hohen Staumauer der Bleilochtalsperre, welche mittels zwei Turbinen der Stromerzeugung dient.\r\n\r\nDank des durchwegs guten Wetters ging es nun weiter zu einem Sandstrand, den wir intensiv zum Baden und Ausruhen nutzten.\r\n\r\nWieder am Platz angekommen, badeten wir erneut bzw. ruhten uns aus, bevor es schlie\u00dflich Suppe und selbst gebackenen Lauchkuchen aus dem eigenen Lagerbackofen gab.\r\n\r\nNach einer ausgiebigen Runde Kerzengie\u00dfen starteten wir in die Singerunde, die bis nach Mitternacht andauerte.\r\n\r\nUnd wieder ging ein Tag der Gro\u00dffahrt erlebnisreich zu Ende.\r\n\r\n&nbsp;\r\n\r\nSelma<\/div><div style=\"height:1800px;\" class=\"mtphr-dnt-tick mtphr-dnt-default-tick mtphr-dnt-clearfix \">Freitag, 31.07.\r\n\r\nAls Erstes gab es Fr\u00fchst\u00fcck. Und zwar gab es Toast mit Nutella, eigenem Honig oder Marmelade, welcher sehr gut war.\r\n\r\nDanach begann eine Schnitzeljagd durch das ganze Dorf. Zum Mittag gab es Bruschetta auf Toast.\r\n\r\nIm Anschluss k\u00fchlen wir uns in dem Fluss, der eine angenehme Temperatur hat, etwas ab.\r\n\r\nNun folgte eine Wanderung zum kleinen D\u00f6rflein &#8222;Haus am Wald&#8220;.\r\n\r\n<div id='gallery-7' class='gallery galleryid-15910 gallery-columns-3 gallery-size-thumbnail'><figure class='gallery-item'>\n\t\t\t<div class='gallery-icon landscape'>\n\t\t\t\t<a href='https:\/\/stammkoenigartus.de\/?attachment_id=15934'><img loading=\"lazy\" decoding=\"async\" width=\"150\" height=\"150\" src=\"https:\/\/stammkoenigartus.de\/wp-content\/uploads\/RIMG2197-150x150.jpg\" class=\"attachment-thumbnail size-thumbnail\" alt=\"\" srcset=\"https:\/\/stammkoenigartus.de\/wp-content\/uploads\/RIMG2197-150x150.jpg 150w, https:\/\/stammkoenigartus.de\/wp-content\/uploads\/RIMG2197-300x300.jpg 300w, https:\/\/stammkoenigartus.de\/wp-content\/uploads\/RIMG2197-100x100.jpg 100w, https:\/\/stammkoenigartus.de\/wp-content\/uploads\/RIMG2197-200x200.jpg 200w\" sizes=\"auto, (max-width: 150px) 100vw, 150px\" \/><\/a>\n\t\t\t<\/div><\/figure><figure class='gallery-item'>\n\t\t\t<div class='gallery-icon landscape'>\n\t\t\t\t<a href='https:\/\/stammkoenigartus.de\/?attachment_id=15933'><img loading=\"lazy\" decoding=\"async\" width=\"150\" height=\"150\" src=\"https:\/\/stammkoenigartus.de\/wp-content\/uploads\/RIMG2222-150x150.jpg\" class=\"attachment-thumbnail size-thumbnail\" alt=\"\" srcset=\"https:\/\/stammkoenigartus.de\/wp-content\/uploads\/RIMG2222-150x150.jpg 150w, https:\/\/stammkoenigartus.de\/wp-content\/uploads\/RIMG2222-300x300.jpg 300w, https:\/\/stammkoenigartus.de\/wp-content\/uploads\/RIMG2222-100x100.jpg 100w, https:\/\/stammkoenigartus.de\/wp-content\/uploads\/RIMG2222-200x200.jpg 200w\" sizes=\"auto, (max-width: 150px) 100vw, 150px\" \/><\/a>\n\t\t\t<\/div><\/figure><figure class='gallery-item'>\n\t\t\t<div class='gallery-icon landscape'>\n\t\t\t\t<a href='https:\/\/stammkoenigartus.de\/?attachment_id=15932'><img loading=\"lazy\" decoding=\"async\" width=\"150\" height=\"150\" src=\"https:\/\/stammkoenigartus.de\/wp-content\/uploads\/RIMG2225-150x150.jpg\" class=\"attachment-thumbnail size-thumbnail\" alt=\"\" srcset=\"https:\/\/stammkoenigartus.de\/wp-content\/uploads\/RIMG2225-150x150.jpg 150w, https:\/\/stammkoenigartus.de\/wp-content\/uploads\/RIMG2225-300x300.jpg 300w, https:\/\/stammkoenigartus.de\/wp-content\/uploads\/RIMG2225-100x100.jpg 100w, https:\/\/stammkoenigartus.de\/wp-content\/uploads\/RIMG2225-200x200.jpg 200w\" sizes=\"auto, (max-width: 150px) 100vw, 150px\" \/><\/a>\n\t\t\t<\/div><\/figure>\n\t\t<\/div>\n\r\n\r\nWieder zur\u00fcck am Zeltplatz k\u00fchlen wir uns aufgrund der Au\u00dfentemperatur von knapp 30 Grad wieder im Fluss ab.\r\n\r\nAbends verspeisten wir wieder traditionell unser Spaghetti Baguette.\r\n\r\nDas anschlie\u00dfende Abendprogramm begann mit dem Jenga. Hier ging es darum, abwechselnd einen seiner 5 zuvor ausgesuchten Gegenst\u00e4nde auf einer kleinen Plattform zu platzieren, ohne dass etwas umf\u00e4llt.\r\n\r\nDanach spielten wir eine Runde Werwolf und so ging der Tag ein weiterer Tag mit tollem Wetter zu Ende.\r\n\r\n&nbsp;\r\n\r\nTim \/ Schmitti<\/div><div style=\"height:1800px;\" class=\"mtphr-dnt-tick mtphr-dnt-default-tick mtphr-dnt-clearfix \">Samstag, 31.07.\r\n\r\nMorgens gab es R\u00fchrei mit Speck. Danach kamen Kilian und David und Paul noch nach.\r\n\r\nWir haben gleich fr\u00fch den Postenlauf gemacht. Dieser dient als Wissensabfrage f\u00fcr alle Kleineren aus der Meute (W\u00f6lflinge), sodass sich diese ein Abzeichen als Anerkennung des angeeigneten Wissens verdienen k\u00f6nnen.\r\n\r\nAls alle fertig waren, gingen wir ins Wasser. Dann war es auch schon Zeit f\u00fcr das Mittagessen: Es gab selbstgemachten Obatzter mit Brot oder Nudeln.\r\nNach dem Mittagessen machten wir eine Stunde Siesta.\r\n\r\n<div id='gallery-8' class='gallery galleryid-15910 gallery-columns-3 gallery-size-thumbnail'><figure class='gallery-item'>\n\t\t\t<div class='gallery-icon landscape'>\n\t\t\t\t<a href='https:\/\/stammkoenigartus.de\/?attachment_id=15935'><img loading=\"lazy\" decoding=\"async\" width=\"150\" height=\"150\" src=\"https:\/\/stammkoenigartus.de\/wp-content\/uploads\/RIMG2271-150x150.jpg\" class=\"attachment-thumbnail size-thumbnail\" alt=\"\" srcset=\"https:\/\/stammkoenigartus.de\/wp-content\/uploads\/RIMG2271-150x150.jpg 150w, https:\/\/stammkoenigartus.de\/wp-content\/uploads\/RIMG2271-300x300.jpg 300w, https:\/\/stammkoenigartus.de\/wp-content\/uploads\/RIMG2271-100x100.jpg 100w, https:\/\/stammkoenigartus.de\/wp-content\/uploads\/RIMG2271-200x200.jpg 200w\" sizes=\"auto, (max-width: 150px) 100vw, 150px\" \/><\/a>\n\t\t\t<\/div><\/figure><figure class='gallery-item'>\n\t\t\t<div class='gallery-icon landscape'>\n\t\t\t\t<a href='https:\/\/stammkoenigartus.de\/?attachment_id=15936'><img loading=\"lazy\" decoding=\"async\" width=\"150\" height=\"150\" src=\"https:\/\/stammkoenigartus.de\/wp-content\/uploads\/RIMG2281-150x150.jpg\" class=\"attachment-thumbnail size-thumbnail\" alt=\"\" srcset=\"https:\/\/stammkoenigartus.de\/wp-content\/uploads\/RIMG2281-150x150.jpg 150w, https:\/\/stammkoenigartus.de\/wp-content\/uploads\/RIMG2281-300x300.jpg 300w, https:\/\/stammkoenigartus.de\/wp-content\/uploads\/RIMG2281-100x100.jpg 100w, https:\/\/stammkoenigartus.de\/wp-content\/uploads\/RIMG2281-200x200.jpg 200w\" sizes=\"auto, (max-width: 150px) 100vw, 150px\" \/><\/a>\n\t\t\t<\/div><\/figure><figure class='gallery-item'>\n\t\t\t<div class='gallery-icon landscape'>\n\t\t\t\t<a href='https:\/\/stammkoenigartus.de\/?attachment_id=15937'><img loading=\"lazy\" decoding=\"async\" width=\"150\" height=\"150\" src=\"https:\/\/stammkoenigartus.de\/wp-content\/uploads\/RIMG2266-150x150.jpg\" class=\"attachment-thumbnail size-thumbnail\" alt=\"\" srcset=\"https:\/\/stammkoenigartus.de\/wp-content\/uploads\/RIMG2266-150x150.jpg 150w, https:\/\/stammkoenigartus.de\/wp-content\/uploads\/RIMG2266-300x300.jpg 300w, https:\/\/stammkoenigartus.de\/wp-content\/uploads\/RIMG2266-100x100.jpg 100w, https:\/\/stammkoenigartus.de\/wp-content\/uploads\/RIMG2266-200x200.jpg 200w\" sizes=\"auto, (max-width: 150px) 100vw, 150px\" \/><\/a>\n\t\t\t<\/div><\/figure>\n\t\t<\/div>\n\r\n\r\nIm Anschluss gab es einen Hindernisparcours. Hierf\u00fcr wurden wir in zwei Gruppen eingeteilt und mussten mit einem Sch\u00f6pfl\u00f6ffel mit Wasser gef\u00fcllt innerhalb einer vorgegebenen Zeit durch die Hindernisse laufen. Das \u00fcbrig gebliebene Wasser wurde in einem Messbecher gesammelt und der \u201eGewinner\u201c wurde ermittelt. Nachmittags gab es auch noch ein Kanuwettrennen.\r\n\r\nMit Beginn der D\u00e4mmerung und pl\u00f6tzlichem Einsetzen des Donners brachen wir auf zur Versprechensfeier (Hierf\u00fcr gibt es einen separaten Bericht).\r\n\r\nDanach haben wir noch ausf\u00fchrlich gesungen, denn es war auch schon wieder unsere letzte Nacht.\r\n\r\n&nbsp;\r\n\r\nLennard<\/div><div style=\"height:1800px;\" class=\"mtphr-dnt-tick mtphr-dnt-default-tick mtphr-dnt-clearfix \">Am Aben folgte der nun spannendste Teil, die Versprechensfeier stand bevor.\r\nIm Schweigemarsch ging es hoch auf den Trepplesfelsen, oben angekommen gabe zuerst Abzeichen f\u00fcr alle W\u00f6lflinge\r\njeder hatte ausreichend viele Punkte im Postenlauf und sich das Abzeichen redlich verdient.\r\n\r\nAls W\u00f6lflinge neu in die Runde aufgenommen wurden Kilian und Maxim. Beide sind seit pber einem halben Jahr dabei auf Aktionen schon aktiv und durften vor Ihrem Meutenf\u00fchrer Stumpf das Versprechen abgeben. Sie bekamen das orange Halstuch verliehen und sind nur im Kreis der Pfadfinder aufgenommen.\r\n\r\n<div id='gallery-9' class='gallery galleryid-15910 gallery-columns-3 gallery-size-thumbnail'><figure class='gallery-item'>\n\t\t\t<div class='gallery-icon landscape'>\n\t\t\t\t<a href='https:\/\/stammkoenigartus.de\/?attachment_id=15940'><img loading=\"lazy\" decoding=\"async\" width=\"150\" height=\"150\" src=\"https:\/\/stammkoenigartus.de\/wp-content\/uploads\/RIMG2294-150x150.jpg\" class=\"attachment-thumbnail size-thumbnail\" alt=\"\" srcset=\"https:\/\/stammkoenigartus.de\/wp-content\/uploads\/RIMG2294-150x150.jpg 150w, https:\/\/stammkoenigartus.de\/wp-content\/uploads\/RIMG2294-300x300.jpg 300w, https:\/\/stammkoenigartus.de\/wp-content\/uploads\/RIMG2294-100x100.jpg 100w, https:\/\/stammkoenigartus.de\/wp-content\/uploads\/RIMG2294-200x200.jpg 200w\" sizes=\"auto, (max-width: 150px) 100vw, 150px\" \/><\/a>\n\t\t\t<\/div><\/figure><figure class='gallery-item'>\n\t\t\t<div class='gallery-icon landscape'>\n\t\t\t\t<a href='https:\/\/stammkoenigartus.de\/?attachment_id=15941'><img loading=\"lazy\" decoding=\"async\" width=\"150\" height=\"150\" src=\"https:\/\/stammkoenigartus.de\/wp-content\/uploads\/RIMG2292-150x150.jpg\" class=\"attachment-thumbnail size-thumbnail\" alt=\"\" srcset=\"https:\/\/stammkoenigartus.de\/wp-content\/uploads\/RIMG2292-150x150.jpg 150w, https:\/\/stammkoenigartus.de\/wp-content\/uploads\/RIMG2292-300x300.jpg 300w, https:\/\/stammkoenigartus.de\/wp-content\/uploads\/RIMG2292-100x100.jpg 100w, https:\/\/stammkoenigartus.de\/wp-content\/uploads\/RIMG2292-200x200.jpg 200w\" sizes=\"auto, (max-width: 150px) 100vw, 150px\" \/><\/a>\n\t\t\t<\/div><\/figure>\n\t\t<\/div>\n\r\n\r\nAsdann wurde Stefan zum Sippenf\u00fchrer benannt er bekam das Blaue Viereckshalstuch welches alle Gruppenf\u00fchrer im stamm K\u00f6nig Artus tragen. Stefan nahm jedem seiner 6 Jungs das Pfadfinderversprechen ab, die Jungs bekamen das blaue Halstuch verliehen und d\u00fcrfen sich ab sofort Jungpfadfinder nennen. Von Felix wurde unterstrichen wie wichtig das gemeinsame Erlebnis ist und das hierf\u00fcr jeder f\u00fcr sich verantwortlich ist. Zum Schluss wurde die Sippe noch getauft, jeder bekam einen Schuss kaltes Wasser in den Kragen. Stefan zog zur Weihe die Sippenfahne durchs Feuer, die Sippe gab sich den Namen ARTUS.\r\n\r\n<div id='gallery-10' class='gallery galleryid-15910 gallery-columns-3 gallery-size-thumbnail'><figure class='gallery-item'>\n\t\t\t<div class='gallery-icon landscape'>\n\t\t\t\t<a href='https:\/\/stammkoenigartus.de\/wp-content\/uploads\/RIMG2305.jpg' rel=\"lightbox[15910]\"><img loading=\"lazy\" decoding=\"async\" width=\"150\" height=\"150\" src=\"https:\/\/stammkoenigartus.de\/wp-content\/uploads\/RIMG2305-150x150.jpg\" class=\"attachment-thumbnail size-thumbnail\" alt=\"\" srcset=\"https:\/\/stammkoenigartus.de\/wp-content\/uploads\/RIMG2305-150x150.jpg 150w, https:\/\/stammkoenigartus.de\/wp-content\/uploads\/RIMG2305-300x300.jpg 300w, https:\/\/stammkoenigartus.de\/wp-content\/uploads\/RIMG2305-100x100.jpg 100w, https:\/\/stammkoenigartus.de\/wp-content\/uploads\/RIMG2305-200x200.jpg 200w\" sizes=\"auto, (max-width: 150px) 100vw, 150px\" \/><\/a>\n\t\t\t<\/div><\/figure>\n\t\t<\/div>\n\r\n\r\nZum Schluss hatten uns drei Mitglieder der Roverrunde Ph\u00f6nix besucht. Chris, Nibbli und Bierla waren vorbei gekommen. Das Sie letztes Jahr nicht die M\u00f6glichkeit hatten ihr Versprechen zu erneuern, holten Sie das nun nach. Sie bekamen von Felix das ROTE Roverhalstuch verliehen. Der Stamm freut sich nun auf eine aktive Roverrunde die alle aktiven Gruppenf\u00fchrer zu Aktionen\r\nmit unterst\u00fctz.\r\n\r\n<div id='gallery-11' class='gallery galleryid-15910 gallery-columns-3 gallery-size-thumbnail'><figure class='gallery-item'>\n\t\t\t<div class='gallery-icon portrait'>\n\t\t\t\t<a href='https:\/\/stammkoenigartus.de\/?attachment_id=15943'><img loading=\"lazy\" decoding=\"async\" width=\"150\" height=\"150\" src=\"https:\/\/stammkoenigartus.de\/wp-content\/uploads\/RIMG2308-rotated-e1597227671612-150x150.jpg\" class=\"attachment-thumbnail size-thumbnail\" alt=\"\" srcset=\"https:\/\/stammkoenigartus.de\/wp-content\/uploads\/RIMG2308-rotated-e1597227671612-150x150.jpg 150w, https:\/\/stammkoenigartus.de\/wp-content\/uploads\/RIMG2308-rotated-e1597227671612-300x300.jpg 300w, https:\/\/stammkoenigartus.de\/wp-content\/uploads\/RIMG2308-rotated-e1597227671612-100x100.jpg 100w, https:\/\/stammkoenigartus.de\/wp-content\/uploads\/RIMG2308-rotated-e1597227671612-200x200.jpg 200w\" sizes=\"auto, (max-width: 150px) 100vw, 150px\" \/><\/a>\n\t\t\t<\/div><\/figure><figure class='gallery-item'>\n\t\t\t<div class='gallery-icon portrait'>\n\t\t\t\t<a href='https:\/\/stammkoenigartus.de\/?attachment_id=15944'><img loading=\"lazy\" decoding=\"async\" width=\"150\" height=\"150\" src=\"https:\/\/stammkoenigartus.de\/wp-content\/uploads\/RIMG2307-rotated-e1597227658787-150x150.jpg\" class=\"attachment-thumbnail size-thumbnail\" alt=\"\" srcset=\"https:\/\/stammkoenigartus.de\/wp-content\/uploads\/RIMG2307-rotated-e1597227658787-150x150.jpg 150w, https:\/\/stammkoenigartus.de\/wp-content\/uploads\/RIMG2307-rotated-e1597227658787-300x300.jpg 300w, https:\/\/stammkoenigartus.de\/wp-content\/uploads\/RIMG2307-rotated-e1597227658787-100x100.jpg 100w, https:\/\/stammkoenigartus.de\/wp-content\/uploads\/RIMG2307-rotated-e1597227658787-200x200.jpg 200w\" sizes=\"auto, (max-width: 150px) 100vw, 150px\" \/><\/a>\n\t\t\t<\/div><\/figure>\n\t\t<\/div>\n<\/div><div style=\"height:1800px;\" class=\"mtphr-dnt-tick mtphr-dnt-default-tick mtphr-dnt-clearfix \">Sonntag 02.08. \u2013 Abreise\r\n\r\nDer Sonntag begann mit Wei\u00dfw\u00fcrsten zum Fr\u00fchst\u00fcck. Gleich nachdem das Geschirr gesp\u00fclt war, fingen wir auch schon an unsere Zelte zusammenzulegen und diese und alles andere in den Anh\u00e4ngern zu verladen. Gl\u00fccklicherweise prallte auch schon in den Morgenstunden die Sonne auf unsere Zelte, sodass alles noch rechtzeitig trocken wurde.\r\n\r\nAls dann der Abschlusskreis beendet war, konnten wir uns auf den kurzen Heimweg machen. Am Heim angekommen, mussten wir noch bei str\u00f6mendem Regen alles ausladen.\r\n\r\n<a href=\"https:\/\/stammkoenigartus.de\/wp-content\/uploads\/RIMG2312.jpg\" rel=\"lightbox[15910]\"><img loading=\"lazy\" decoding=\"async\" class=\"alignnone wp-image-15939\" src=\"https:\/\/stammkoenigartus.de\/wp-content\/uploads\/RIMG2312.jpg\" alt=\"\" width=\"753\" height=\"565\" srcset=\"https:\/\/stammkoenigartus.de\/wp-content\/uploads\/RIMG2312.jpg 800w, https:\/\/stammkoenigartus.de\/wp-content\/uploads\/RIMG2312-480x360.jpg 480w, https:\/\/stammkoenigartus.de\/wp-content\/uploads\/RIMG2312-768x576.jpg 768w, https:\/\/stammkoenigartus.de\/wp-content\/uploads\/RIMG2312-307x230.jpg 307w, https:\/\/stammkoenigartus.de\/wp-content\/uploads\/RIMG2312-600x450.jpg 600w, https:\/\/stammkoenigartus.de\/wp-content\/uploads\/RIMG2312-400x300.jpg 400w\" sizes=\"auto, (max-width: 753px) 100vw, 753px\" \/><\/a>\r\n\r\nUnd so ging eine sch\u00f6ne Fahrt \u2013 im \u00dcbrigen aufgrund Corona die Erste des Jahres &#8211; mit bestem Sonnenschein (bis aufs Ausladen) zu Ende.\r\n\r\n&nbsp;\r\n\r\nAxel<\/div><\/div><a class=\"mtphr-dnt-nav mtphr-dnt-nav-prev\" href=\"#\" rel=\"nofollow\" aria-label=\"Previous\"><i class=\"mtphr-dnt-icon-arrow-left\"><\/i><\/a><a class=\"mtphr-dnt-nav mtphr-dnt-nav-next\" href=\"#\" rel=\"nofollow\" aria-label=\"Next\"><i class=\"mtphr-dnt-icon-arrow-right\"><\/i><\/a><\/div><div class=\"mtphr-dnt-control-links\"><a class=\"mtphr-dnt-control mtphr-dnt-control-button\" href=\"0\" rel=\"nofollow\"><i class=\"mtphr-dnt-icon-button\"><\/i><\/a><a class=\"mtphr-dnt-control mtphr-dnt-control-button\" href=\"1\" rel=\"nofollow\"><i class=\"mtphr-dnt-icon-button\"><\/i><\/a><a class=\"mtphr-dnt-control mtphr-dnt-control-button\" href=\"2\" rel=\"nofollow\"><i class=\"mtphr-dnt-icon-button\"><\/i><\/a><a class=\"mtphr-dnt-control mtphr-dnt-control-button\" href=\"3\" rel=\"nofollow\"><i class=\"mtphr-dnt-icon-button\"><\/i><\/a><a class=\"mtphr-dnt-control mtphr-dnt-control-button\" href=\"4\" rel=\"nofollow\"><i class=\"mtphr-dnt-icon-button\"><\/i><\/a><a class=\"mtphr-dnt-control mtphr-dnt-control-button\" href=\"5\" rel=\"nofollow\"><i class=\"mtphr-dnt-icon-button\"><\/i><\/a><a class=\"mtphr-dnt-control mtphr-dnt-control-button\" href=\"6\" rel=\"nofollow\"><i class=\"mtphr-dnt-icon-button\"><\/i><\/a><a class=\"mtphr-dnt-control mtphr-dnt-control-button\" href=\"7\" rel=\"nofollow\"><i class=\"mtphr-dnt-icon-button\"><\/i><\/a><a class=\"mtphr-dnt-control mtphr-dnt-control-button\" href=\"8\" rel=\"nofollow\"><i class=\"mtphr-dnt-icon-button\"><\/i><\/a><\/div><\/div><\/div>\n<p>&nbsp;<\/p>\n","protected":false},"excerpt":{"rendered":"<p>&nbsp;<\/p>\n","protected":false},"author":3,"featured_media":15927,"comment_status":"open","ping_status":"closed","sticky":false,"template":"","format":"standard","meta":{"_monsterinsights_skip_tracking":false,"_monsterinsights_sitenote_active":false,"_monsterinsights_sitenote_note":"","_monsterinsights_sitenote_category":0,"footnotes":""},"categories":[136,132,137,130,131],"tags":[],"class_list":["post-15910","post","type-post","status-publish","format-standard","has-post-thumbnail","hentry","category-pfadfinder","category-rover","category-stamm","category-unsere-aktionen","category-woelflinge"],"aioseo_notices":[],"_links":{"self":[{"href":"https:\/\/stammkoenigartus.de\/index.php?rest_route=\/wp\/v2\/posts\/15910","targetHints":{"allow":["GET"]}}],"collection":[{"href":"https:\/\/stammkoenigartus.de\/index.php?rest_route=\/wp\/v2\/posts"}],"about":[{"href":"https:\/\/stammkoenigartus.de\/index.php?rest_route=\/wp\/v2\/types\/post"}],"author":[{"embeddable":true,"href":"https:\/\/stammkoenigartus.de\/index.php?rest_route=\/wp\/v2\/users\/3"}],"replies":[{"embeddable":true,"href":"https:\/\/stammkoenigartus.de\/index.php?rest_route=%2Fwp%2Fv2%2Fcomments&post=15910"}],"version-history":[{"count":3,"href":"https:\/\/stammkoenigartus.de\/index.php?rest_route=\/wp\/v2\/posts\/15910\/revisions"}],"predecessor-version":[{"id":18057,"href":"https:\/\/stammkoenigartus.de\/index.php?rest_route=\/wp\/v2\/posts\/15910\/revisions\/18057"}],"wp:featuredmedia":[{"embeddable":true,"href":"https:\/\/stammkoenigartus.de\/index.php?rest_route=\/wp\/v2\/media\/15927"}],"wp:attachment":[{"href":"https:\/\/stammkoenigartus.de\/index.php?rest_route=%2Fwp%2Fv2%2Fmedia&parent=15910"}],"wp:term":[{"taxonomy":"category","embeddable":true,"href":"https:\/\/stammkoenigartus.de\/index.php?rest_route=%2Fwp%2Fv2%2Fcategories&post=15910"},{"taxonomy":"post_tag","embeddable":true,"href":"https:\/\/stammkoenigartus.de\/index.php?rest_route=%2Fwp%2Fv2%2Ftags&post=15910"}],"curies":[{"name":"wp","href":"https:\/\/api.w.org\/{rel}","templated":true}]}}