{"id":16227,"date":"2021-05-02T19:19:41","date_gmt":"2021-05-02T17:19:41","guid":{"rendered":"https:\/\/stammkoenigartus.de\/?p=16227"},"modified":"2023-02-12T15:57:28","modified_gmt":"2023-02-12T14:57:28","slug":"endspurt-der-letzte-honig-kommt-in-die-glaeser","status":"publish","type":"post","link":"https:\/\/stammkoenigartus.de\/?p=16227","title":{"rendered":"Endspurt &#8211; der letzte Honig kommt in die Gl\u00e4ser"},"content":{"rendered":"\n<p>Von unserem im Sommer geernteten Honig ist noch etwas \u00fcbrig. Diesen wollten wir nun abf\u00fcllen und einen Einblick geben, welche Schritte daf\u00fcr notwendig sind.<\/p>\n<p>Aufgrund der geltenden Coronabeschr\u00e4nkungen f\u00fcllten den Honig nur Selma und Jakob ab, statt gemeinsam in der Gruppenstunde.<\/p>\n\n\n\n<div class=\"wp-block-media-text alignwide is-stacked-on-mobile\"><figure class=\"wp-block-media-text__media\"><img loading=\"lazy\" decoding=\"async\" width=\"450\" height=\"600\" src=\"https:\/\/stammkoenigartus.de\/wp-content\/uploads\/IMG_20210425_115607.jpg\" alt=\"\" class=\"wp-image-16229 size-full\" srcset=\"https:\/\/stammkoenigartus.de\/wp-content\/uploads\/IMG_20210425_115607.jpg 450w, https:\/\/stammkoenigartus.de\/wp-content\/uploads\/IMG_20210425_115607-173x230.jpg 173w, https:\/\/stammkoenigartus.de\/wp-content\/uploads\/IMG_20210425_115607-400x533.jpg 400w\" sizes=\"auto, (max-width: 450px) 100vw, 450px\" \/><\/figure><div class=\"wp-block-media-text__content\">\n<p class=\"has-large-font-size\">Schritt 1: Honig verfl\u00fcssigen<\/p>\n\n\n\n<p>Um unseren Stammeshonig in Gl\u00e4ser abzuf\u00fcllen, m\u00fcssen wir ihn zuerst verfl\u00fcssigen. Deshalb stellen wir ihn in einen Einkochtopf in ein Wasserbad bei 40 Grad.<\/p>\n<\/div><\/div>\n\n\n\n<div class=\"wp-block-media-text alignwide has-media-on-the-right is-stacked-on-mobile\"><div class=\"wp-block-media-text__content\">\n<p class=\"has-large-font-size\">Schritt 2: Honig absch\u00e4umen<\/p>\n\n\n\n<p>Nun ist der Honig fl\u00fcssig. Nach dem H\u00e4ndewaschen und Aufsetzen der Haarnetze ging es weiter. Oben auf dem Honig setzt sich etwas wei\u00dfer Schaum ab. Dieser ist eigentlich sogar gesund, da das nur Pollen sind, doch f\u00fcr die Optik sch\u00f6pfen wir diesen ab.&nbsp;<\/p>\n\n\n<\/div><figure class=\"wp-block-media-text__media\"><img loading=\"lazy\" decoding=\"async\" width=\"450\" height=\"600\" src=\"https:\/\/stammkoenigartus.de\/wp-content\/uploads\/IMG-20210502-WA0001.jpg\" alt=\"\" class=\"wp-image-16219 size-full\" srcset=\"https:\/\/stammkoenigartus.de\/wp-content\/uploads\/IMG-20210502-WA0001.jpg 450w, https:\/\/stammkoenigartus.de\/wp-content\/uploads\/IMG-20210502-WA0001-173x230.jpg 173w, https:\/\/stammkoenigartus.de\/wp-content\/uploads\/IMG-20210502-WA0001-400x533.jpg 400w\" sizes=\"auto, (max-width: 450px) 100vw, 450px\" \/><\/figure><\/div>\n\n\n\n<div class=\"wp-block-media-text alignwide is-stacked-on-mobile\"><figure class=\"wp-block-media-text__media\"><img loading=\"lazy\" decoding=\"async\" width=\"800\" height=\"435\" src=\"https:\/\/stammkoenigartus.de\/wp-content\/uploads\/IMG_20210502_173508.jpg\" alt=\"\" class=\"wp-image-16221 size-full\" srcset=\"https:\/\/stammkoenigartus.de\/wp-content\/uploads\/IMG_20210502_173508.jpg 800w, https:\/\/stammkoenigartus.de\/wp-content\/uploads\/IMG_20210502_173508-480x261.jpg 480w, https:\/\/stammkoenigartus.de\/wp-content\/uploads\/IMG_20210502_173508-768x418.jpg 768w, https:\/\/stammkoenigartus.de\/wp-content\/uploads\/IMG_20210502_173508-423x230.jpg 423w, https:\/\/stammkoenigartus.de\/wp-content\/uploads\/IMG_20210502_173508-600x326.jpg 600w, https:\/\/stammkoenigartus.de\/wp-content\/uploads\/IMG_20210502_173508-400x218.jpg 400w\" sizes=\"auto, (max-width: 800px) 100vw, 800px\" \/><\/figure><div class=\"wp-block-media-text__content\">\n<p class=\"has-large-font-size\">Schritt 3: Abf\u00fcllen<\/p>\n\n\n\n<p>Nun konnte Jakob richtig los legen. Ein Glas nach dem Anderen f\u00fcllte er in einem extrem schnellen Tempo ab. Fast kam ich nicht mehr hinterher.<\/p>\n\n\n<\/div><\/div>\n\n\n\n<div class=\"wp-block-media-text alignwide has-media-on-the-right is-stacked-on-mobile\"><div class=\"wp-block-media-text__content\">\n<p class=\"has-large-font-size\">Schritt 4: Etikettieren<\/p>\n\n\n\n<p>Nun folgte noch der letzte Schritt, das Etikettieren der Gl\u00e4ser. Ich stempelte das Datum auf die Etiketten, w\u00e4hrenddessen klebte Jakob die nassklebenden Gew\u00e4hrverschl\u00fcsse \u00fcber die Deckel. Anschie\u00dfend kam das eigentliche Etikett drauf. Wieder in den Karton und fertig! Im Nu hatten wir alle Gl\u00e4ser fertig.<\/p>\n\n\n<\/div><figure class=\"wp-block-media-text__media\"><img loading=\"lazy\" decoding=\"async\" width=\"800\" height=\"425\" src=\"https:\/\/stammkoenigartus.de\/wp-content\/uploads\/IMG_20210502_173602.jpg\" alt=\"\" class=\"wp-image-16228 size-full\" srcset=\"https:\/\/stammkoenigartus.de\/wp-content\/uploads\/IMG_20210502_173602.jpg 800w, https:\/\/stammkoenigartus.de\/wp-content\/uploads\/IMG_20210502_173602-480x255.jpg 480w, https:\/\/stammkoenigartus.de\/wp-content\/uploads\/IMG_20210502_173602-768x408.jpg 768w, https:\/\/stammkoenigartus.de\/wp-content\/uploads\/IMG_20210502_173602-433x230.jpg 433w, https:\/\/stammkoenigartus.de\/wp-content\/uploads\/IMG_20210502_173602-600x319.jpg 600w, https:\/\/stammkoenigartus.de\/wp-content\/uploads\/IMG_20210502_173602-400x213.jpg 400w\" sizes=\"auto, (max-width: 800px) 100vw, 800px\" \/><\/figure><\/div>\n\n\n\n<p>Danke an Jakob, f\u00fcr die Unterst\u00fctzung. Wie ein Profi eben \ud83d\ude09<\/p>\n<p>Den Honig k\u00f6nnt ihr bald \u00fcber den Schreibwarenladen \/ Lottoannahme Brehm in Steinwiesen oder bei uns am Heim in Waldbuch bekommen.<\/p>\n<p>&nbsp;<\/p>\n<p>Selma&nbsp;<\/p>\n\n\n","protected":false},"excerpt":{"rendered":"<p>Von unserem im Sommer geernteten Honig ist noch etwas \u00fcbrig. Diesen wollten wir nun abf\u00fcllen und einen Einblick geben, welche Schritte daf\u00fcr notwendig sind. Aufgrund &hellip;<\/p>\n","protected":false},"author":3,"featured_media":15141,"comment_status":"open","ping_status":"closed","sticky":false,"template":"","format":"standard","meta":{"_monsterinsights_skip_tracking":false,"_monsterinsights_sitenote_active":false,"_monsterinsights_sitenote_note":"","_monsterinsights_sitenote_category":0,"footnotes":""},"categories":[264,136,137,131],"tags":[],"class_list":["post-16227","post","type-post","status-publish","format-standard","has-post-thumbnail","hentry","category-apis-mellifera-bienenprojektgruppe","category-pfadfinder","category-stamm","category-woelflinge"],"aioseo_notices":[],"_links":{"self":[{"href":"https:\/\/stammkoenigartus.de\/index.php?rest_route=\/wp\/v2\/posts\/16227","targetHints":{"allow":["GET"]}}],"collection":[{"href":"https:\/\/stammkoenigartus.de\/index.php?rest_route=\/wp\/v2\/posts"}],"about":[{"href":"https:\/\/stammkoenigartus.de\/index.php?rest_route=\/wp\/v2\/types\/post"}],"author":[{"embeddable":true,"href":"https:\/\/stammkoenigartus.de\/index.php?rest_route=\/wp\/v2\/users\/3"}],"replies":[{"embeddable":true,"href":"https:\/\/stammkoenigartus.de\/index.php?rest_route=%2Fwp%2Fv2%2Fcomments&post=16227"}],"version-history":[{"count":2,"href":"https:\/\/stammkoenigartus.de\/index.php?rest_route=\/wp\/v2\/posts\/16227\/revisions"}],"predecessor-version":[{"id":18041,"href":"https:\/\/stammkoenigartus.de\/index.php?rest_route=\/wp\/v2\/posts\/16227\/revisions\/18041"}],"wp:featuredmedia":[{"embeddable":true,"href":"https:\/\/stammkoenigartus.de\/index.php?rest_route=\/wp\/v2\/media\/15141"}],"wp:attachment":[{"href":"https:\/\/stammkoenigartus.de\/index.php?rest_route=%2Fwp%2Fv2%2Fmedia&parent=16227"}],"wp:term":[{"taxonomy":"category","embeddable":true,"href":"https:\/\/stammkoenigartus.de\/index.php?rest_route=%2Fwp%2Fv2%2Fcategories&post=16227"},{"taxonomy":"post_tag","embeddable":true,"href":"https:\/\/stammkoenigartus.de\/index.php?rest_route=%2Fwp%2Fv2%2Ftags&post=16227"}],"curies":[{"name":"wp","href":"https:\/\/api.w.org\/{rel}","templated":true}]}}