{"id":16262,"date":"2021-07-19T15:25:07","date_gmt":"2021-07-19T13:25:07","guid":{"rendered":"https:\/\/stammkoenigartus.de\/?p=16262"},"modified":"2023-02-12T16:09:08","modified_gmt":"2023-02-12T15:09:08","slug":"stammeslager-2021","status":"publish","type":"post","link":"https:\/\/stammkoenigartus.de\/?p=16262","title":{"rendered":"Stammeslager 2021"},"content":{"rendered":"\n<p>Nach genau einem Jahr haben wir uns als Stamm am vergangenen Wochenende wieder gesehen. Mit 26 Teilnehmern war das Stammeslager durchschnittlich\u00a0 besucht. Das Lager f\u00fchrte uns nach Rumpelbach bei Flossenb\u00fcrg. Hier haben wir in einem einsamen Tal mit genau einem Haus den perfekten Platz f\u00fcr unser Lager gefunden.<\/p>\n<div id='gallery-1' class='gallery galleryid-16262 gallery-columns-3 gallery-size-thumbnail'><figure class='gallery-item'>\n\t\t\t<div class='gallery-icon landscape'>\n\t\t\t\t<a href='https:\/\/stammkoenigartus.de\/?attachment_id=16263'><img loading=\"lazy\" decoding=\"async\" width=\"150\" height=\"150\" src=\"https:\/\/stammkoenigartus.de\/wp-content\/uploads\/RIMG2750-150x150.jpg\" class=\"attachment-thumbnail size-thumbnail\" alt=\"\" srcset=\"https:\/\/stammkoenigartus.de\/wp-content\/uploads\/RIMG2750-150x150.jpg 150w, https:\/\/stammkoenigartus.de\/wp-content\/uploads\/RIMG2750-300x300.jpg 300w, https:\/\/stammkoenigartus.de\/wp-content\/uploads\/RIMG2750-100x100.jpg 100w, https:\/\/stammkoenigartus.de\/wp-content\/uploads\/RIMG2750-200x200.jpg 200w\" sizes=\"auto, (max-width: 150px) 100vw, 150px\" \/><\/a>\n\t\t\t<\/div><\/figure><figure class='gallery-item'>\n\t\t\t<div class='gallery-icon landscape'>\n\t\t\t\t<a href='https:\/\/stammkoenigartus.de\/?attachment_id=16264'><img loading=\"lazy\" decoding=\"async\" width=\"150\" height=\"150\" src=\"https:\/\/stammkoenigartus.de\/wp-content\/uploads\/RIMG2764-150x150.jpg\" class=\"attachment-thumbnail size-thumbnail\" alt=\"\" srcset=\"https:\/\/stammkoenigartus.de\/wp-content\/uploads\/RIMG2764-150x150.jpg 150w, https:\/\/stammkoenigartus.de\/wp-content\/uploads\/RIMG2764-300x300.jpg 300w, https:\/\/stammkoenigartus.de\/wp-content\/uploads\/RIMG2764-100x100.jpg 100w, https:\/\/stammkoenigartus.de\/wp-content\/uploads\/RIMG2764-200x200.jpg 200w\" sizes=\"auto, (max-width: 150px) 100vw, 150px\" \/><\/a>\n\t\t\t<\/div><\/figure><figure class='gallery-item'>\n\t\t\t<div class='gallery-icon landscape'>\n\t\t\t\t<a href='https:\/\/stammkoenigartus.de\/?attachment_id=16265'><img loading=\"lazy\" decoding=\"async\" width=\"150\" height=\"150\" src=\"https:\/\/stammkoenigartus.de\/wp-content\/uploads\/RIMG2752-150x150.jpg\" class=\"attachment-thumbnail size-thumbnail\" alt=\"\" srcset=\"https:\/\/stammkoenigartus.de\/wp-content\/uploads\/RIMG2752-150x150.jpg 150w, https:\/\/stammkoenigartus.de\/wp-content\/uploads\/RIMG2752-300x300.jpg 300w, https:\/\/stammkoenigartus.de\/wp-content\/uploads\/RIMG2752-100x100.jpg 100w, https:\/\/stammkoenigartus.de\/wp-content\/uploads\/RIMG2752-200x200.jpg 200w\" sizes=\"auto, (max-width: 150px) 100vw, 150px\" \/><\/a>\n\t\t\t<\/div><\/figure>\n\t\t<\/div>\n\n<p>Am Samstag f\u00fchrte uns eine kleine Wanderung zur Flossenb\u00fcrg, die\u00a0 &#8211; bevor Sie eine Ruine wurde &#8211; eine Flossenform hatte. Um diese Ruine herum waren 5 Posten mit vielen verschiedenen Dingen versteckt, die wir \u00fcber eine Karte finden mussten. So konnten wir Kerzen gie\u00dfen, die wir am Lagerfeuer nutzten, Informatives zur Naturkunde oder zu ausl\u00e4ndischen Pfadfindern. Auch eine gem\u00fctliche Runde Wikingerschach konnten wir in Ruhe spielen.<\/p>\n<div id='gallery-2' class='gallery galleryid-16262 gallery-columns-3 gallery-size-thumbnail'><figure class='gallery-item'>\n\t\t\t<div class='gallery-icon landscape'>\n\t\t\t\t<a href='https:\/\/stammkoenigartus.de\/?attachment_id=16266'><img loading=\"lazy\" decoding=\"async\" width=\"150\" height=\"150\" src=\"https:\/\/stammkoenigartus.de\/wp-content\/uploads\/RIMG2776-150x150.jpg\" class=\"attachment-thumbnail size-thumbnail\" alt=\"\" srcset=\"https:\/\/stammkoenigartus.de\/wp-content\/uploads\/RIMG2776-150x150.jpg 150w, https:\/\/stammkoenigartus.de\/wp-content\/uploads\/RIMG2776-300x300.jpg 300w, https:\/\/stammkoenigartus.de\/wp-content\/uploads\/RIMG2776-100x100.jpg 100w, https:\/\/stammkoenigartus.de\/wp-content\/uploads\/RIMG2776-200x200.jpg 200w\" sizes=\"auto, (max-width: 150px) 100vw, 150px\" \/><\/a>\n\t\t\t<\/div><\/figure><figure class='gallery-item'>\n\t\t\t<div class='gallery-icon landscape'>\n\t\t\t\t<a href='https:\/\/stammkoenigartus.de\/?attachment_id=16267'><img loading=\"lazy\" decoding=\"async\" width=\"150\" height=\"150\" src=\"https:\/\/stammkoenigartus.de\/wp-content\/uploads\/RIMG2777-150x150.jpg\" class=\"attachment-thumbnail size-thumbnail\" alt=\"\" srcset=\"https:\/\/stammkoenigartus.de\/wp-content\/uploads\/RIMG2777-150x150.jpg 150w, https:\/\/stammkoenigartus.de\/wp-content\/uploads\/RIMG2777-300x300.jpg 300w, https:\/\/stammkoenigartus.de\/wp-content\/uploads\/RIMG2777-100x100.jpg 100w, https:\/\/stammkoenigartus.de\/wp-content\/uploads\/RIMG2777-200x200.jpg 200w\" sizes=\"auto, (max-width: 150px) 100vw, 150px\" \/><\/a>\n\t\t\t<\/div><\/figure><figure class='gallery-item'>\n\t\t\t<div class='gallery-icon landscape'>\n\t\t\t\t<a href='https:\/\/stammkoenigartus.de\/?attachment_id=16268'><img loading=\"lazy\" decoding=\"async\" width=\"150\" height=\"150\" src=\"https:\/\/stammkoenigartus.de\/wp-content\/uploads\/RIMG2783-150x150.jpg\" class=\"attachment-thumbnail size-thumbnail\" alt=\"\" srcset=\"https:\/\/stammkoenigartus.de\/wp-content\/uploads\/RIMG2783-150x150.jpg 150w, https:\/\/stammkoenigartus.de\/wp-content\/uploads\/RIMG2783-300x300.jpg 300w, https:\/\/stammkoenigartus.de\/wp-content\/uploads\/RIMG2783-100x100.jpg 100w, https:\/\/stammkoenigartus.de\/wp-content\/uploads\/RIMG2783-200x200.jpg 200w\" sizes=\"auto, (max-width: 150px) 100vw, 150px\" \/><\/a>\n\t\t\t<\/div><\/figure>\n\t\t<\/div>\n\n<p>Am Nachmittag machten sich unsere Rover auf, um die KZ Gedenkst\u00e4tte zu besuchen und auf die Spuren der Vergangenheit zu gehen. Alle anderen machten sich auf zum nahe gelegenen See, an dem ein Wasserspielplatz und eine Badem\u00f6glichkeit nicht lange auf sich warten lie\u00dfen. Das nutzten alle ausgiebig und st\u00fcrzten sich in den See.<\/p>\n<div id='gallery-3' class='gallery galleryid-16262 gallery-columns-3 gallery-size-thumbnail'><figure class='gallery-item'>\n\t\t\t<div class='gallery-icon landscape'>\n\t\t\t\t<a href='https:\/\/stammkoenigartus.de\/?attachment_id=16269'><img loading=\"lazy\" decoding=\"async\" width=\"150\" height=\"150\" src=\"https:\/\/stammkoenigartus.de\/wp-content\/uploads\/RIMG2799-150x150.jpg\" class=\"attachment-thumbnail size-thumbnail\" alt=\"\" srcset=\"https:\/\/stammkoenigartus.de\/wp-content\/uploads\/RIMG2799-150x150.jpg 150w, https:\/\/stammkoenigartus.de\/wp-content\/uploads\/RIMG2799-300x300.jpg 300w, https:\/\/stammkoenigartus.de\/wp-content\/uploads\/RIMG2799-100x100.jpg 100w, https:\/\/stammkoenigartus.de\/wp-content\/uploads\/RIMG2799-200x200.jpg 200w\" sizes=\"auto, (max-width: 150px) 100vw, 150px\" \/><\/a>\n\t\t\t<\/div><\/figure><figure class='gallery-item'>\n\t\t\t<div class='gallery-icon landscape'>\n\t\t\t\t<a href='https:\/\/stammkoenigartus.de\/?attachment_id=16270'><img loading=\"lazy\" decoding=\"async\" width=\"150\" height=\"150\" src=\"https:\/\/stammkoenigartus.de\/wp-content\/uploads\/RIMG2826-150x150.jpg\" class=\"attachment-thumbnail size-thumbnail\" alt=\"\" srcset=\"https:\/\/stammkoenigartus.de\/wp-content\/uploads\/RIMG2826-150x150.jpg 150w, https:\/\/stammkoenigartus.de\/wp-content\/uploads\/RIMG2826-300x300.jpg 300w, https:\/\/stammkoenigartus.de\/wp-content\/uploads\/RIMG2826-100x100.jpg 100w, https:\/\/stammkoenigartus.de\/wp-content\/uploads\/RIMG2826-200x200.jpg 200w\" sizes=\"auto, (max-width: 150px) 100vw, 150px\" \/><\/a>\n\t\t\t<\/div><\/figure><figure class='gallery-item'>\n\t\t\t<div class='gallery-icon landscape'>\n\t\t\t\t<a href='https:\/\/stammkoenigartus.de\/?attachment_id=16271'><img loading=\"lazy\" decoding=\"async\" width=\"150\" height=\"150\" src=\"https:\/\/stammkoenigartus.de\/wp-content\/uploads\/RIMG2798-150x150.jpg\" class=\"attachment-thumbnail size-thumbnail\" alt=\"\" srcset=\"https:\/\/stammkoenigartus.de\/wp-content\/uploads\/RIMG2798-150x150.jpg 150w, https:\/\/stammkoenigartus.de\/wp-content\/uploads\/RIMG2798-300x300.jpg 300w, https:\/\/stammkoenigartus.de\/wp-content\/uploads\/RIMG2798-100x100.jpg 100w, https:\/\/stammkoenigartus.de\/wp-content\/uploads\/RIMG2798-200x200.jpg 200w\" sizes=\"auto, (max-width: 150px) 100vw, 150px\" \/><\/a>\n\t\t\t<\/div><\/figure>\n\t\t<\/div>\n\n<p>Nachdem sich alle wieder am Platz versammelt hatten, fand unser Stammesrat statt. Hier wurden alle \u00c4mter und Zusatz\u00e4mter neu gew\u00e4hlt. Demokratisch hatte jedes Mitglied im Stamm eine Stimme, die zur Entscheidung beigetragen hat und den Stamm weiterhin tr\u00e4gt.<\/p>\n<div id='gallery-4' class='gallery galleryid-16262 gallery-columns-3 gallery-size-thumbnail'><figure class='gallery-item'>\n\t\t\t<div class='gallery-icon landscape'>\n\t\t\t\t<a href='https:\/\/stammkoenigartus.de\/?attachment_id=16272'><img loading=\"lazy\" decoding=\"async\" width=\"150\" height=\"150\" src=\"https:\/\/stammkoenigartus.de\/wp-content\/uploads\/RIMG2836-150x150.jpg\" class=\"attachment-thumbnail size-thumbnail\" alt=\"\" srcset=\"https:\/\/stammkoenigartus.de\/wp-content\/uploads\/RIMG2836-150x150.jpg 150w, https:\/\/stammkoenigartus.de\/wp-content\/uploads\/RIMG2836-300x300.jpg 300w, https:\/\/stammkoenigartus.de\/wp-content\/uploads\/RIMG2836-100x100.jpg 100w, https:\/\/stammkoenigartus.de\/wp-content\/uploads\/RIMG2836-200x200.jpg 200w\" sizes=\"auto, (max-width: 150px) 100vw, 150px\" \/><\/a>\n\t\t\t<\/div><\/figure><figure class='gallery-item'>\n\t\t\t<div class='gallery-icon landscape'>\n\t\t\t\t<a href='https:\/\/stammkoenigartus.de\/?attachment_id=16273'><img loading=\"lazy\" decoding=\"async\" width=\"150\" height=\"150\" src=\"https:\/\/stammkoenigartus.de\/wp-content\/uploads\/RIMG2834-150x150.jpg\" class=\"attachment-thumbnail size-thumbnail\" alt=\"\" srcset=\"https:\/\/stammkoenigartus.de\/wp-content\/uploads\/RIMG2834-150x150.jpg 150w, https:\/\/stammkoenigartus.de\/wp-content\/uploads\/RIMG2834-300x300.jpg 300w, https:\/\/stammkoenigartus.de\/wp-content\/uploads\/RIMG2834-100x100.jpg 100w, https:\/\/stammkoenigartus.de\/wp-content\/uploads\/RIMG2834-200x200.jpg 200w\" sizes=\"auto, (max-width: 150px) 100vw, 150px\" \/><\/a>\n\t\t\t<\/div><\/figure><figure class='gallery-item'>\n\t\t\t<div class='gallery-icon landscape'>\n\t\t\t\t<a href='https:\/\/stammkoenigartus.de\/?attachment_id=16274'><img loading=\"lazy\" decoding=\"async\" width=\"150\" height=\"150\" src=\"https:\/\/stammkoenigartus.de\/wp-content\/uploads\/RIMG2841-150x150.jpg\" class=\"attachment-thumbnail size-thumbnail\" alt=\"\" srcset=\"https:\/\/stammkoenigartus.de\/wp-content\/uploads\/RIMG2841-150x150.jpg 150w, https:\/\/stammkoenigartus.de\/wp-content\/uploads\/RIMG2841-300x300.jpg 300w, https:\/\/stammkoenigartus.de\/wp-content\/uploads\/RIMG2841-100x100.jpg 100w, https:\/\/stammkoenigartus.de\/wp-content\/uploads\/RIMG2841-200x200.jpg 200w\" sizes=\"auto, (max-width: 150px) 100vw, 150px\" \/><\/a>\n\t\t\t<\/div><\/figure>\n\t\t<\/div>\n\n<p>Der Abend begann mit einem Essen, das aus Semmelklo\u00df und Pilzrahmgeschnetzeltem bestand. Als Nachspeise reichte man griechischen Joghurt und selbst geimkerten Honig. Direkt im Anschluss stellten wir uns zum Schweigemarsch auf. Mit dem Rauschen des Rumpelbaches betraten wir einen unebenen Weg, der uns direkt zu einem gro\u00dfen Stein f\u00fchrte. Hier weihten wir die Fahne der <a href=\"https:\/\/stammkoenigartus.de\/?page_id=15988\" target=\"_blank\" rel=\"noopener\">Meute Waldeule<\/a>, die nun offiziell einen Meutenf\u00fchrer (Felix) und einen Meutenhelfer (Pascal) hat. 6 W\u00f6lflinge der neuen Meute hatten sich auf das Abenteuer Stammeslager eingelassen und durften vor dem Stamm ihr Versprechen ablegen. Hierf\u00fcr wurde ihnen das Halstuch verliehen. Das gleiche galt f\u00fcr einen W\u00f6lfling der<a href=\"https:\/\/stammkoenigartus.de\/?page_id=93\" target=\"_blank\" rel=\"noopener\"> Meute Fledermaus<\/a>. Im Anschluss gab Axel, der Fahrtenleiter der Gro\u00dffahrt noch bekannt, dass wir nun offiziell nach Schweden fahren. Auch unsere Freunde vom Pfadfinderstamm Waldl\u00e4ufer aus Grafenw\u00f6hr hatten von unserem Stammeslager geh\u00f6rt und sind spontan vorbeigekommen. Ein gelungener Abend, der mit einer Singerunde und langen Gespr\u00e4chen am Feuer endete. Ich Danke ausdr\u00fccklich jedem, den ich wiedersehen durfte &#8230;. Felix<\/p>\n<p><a href=\"https:\/\/stammkoenigartus.de\/wp-content\/uploads\/RIMG28222232.jpg\" rel=\"lightbox[16262]\"><img loading=\"lazy\" decoding=\"async\" class=\"alignnone  wp-image-16275\" src=\"https:\/\/stammkoenigartus.de\/wp-content\/uploads\/RIMG28222232.jpg\" alt=\"\" width=\"660\" height=\"279\" srcset=\"https:\/\/stammkoenigartus.de\/wp-content\/uploads\/RIMG28222232.jpg 800w, https:\/\/stammkoenigartus.de\/wp-content\/uploads\/RIMG28222232-480x203.jpg 480w, https:\/\/stammkoenigartus.de\/wp-content\/uploads\/RIMG28222232-768x324.jpg 768w, https:\/\/stammkoenigartus.de\/wp-content\/uploads\/RIMG28222232-540x228.jpg 540w, https:\/\/stammkoenigartus.de\/wp-content\/uploads\/RIMG28222232-600x254.jpg 600w, https:\/\/stammkoenigartus.de\/wp-content\/uploads\/RIMG28222232-400x169.jpg 400w\" sizes=\"auto, (max-width: 660px) 100vw, 660px\" \/><\/a><\/p>\n","protected":false},"excerpt":{"rendered":"<p>Nach genau einem Jahr haben wir uns als Stamm am vergangenen Wochenende wieder gesehen. Mit 26 Teilnehmern war das Stammeslager durchschnittlich\u00a0 besucht. Das Lager f\u00fchrte &hellip;<\/p>\n","protected":false},"author":2,"featured_media":16272,"comment_status":"open","ping_status":"closed","sticky":false,"template":"","format":"standard","meta":{"_monsterinsights_skip_tracking":false,"_monsterinsights_sitenote_active":false,"_monsterinsights_sitenote_note":"","_monsterinsights_sitenote_category":0,"footnotes":""},"categories":[130],"tags":[],"class_list":["post-16262","post","type-post","status-publish","format-standard","has-post-thumbnail","hentry","category-unsere-aktionen"],"aioseo_notices":[],"_links":{"self":[{"href":"https:\/\/stammkoenigartus.de\/index.php?rest_route=\/wp\/v2\/posts\/16262","targetHints":{"allow":["GET"]}}],"collection":[{"href":"https:\/\/stammkoenigartus.de\/index.php?rest_route=\/wp\/v2\/posts"}],"about":[{"href":"https:\/\/stammkoenigartus.de\/index.php?rest_route=\/wp\/v2\/types\/post"}],"author":[{"embeddable":true,"href":"https:\/\/stammkoenigartus.de\/index.php?rest_route=\/wp\/v2\/users\/2"}],"replies":[{"embeddable":true,"href":"https:\/\/stammkoenigartus.de\/index.php?rest_route=%2Fwp%2Fv2%2Fcomments&post=16262"}],"version-history":[{"count":3,"href":"https:\/\/stammkoenigartus.de\/index.php?rest_route=\/wp\/v2\/posts\/16262\/revisions"}],"predecessor-version":[{"id":18045,"href":"https:\/\/stammkoenigartus.de\/index.php?rest_route=\/wp\/v2\/posts\/16262\/revisions\/18045"}],"wp:featuredmedia":[{"embeddable":true,"href":"https:\/\/stammkoenigartus.de\/index.php?rest_route=\/wp\/v2\/media\/16272"}],"wp:attachment":[{"href":"https:\/\/stammkoenigartus.de\/index.php?rest_route=%2Fwp%2Fv2%2Fmedia&parent=16262"}],"wp:term":[{"taxonomy":"category","embeddable":true,"href":"https:\/\/stammkoenigartus.de\/index.php?rest_route=%2Fwp%2Fv2%2Fcategories&post=16262"},{"taxonomy":"post_tag","embeddable":true,"href":"https:\/\/stammkoenigartus.de\/index.php?rest_route=%2Fwp%2Fv2%2Ftags&post=16262"}],"curies":[{"name":"wp","href":"https:\/\/api.w.org\/{rel}","templated":true}]}}