{"id":16329,"date":"2021-07-07T12:40:00","date_gmt":"2021-07-07T10:40:00","guid":{"rendered":"https:\/\/stammkoenigartus.de\/?p=16329"},"modified":"2021-09-05T12:54:08","modified_gmt":"2021-09-05T10:54:08","slug":"waldnacht-meute-waldeule","status":"publish","type":"post","link":"https:\/\/stammkoenigartus.de\/?p=16329","title":{"rendered":"Waldnacht Meute Waldeule"},"content":{"rendered":"\n<p>Wir trafen uns w\u00e4hrend der Ferien an einem Mittwoch. 9 Kids trauen sich in ihr erstes Abenteuer. Eine Nacht im Wald. Hierzu trafen wir uns am Pfadfinderheim, verstauten die Rucks\u00e4cke im Auto und wanderten los. Den Fischbacher Berg hinauf an Baggern vorbei in ein gro\u00dfes Waldgebiet.<\/p>\n<div id='gallery-1' class='gallery galleryid-16329 gallery-columns-3 gallery-size-thumbnail'><figure class='gallery-item'>\n\t\t\t<div class='gallery-icon landscape'>\n\t\t\t\t<a href='https:\/\/stammkoenigartus.de\/?attachment_id=16330'><img loading=\"lazy\" decoding=\"async\" width=\"150\" height=\"150\" src=\"https:\/\/stammkoenigartus.de\/wp-content\/uploads\/RIMG2433-150x150.jpg\" class=\"attachment-thumbnail size-thumbnail\" alt=\"\" srcset=\"https:\/\/stammkoenigartus.de\/wp-content\/uploads\/RIMG2433-150x150.jpg 150w, https:\/\/stammkoenigartus.de\/wp-content\/uploads\/RIMG2433-300x300.jpg 300w, https:\/\/stammkoenigartus.de\/wp-content\/uploads\/RIMG2433-100x100.jpg 100w, https:\/\/stammkoenigartus.de\/wp-content\/uploads\/RIMG2433-200x200.jpg 200w\" sizes=\"auto, (max-width: 150px) 100vw, 150px\" \/><\/a>\n\t\t\t<\/div><\/figure><figure class='gallery-item'>\n\t\t\t<div class='gallery-icon landscape'>\n\t\t\t\t<a href='https:\/\/stammkoenigartus.de\/?attachment_id=16331'><img loading=\"lazy\" decoding=\"async\" width=\"150\" height=\"150\" src=\"https:\/\/stammkoenigartus.de\/wp-content\/uploads\/RIMG2436-150x150.jpg\" class=\"attachment-thumbnail size-thumbnail\" alt=\"\" srcset=\"https:\/\/stammkoenigartus.de\/wp-content\/uploads\/RIMG2436-150x150.jpg 150w, https:\/\/stammkoenigartus.de\/wp-content\/uploads\/RIMG2436-300x300.jpg 300w, https:\/\/stammkoenigartus.de\/wp-content\/uploads\/RIMG2436-100x100.jpg 100w, https:\/\/stammkoenigartus.de\/wp-content\/uploads\/RIMG2436-200x200.jpg 200w\" sizes=\"auto, (max-width: 150px) 100vw, 150px\" \/><\/a>\n\t\t\t<\/div><\/figure><figure class='gallery-item'>\n\t\t\t<div class='gallery-icon landscape'>\n\t\t\t\t<a href='https:\/\/stammkoenigartus.de\/?attachment_id=16332'><img loading=\"lazy\" decoding=\"async\" width=\"150\" height=\"150\" src=\"https:\/\/stammkoenigartus.de\/wp-content\/uploads\/RIMG2434-150x150.jpg\" class=\"attachment-thumbnail size-thumbnail\" alt=\"\" srcset=\"https:\/\/stammkoenigartus.de\/wp-content\/uploads\/RIMG2434-150x150.jpg 150w, https:\/\/stammkoenigartus.de\/wp-content\/uploads\/RIMG2434-300x300.jpg 300w, https:\/\/stammkoenigartus.de\/wp-content\/uploads\/RIMG2434-100x100.jpg 100w, https:\/\/stammkoenigartus.de\/wp-content\/uploads\/RIMG2434-200x200.jpg 200w\" sizes=\"auto, (max-width: 150px) 100vw, 150px\" \/><\/a>\n\t\t\t<\/div><\/figure>\n\t\t<\/div>\n\n<p>Im Wald angekommen wurde eine Jurte und ein Alexzelt aufgebaut, Feuerholz wurde gesucht und ein Klo f\u00fcr die gro\u00dfen Begebenheiten installiert. Es war f\u00fcr die Kids der Meute Waldeule aus Stadtsteinach die erste Nacht im Zelt, daher freuten sich alle riesig auf die Dunkelheit. Es gab noch zwei Dinge zu tund, zum einen machten wir uns Gedanken was auf unserer Meutenfahne abgebildet sein sollte. Zum anderen wurden unsere Marshmallows entf\u00fchrt und wir mussten diese mit Hilfe von Waldl\u00e4uferzeichen wieder finden.<\/p>\n<div id='gallery-2' class='gallery galleryid-16329 gallery-columns-3 gallery-size-thumbnail'><figure class='gallery-item'>\n\t\t\t<div class='gallery-icon landscape'>\n\t\t\t\t<a href='https:\/\/stammkoenigartus.de\/?attachment_id=16333'><img loading=\"lazy\" decoding=\"async\" width=\"150\" height=\"150\" src=\"https:\/\/stammkoenigartus.de\/wp-content\/uploads\/RIMG2449-150x150.jpg\" class=\"attachment-thumbnail size-thumbnail\" alt=\"\" srcset=\"https:\/\/stammkoenigartus.de\/wp-content\/uploads\/RIMG2449-150x150.jpg 150w, https:\/\/stammkoenigartus.de\/wp-content\/uploads\/RIMG2449-300x300.jpg 300w, https:\/\/stammkoenigartus.de\/wp-content\/uploads\/RIMG2449-100x100.jpg 100w, https:\/\/stammkoenigartus.de\/wp-content\/uploads\/RIMG2449-200x200.jpg 200w\" sizes=\"auto, (max-width: 150px) 100vw, 150px\" \/><\/a>\n\t\t\t<\/div><\/figure><figure class='gallery-item'>\n\t\t\t<div class='gallery-icon landscape'>\n\t\t\t\t<a href='https:\/\/stammkoenigartus.de\/?attachment_id=16334'><img loading=\"lazy\" decoding=\"async\" width=\"150\" height=\"150\" src=\"https:\/\/stammkoenigartus.de\/wp-content\/uploads\/RIMG2440-150x150.jpg\" class=\"attachment-thumbnail size-thumbnail\" alt=\"\" srcset=\"https:\/\/stammkoenigartus.de\/wp-content\/uploads\/RIMG2440-150x150.jpg 150w, https:\/\/stammkoenigartus.de\/wp-content\/uploads\/RIMG2440-300x300.jpg 300w, https:\/\/stammkoenigartus.de\/wp-content\/uploads\/RIMG2440-100x100.jpg 100w, https:\/\/stammkoenigartus.de\/wp-content\/uploads\/RIMG2440-200x200.jpg 200w\" sizes=\"auto, (max-width: 150px) 100vw, 150px\" \/><\/a>\n\t\t\t<\/div><\/figure><figure class='gallery-item'>\n\t\t\t<div class='gallery-icon landscape'>\n\t\t\t\t<a href='https:\/\/stammkoenigartus.de\/?attachment_id=16335'><img loading=\"lazy\" decoding=\"async\" width=\"150\" height=\"150\" src=\"https:\/\/stammkoenigartus.de\/wp-content\/uploads\/RIMG2441-150x150.jpg\" class=\"attachment-thumbnail size-thumbnail\" alt=\"\" srcset=\"https:\/\/stammkoenigartus.de\/wp-content\/uploads\/RIMG2441-150x150.jpg 150w, https:\/\/stammkoenigartus.de\/wp-content\/uploads\/RIMG2441-300x300.jpg 300w, https:\/\/stammkoenigartus.de\/wp-content\/uploads\/RIMG2441-100x100.jpg 100w, https:\/\/stammkoenigartus.de\/wp-content\/uploads\/RIMG2441-200x200.jpg 200w\" sizes=\"auto, (max-width: 150px) 100vw, 150px\" \/><\/a>\n\t\t\t<\/div><\/figure>\n\t\t<\/div>\n\n<p>\u00a0<\/p>\n<p>Viele Spiele und ein warmes Feuer machten den Abend zu einem einmaligem Erlebnis. Viel zu schnell wurde es Dunkel und die M\u00fcdigkeit trieb uns in die Schlafs\u00e4cke. Jeder war gl\u00fccklich. Am Donnerstag morgen kitzelten und die Sonnenstrahlen wach und wir standen auf. Nach einem kleinen Fr\u00fchst\u00fcck packten wir wieder alles zusammen und wanderten zur\u00fcck nach Gro\u00dfvichtach. Dort angekommen warteten die Rucks\u00e4cke und die Eltern schon auf uns.<\/p>\n<div id='gallery-3' class='gallery galleryid-16329 gallery-columns-3 gallery-size-thumbnail'><figure class='gallery-item'>\n\t\t\t<div class='gallery-icon landscape'>\n\t\t\t\t<a href='https:\/\/stammkoenigartus.de\/?attachment_id=16336'><img loading=\"lazy\" decoding=\"async\" width=\"150\" height=\"150\" src=\"https:\/\/stammkoenigartus.de\/wp-content\/uploads\/RIMG2500-150x150.jpg\" class=\"attachment-thumbnail size-thumbnail\" alt=\"\" srcset=\"https:\/\/stammkoenigartus.de\/wp-content\/uploads\/RIMG2500-150x150.jpg 150w, https:\/\/stammkoenigartus.de\/wp-content\/uploads\/RIMG2500-300x300.jpg 300w, https:\/\/stammkoenigartus.de\/wp-content\/uploads\/RIMG2500-100x100.jpg 100w, https:\/\/stammkoenigartus.de\/wp-content\/uploads\/RIMG2500-200x200.jpg 200w\" sizes=\"auto, (max-width: 150px) 100vw, 150px\" \/><\/a>\n\t\t\t<\/div><\/figure><figure class='gallery-item'>\n\t\t\t<div class='gallery-icon landscape'>\n\t\t\t\t<a href='https:\/\/stammkoenigartus.de\/?attachment_id=16337'><img loading=\"lazy\" decoding=\"async\" width=\"150\" height=\"150\" src=\"https:\/\/stammkoenigartus.de\/wp-content\/uploads\/RIMG2536-150x150.jpg\" class=\"attachment-thumbnail size-thumbnail\" alt=\"\" srcset=\"https:\/\/stammkoenigartus.de\/wp-content\/uploads\/RIMG2536-150x150.jpg 150w, https:\/\/stammkoenigartus.de\/wp-content\/uploads\/RIMG2536-300x300.jpg 300w, https:\/\/stammkoenigartus.de\/wp-content\/uploads\/RIMG2536-100x100.jpg 100w, https:\/\/stammkoenigartus.de\/wp-content\/uploads\/RIMG2536-200x200.jpg 200w\" sizes=\"auto, (max-width: 150px) 100vw, 150px\" \/><\/a>\n\t\t\t<\/div><\/figure><figure class='gallery-item'>\n\t\t\t<div class='gallery-icon landscape'>\n\t\t\t\t<a href='https:\/\/stammkoenigartus.de\/?attachment_id=16338'><img loading=\"lazy\" decoding=\"async\" width=\"150\" height=\"150\" src=\"https:\/\/stammkoenigartus.de\/wp-content\/uploads\/RIMG2557-150x150.jpg\" class=\"attachment-thumbnail size-thumbnail\" alt=\"\" srcset=\"https:\/\/stammkoenigartus.de\/wp-content\/uploads\/RIMG2557-150x150.jpg 150w, https:\/\/stammkoenigartus.de\/wp-content\/uploads\/RIMG2557-300x300.jpg 300w, https:\/\/stammkoenigartus.de\/wp-content\/uploads\/RIMG2557-100x100.jpg 100w, https:\/\/stammkoenigartus.de\/wp-content\/uploads\/RIMG2557-200x200.jpg 200w\" sizes=\"auto, (max-width: 150px) 100vw, 150px\" \/><\/a>\n\t\t\t<\/div><\/figure>\n\t\t<\/div>\n\n<p>Wir d\u00fcrfen allen Eltern f\u00fcrs Vertrauen Danken und die Kids f\u00fcr ihren Mut bewundern. Mich hat es gefreut das so viele dem Ruf zur 1. Waldnacht gefolgt sind.<\/p>\n<p><a href=\"https:\/\/stammkoenigartus.de\/wp-content\/uploads\/RIMG2439.jpg\" rel=\"lightbox[16329]\"><img loading=\"lazy\" decoding=\"async\" class=\"alignnone size-full wp-image-16339\" src=\"https:\/\/stammkoenigartus.de\/wp-content\/uploads\/RIMG2439.jpg\" alt=\"\" width=\"800\" height=\"506\" srcset=\"https:\/\/stammkoenigartus.de\/wp-content\/uploads\/RIMG2439.jpg 800w, https:\/\/stammkoenigartus.de\/wp-content\/uploads\/RIMG2439-480x304.jpg 480w, https:\/\/stammkoenigartus.de\/wp-content\/uploads\/RIMG2439-768x486.jpg 768w, https:\/\/stammkoenigartus.de\/wp-content\/uploads\/RIMG2439-364x230.jpg 364w, https:\/\/stammkoenigartus.de\/wp-content\/uploads\/RIMG2439-600x380.jpg 600w, https:\/\/stammkoenigartus.de\/wp-content\/uploads\/RIMG2439-400x253.jpg 400w\" sizes=\"auto, (max-width: 800px) 100vw, 800px\" \/><\/a><\/p>\n","protected":false},"excerpt":{"rendered":"<p>Wir trafen uns w\u00e4hrend der Ferien an einem Mittwoch. 9 Kids trauen sich in ihr erstes Abenteuer. Eine Nacht im Wald. Hierzu trafen wir uns &hellip;<\/p>\n","protected":false},"author":2,"featured_media":16338,"comment_status":"open","ping_status":"closed","sticky":false,"template":"","format":"standard","meta":{"_monsterinsights_skip_tracking":false,"_monsterinsights_sitenote_active":false,"_monsterinsights_sitenote_note":"","_monsterinsights_sitenote_category":0,"footnotes":""},"categories":[130],"tags":[],"class_list":["post-16329","post","type-post","status-publish","format-standard","has-post-thumbnail","hentry","category-unsere-aktionen"],"aioseo_notices":[],"_links":{"self":[{"href":"https:\/\/stammkoenigartus.de\/index.php?rest_route=\/wp\/v2\/posts\/16329","targetHints":{"allow":["GET"]}}],"collection":[{"href":"https:\/\/stammkoenigartus.de\/index.php?rest_route=\/wp\/v2\/posts"}],"about":[{"href":"https:\/\/stammkoenigartus.de\/index.php?rest_route=\/wp\/v2\/types\/post"}],"author":[{"embeddable":true,"href":"https:\/\/stammkoenigartus.de\/index.php?rest_route=\/wp\/v2\/users\/2"}],"replies":[{"embeddable":true,"href":"https:\/\/stammkoenigartus.de\/index.php?rest_route=%2Fwp%2Fv2%2Fcomments&post=16329"}],"version-history":[{"count":1,"href":"https:\/\/stammkoenigartus.de\/index.php?rest_route=\/wp\/v2\/posts\/16329\/revisions"}],"predecessor-version":[{"id":16340,"href":"https:\/\/stammkoenigartus.de\/index.php?rest_route=\/wp\/v2\/posts\/16329\/revisions\/16340"}],"wp:featuredmedia":[{"embeddable":true,"href":"https:\/\/stammkoenigartus.de\/index.php?rest_route=\/wp\/v2\/media\/16338"}],"wp:attachment":[{"href":"https:\/\/stammkoenigartus.de\/index.php?rest_route=%2Fwp%2Fv2%2Fmedia&parent=16329"}],"wp:term":[{"taxonomy":"category","embeddable":true,"href":"https:\/\/stammkoenigartus.de\/index.php?rest_route=%2Fwp%2Fv2%2Fcategories&post=16329"},{"taxonomy":"post_tag","embeddable":true,"href":"https:\/\/stammkoenigartus.de\/index.php?rest_route=%2Fwp%2Fv2%2Ftags&post=16329"}],"curies":[{"name":"wp","href":"https:\/\/api.w.org\/{rel}","templated":true}]}}