{"id":1672,"date":"2012-11-15T19:59:50","date_gmt":"2012-11-15T18:59:50","guid":{"rendered":"http:\/\/stammkoenigartus.de\/?p=1672"},"modified":"2023-01-30T20:38:14","modified_gmt":"2023-01-30T19:38:14","slug":"bericht-rennsteighaijk","status":"publish","type":"post","link":"https:\/\/stammkoenigartus.de\/?p=1672","title":{"rendered":"Bericht Rennsteighaijk"},"content":{"rendered":"<p>Am Freitag, den 12. Oktober 2012 trafen wir F\u00fchrer uns um 17 Uhr, um ein St\u00fcck des Rennsteigs weiter zu laufen. Die Idee dazu kam uns, als die damaligen F\u00fchrer 2005 schon einmal 9 Tage und 140km den Rennsteig entlang liefen und ihnen wegen gesundheitlicher Turbulenzen nichts anderes \u00fcbrig blieb, als vor dem letzten Tag abzubrechen. Da wir nicht diese Tagesetappe fertig laufen wollten, entschlossen wir uns, ein anderes St\u00fcck des Rennsteigs auszusuchen. Nachdem wir eine Stunde sp\u00e4ter das Material und die Lebensmittel aufgeteilt und in unsere Rucks\u00e4cke untergebracht hatten, konnte die gut eineinhalbst\u00fcndige Fahrt nach Neustadt am Rennsteig auch schon losgehen. Da wir keine Zelte mitgenommen haben, weil wir dachten, dass es hier gen\u00fcgend Schutzh\u00fctten gibt, suchten wir mithilfe einer Karte die n\u00e4chstgelegene Unterkunft und dann konnten wir mit Lampen bewaffnet auch schon starten. Als wir halberfroren bei unserer \u00dcbernachtungsm\u00f6glichkeit eintrafen, bereiteten wir unseren Schlafplatz vor, w\u00e4hrend sich Stefan um einen warmen Tee k\u00fcmmerte. Als wir danach noch etwas gegessen hatten, legten wir uns in unsere Schlafs\u00e4cke. Am n\u00e4chsten Tag liefen wir einen kleinen Umweg in eine gr\u00f6\u00dfere Gemeinde, damit wir noch etwas einkaufen konnten. Zur\u00fcck auf dem Rennsteig machten wir an der n\u00e4chstgelegenen Bank erst einmal eine entspannte Mittagspause. Alles gut verstaut, machten wir uns dann auch wieder auf den Weg. Als es Abend wurde, bereiteten wir nach dem Essen alles f\u00fcr den n\u00e4chsten Tag vor und schliefen dann sofort ein. Am Sonntagmorgen liefen wir noch ein kleines St\u00fcck, bis wir dann von Willi abgeholt wurden. Ich finde, das war ein wirklich toller Haijk und dank der vielen Schutzh\u00fctten war der Rucksack auch noch dazu ziemlich leicht.\u00a0\u00a0\u00a0\u00a0 Lukas Porzelt<\/p>\n","protected":false},"excerpt":{"rendered":"<p>Am Freitag, den 12. Oktober 2012 trafen wir F\u00fchrer uns um 17 Uhr, um ein St\u00fcck des Rennsteigs weiter zu laufen. Die Idee dazu kam &hellip;<\/p>\n","protected":false},"author":3,"featured_media":17157,"comment_status":"open","ping_status":"open","sticky":false,"template":"","format":"standard","meta":{"_monsterinsights_skip_tracking":false,"_monsterinsights_sitenote_active":false,"_monsterinsights_sitenote_note":"","_monsterinsights_sitenote_category":0,"footnotes":""},"categories":[136,132,130],"tags":[111,113],"class_list":["post-1672","post","type-post","status-publish","format-standard","has-post-thumbnail","hentry","category-pfadfinder","category-rover","category-unsere-aktionen","tag-fuhreraktionen","tag-haijk"],"aioseo_notices":[],"_links":{"self":[{"href":"https:\/\/stammkoenigartus.de\/index.php?rest_route=\/wp\/v2\/posts\/1672","targetHints":{"allow":["GET"]}}],"collection":[{"href":"https:\/\/stammkoenigartus.de\/index.php?rest_route=\/wp\/v2\/posts"}],"about":[{"href":"https:\/\/stammkoenigartus.de\/index.php?rest_route=\/wp\/v2\/types\/post"}],"author":[{"embeddable":true,"href":"https:\/\/stammkoenigartus.de\/index.php?rest_route=\/wp\/v2\/users\/3"}],"replies":[{"embeddable":true,"href":"https:\/\/stammkoenigartus.de\/index.php?rest_route=%2Fwp%2Fv2%2Fcomments&post=1672"}],"version-history":[{"count":2,"href":"https:\/\/stammkoenigartus.de\/index.php?rest_route=\/wp\/v2\/posts\/1672\/revisions"}],"predecessor-version":[{"id":17761,"href":"https:\/\/stammkoenigartus.de\/index.php?rest_route=\/wp\/v2\/posts\/1672\/revisions\/17761"}],"wp:featuredmedia":[{"embeddable":true,"href":"https:\/\/stammkoenigartus.de\/index.php?rest_route=\/wp\/v2\/media\/17157"}],"wp:attachment":[{"href":"https:\/\/stammkoenigartus.de\/index.php?rest_route=%2Fwp%2Fv2%2Fmedia&parent=1672"}],"wp:term":[{"taxonomy":"category","embeddable":true,"href":"https:\/\/stammkoenigartus.de\/index.php?rest_route=%2Fwp%2Fv2%2Fcategories&post=1672"},{"taxonomy":"post_tag","embeddable":true,"href":"https:\/\/stammkoenigartus.de\/index.php?rest_route=%2Fwp%2Fv2%2Ftags&post=1672"}],"curies":[{"name":"wp","href":"https:\/\/api.w.org\/{rel}","templated":true}]}}