{"id":16844,"date":"2022-07-29T17:55:05","date_gmt":"2022-07-29T15:55:05","guid":{"rendered":"https:\/\/stammkoenigartus.de\/?p=16844"},"modified":"2023-02-12T15:14:15","modified_gmt":"2023-02-12T14:14:15","slug":"stammeslager-2022","status":"publish","type":"post","link":"https:\/\/stammkoenigartus.de\/?p=16844","title":{"rendered":"Stammeslager 2022"},"content":{"rendered":"\n<p>Wie \u00fcblich trafen wir uns am Freitag gegen 16 Uhr am Pfadfinderheim in Waldbuch. Schnell war das gesamte Material auf dem Anh\u00e4nger verladen, sodass wir mit den Autos nach Rothenkirchen zum Zeltplatz fahren konnten. Nach der dortigen Ankunft schlugen wir sogleich unsere Zelte auf. Die Sippe Artus bekam von der K\u00fcche den Auftrag, einen \u201eK\u00fchlschrank\u201c im angrenzenden Bach einzurichten, um bei der allgegenw\u00e4rtigen Hitze die Lebensmittel k\u00fchl halten zu k\u00f6nnen. Nach dem Abendessen gab es noch eine Nachtwanderung, bei der wir einige Bilder auf dem Weg fanden. Auf den meisten Bildern war unser \u201eGrauer Wolf\u201c Willi zu erkennen. Da Willi dieses Jahr bereits sein 70-j\u00e4hriges Pfadfinderjubil\u00e4um \u00a0feiert, \u00a0konnte er uns auch die verschiedensten Geschichten von seinen Ausfl\u00fcgen und Abenteuern mit den Pfadfindern erz\u00e4hlen. Anschlie\u00dfend trafen wir uns noch in der Jurte zu einer kleinen Singerunde. Da es mittlerweile aber schon sehr sp\u00e4t bzw. fr\u00fch geworden war, mussten die W\u00f6lflinge sich alsbald ins \u201eBett\u201c verabschieden.<\/p>\n<div id='gallery-1' class='gallery galleryid-16844 gallery-columns-3 gallery-size-thumbnail'><figure class='gallery-item'>\n\t\t\t<div class='gallery-icon landscape'>\n\t\t\t\t<a href='https:\/\/stammkoenigartus.de\/wp-content\/uploads\/IMGP0560.jpg' rel=\"lightbox[16844]\"><img loading=\"lazy\" decoding=\"async\" width=\"150\" height=\"150\" src=\"https:\/\/stammkoenigartus.de\/wp-content\/uploads\/IMGP0560-150x150.jpg\" class=\"attachment-thumbnail size-thumbnail\" alt=\"\" srcset=\"https:\/\/stammkoenigartus.de\/wp-content\/uploads\/IMGP0560-150x150.jpg 150w, https:\/\/stammkoenigartus.de\/wp-content\/uploads\/IMGP0560-300x300.jpg 300w, https:\/\/stammkoenigartus.de\/wp-content\/uploads\/IMGP0560-100x100.jpg 100w, https:\/\/stammkoenigartus.de\/wp-content\/uploads\/IMGP0560-200x200.jpg 200w\" sizes=\"auto, (max-width: 150px) 100vw, 150px\" \/><\/a>\n\t\t\t<\/div><\/figure><figure class='gallery-item'>\n\t\t\t<div class='gallery-icon landscape'>\n\t\t\t\t<a href='https:\/\/stammkoenigartus.de\/wp-content\/uploads\/IMGP0569.jpg' rel=\"lightbox[16844]\"><img loading=\"lazy\" decoding=\"async\" width=\"150\" height=\"150\" src=\"https:\/\/stammkoenigartus.de\/wp-content\/uploads\/IMGP0569-150x150.jpg\" class=\"attachment-thumbnail size-thumbnail\" alt=\"\" srcset=\"https:\/\/stammkoenigartus.de\/wp-content\/uploads\/IMGP0569-150x150.jpg 150w, https:\/\/stammkoenigartus.de\/wp-content\/uploads\/IMGP0569-300x300.jpg 300w, https:\/\/stammkoenigartus.de\/wp-content\/uploads\/IMGP0569-100x100.jpg 100w, https:\/\/stammkoenigartus.de\/wp-content\/uploads\/IMGP0569-200x200.jpg 200w\" sizes=\"auto, (max-width: 150px) 100vw, 150px\" \/><\/a>\n\t\t\t<\/div><\/figure><figure class='gallery-item'>\n\t\t\t<div class='gallery-icon landscape'>\n\t\t\t\t<a href='https:\/\/stammkoenigartus.de\/wp-content\/uploads\/IMGP0571.jpg' rel=\"lightbox[16844]\"><img loading=\"lazy\" decoding=\"async\" width=\"150\" height=\"150\" src=\"https:\/\/stammkoenigartus.de\/wp-content\/uploads\/IMGP0571-150x150.jpg\" class=\"attachment-thumbnail size-thumbnail\" alt=\"\" srcset=\"https:\/\/stammkoenigartus.de\/wp-content\/uploads\/IMGP0571-150x150.jpg 150w, https:\/\/stammkoenigartus.de\/wp-content\/uploads\/IMGP0571-300x300.jpg 300w, https:\/\/stammkoenigartus.de\/wp-content\/uploads\/IMGP0571-100x100.jpg 100w, https:\/\/stammkoenigartus.de\/wp-content\/uploads\/IMGP0571-200x200.jpg 200w\" sizes=\"auto, (max-width: 150px) 100vw, 150px\" \/><\/a>\n\t\t\t<\/div><\/figure>\n\t\t<\/div>\n\n<p>Am n\u00e4chsten Tag ging es nach dem Fr\u00fchst\u00fcck auch schon mit dem Postenlauf f\u00fcr die W\u00f6lflinge weiter. Hier konnten sie Ihr gelerntes Wissen unter Beweis stellen und sich auch das ein oder andere Abzeichen verdienen. Nach dem Mittagessen ging es direkt weiter mit einem Gel\u00e4ndespiel. Dazu wurden die Teilnehmer in 2 Gruppen aufgeteilt und mussten zun\u00e4chst verschiedene Geschicklichkeitsspiele und Aufgaben bew\u00e4ltigen um sich Punkte bzw. M\u00fcnzen zu verdienen.\u00a0<\/p>\n<div id='gallery-2' class='gallery galleryid-16844 gallery-columns-3 gallery-size-thumbnail'><figure class='gallery-item'>\n\t\t\t<div class='gallery-icon landscape'>\n\t\t\t\t<a href='https:\/\/stammkoenigartus.de\/wp-content\/uploads\/WhatsApp-Image-2022-07-17-at-13.51.18.jpeg' rel=\"lightbox[16844]\"><img loading=\"lazy\" decoding=\"async\" width=\"150\" height=\"150\" src=\"https:\/\/stammkoenigartus.de\/wp-content\/uploads\/WhatsApp-Image-2022-07-17-at-13.51.18-150x150.jpeg\" class=\"attachment-thumbnail size-thumbnail\" alt=\"\" srcset=\"https:\/\/stammkoenigartus.de\/wp-content\/uploads\/WhatsApp-Image-2022-07-17-at-13.51.18-150x150.jpeg 150w, https:\/\/stammkoenigartus.de\/wp-content\/uploads\/WhatsApp-Image-2022-07-17-at-13.51.18-300x300.jpeg 300w, https:\/\/stammkoenigartus.de\/wp-content\/uploads\/WhatsApp-Image-2022-07-17-at-13.51.18-100x100.jpeg 100w, https:\/\/stammkoenigartus.de\/wp-content\/uploads\/WhatsApp-Image-2022-07-17-at-13.51.18-200x200.jpeg 200w\" sizes=\"auto, (max-width: 150px) 100vw, 150px\" \/><\/a>\n\t\t\t<\/div><\/figure><figure class='gallery-item'>\n\t\t\t<div class='gallery-icon landscape'>\n\t\t\t\t<a href='https:\/\/stammkoenigartus.de\/wp-content\/uploads\/Stammeslager22-95.jpeg' rel=\"lightbox[16844]\"><img loading=\"lazy\" decoding=\"async\" width=\"150\" height=\"150\" src=\"https:\/\/stammkoenigartus.de\/wp-content\/uploads\/Stammeslager22-95-150x150.jpeg\" class=\"attachment-thumbnail size-thumbnail\" alt=\"\" srcset=\"https:\/\/stammkoenigartus.de\/wp-content\/uploads\/Stammeslager22-95-150x150.jpeg 150w, https:\/\/stammkoenigartus.de\/wp-content\/uploads\/Stammeslager22-95-300x300.jpeg 300w, https:\/\/stammkoenigartus.de\/wp-content\/uploads\/Stammeslager22-95-100x100.jpeg 100w, https:\/\/stammkoenigartus.de\/wp-content\/uploads\/Stammeslager22-95-200x200.jpeg 200w\" sizes=\"auto, (max-width: 150px) 100vw, 150px\" \/><\/a>\n\t\t\t<\/div><\/figure><figure class='gallery-item'>\n\t\t\t<div class='gallery-icon landscape'>\n\t\t\t\t<a href='https:\/\/stammkoenigartus.de\/wp-content\/uploads\/Stammeslager22-97.jpeg' rel=\"lightbox[16844]\"><img loading=\"lazy\" decoding=\"async\" width=\"150\" height=\"150\" src=\"https:\/\/stammkoenigartus.de\/wp-content\/uploads\/Stammeslager22-97-150x150.jpeg\" class=\"attachment-thumbnail size-thumbnail\" alt=\"\" srcset=\"https:\/\/stammkoenigartus.de\/wp-content\/uploads\/Stammeslager22-97-150x150.jpeg 150w, https:\/\/stammkoenigartus.de\/wp-content\/uploads\/Stammeslager22-97-300x300.jpeg 300w, https:\/\/stammkoenigartus.de\/wp-content\/uploads\/Stammeslager22-97-100x100.jpeg 100w, https:\/\/stammkoenigartus.de\/wp-content\/uploads\/Stammeslager22-97-200x200.jpeg 200w\" sizes=\"auto, (max-width: 150px) 100vw, 150px\" \/><\/a>\n\t\t\t<\/div><\/figure>\n\t\t<\/div>\n\n<p>\u00a0\u00a0<\/p>\n<p>Im zweiten Teil des Spiels mussten die Gruppen dann Puzzlest\u00fccke in der Umgebung suchen und finden. Um diese zu bekommen mussten verschiedene Aufgaben erledigt werden wie z.B. holt mir das st\u00fcck Holz ohne das Seil zu ber\u00fchren das dieses fest h\u00e4lt oder Baut einen W\u00fcrfel aus einem Seil. Nat\u00fcrlich trieben sich auch einige zwielichtige Gestalten auf dem Spielfeld umher, sodass man immer vorsichtig sein musste. Zum Schluss konnten die Puzzlest\u00fccke zusammengelegt werden und es ergaben sich daraus weitere Fotos aus Willis Vergangenheit bei den Pfadfindern. Aus diesen, sowie vielen weiteren Fotos wurde dann ein Album erstellt und am Abend dann in einer feierlichen Runde unserem \u201eGrauen Wolf\u201c als Andenken \u00fcberreicht. Zun\u00e4chst unternahmen wir jedoch noch einen Abstecher ins nahegelegene Naturbad. Trotz der warmen Sommertage, betrug die Wassertemperatur lediglich 19 Grad, sodass wir nicht allzu lang im Wasser blieben. Trotz alledem tat die Erfrischung allen gut. Zum Abendessen gab es dann noch ein ausgiebiges Grillfest mit Bratw\u00fcrsten, Steaks, Grillk\u00e4se und Salat.<\/p>\n<div id='gallery-3' class='gallery galleryid-16844 gallery-columns-3 gallery-size-thumbnail'><figure class='gallery-item'>\n\t\t\t<div class='gallery-icon landscape'>\n\t\t\t\t<a href='https:\/\/stammkoenigartus.de\/wp-content\/uploads\/IMGP0621.jpg' rel=\"lightbox[16844]\"><img loading=\"lazy\" decoding=\"async\" width=\"150\" height=\"150\" src=\"https:\/\/stammkoenigartus.de\/wp-content\/uploads\/IMGP0621-150x150.jpg\" class=\"attachment-thumbnail size-thumbnail\" alt=\"\" srcset=\"https:\/\/stammkoenigartus.de\/wp-content\/uploads\/IMGP0621-150x150.jpg 150w, https:\/\/stammkoenigartus.de\/wp-content\/uploads\/IMGP0621-300x300.jpg 300w, https:\/\/stammkoenigartus.de\/wp-content\/uploads\/IMGP0621-100x100.jpg 100w, https:\/\/stammkoenigartus.de\/wp-content\/uploads\/IMGP0621-200x200.jpg 200w\" sizes=\"auto, (max-width: 150px) 100vw, 150px\" \/><\/a>\n\t\t\t<\/div><\/figure><figure class='gallery-item'>\n\t\t\t<div class='gallery-icon landscape'>\n\t\t\t\t<a href='https:\/\/stammkoenigartus.de\/wp-content\/uploads\/IMGP0589.jpg' rel=\"lightbox[16844]\"><img loading=\"lazy\" decoding=\"async\" width=\"150\" height=\"150\" src=\"https:\/\/stammkoenigartus.de\/wp-content\/uploads\/IMGP0589-150x150.jpg\" class=\"attachment-thumbnail size-thumbnail\" alt=\"\" srcset=\"https:\/\/stammkoenigartus.de\/wp-content\/uploads\/IMGP0589-150x150.jpg 150w, https:\/\/stammkoenigartus.de\/wp-content\/uploads\/IMGP0589-300x300.jpg 300w, https:\/\/stammkoenigartus.de\/wp-content\/uploads\/IMGP0589-100x100.jpg 100w, https:\/\/stammkoenigartus.de\/wp-content\/uploads\/IMGP0589-200x200.jpg 200w\" sizes=\"auto, (max-width: 150px) 100vw, 150px\" \/><\/a>\n\t\t\t<\/div><\/figure><figure class='gallery-item'>\n\t\t\t<div class='gallery-icon landscape'>\n\t\t\t\t<a href='https:\/\/stammkoenigartus.de\/wp-content\/uploads\/WhatsApp-Image-2022-07-17-at-13.53.56-3.jpeg' rel=\"lightbox[16844]\"><img loading=\"lazy\" decoding=\"async\" width=\"150\" height=\"150\" src=\"https:\/\/stammkoenigartus.de\/wp-content\/uploads\/WhatsApp-Image-2022-07-17-at-13.53.56-3-150x150.jpeg\" class=\"attachment-thumbnail size-thumbnail\" alt=\"\" srcset=\"https:\/\/stammkoenigartus.de\/wp-content\/uploads\/WhatsApp-Image-2022-07-17-at-13.53.56-3-150x150.jpeg 150w, https:\/\/stammkoenigartus.de\/wp-content\/uploads\/WhatsApp-Image-2022-07-17-at-13.53.56-3-300x300.jpeg 300w, https:\/\/stammkoenigartus.de\/wp-content\/uploads\/WhatsApp-Image-2022-07-17-at-13.53.56-3-100x100.jpeg 100w, https:\/\/stammkoenigartus.de\/wp-content\/uploads\/WhatsApp-Image-2022-07-17-at-13.53.56-3-200x200.jpeg 200w\" sizes=\"auto, (max-width: 150px) 100vw, 150px\" \/><\/a>\n\t\t\t<\/div><\/figure>\n\t\t<\/div>\n\n<p>Als der Abend sp\u00e4ter wurde wurde es ernst. Der Schweigemarsch zur Versprechens Feier stand an. Wir machten uns mit Fackeln und Stammesfahne auf den Weg. Zuerst hatte Axel sein Amt als R\u00fcstkammerverwaltung weiter gegeben an Lennard, der mehrheitlich gew\u00e4hlt wurde. Unterst\u00fctzt wird er von Finn. Jene die kein Halstuch besa\u00dfen hatten nun die M\u00f6glichkeit ihr Versprechen ab zu legen, dies nahmen auch einige Rover in Anspruch und erneuerten ihres. Felix \u00fcbergab die Fahne der Meute Waldeule an Pascal. Stumpf \u00fcbergab die Meuten Fahne der Meute Fledermaus an Axel. Beide sind nun Meuten F\u00fchrer und werden von Selma unterst\u00fctzt gemeinsam sind Sie verantwortlich f\u00fcr die n\u00e4chste Generation an Pfadfindern. Felix gr\u00fcndete eine neue Sippe mit den vier anwesenden Sipplingen, ein Name und das Sippenbanner folgt. Doch das beste kommt immer zum Schluss.\u00a0<\/p>\n<div id='gallery-4' class='gallery galleryid-16844 gallery-columns-3 gallery-size-thumbnail'><figure class='gallery-item'>\n\t\t\t<div class='gallery-icon landscape'>\n\t\t\t\t<a href='https:\/\/stammkoenigartus.de\/wp-content\/uploads\/WhatsApp-Image-2022-07-17-at-13.53.35-2.jpeg' rel=\"lightbox[16844]\"><img loading=\"lazy\" decoding=\"async\" width=\"150\" height=\"150\" src=\"https:\/\/stammkoenigartus.de\/wp-content\/uploads\/WhatsApp-Image-2022-07-17-at-13.53.35-2-150x150.jpeg\" class=\"attachment-thumbnail size-thumbnail\" alt=\"\" srcset=\"https:\/\/stammkoenigartus.de\/wp-content\/uploads\/WhatsApp-Image-2022-07-17-at-13.53.35-2-150x150.jpeg 150w, https:\/\/stammkoenigartus.de\/wp-content\/uploads\/WhatsApp-Image-2022-07-17-at-13.53.35-2-300x300.jpeg 300w, https:\/\/stammkoenigartus.de\/wp-content\/uploads\/WhatsApp-Image-2022-07-17-at-13.53.35-2-100x100.jpeg 100w, https:\/\/stammkoenigartus.de\/wp-content\/uploads\/WhatsApp-Image-2022-07-17-at-13.53.35-2-200x200.jpeg 200w\" sizes=\"auto, (max-width: 150px) 100vw, 150px\" \/><\/a>\n\t\t\t<\/div><\/figure><figure class='gallery-item'>\n\t\t\t<div class='gallery-icon landscape'>\n\t\t\t\t<a href='https:\/\/stammkoenigartus.de\/wp-content\/uploads\/WhatsApp-Image-2022-07-17-at-13.53.15-1.jpeg' rel=\"lightbox[16844]\"><img loading=\"lazy\" decoding=\"async\" width=\"150\" height=\"150\" src=\"https:\/\/stammkoenigartus.de\/wp-content\/uploads\/WhatsApp-Image-2022-07-17-at-13.53.15-1-150x150.jpeg\" class=\"attachment-thumbnail size-thumbnail\" alt=\"\" srcset=\"https:\/\/stammkoenigartus.de\/wp-content\/uploads\/WhatsApp-Image-2022-07-17-at-13.53.15-1-150x150.jpeg 150w, https:\/\/stammkoenigartus.de\/wp-content\/uploads\/WhatsApp-Image-2022-07-17-at-13.53.15-1-300x300.jpeg 300w, https:\/\/stammkoenigartus.de\/wp-content\/uploads\/WhatsApp-Image-2022-07-17-at-13.53.15-1-100x100.jpeg 100w, https:\/\/stammkoenigartus.de\/wp-content\/uploads\/WhatsApp-Image-2022-07-17-at-13.53.15-1-200x200.jpeg 200w\" sizes=\"auto, (max-width: 150px) 100vw, 150px\" \/><\/a>\n\t\t\t<\/div><\/figure><figure class='gallery-item'>\n\t\t\t<div class='gallery-icon landscape'>\n\t\t\t\t<a href='https:\/\/stammkoenigartus.de\/wp-content\/uploads\/WhatsApp-Image-2022-07-17-at-13.51.48-1.jpeg' rel=\"lightbox[16844]\"><img loading=\"lazy\" decoding=\"async\" width=\"150\" height=\"150\" src=\"https:\/\/stammkoenigartus.de\/wp-content\/uploads\/WhatsApp-Image-2022-07-17-at-13.51.48-1-150x150.jpeg\" class=\"attachment-thumbnail size-thumbnail\" alt=\"\" srcset=\"https:\/\/stammkoenigartus.de\/wp-content\/uploads\/WhatsApp-Image-2022-07-17-at-13.51.48-1-150x150.jpeg 150w, https:\/\/stammkoenigartus.de\/wp-content\/uploads\/WhatsApp-Image-2022-07-17-at-13.51.48-1-300x300.jpeg 300w, https:\/\/stammkoenigartus.de\/wp-content\/uploads\/WhatsApp-Image-2022-07-17-at-13.51.48-1-100x100.jpeg 100w, https:\/\/stammkoenigartus.de\/wp-content\/uploads\/WhatsApp-Image-2022-07-17-at-13.51.48-1-200x200.jpeg 200w\" sizes=\"auto, (max-width: 150px) 100vw, 150px\" \/><\/a>\n\t\t\t<\/div><\/figure>\n\t\t<\/div>\n\n<p>Eine der Hauptpersonen war unser Willi. 10.000 Bilder aus 70 Jahren Pfadfinderei wurden von den Gruppenf\u00fchrern gesichtet. die 100 besten schafften es einen Platz in\u00a0 Willis Album zu bekommen. Das von Ramona, Selma und Felix gestaltet wurde. Und es war schwer so eine Lange Zeit in ein Buch zu bringen. Allen Respekt f\u00fcr die bisher geleistete Arbeit lieber Willi. Wir hoffen du bleibst uns als &#8222;grauer Wolf&#8220; noch lange Treu.\u00a0<\/p>\n<p><img loading=\"lazy\" decoding=\"async\" class=\"alignnone  wp-image-16857\" src=\"https:\/\/stammkoenigartus.de\/wp-content\/uploads\/WhatsApp-Image-2022-07-17-at-13.52.10-480x320.jpeg\" alt=\"\" width=\"378\" height=\"252\" srcset=\"https:\/\/stammkoenigartus.de\/wp-content\/uploads\/WhatsApp-Image-2022-07-17-at-13.52.10-480x320.jpeg 480w, https:\/\/stammkoenigartus.de\/wp-content\/uploads\/WhatsApp-Image-2022-07-17-at-13.52.10-768x512.jpeg 768w, https:\/\/stammkoenigartus.de\/wp-content\/uploads\/WhatsApp-Image-2022-07-17-at-13.52.10-345x230.jpeg 345w, https:\/\/stammkoenigartus.de\/wp-content\/uploads\/WhatsApp-Image-2022-07-17-at-13.52.10-600x400.jpeg 600w, https:\/\/stammkoenigartus.de\/wp-content\/uploads\/WhatsApp-Image-2022-07-17-at-13.52.10-400x267.jpeg 400w, https:\/\/stammkoenigartus.de\/wp-content\/uploads\/WhatsApp-Image-2022-07-17-at-13.52.10.jpeg 800w\" sizes=\"auto, (max-width: 378px) 100vw, 378px\" \/><\/p>\n<p>Mit einer Singerunde endete der Abend. Und auch das Stammeslager ging dem Ende entgegen. Mit vier Sipplingen als Teilnehmer war dies die geringste Beteiligung seit 20 Jahren. Allen die dabei waren einen herzlichen Dank. Wir freuen uns auf ein n\u00e4chstes mal zusammen mit dem Stamm.\u00a0<\/p>\n<p><img loading=\"lazy\" decoding=\"async\" class=\"alignnone  wp-image-16858\" src=\"https:\/\/stammkoenigartus.de\/wp-content\/uploads\/WhatsApp-Image-2022-07-17-at-13.53.53-2-480x320.jpeg\" alt=\"\" width=\"497\" height=\"331\" srcset=\"https:\/\/stammkoenigartus.de\/wp-content\/uploads\/WhatsApp-Image-2022-07-17-at-13.53.53-2-480x320.jpeg 480w, https:\/\/stammkoenigartus.de\/wp-content\/uploads\/WhatsApp-Image-2022-07-17-at-13.53.53-2-768x512.jpeg 768w, https:\/\/stammkoenigartus.de\/wp-content\/uploads\/WhatsApp-Image-2022-07-17-at-13.53.53-2-345x230.jpeg 345w, https:\/\/stammkoenigartus.de\/wp-content\/uploads\/WhatsApp-Image-2022-07-17-at-13.53.53-2-600x400.jpeg 600w, https:\/\/stammkoenigartus.de\/wp-content\/uploads\/WhatsApp-Image-2022-07-17-at-13.53.53-2-400x267.jpeg 400w, https:\/\/stammkoenigartus.de\/wp-content\/uploads\/WhatsApp-Image-2022-07-17-at-13.53.53-2.jpeg 800w\" sizes=\"auto, (max-width: 497px) 100vw, 497px\" \/><\/p>\n<p>\u00a0<\/p>\n<p>\u00a0<\/p>\n<p>\u00a0<\/p>\n","protected":false},"excerpt":{"rendered":"<p>Wie \u00fcblich trafen wir uns am Freitag gegen 16 Uhr am Pfadfinderheim in Waldbuch. Schnell war das gesamte Material auf dem Anh\u00e4nger verladen, sodass wir &hellip;<\/p>\n","protected":false},"author":2,"featured_media":16858,"comment_status":"open","ping_status":"closed","sticky":false,"template":"","format":"standard","meta":{"_monsterinsights_skip_tracking":false,"_monsterinsights_sitenote_active":false,"_monsterinsights_sitenote_note":"","_monsterinsights_sitenote_category":0,"footnotes":""},"categories":[136,132,137,130,131],"tags":[],"class_list":["post-16844","post","type-post","status-publish","format-standard","has-post-thumbnail","hentry","category-pfadfinder","category-rover","category-stamm","category-unsere-aktionen","category-woelflinge"],"aioseo_notices":[],"_links":{"self":[{"href":"https:\/\/stammkoenigartus.de\/index.php?rest_route=\/wp\/v2\/posts\/16844","targetHints":{"allow":["GET"]}}],"collection":[{"href":"https:\/\/stammkoenigartus.de\/index.php?rest_route=\/wp\/v2\/posts"}],"about":[{"href":"https:\/\/stammkoenigartus.de\/index.php?rest_route=\/wp\/v2\/types\/post"}],"author":[{"embeddable":true,"href":"https:\/\/stammkoenigartus.de\/index.php?rest_route=\/wp\/v2\/users\/2"}],"replies":[{"embeddable":true,"href":"https:\/\/stammkoenigartus.de\/index.php?rest_route=%2Fwp%2Fv2%2Fcomments&post=16844"}],"version-history":[{"count":2,"href":"https:\/\/stammkoenigartus.de\/index.php?rest_route=\/wp\/v2\/posts\/16844\/revisions"}],"predecessor-version":[{"id":16860,"href":"https:\/\/stammkoenigartus.de\/index.php?rest_route=\/wp\/v2\/posts\/16844\/revisions\/16860"}],"wp:featuredmedia":[{"embeddable":true,"href":"https:\/\/stammkoenigartus.de\/index.php?rest_route=\/wp\/v2\/media\/16858"}],"wp:attachment":[{"href":"https:\/\/stammkoenigartus.de\/index.php?rest_route=%2Fwp%2Fv2%2Fmedia&parent=16844"}],"wp:term":[{"taxonomy":"category","embeddable":true,"href":"https:\/\/stammkoenigartus.de\/index.php?rest_route=%2Fwp%2Fv2%2Fcategories&post=16844"},{"taxonomy":"post_tag","embeddable":true,"href":"https:\/\/stammkoenigartus.de\/index.php?rest_route=%2Fwp%2Fv2%2Ftags&post=16844"}],"curies":[{"name":"wp","href":"https:\/\/api.w.org\/{rel}","templated":true}]}}