{"id":16866,"date":"2022-10-03T18:25:01","date_gmt":"2022-10-03T16:25:01","guid":{"rendered":"https:\/\/stammkoenigartus.de\/?p=16866"},"modified":"2023-02-12T15:34:15","modified_gmt":"2023-02-12T14:34:15","slug":"tagebuch-grossfahrt-rumaenien-2022","status":"publish","type":"post","link":"https:\/\/stammkoenigartus.de\/?p=16866","title":{"rendered":"Tagebuch Gro\u00dffahrt Rum\u00e4nien 2022"},"content":{"rendered":"\n<div id=\"mtphr-dnt-16863\" class=\"mtphr-dnt mtphr-dnt-16863 mtphr-dnt-default mtphr-dnt-rotate mtphr-dnt-rotate-fade\"><div class=\"mtphr-dnt-wrapper mtphr-dnt-clearfix\"><div class=\"mtphr-dnt-tick-container\"><div class=\"mtphr-dnt-tick-contents\"><div class=\"mtphr-dnt-tick mtphr-dnt-default-tick mtphr-dnt-clearfix \">Samstag, 30.07.2022 \/ Sonntag, 31.07.2022 Anreise: Treffen war p\u00fcnktlich um 20 Uhr am Pfadfinderheim. Vorher musste jedoch f\u00fcr die n\u00e4chsten drei Tage eingekauft werden. Also trafen sich Felix, Stefan und ich sich schon um 17 Uhr. Nachdem wir alle Verpflegungen, gekauft hatten und uns auffiel, wie voll der Kofferraum bereits ist, ging es zur\u00fcck zum Heim, wo schon kurz danach die ersten Kinder mit ihren Eltern kamen. Tats\u00e4chlich war schon eine Stunde sp\u00e4ter jeder Rucksack und jede Kiste mit Material irgendwie in den Autos geladen, gestopft oder wie auch immer verladen. Die n\u00e4chste Stunde verbrachten dann die Kinder damit, zu diskutieren, wer wo in welchem Auto und auf welchem Platz sitzen darf. Dabei hielten wir uns besser raus:).\r\nUm 22:00 Uhr konnten wir dann losfahren und schon bevor wir die Autobahn erreichten, war es auf den R\u00fcckb\u00e4nken ruhig. F\u00fcr die Kinder nur einen Schlaf sp\u00e4ter, f\u00fcr die Fahrer und Beifahrer ca. 8 Stunden Fahrt und eine ungewollt lange Pause an der letzten Tankstelle, an der es Vignetten gab, waren wir um kurz nach 06 Uhr in Budapest (Wer h\u00e4tte gedacht, dass nachts um 02:00 Uhr noch so viele Leute Vignetten brauchen).\r\nMit einem Fr\u00fchst\u00fcck gest\u00e4rkt konnten wir uns an den \u201ekurzen\u201c Stadt-Spaziergang machen &#8211; wobei wir die Entfernung bis zum Parlamentsgeb\u00e4ude vielleicht ein wenig falsch eingesch\u00e4tzt haben. Schlie\u00dflich waren wir dann nach nur 2 Stunden wieder an den Autos. Weitere zwei Stunden sp\u00e4ter standen wir auch schon im Stau vor der Grenze nach Rum\u00e4nien &#8211; einer der (nervlich) anstrengendsten Teile der Fahrt. Die Rum\u00e4nen haben es nicht so mit dem Rei\u00dfverschluss-System. Au\u00dferdem haben sie die Angewohnheit, sobald das Auto davor l\u00e4nger als 10 Sekunden steht, auszusteigen, nach vorne zu laufen (optional nebenbei eine zu rauchen) und zu schauen was da los ist, um dann zu realisieren, dass es weitergeht und man schnell zum Auto laufen muss.\r\nNachdem wir das Ganze 1,5 Stunden mit anschauen mussten durften, hatten wir endlich die Grenze passiert. Kurze Keks- und Pinkelpause und dann ging es zum Endspurt bis zum Zeltplatz. Gegen 18Uhr waren wir dann auf dem Zeltplatz, wo z\u00fcgig die Zelte aufgebaut worden sind und wir uns endlich nach 21 Stunden Anreise schlafen legen konnten.\r\nAxel\r\n\r\n<div class=\"su-custom-gallery su-custom-gallery-align-left su-custom-gallery-title-never\"><div class=\"su-custom-gallery-slide\" style=\"width:300px;height:300px\"><a href=\"https:\/\/stammkoenigartus.de\/wp-content\/uploads\/Grossfahrt-2022-07-31-1.jpg\" title=\"Gro\u00dffahrt 2022-07-31 (1)\" rel=\"lightbox[16866]\"><img loading=\"lazy\" decoding=\"async\" src=\"https:\/\/stammkoenigartus.de\/wp-content\/uploads\/Grossfahrt-2022-07-31-1-300x300.jpg\" alt=\"Gro\u00dffahrt 2022-07-31 (1)\" width=\"300\" height=\"300\" \/><span class=\"su-custom-gallery-title\">Gro\u00dffahrt 2022-07-31 (1)<\/span><\/a><\/div><div class=\"su-custom-gallery-slide\" style=\"width:300px;height:300px\"><a href=\"https:\/\/stammkoenigartus.de\/wp-content\/uploads\/Grossfahrt-2022-07-31-2.jpg\" title=\"Gro\u00dffahrt 2022-07-31 (2)\" rel=\"lightbox[16866]\"><img loading=\"lazy\" decoding=\"async\" src=\"https:\/\/stammkoenigartus.de\/wp-content\/uploads\/Grossfahrt-2022-07-31-2-300x300.jpg\" alt=\"Gro\u00dffahrt 2022-07-31 (2)\" width=\"300\" height=\"300\" \/><span class=\"su-custom-gallery-title\">Gro\u00dffahrt 2022-07-31 (2)<\/span><\/a><\/div><div class=\"su-custom-gallery-slide\" style=\"width:300px;height:300px\"><a href=\"https:\/\/stammkoenigartus.de\/wp-content\/uploads\/Grossfahrt-2022-07-31-3.jpg\" title=\"Gro\u00dffahrt 2022-07-31 (3)\" rel=\"lightbox[16866]\"><img loading=\"lazy\" decoding=\"async\" src=\"https:\/\/stammkoenigartus.de\/wp-content\/uploads\/Grossfahrt-2022-07-31-3-300x300.jpg\" alt=\"Gro\u00dffahrt 2022-07-31 (3)\" width=\"300\" height=\"300\" \/><span class=\"su-custom-gallery-title\">Gro\u00dffahrt 2022-07-31 (3)<\/span><\/a><\/div><div class=\"su-custom-gallery-slide\" style=\"width:300px;height:300px\"><a href=\"https:\/\/stammkoenigartus.de\/wp-content\/uploads\/Grossfahrt-2022-07-31-4.jpg\" title=\"Gro\u00dffahrt 2022-07-31 (4)\" rel=\"lightbox[16866]\"><img loading=\"lazy\" decoding=\"async\" src=\"https:\/\/stammkoenigartus.de\/wp-content\/uploads\/Grossfahrt-2022-07-31-4-300x300.jpg\" alt=\"Gro\u00dffahrt 2022-07-31 (4)\" width=\"300\" height=\"300\" \/><span class=\"su-custom-gallery-title\">Gro\u00dffahrt 2022-07-31 (4)<\/span><\/a><\/div><div class=\"su-custom-gallery-slide\" style=\"width:300px;height:300px\"><a href=\"https:\/\/stammkoenigartus.de\/wp-content\/uploads\/Grossfahrt-2022-07-31.jpg\" title=\"Gro\u00dffahrt 2022-07-31\" rel=\"lightbox[16866]\"><img loading=\"lazy\" decoding=\"async\" src=\"https:\/\/stammkoenigartus.de\/wp-content\/uploads\/Grossfahrt-2022-07-31-300x300.jpg\" alt=\"Gro\u00dffahrt 2022-07-31\" width=\"300\" height=\"300\" \/><span class=\"su-custom-gallery-title\">Gro\u00dffahrt 2022-07-31<\/span><\/a><\/div><div class=\"su-clear\"><\/div><\/div><\/div><div class=\"mtphr-dnt-tick mtphr-dnt-default-tick mtphr-dnt-clearfix \">Montag, 01.08.2022\r\nDer Montag stand unter dem Motto \u201echill day\u201c. Das hie\u00df als erstes Ausschlafen, was die Gruppenf\u00fchrer mehr als n\u00f6tig hatten und die Kinder auch nicht weiter gest\u00f6rt hat. Um 11 Uhr gab es dann Fr\u00fchst\u00fcck (soweit man noch Fr\u00fchst\u00fcck sagen kann). Danach hie\u00df es erst mal sich einrichten. Eine Gruppe war in der Zwischenzeit Lebensmittel und eine Gasflasche kaufen. Der Rest hat den Zeltplatz erkundet.\r\nAuf Nachmittag durfte dann Stefan &#8211; wie gef\u00fchlt auf jeder Gro\u00dffahrt &#8211; versuchen die fremde Gasflasche mit Adaptern an unseren Kochern ran-zu pfuschen anzuschlie\u00dfen. Wie gewohnt funktionierte das anfangs nicht so gut, aber nach einem Ausflug in den Baumarkt am n\u00e4chsten Tag lief das auch.\r\nSo ging der Tag auch schnell zu Ende, nachdem wir den Gro\u00dfteil verschlafen hatten. Ein Abendessen und eine kurze Runde Spiele sp\u00e4ter ging es auch wieder ins Bett, da es am n\u00e4chsten Tag morgens dann richtig losging.\r\nAxel\r\n\r\n<div class=\"su-custom-gallery su-custom-gallery-align-left su-custom-gallery-title-never\"><div class=\"su-custom-gallery-slide\" style=\"width:300px;height:300px\"><a href=\"https:\/\/stammkoenigartus.de\/wp-content\/uploads\/Grossfahrt-2022-08-01-1.jpg\" title=\"Gro\u00dffahrt 2022-08-01 (1)\" rel=\"lightbox[16866]\"><img loading=\"lazy\" decoding=\"async\" src=\"https:\/\/stammkoenigartus.de\/wp-content\/uploads\/Grossfahrt-2022-08-01-1-300x300.jpg\" alt=\"Gro\u00dffahrt 2022-08-01 (1)\" width=\"300\" height=\"300\" \/><span class=\"su-custom-gallery-title\">Gro\u00dffahrt 2022-08-01 (1)<\/span><\/a><\/div><div class=\"su-custom-gallery-slide\" style=\"width:300px;height:300px\"><a href=\"https:\/\/stammkoenigartus.de\/wp-content\/uploads\/Grossfahrt-2022-08-01-2.jpg\" title=\"Gro\u00dffahrt 2022-08-01 (2)\" rel=\"lightbox[16866]\"><img loading=\"lazy\" decoding=\"async\" src=\"https:\/\/stammkoenigartus.de\/wp-content\/uploads\/Grossfahrt-2022-08-01-2-300x300.jpg\" alt=\"Gro\u00dffahrt 2022-08-01 (2)\" width=\"300\" height=\"300\" \/><span class=\"su-custom-gallery-title\">Gro\u00dffahrt 2022-08-01 (2)<\/span><\/a><\/div><div class=\"su-custom-gallery-slide\" style=\"width:300px;height:300px\"><a href=\"https:\/\/stammkoenigartus.de\/wp-content\/uploads\/Grossfahrt-2022-08-01-3.jpg\" title=\"Gro\u00dffahrt 2022-08-01 (3)\" rel=\"lightbox[16866]\"><img loading=\"lazy\" decoding=\"async\" src=\"https:\/\/stammkoenigartus.de\/wp-content\/uploads\/Grossfahrt-2022-08-01-3-300x300.jpg\" alt=\"Gro\u00dffahrt 2022-08-01 (3)\" width=\"300\" height=\"300\" \/><span class=\"su-custom-gallery-title\">Gro\u00dffahrt 2022-08-01 (3)<\/span><\/a><\/div><div class=\"su-custom-gallery-slide\" style=\"width:300px;height:300px\"><a href=\"https:\/\/stammkoenigartus.de\/wp-content\/uploads\/Grossfahrt-2022-08-01-4.jpg\" title=\"Gro\u00dffahrt 2022-08-01 (4)\" rel=\"lightbox[16866]\"><img loading=\"lazy\" decoding=\"async\" src=\"https:\/\/stammkoenigartus.de\/wp-content\/uploads\/Grossfahrt-2022-08-01-4-300x300.jpg\" alt=\"Gro\u00dffahrt 2022-08-01 (4)\" width=\"300\" height=\"300\" \/><span class=\"su-custom-gallery-title\">Gro\u00dffahrt 2022-08-01 (4)<\/span><\/a><\/div><div class=\"su-clear\"><\/div><\/div><\/div><div class=\"mtphr-dnt-tick mtphr-dnt-default-tick mtphr-dnt-clearfix \">Dienstag, 02.08.2022\r\nHeute sind wir um 8 Uhr aufgestanden und haben uns umgezogen. Um 8:30 Uhr gab es \u201eArmer Ritter\u201c zum Fr\u00fchst\u00fcck. Danach haben wir unsere Rucks\u00e4cke gepackt und sind nach Transsylvanien gefahren. Dort waren wir auf Schloss Bran. Im Schloss gab es ein Museum. Da ging es nat\u00fcrlich um Graf Dracula. Anschlie\u00dfend sind wir wieder zu den Autos und haben eine Wassermelone gegessen. Dann sind wir wieder zum Zeltplatz gefahren und haben das Abendessen gekocht.\r\n\r\n<div class=\"su-custom-gallery su-custom-gallery-align-left su-custom-gallery-title-never\"><div class=\"su-custom-gallery-slide\" style=\"width:300px;height:300px\"><a href=\"https:\/\/stammkoenigartus.de\/wp-content\/uploads\/Grossfahrt-2022-08-02-1.jpg\" title=\"Gro\u00dffahrt 2022-08-02 (1)\" rel=\"lightbox[16866]\"><img loading=\"lazy\" decoding=\"async\" src=\"https:\/\/stammkoenigartus.de\/wp-content\/uploads\/Grossfahrt-2022-08-02-1-300x300.jpg\" alt=\"Gro\u00dffahrt 2022-08-02 (1)\" width=\"300\" height=\"300\" \/><span class=\"su-custom-gallery-title\">Gro\u00dffahrt 2022-08-02 (1)<\/span><\/a><\/div><div class=\"su-custom-gallery-slide\" style=\"width:300px;height:300px\"><a href=\"https:\/\/stammkoenigartus.de\/wp-content\/uploads\/Grossfahrt-2022-08-02-2.jpg\" title=\"Gro\u00dffahrt 2022-08-02 (2)\" rel=\"lightbox[16866]\"><img loading=\"lazy\" decoding=\"async\" src=\"https:\/\/stammkoenigartus.de\/wp-content\/uploads\/Grossfahrt-2022-08-02-2-300x300.jpg\" alt=\"Gro\u00dffahrt 2022-08-02 (2)\" width=\"300\" height=\"300\" \/><span class=\"su-custom-gallery-title\">Gro\u00dffahrt 2022-08-02 (2)<\/span><\/a><\/div><div class=\"su-custom-gallery-slide\" style=\"width:300px;height:300px\"><a href=\"https:\/\/stammkoenigartus.de\/wp-content\/uploads\/Grossfahrt-2022-08-02-3.jpg\" title=\"Gro\u00dffahrt 2022-08-02 (3)\" rel=\"lightbox[16866]\"><img loading=\"lazy\" decoding=\"async\" src=\"https:\/\/stammkoenigartus.de\/wp-content\/uploads\/Grossfahrt-2022-08-02-3-300x300.jpg\" alt=\"Gro\u00dffahrt 2022-08-02 (3)\" width=\"300\" height=\"300\" \/><span class=\"su-custom-gallery-title\">Gro\u00dffahrt 2022-08-02 (3)<\/span><\/a><\/div><div class=\"su-custom-gallery-slide\" style=\"width:300px;height:300px\"><a href=\"https:\/\/stammkoenigartus.de\/wp-content\/uploads\/Grossfahrt-2022-08-02-4.jpg\" title=\"Gro\u00dffahrt 2022-08-02 (4)\" rel=\"lightbox[16866]\"><img loading=\"lazy\" decoding=\"async\" src=\"https:\/\/stammkoenigartus.de\/wp-content\/uploads\/Grossfahrt-2022-08-02-4-300x300.jpg\" alt=\"Gro\u00dffahrt 2022-08-02 (4)\" width=\"300\" height=\"300\" \/><span class=\"su-custom-gallery-title\">Gro\u00dffahrt 2022-08-02 (4)<\/span><\/a><\/div><div class=\"su-custom-gallery-slide\" style=\"width:300px;height:300px\"><a href=\"https:\/\/stammkoenigartus.de\/wp-content\/uploads\/Grossfahrt-2022-08-02-5.jpg\" title=\"Gro\u00dffahrt 2022-08-02 (5)\" rel=\"lightbox[16866]\"><img loading=\"lazy\" decoding=\"async\" src=\"https:\/\/stammkoenigartus.de\/wp-content\/uploads\/Grossfahrt-2022-08-02-5-300x300.jpg\" alt=\"Gro\u00dffahrt 2022-08-02 (5)\" width=\"300\" height=\"300\" \/><span class=\"su-custom-gallery-title\">Gro\u00dffahrt 2022-08-02 (5)<\/span><\/a><\/div><div class=\"su-custom-gallery-slide\" style=\"width:300px;height:300px\"><a href=\"https:\/\/stammkoenigartus.de\/wp-content\/uploads\/Grossfahrt-2022-08-02-6.jpg\" title=\"Gro\u00dffahrt 2022-08-02 (6)\" rel=\"lightbox[16866]\"><img loading=\"lazy\" decoding=\"async\" src=\"https:\/\/stammkoenigartus.de\/wp-content\/uploads\/Grossfahrt-2022-08-02-6-300x300.jpg\" alt=\"Gro\u00dffahrt 2022-08-02 (6)\" width=\"300\" height=\"300\" \/><span class=\"su-custom-gallery-title\">Gro\u00dffahrt 2022-08-02 (6)<\/span><\/a><\/div><div class=\"su-custom-gallery-slide\" style=\"width:300px;height:300px\"><a href=\"https:\/\/stammkoenigartus.de\/wp-content\/uploads\/Grossfahrt-2022-08-02-7.jpg\" title=\"Gro\u00dffahrt 2022-08-02 (7)\" rel=\"lightbox[16866]\"><img loading=\"lazy\" decoding=\"async\" src=\"https:\/\/stammkoenigartus.de\/wp-content\/uploads\/Grossfahrt-2022-08-02-7-300x300.jpg\" alt=\"Gro\u00dffahrt 2022-08-02 (7)\" width=\"300\" height=\"300\" \/><span class=\"su-custom-gallery-title\">Gro\u00dffahrt 2022-08-02 (7)<\/span><\/a><\/div><div class=\"su-clear\"><\/div><\/div><\/div><div class=\"mtphr-dnt-tick mtphr-dnt-default-tick mtphr-dnt-clearfix \">Mittwoch, 03.08.2022\r\nHeute sind wir um 9 Uhr aufgestanden. Am Vormittag haben wir zum Fr\u00fchst\u00fcck M\u00fcsli gegessen. Danach haben wir einen Wettbewerb gemacht, wer etwas Sinnvolles f\u00fcr die Gemeinschaft bauen kann. Gewonnen haben Finn und Jerome. Zum Mittagessen haben wir Thunfischsalat gegessen. Danach haben wir eine Wanderung in der Umgebung gemacht.\r\nFinn\r\n\r\n<div class=\"su-custom-gallery su-custom-gallery-align-left su-custom-gallery-title-never\"><div class=\"su-custom-gallery-slide\" style=\"width:300px;height:300px\"><a href=\"https:\/\/stammkoenigartus.de\/wp-content\/uploads\/Grossfahrt-2022-08-03-1.jpg\" title=\"Gro\u00dffahrt 2022-08-03 (1)\" rel=\"lightbox[16866]\"><img loading=\"lazy\" decoding=\"async\" src=\"https:\/\/stammkoenigartus.de\/wp-content\/uploads\/Grossfahrt-2022-08-03-1-300x300.jpg\" alt=\"Gro\u00dffahrt 2022-08-03 (1)\" width=\"300\" height=\"300\" \/><span class=\"su-custom-gallery-title\">Gro\u00dffahrt 2022-08-03 (1)<\/span><\/a><\/div><div class=\"su-custom-gallery-slide\" style=\"width:300px;height:300px\"><a href=\"https:\/\/stammkoenigartus.de\/wp-content\/uploads\/Grossfahrt-2022-08-03-2.jpg\" title=\"Gro\u00dffahrt 2022-08-03 (2)\" rel=\"lightbox[16866]\"><img loading=\"lazy\" decoding=\"async\" src=\"https:\/\/stammkoenigartus.de\/wp-content\/uploads\/Grossfahrt-2022-08-03-2-300x300.jpg\" alt=\"Gro\u00dffahrt 2022-08-03 (2)\" width=\"300\" height=\"300\" \/><span class=\"su-custom-gallery-title\">Gro\u00dffahrt 2022-08-03 (2)<\/span><\/a><\/div><div class=\"su-custom-gallery-slide\" style=\"width:300px;height:300px\"><a href=\"https:\/\/stammkoenigartus.de\/wp-content\/uploads\/Grossfahrt-2022-08-03-3.jpg\" title=\"Gro\u00dffahrt 2022-08-03 (3)\" rel=\"lightbox[16866]\"><img loading=\"lazy\" decoding=\"async\" src=\"https:\/\/stammkoenigartus.de\/wp-content\/uploads\/Grossfahrt-2022-08-03-3-300x300.jpg\" alt=\"Gro\u00dffahrt 2022-08-03 (3)\" width=\"300\" height=\"300\" \/><span class=\"su-custom-gallery-title\">Gro\u00dffahrt 2022-08-03 (3)<\/span><\/a><\/div><div class=\"su-custom-gallery-slide\" style=\"width:300px;height:300px\"><a href=\"https:\/\/stammkoenigartus.de\/wp-content\/uploads\/Grossfahrt-2022-08-03-4.jpg\" title=\"Gro\u00dffahrt 2022-08-03 (4)\" rel=\"lightbox[16866]\"><img loading=\"lazy\" decoding=\"async\" src=\"https:\/\/stammkoenigartus.de\/wp-content\/uploads\/Grossfahrt-2022-08-03-4-300x300.jpg\" alt=\"Gro\u00dffahrt 2022-08-03 (4)\" width=\"300\" height=\"300\" \/><span class=\"su-custom-gallery-title\">Gro\u00dffahrt 2022-08-03 (4)<\/span><\/a><\/div><div class=\"su-custom-gallery-slide\" style=\"width:300px;height:300px\"><a href=\"https:\/\/stammkoenigartus.de\/wp-content\/uploads\/Grossfahrt-2022-08-03-5.jpg\" title=\"Gro\u00dffahrt 2022-08-03 (5)\" rel=\"lightbox[16866]\"><img loading=\"lazy\" decoding=\"async\" src=\"https:\/\/stammkoenigartus.de\/wp-content\/uploads\/Grossfahrt-2022-08-03-5-300x300.jpg\" alt=\"Gro\u00dffahrt 2022-08-03 (5)\" width=\"300\" height=\"300\" \/><span class=\"su-custom-gallery-title\">Gro\u00dffahrt 2022-08-03 (5)<\/span><\/a><\/div><div class=\"su-custom-gallery-slide\" style=\"width:300px;height:300px\"><a href=\"https:\/\/stammkoenigartus.de\/wp-content\/uploads\/Grossfahrt-2022-08-03-6.jpg\" title=\"Gro\u00dffahrt 2022-08-03 (6)\" rel=\"lightbox[16866]\"><img loading=\"lazy\" decoding=\"async\" src=\"https:\/\/stammkoenigartus.de\/wp-content\/uploads\/Grossfahrt-2022-08-03-6-300x300.jpg\" alt=\"Gro\u00dffahrt 2022-08-03 (6)\" width=\"300\" height=\"300\" \/><span class=\"su-custom-gallery-title\">Gro\u00dffahrt 2022-08-03 (6)<\/span><\/a><\/div><div class=\"su-clear\"><\/div><\/div><\/div><div class=\"mtphr-dnt-tick mtphr-dnt-default-tick mtphr-dnt-clearfix \"><div style=\"border: none;border-bottom: solid #4472C4 1.0pt;padding: 0cm 0cm 4.0pt 0cm\">\r\n<p class=\"MsoTitle\"><span style=\"font-size: 12.0pt\">Donnerstag, 04.08.2022<\/span><\/p>\r\n<p class=\"MsoTitle\"><span style=\"font-size: 12.0pt;line-height: 107%\">Heute sind wir um 7 Uhr aufgestanden, haben gegessen und sind um 8:30 Uhr losgefahren. Dann sind wir nach ca. 1,5 Stunden an unserem Ziel angekommen und haben eine Burgruine (Deva) besichtigt. Danach sind wir zu einer weiteren Burg (Hunedoara) gefahren. Wir haben uns die Burg angeschaut und jemand hat sich an einer zu niedrigen T\u00fcr den Kopf angesto\u00dfen. Axel, Stefan, Stumpf, Lenny und ich sind dann einkaufen gefahren. Zum Schluss haben wir eine Runde \u201eMunchkin\u201c gespielt und danach noch ein Morsespiel gemacht.<\/span><\/p>\r\nErik\r\n\r\n<div class=\"su-custom-gallery su-custom-gallery-align-left su-custom-gallery-title-never\"><div class=\"su-custom-gallery-slide\" style=\"width:300px;height:300px\"><a href=\"https:\/\/stammkoenigartus.de\/wp-content\/uploads\/Grossfahrt-2022-08-04-1.jpg\" title=\"Gro\u00dffahrt 2022-08-04 (1)\" rel=\"lightbox[16866]\"><img loading=\"lazy\" decoding=\"async\" src=\"https:\/\/stammkoenigartus.de\/wp-content\/uploads\/Grossfahrt-2022-08-04-1-300x300.jpg\" alt=\"Gro\u00dffahrt 2022-08-04 (1)\" width=\"300\" height=\"300\" \/><span class=\"su-custom-gallery-title\">Gro\u00dffahrt 2022-08-04 (1)<\/span><\/a><\/div><div class=\"su-custom-gallery-slide\" style=\"width:300px;height:300px\"><a href=\"https:\/\/stammkoenigartus.de\/wp-content\/uploads\/Grossfahrt-2022-08-04-2.jpg\" title=\"Gro\u00dffahrt 2022-08-04 (2)\" rel=\"lightbox[16866]\"><img loading=\"lazy\" decoding=\"async\" src=\"https:\/\/stammkoenigartus.de\/wp-content\/uploads\/Grossfahrt-2022-08-04-2-300x300.jpg\" alt=\"Gro\u00dffahrt 2022-08-04 (2)\" width=\"300\" height=\"300\" \/><span class=\"su-custom-gallery-title\">Gro\u00dffahrt 2022-08-04 (2)<\/span><\/a><\/div><div class=\"su-custom-gallery-slide\" style=\"width:300px;height:300px\"><a href=\"https:\/\/stammkoenigartus.de\/wp-content\/uploads\/Grossfahrt-2022-08-04-3.jpg\" title=\"Gro\u00dffahrt 2022-08-04 (3)\" rel=\"lightbox[16866]\"><img loading=\"lazy\" decoding=\"async\" src=\"https:\/\/stammkoenigartus.de\/wp-content\/uploads\/Grossfahrt-2022-08-04-3-300x300.jpg\" alt=\"Gro\u00dffahrt 2022-08-04 (3)\" width=\"300\" height=\"300\" \/><span class=\"su-custom-gallery-title\">Gro\u00dffahrt 2022-08-04 (3)<\/span><\/a><\/div><div class=\"su-custom-gallery-slide\" style=\"width:300px;height:300px\"><a href=\"https:\/\/stammkoenigartus.de\/wp-content\/uploads\/Grossfahrt-2022-08-04-4.jpg\" title=\"Gro\u00dffahrt 2022-08-04 (4)\" rel=\"lightbox[16866]\"><img loading=\"lazy\" decoding=\"async\" src=\"https:\/\/stammkoenigartus.de\/wp-content\/uploads\/Grossfahrt-2022-08-04-4-300x300.jpg\" alt=\"Gro\u00dffahrt 2022-08-04 (4)\" width=\"300\" height=\"300\" \/><span class=\"su-custom-gallery-title\">Gro\u00dffahrt 2022-08-04 (4)<\/span><\/a><\/div><div class=\"su-custom-gallery-slide\" style=\"width:300px;height:300px\"><a href=\"https:\/\/stammkoenigartus.de\/wp-content\/uploads\/Grossfahrt-2022-08-04-5-rotated.jpg\" title=\"Gro\u00dffahrt 2022-08-04 (5)\" rel=\"lightbox[16866]\"><img loading=\"lazy\" decoding=\"async\" src=\"https:\/\/stammkoenigartus.de\/wp-content\/uploads\/Grossfahrt-2022-08-04-5-rotated.jpg\" alt=\"Gro\u00dffahrt 2022-08-04 (5)\" width=\"300\" height=\"300\" \/><span class=\"su-custom-gallery-title\">Gro\u00dffahrt 2022-08-04 (5)<\/span><\/a><\/div><div class=\"su-clear\"><\/div><\/div>\r\n\r\n<\/div><\/div><div class=\"mtphr-dnt-tick mtphr-dnt-default-tick mtphr-dnt-clearfix \"><div style=\"border: none;border-bottom: solid #4472C4 1.0pt;padding: 0cm 0cm 4.0pt 0cm\">\r\n<p class=\"MsoTitleCxSpFirst\"><span style=\"font-size: 12.0pt\">Freitag, 05.08.2022<\/span><\/p>\r\n<p class=\"MsoTitleCxSpMiddle\"><span style=\"font-size: 12.0pt\">Endlich mal wieder ausgeschlafen. Leider war ich der einzige, denn alle anderen waren bereits seit 9 Uhr beim Fr\u00fchst\u00fcck. Doch mein fester Schlaf ignorierte s\u00e4mtliche Rufe und so wurde ich p\u00fcnktlich zum Absp\u00fclen fertig. Nun ging es mit den Autos nach Sibiu und von dort aus liefen wir in die echt sch\u00f6ne Altstadt. Bereits von Weitem, fiel der krasse Gegensatz zwischen den H\u00e4usern auf. Teils sehr ungepflegte Fassaden, teils frisch renoviert wie in Deutschland. Am \u201eGro\u00dfen Platz\u201c \u2013 dem Herzst\u00fcck der Altstadt \u2013 angekommen, teilten wir uns in drei Gruppen f\u00fcr eine \u201eStadtrally\u201c ein. In einem Zeitfenster von 2 Stunden mussten wir verschiedenste Aufgaben l\u00f6sen. Fotografieren einiger Highlights, rum\u00e4nische Bezeichnungen f\u00fcr Obst und Gem\u00fcse herausfinden, Fragen zu Sehensw\u00fcrdigkeiten beantworten und nat\u00fcrlich das Beste Eis finden, waren nur einige der Aufgaben. Das Ganze war eine tolle Herausforderung, bei der wir auch mit einigen Rum\u00e4nen in Kontakt treten durften. Besonders beeindruckten mich die zahlreichen und \u00e4u\u00dferst prunkvollen Kirchen in der Altstadt und dass viele Schilder auch (oder sogar nur) in Deutsch beschriftet waren. Nach dem R\u00fcckweg gingen direkt die Vorbereitungen f\u00fcr den heutigen, internationalen Abend los. Drei Stunden sp\u00e4ter war p\u00fcnktlich um 19 Uhr unser Schweinebraten mit Kl\u00f6\u00dfen fertig. Auch die anderen G\u00e4ste fingen nun endlich mit den Vorbereitungen und dem Kochen an, weshalb wir schon vorher a\u00dfen. Mit dem Sonnenuntergang waren auch die anderen Pfadfinder fertig und der Abend wurde er\u00f6ffnet. Es gab Essen und Snacks aus Frankreich, Portugal, Rum\u00e4nien, Tschechien, Belgien und Deutschland. Wir sangen und tanzten zu Liedern aus diesen L\u00e4ndern und alle hatten sichtlich Spa\u00df und damit ging ein weiterer Tag zu Ende.<\/span><\/p>\r\n<p class=\"MsoTitleCxSpLast\"><span style=\"font-size: 12.0pt\">Selma<\/span><\/p>\r\n<div class=\"su-custom-gallery su-custom-gallery-align-left su-custom-gallery-title-never\"><div class=\"su-custom-gallery-slide\" style=\"width:300px;height:300px\"><a href=\"https:\/\/stammkoenigartus.de\/wp-content\/uploads\/Grossfahrt-2022-08-05-1.jpg\" title=\"Gro\u00dffahrt 2022-08-05 (1)\" rel=\"lightbox[16866]\"><img loading=\"lazy\" decoding=\"async\" src=\"https:\/\/stammkoenigartus.de\/wp-content\/uploads\/Grossfahrt-2022-08-05-1-300x300.jpg\" alt=\"Gro\u00dffahrt 2022-08-05 (1)\" width=\"300\" height=\"300\" \/><span class=\"su-custom-gallery-title\">Gro\u00dffahrt 2022-08-05 (1)<\/span><\/a><\/div><div class=\"su-custom-gallery-slide\" style=\"width:300px;height:300px\"><a href=\"https:\/\/stammkoenigartus.de\/wp-content\/uploads\/Grossfahrt-2022-08-05-2.jpg\" title=\"Gro\u00dffahrt 2022-08-05 (2)\" rel=\"lightbox[16866]\"><img loading=\"lazy\" decoding=\"async\" src=\"https:\/\/stammkoenigartus.de\/wp-content\/uploads\/Grossfahrt-2022-08-05-2-300x300.jpg\" alt=\"Gro\u00dffahrt 2022-08-05 (2)\" width=\"300\" height=\"300\" \/><span class=\"su-custom-gallery-title\">Gro\u00dffahrt 2022-08-05 (2)<\/span><\/a><\/div><div class=\"su-custom-gallery-slide\" style=\"width:300px;height:300px\"><a href=\"https:\/\/stammkoenigartus.de\/wp-content\/uploads\/Grossfahrt-2022-08-05-3.jpg\" title=\"Gro\u00dffahrt 2022-08-05 (3)\" rel=\"lightbox[16866]\"><img loading=\"lazy\" decoding=\"async\" src=\"https:\/\/stammkoenigartus.de\/wp-content\/uploads\/Grossfahrt-2022-08-05-3-300x300.jpg\" alt=\"Gro\u00dffahrt 2022-08-05 (3)\" width=\"300\" height=\"300\" \/><span class=\"su-custom-gallery-title\">Gro\u00dffahrt 2022-08-05 (3)<\/span><\/a><\/div><div class=\"su-custom-gallery-slide\" style=\"width:300px;height:300px\"><a href=\"https:\/\/stammkoenigartus.de\/wp-content\/uploads\/Grossfahrt-2022-08-05-4.jpg\" title=\"Gro\u00dffahrt 2022-08-05 (4)\" rel=\"lightbox[16866]\"><img loading=\"lazy\" decoding=\"async\" src=\"https:\/\/stammkoenigartus.de\/wp-content\/uploads\/Grossfahrt-2022-08-05-4-300x300.jpg\" alt=\"Gro\u00dffahrt 2022-08-05 (4)\" width=\"300\" height=\"300\" \/><span class=\"su-custom-gallery-title\">Gro\u00dffahrt 2022-08-05 (4)<\/span><\/a><\/div><div class=\"su-custom-gallery-slide\" style=\"width:300px;height:300px\"><a href=\"https:\/\/stammkoenigartus.de\/wp-content\/uploads\/Grossfahrt-2022-08-05-5.jpg\" title=\"Gro\u00dffahrt 2022-08-05 (5)\" rel=\"lightbox[16866]\"><img loading=\"lazy\" decoding=\"async\" src=\"https:\/\/stammkoenigartus.de\/wp-content\/uploads\/Grossfahrt-2022-08-05-5-300x300.jpg\" alt=\"Gro\u00dffahrt 2022-08-05 (5)\" width=\"300\" height=\"300\" \/><span class=\"su-custom-gallery-title\">Gro\u00dffahrt 2022-08-05 (5)<\/span><\/a><\/div><div class=\"su-custom-gallery-slide\" style=\"width:300px;height:300px\"><a href=\"https:\/\/stammkoenigartus.de\/wp-content\/uploads\/Grossfahrt-2022-08-05-6.jpg\" title=\"Gro\u00dffahrt 2022-08-05 (6)\" rel=\"lightbox[16866]\"><img loading=\"lazy\" decoding=\"async\" src=\"https:\/\/stammkoenigartus.de\/wp-content\/uploads\/Grossfahrt-2022-08-05-6-300x300.jpg\" alt=\"Gro\u00dffahrt 2022-08-05 (6)\" width=\"300\" height=\"300\" \/><span class=\"su-custom-gallery-title\">Gro\u00dffahrt 2022-08-05 (6)<\/span><\/a><\/div><div class=\"su-custom-gallery-slide\" style=\"width:300px;height:300px\"><a href=\"https:\/\/stammkoenigartus.de\/wp-content\/uploads\/Grossfahrt-2022-08-05-7.jpg\" title=\"Gro\u00dffahrt 2022-08-05 (7)\" rel=\"lightbox[16866]\"><img loading=\"lazy\" decoding=\"async\" src=\"https:\/\/stammkoenigartus.de\/wp-content\/uploads\/Grossfahrt-2022-08-05-7-300x300.jpg\" alt=\"Gro\u00dffahrt 2022-08-05 (7)\" width=\"300\" height=\"300\" \/><span class=\"su-custom-gallery-title\">Gro\u00dffahrt 2022-08-05 (7)<\/span><\/a><\/div><div class=\"su-custom-gallery-slide\" style=\"width:300px;height:300px\"><a href=\"https:\/\/stammkoenigartus.de\/wp-content\/uploads\/Grossfahrt-2022-08-05-8.jpg\" title=\"Gro\u00dffahrt 2022-08-05 (8)\" rel=\"lightbox[16866]\"><img loading=\"lazy\" decoding=\"async\" src=\"https:\/\/stammkoenigartus.de\/wp-content\/uploads\/Grossfahrt-2022-08-05-8-300x300.jpg\" alt=\"Gro\u00dffahrt 2022-08-05 (8)\" width=\"300\" height=\"300\" \/><span class=\"su-custom-gallery-title\">Gro\u00dffahrt 2022-08-05 (8)<\/span><\/a><\/div><div class=\"su-custom-gallery-slide\" style=\"width:300px;height:300px\"><a href=\"https:\/\/stammkoenigartus.de\/wp-content\/uploads\/Grossfahrt-2022-08-05-9.jpg\" title=\"Gro\u00dffahrt 2022-08-05 (9)\" rel=\"lightbox[16866]\"><img loading=\"lazy\" decoding=\"async\" src=\"https:\/\/stammkoenigartus.de\/wp-content\/uploads\/Grossfahrt-2022-08-05-9-300x300.jpg\" alt=\"Gro\u00dffahrt 2022-08-05 (9)\" width=\"300\" height=\"300\" \/><span class=\"su-custom-gallery-title\">Gro\u00dffahrt 2022-08-05 (9)<\/span><\/a><\/div><div class=\"su-custom-gallery-slide\" style=\"width:300px;height:300px\"><a href=\"https:\/\/stammkoenigartus.de\/wp-content\/uploads\/Grossfahrt-2022-08-05-10.jpg\" title=\"Gro\u00dffahrt 2022-08-05 (10)\" rel=\"lightbox[16866]\"><img loading=\"lazy\" decoding=\"async\" src=\"https:\/\/stammkoenigartus.de\/wp-content\/uploads\/Grossfahrt-2022-08-05-10-300x300.jpg\" alt=\"Gro\u00dffahrt 2022-08-05 (10)\" width=\"300\" height=\"300\" \/><span class=\"su-custom-gallery-title\">Gro\u00dffahrt 2022-08-05 (10)<\/span><\/a><\/div><div class=\"su-custom-gallery-slide\" style=\"width:300px;height:300px\"><a href=\"https:\/\/stammkoenigartus.de\/wp-content\/uploads\/Grossfahrt-2022-08-05-11.jpg\" title=\"Gro\u00dffahrt 2022-08-05 (11)\" rel=\"lightbox[16866]\"><img loading=\"lazy\" decoding=\"async\" src=\"https:\/\/stammkoenigartus.de\/wp-content\/uploads\/Grossfahrt-2022-08-05-11-300x300.jpg\" alt=\"Gro\u00dffahrt 2022-08-05 (11)\" width=\"300\" height=\"300\" \/><span class=\"su-custom-gallery-title\">Gro\u00dffahrt 2022-08-05 (11)<\/span><\/a><\/div><div class=\"su-custom-gallery-slide\" style=\"width:300px;height:300px\"><a href=\"https:\/\/stammkoenigartus.de\/wp-content\/uploads\/Grossfahrt-2022-08-05-12.jpg\" title=\"Gro\u00dffahrt 2022-08-05 (12)\" rel=\"lightbox[16866]\"><img loading=\"lazy\" decoding=\"async\" src=\"https:\/\/stammkoenigartus.de\/wp-content\/uploads\/Grossfahrt-2022-08-05-12-300x300.jpg\" alt=\"Gro\u00dffahrt 2022-08-05 (12)\" width=\"300\" height=\"300\" \/><span class=\"su-custom-gallery-title\">Gro\u00dffahrt 2022-08-05 (12)<\/span><\/a><\/div><div class=\"su-custom-gallery-slide\" style=\"width:300px;height:300px\"><a href=\"https:\/\/stammkoenigartus.de\/wp-content\/uploads\/Grossfahrt-2022-08-05-13.jpg\" title=\"Gro\u00dffahrt 2022-08-05 (13)\" rel=\"lightbox[16866]\"><img loading=\"lazy\" decoding=\"async\" src=\"https:\/\/stammkoenigartus.de\/wp-content\/uploads\/Grossfahrt-2022-08-05-13-300x300.jpg\" alt=\"Gro\u00dffahrt 2022-08-05 (13)\" width=\"300\" height=\"300\" \/><span class=\"su-custom-gallery-title\">Gro\u00dffahrt 2022-08-05 (13)<\/span><\/a><\/div><div class=\"su-custom-gallery-slide\" style=\"width:300px;height:300px\"><a href=\"https:\/\/stammkoenigartus.de\/wp-content\/uploads\/Grossfahrt-2022-08-05-14.jpg\" title=\"Gro\u00dffahrt 2022-08-05 (14)\" rel=\"lightbox[16866]\"><img loading=\"lazy\" decoding=\"async\" src=\"https:\/\/stammkoenigartus.de\/wp-content\/uploads\/Grossfahrt-2022-08-05-14-300x300.jpg\" alt=\"Gro\u00dffahrt 2022-08-05 (14)\" width=\"300\" height=\"300\" \/><span class=\"su-custom-gallery-title\">Gro\u00dffahrt 2022-08-05 (14)<\/span><\/a><\/div><div class=\"su-custom-gallery-slide\" style=\"width:300px;height:300px\"><a href=\"https:\/\/stammkoenigartus.de\/wp-content\/uploads\/Grossfahrt-2022-08-05.jpg\" title=\"Gro\u00dffahrt 2022-08-05\" rel=\"lightbox[16866]\"><img loading=\"lazy\" decoding=\"async\" src=\"https:\/\/stammkoenigartus.de\/wp-content\/uploads\/Grossfahrt-2022-08-05-300x300.jpg\" alt=\"Gro\u00dffahrt 2022-08-05\" width=\"300\" height=\"300\" \/><span class=\"su-custom-gallery-title\">Gro\u00dffahrt 2022-08-05<\/span><\/a><\/div><div class=\"su-clear\"><\/div><\/div>\r\n\r\n<\/div><\/div><div class=\"mtphr-dnt-tick mtphr-dnt-default-tick mtphr-dnt-clearfix \">Samstag, 06.08.2022\r\n\r\nZum Start in den Tag sind wir heute eine Stunde fr\u00fcher aufgestanden, weil wir mit den Autos eine ausgedehnte Tour \u00fcber eine der bekanntesten Passstra\u00dfen Rum\u00e4niens, der Transalpina, unternehmen wollten. Da heute zugleich der hei\u00dfeste Tag der Woche angek\u00fcndigt war, traf es sich gut, dass wir den gr\u00f6\u00dften Teil des Tages im klimatisierten Auto sa\u00dfen und die wundervolle Landschaft und die hervorragende Aussicht genie\u00dfen konnten. Am Schluss kamen wir dann noch bei einer H\u00f6hle vorbei. Bei Temperaturen um 10 Grad konnten wir die 600 Meter lange H\u00f6hle besichtigen und interessante Felsformationen und Tropfsteine begutachten.\r\n\r\nStumpf<\/div><div class=\"mtphr-dnt-tick mtphr-dnt-default-tick mtphr-dnt-clearfix \">Sonntag, 07.08.2022\r\n\r\nEin ganz spannendes Erlebnis, so ein Haijk. Der Tag galt ganz der guten Vorbereitung auf dieses anstehende Ereignis. Rucksack packen, Kleidung waschen und viele andere Dinge standen zur Diskussion. Jede Gruppe bereitete sich getrennt vor. Dies begann mit der \u00dcberlegung was es zu Essen geben sollte. Alles Unwichtige wurde in separate S\u00e4cke gepackt, die in der K\u00fcche gelagert wurden. Nachdem wir Mittag gegessen hatten, fuhren wir zum Einkaufen. Hier kaufte jede Gruppe f\u00fcr sich ein. Die Einkaufslisten vom Vormittag waren dabei sehr hilfreich. Nach einem leckeren Abendessen mit L\u00e1ngos und Sour Cream \u00e0 la Stumpf (inkl. 3 Knollen! Knoblauch) spielten wir das Spiel \u201eHamstern\u201c. Jeder Spieler musste schnellstm\u00f6glich so viele Gegenst\u00e4nde wie m\u00f6glich vom Platz \u201ehamstern\u201c. Anschlie\u00dfend wurden diese gez\u00e4hlt und anschlie\u00dfend nach M\u00fcll, Eigentum und Sonstige Sachen sortiert und wieder aufger\u00e4umt. 238 Gegenst\u00e4nde wurden gehamstert und ich freute mich riesig auf den Haijk am n\u00e4chsten Tag.\r\n\r\nFelix<\/div><div class=\"mtphr-dnt-tick mtphr-dnt-default-tick mtphr-dnt-clearfix \">Montag, 08.08.2022 (Haijk \/ W\u00f6lflinge)\r\n\r\nZum Start in den Tag hat Axel uns \u201egefoltert\u201c, indem wir schon um 7 Uhr aus den Betten kommen mussten. Als alle wach waren, haben wir noch schnell alle zusammen gefr\u00fchst\u00fcckt. Danach sind wir gemeinsam zu unseren Startpunkten gefahren, wo sich dann unsere Wege trennten. Axel und Stefan hatten uns vorher gesagt, dass unsere Route am Wasserfall entlang geht. Also sind wir von unserem Startpunkt aus losgelaufen und haben uns nat\u00fcrlich an den Ausschilderungen zum Wasserfall orientiert. Als wir 3 Kilometer bergauf gelaufen sind, hatten wir schlie\u00dflich den Wasserfall erreicht. Nach einigen sch\u00f6nen Bildern ist uns schlie\u00dflich aufgefallen, dass wir uns auf der falschen Seite befinden und nun wieder runter laufen m\u00fcssen. Beim Abstieg hat sich Selma leider an einem Stein geschnitten. Zum Gl\u00fcck hatte ich meine Erste-Hilfe-Tasche dabei und konnte ihn so behandeln. Beim Abstieg bekamen die Kinder Hunger und wir haben vereinbart, dass wir Brotzeit machen, sobald wir wieder auf der richtigen Seite sind. Nach einer kleinen St\u00e4rkung begannen wir erneut mit dem erklimmen des Berges. Auf unserem Weg mussten wir viele Hindernisse erfolgreich bew\u00e4ltigen. Trotz st\u00e4ndigem Regen hatten wir eine Menge Spa\u00df. Um 18 Uhr hatten wir das Ziel erreicht und freuten uns schon auf einen Mega-Ausblick, doch leider zog eine riesige Wolke \u00fcbers Tal, sodass wir leider nichts mehr sehen konnten. Entt\u00e4uscht davon sind wir erstmal zum Auto gegangen, wo wir einen Parkschein mit einer Nachricht von den anderen entdeckt haben. Leider haben wir die Nachricht nicht ganz verstanden und haben 20 Minuten damit verbracht herauszufinden, was die anderen von uns wollten. Nachdem wir gemerkt hatten, dass wir f\u00fcr den Campingplatz und WC bezahlen m\u00fcssen und die Temperatur auf 7 Grad sinken w\u00fcrde, haben wir beschlossen wieder zu unserem Zeltplatz zu fahren. Vor der Abfahrt durfte sich noch jeder der wollte ein Souvenir kaufen. Als wir wieder beim Zeltplatz waren, haben wir gemeinsam gekocht und sind zu Bett gegangen.\r\n\r\nPascal\r\n\r\n<div class=\"su-custom-gallery su-custom-gallery-align-left su-custom-gallery-title-never\"><div class=\"su-custom-gallery-slide\" style=\"width:300px;height:300px\"><a href=\"https:\/\/stammkoenigartus.de\/wp-content\/uploads\/Grossfahrt-2022-08-08-1.jpg\" title=\"Gro\u00dffahrt 2022-08-08 (1) Sippe\" rel=\"lightbox[16866]\"><img loading=\"lazy\" decoding=\"async\" src=\"https:\/\/stammkoenigartus.de\/wp-content\/uploads\/Grossfahrt-2022-08-08-1-300x300.jpg\" alt=\"Gro\u00dffahrt 2022-08-08 (1) Sippe\" width=\"300\" height=\"300\" \/><span class=\"su-custom-gallery-title\">Gro\u00dffahrt 2022-08-08 (1) Sippe<\/span><\/a><\/div><div class=\"su-clear\"><\/div><\/div><\/div><div class=\"mtphr-dnt-tick mtphr-dnt-default-tick mtphr-dnt-clearfix \">Montag, 08.08.2022 (Haijk \/ Sipplinge)\r\n\r\nZum Fr\u00fchst\u00fcck haben wir M\u00fcsli gegessen. Danach sind wir losgefahren, haben Axel und Stumpf, sowie die W\u00f6lflinge abgesetzt und sind zum Balea-See gefahren. Dort standen wir f\u00fcr eine halbe Stunde im str\u00f6menden Regen. Nachdem es aufgeh\u00f6rt hatte zu regnen, sind wir losgewandert. Nach ca. 100 Metern haben wir angehalten und Stefan hat gemerkt, dass Stumpf ihm eine extra Zeltplane eingepackt hat. Nach 10 Minuten konnten wir dann endlich weiter. Als wir die ein oder andere Pause \u00fcberwunden hatten, kamen wir bei einer Notunterkunft an. Dort \u00fcbernachteten wir dann auf Holzpritschen.\r\n\r\nFinn\r\n\r\n<div class=\"su-custom-gallery su-custom-gallery-align-left su-custom-gallery-title-never\"><div class=\"su-custom-gallery-slide\" style=\"width:300px;height:300px\"><a href=\"https:\/\/stammkoenigartus.de\/wp-content\/uploads\/Grossfahrt-2022-08-08-2.jpg\" title=\"Gro\u00dffahrt 2022-08-08 (2) Meute\" rel=\"lightbox[16866]\"><img loading=\"lazy\" decoding=\"async\" src=\"https:\/\/stammkoenigartus.de\/wp-content\/uploads\/Grossfahrt-2022-08-08-2-300x300.jpg\" alt=\"Gro\u00dffahrt 2022-08-08 (2) Meute\" width=\"300\" height=\"300\" \/><span class=\"su-custom-gallery-title\">Gro\u00dffahrt 2022-08-08 (2) Meute<\/span><\/a><\/div><div class=\"su-custom-gallery-slide\" style=\"width:300px;height:300px\"><a href=\"https:\/\/stammkoenigartus.de\/wp-content\/uploads\/Grossfahrt-2022-08-08-3.jpg\" title=\"Gro\u00dffahrt 2022-08-08 (3) Sippe\" rel=\"lightbox[16866]\"><img loading=\"lazy\" decoding=\"async\" src=\"https:\/\/stammkoenigartus.de\/wp-content\/uploads\/Grossfahrt-2022-08-08-3-300x300.jpg\" alt=\"Gro\u00dffahrt 2022-08-08 (3) Sippe\" width=\"300\" height=\"300\" \/><span class=\"su-custom-gallery-title\">Gro\u00dffahrt 2022-08-08 (3) Sippe<\/span><\/a><\/div><div class=\"su-custom-gallery-slide\" style=\"width:300px;height:300px\"><a href=\"https:\/\/stammkoenigartus.de\/wp-content\/uploads\/Grossfahrt-2022-08-08-4.jpg\" title=\"Gro\u00dffahrt 2022-08-08 (4) Sippe\" rel=\"lightbox[16866]\"><img loading=\"lazy\" decoding=\"async\" src=\"https:\/\/stammkoenigartus.de\/wp-content\/uploads\/Grossfahrt-2022-08-08-4-300x300.jpg\" alt=\"Gro\u00dffahrt 2022-08-08 (4) Sippe\" width=\"300\" height=\"300\" \/><span class=\"su-custom-gallery-title\">Gro\u00dffahrt 2022-08-08 (4) Sippe<\/span><\/a><\/div><div class=\"su-custom-gallery-slide\" style=\"width:300px;height:300px\"><a href=\"https:\/\/stammkoenigartus.de\/wp-content\/uploads\/Grossfahrt-2022-08-08.jpg\" title=\"Gro\u00dffahrt 2022-08-08 Sippe\" rel=\"lightbox[16866]\"><img loading=\"lazy\" decoding=\"async\" src=\"https:\/\/stammkoenigartus.de\/wp-content\/uploads\/Grossfahrt-2022-08-08-300x300.jpg\" alt=\"Gro\u00dffahrt 2022-08-08 Sippe\" width=\"300\" height=\"300\" \/><span class=\"su-custom-gallery-title\">Gro\u00dffahrt 2022-08-08 Sippe<\/span><\/a><\/div><div class=\"su-clear\"><\/div><\/div><\/div><div class=\"mtphr-dnt-tick mtphr-dnt-default-tick mtphr-dnt-clearfix \">Dienstag, 09.08.2022 (Haijk \/ W\u00f6lflinge)\r\n\r\nNachdem Pascal und ich bereits am Vortag mit unseren drei W\u00f6lflingen die Haijkstrecke erfolgreich absolviert hatten, hatten wir uns alle das Ausschlafen wohl verdient. Unser Luca, Jerome und Bela waren schon ein ganzes St\u00fcck fr\u00fcher auf und machten es sich leise noch auf der selbst gebauten Schaukel bequem, bis Pascal und ich auch endlich ausgeschlafen hatten. Nach dem Fr\u00fchst\u00fcck ging es zur nahe gelegenen Kirchenburg Holzmengen &#8211; doch leider nicht f\u00fcr alle: Ein W\u00f6lfling meinte, sich nicht benehmen zu m\u00fcssen und verbrachte daher den Tag am Zeltplatz mit Pascal, w\u00e4hrend wir anderen den kleinen Ausflug starteten. Im Dorf Hosman angekommen, erfuhren wir sogleich, dass wir sogar eine deutsche F\u00fchrung bekommen. Wir erfuhren hier spannende Details zur Kirchenburg, die bereits im 13. Jahrhundert erbaut wurde und daf\u00fcr noch relativ gut aussah. Neben den Verzierungen an der Kirche wurde uns so auch erkl\u00e4rt, dass die Kirchenburg vor einigen Jahren noch f\u00fcr gelegentliche Gottesdienste genutzt wurde, doch mittlerweile nur noch f\u00fcr F\u00fchrungen genutzt wird. Im Anschluss schauten wir nochmal zum angrenzenden Friedhof, der ebenfalls von einer Deutschen aufgesperrt wurde. Hier existieren teils \u00fcber 200 Jahre alte Gr\u00e4ber. Wieder am Zeltplatz angekommen, erfuhren wir, dass die anderen Haijkgruppen doch schon heute, statt wie geplant morgen zur\u00fcckkehren. W\u00e4hrend wir auf die anderen Gruppen warteten, k\u00fcmmerten wir uns um das Abendessen. Es galt, Gem\u00fcse und Kartoffeln zu schneiden, denn es gab Kartoffelspalten, Pfannengem\u00fcse und Schnitzel. Jeder half mit und so sahen auch die Kleineren, dass das Essen nicht mal eben schnell gemacht ist. Gegen 20:30 Uhr trafen auch die Gr\u00f6\u00dferen ein &#8211; man merkte Ihnen die Anstrengungen sichtlich an. W\u00e4hrend diese die Zelte wieder aufbauten, verspeisten wir unser leckeres Essen, dass leider nur f\u00fcr 5 Personen ausgelegt war. Doch wir lie\u00dfen den Sipplingen noch etwas \u00fcbrig, sodass sie nach dem Zeltaufbau auch noch etwas Warmes bekamen. So endete ein weiterer erlebnisreicher Tag unserer Gro\u00dffahrt.\r\n\r\nSelma\r\n\r\n<div class=\"su-custom-gallery su-custom-gallery-align-left su-custom-gallery-title-never\"><div class=\"su-custom-gallery-slide\" style=\"width:300px;height:300px\"><a href=\"https:\/\/stammkoenigartus.de\/wp-content\/uploads\/Grossfahrt-2022-08-09-2.jpg\" title=\"Gro\u00dffahrt 2022-08-09 (2) Meute\" rel=\"lightbox[16866]\"><img loading=\"lazy\" decoding=\"async\" src=\"https:\/\/stammkoenigartus.de\/wp-content\/uploads\/Grossfahrt-2022-08-09-2-300x300.jpg\" alt=\"Gro\u00dffahrt 2022-08-09 (2) Meute\" width=\"300\" height=\"300\" \/><span class=\"su-custom-gallery-title\">Gro\u00dffahrt 2022-08-09 (2) Meute<\/span><\/a><\/div><div class=\"su-clear\"><\/div><\/div><\/div><div class=\"mtphr-dnt-tick mtphr-dnt-default-tick mtphr-dnt-clearfix \">Dienstag, 09.08.2022 (Haijk \/ Sipplinge)\r\n\r\nWir sind aufgewacht und haben erstmal gefr\u00fchst\u00fcckt. W\u00e4hrend wir gefr\u00fchst\u00fcckt haben, ist eine Schafherde mit ca. 200 &#8211; 300 Tieren direkt an uns vorbeigelaufen. Nach dem Fr\u00fchst\u00fcck haben wir uns wieder auf den R\u00fcckweg gemacht. Nach etwa 2 Kilometer haben wir oben auf dem Berg ein Murmeltier gesehen. Als wir an einem kleinen See vorbeigekommen sind haben wir eine gro\u00dfe Pause gemacht und sind dann noch zum Auto gelaufen. Dort haben wir Axel und Stumpf abgeholt und sind wieder zum Zeltplatz gefahren.\r\n\r\nLenny\r\n\r\n<div class=\"su-custom-gallery su-custom-gallery-align-left su-custom-gallery-title-never\"><div class=\"su-custom-gallery-slide\" style=\"width:300px;height:300px\"><a href=\"https:\/\/stammkoenigartus.de\/wp-content\/uploads\/Grossfahrt-2022-08-09-1.jpg\" title=\"Gro\u00dffahrt 2022-08-09 (1) Sippe\" rel=\"lightbox[16866]\"><img loading=\"lazy\" decoding=\"async\" src=\"https:\/\/stammkoenigartus.de\/wp-content\/uploads\/Grossfahrt-2022-08-09-1-300x300.jpg\" alt=\"Gro\u00dffahrt 2022-08-09 (1) Sippe\" width=\"300\" height=\"300\" \/><span class=\"su-custom-gallery-title\">Gro\u00dffahrt 2022-08-09 (1) Sippe<\/span><\/a><\/div><div class=\"su-custom-gallery-slide\" style=\"width:300px;height:300px\"><a href=\"https:\/\/stammkoenigartus.de\/wp-content\/uploads\/Grossfahrt-2022-08-09-3.jpg\" title=\"Gro\u00dffahrt 2022-08-09 (3) Sippe\" rel=\"lightbox[16866]\"><img loading=\"lazy\" decoding=\"async\" src=\"https:\/\/stammkoenigartus.de\/wp-content\/uploads\/Grossfahrt-2022-08-09-3-300x300.jpg\" alt=\"Gro\u00dffahrt 2022-08-09 (3) Sippe\" width=\"300\" height=\"300\" \/><span class=\"su-custom-gallery-title\">Gro\u00dffahrt 2022-08-09 (3) Sippe<\/span><\/a><\/div><div class=\"su-custom-gallery-slide\" style=\"width:300px;height:300px\"><a href=\"https:\/\/stammkoenigartus.de\/wp-content\/uploads\/Grossfahrt-2022-08-09-4.jpg\" title=\"Gro\u00dffahrt 2022-08-09 (4) Sippe\" rel=\"lightbox[16866]\"><img loading=\"lazy\" decoding=\"async\" src=\"https:\/\/stammkoenigartus.de\/wp-content\/uploads\/Grossfahrt-2022-08-09-4-300x300.jpg\" alt=\"Gro\u00dffahrt 2022-08-09 (4) Sippe\" width=\"300\" height=\"300\" \/><span class=\"su-custom-gallery-title\">Gro\u00dffahrt 2022-08-09 (4) Sippe<\/span><\/a><\/div><div class=\"su-custom-gallery-slide\" style=\"width:300px;height:300px\"><a href=\"https:\/\/stammkoenigartus.de\/wp-content\/uploads\/Grossfahrt-2022-08-09-5.jpg\" title=\"Gro\u00dffahrt 2022-08-09 (5) Sippe\" rel=\"lightbox[16866]\"><img loading=\"lazy\" decoding=\"async\" src=\"https:\/\/stammkoenigartus.de\/wp-content\/uploads\/Grossfahrt-2022-08-09-5-300x300.jpg\" alt=\"Gro\u00dffahrt 2022-08-09 (5) Sippe\" width=\"300\" height=\"300\" \/><span class=\"su-custom-gallery-title\">Gro\u00dffahrt 2022-08-09 (5) Sippe<\/span><\/a><\/div><div class=\"su-custom-gallery-slide\" style=\"width:300px;height:300px\"><a href=\"https:\/\/stammkoenigartus.de\/wp-content\/uploads\/Grossfahrt-2022-08-09-6.jpg\" title=\"Gro\u00dffahrt 2022-08-09 (6) Sippe\" rel=\"lightbox[16866]\"><img loading=\"lazy\" decoding=\"async\" src=\"https:\/\/stammkoenigartus.de\/wp-content\/uploads\/Grossfahrt-2022-08-09-6-300x300.jpg\" alt=\"Gro\u00dffahrt 2022-08-09 (6) Sippe\" width=\"300\" height=\"300\" \/><span class=\"su-custom-gallery-title\">Gro\u00dffahrt 2022-08-09 (6) Sippe<\/span><\/a><\/div><div class=\"su-custom-gallery-slide\" style=\"width:300px;height:300px\"><a href=\"https:\/\/stammkoenigartus.de\/wp-content\/uploads\/Grossfahrt-2022-08-09-7.jpg\" title=\"Gro\u00dffahrt 2022-08-09 (7) Sippe\" rel=\"lightbox[16866]\"><img loading=\"lazy\" decoding=\"async\" src=\"https:\/\/stammkoenigartus.de\/wp-content\/uploads\/Grossfahrt-2022-08-09-7-300x300.jpg\" alt=\"Gro\u00dffahrt 2022-08-09 (7) Sippe\" width=\"300\" height=\"300\" \/><span class=\"su-custom-gallery-title\">Gro\u00dffahrt 2022-08-09 (7) Sippe<\/span><\/a><\/div><div class=\"su-custom-gallery-slide\" style=\"width:300px;height:300px\"><a href=\"https:\/\/stammkoenigartus.de\/wp-content\/uploads\/Grossfahrt-2022-08-09-8.jpg\" title=\"Gro\u00dffahrt 2022-08-09 (8) Sippe\" rel=\"lightbox[16866]\"><img loading=\"lazy\" decoding=\"async\" src=\"https:\/\/stammkoenigartus.de\/wp-content\/uploads\/Grossfahrt-2022-08-09-8-300x300.jpg\" alt=\"Gro\u00dffahrt 2022-08-09 (8) Sippe\" width=\"300\" height=\"300\" \/><span class=\"su-custom-gallery-title\">Gro\u00dffahrt 2022-08-09 (8) Sippe<\/span><\/a><\/div><div class=\"su-custom-gallery-slide\" style=\"width:300px;height:300px\"><a href=\"https:\/\/stammkoenigartus.de\/wp-content\/uploads\/Grossfahrt-2022-08-09-9.jpg\" title=\"Gro\u00dffahrt 2022-08-09 (9) Sippe\" rel=\"lightbox[16866]\"><img loading=\"lazy\" decoding=\"async\" src=\"https:\/\/stammkoenigartus.de\/wp-content\/uploads\/Grossfahrt-2022-08-09-9-300x300.jpg\" alt=\"Gro\u00dffahrt 2022-08-09 (9) Sippe\" width=\"300\" height=\"300\" \/><span class=\"su-custom-gallery-title\">Gro\u00dffahrt 2022-08-09 (9) Sippe<\/span><\/a><\/div><div class=\"su-custom-gallery-slide\" style=\"width:300px;height:300px\"><a href=\"https:\/\/stammkoenigartus.de\/wp-content\/uploads\/Grossfahrt-2022-08-09-10.jpg\" title=\"Gro\u00dffahrt 2022-08-09 (10) Sippe\" rel=\"lightbox[16866]\"><img loading=\"lazy\" decoding=\"async\" src=\"https:\/\/stammkoenigartus.de\/wp-content\/uploads\/Grossfahrt-2022-08-09-10-300x300.jpg\" alt=\"Gro\u00dffahrt 2022-08-09 (10) Sippe\" width=\"300\" height=\"300\" \/><span class=\"su-custom-gallery-title\">Gro\u00dffahrt 2022-08-09 (10) Sippe<\/span><\/a><\/div><div class=\"su-custom-gallery-slide\" style=\"width:300px;height:300px\"><a href=\"https:\/\/stammkoenigartus.de\/wp-content\/uploads\/Grossfahrt-2022-08-09-11.jpg\" title=\"Gro\u00dffahrt 2022-08-09 (11) Sippe\" rel=\"lightbox[16866]\"><img loading=\"lazy\" decoding=\"async\" src=\"https:\/\/stammkoenigartus.de\/wp-content\/uploads\/Grossfahrt-2022-08-09-11-300x300.jpg\" alt=\"Gro\u00dffahrt 2022-08-09 (11) Sippe\" width=\"300\" height=\"300\" \/><span class=\"su-custom-gallery-title\">Gro\u00dffahrt 2022-08-09 (11) Sippe<\/span><\/a><\/div><div class=\"su-clear\"><\/div><\/div><\/div><div class=\"mtphr-dnt-tick mtphr-dnt-default-tick mtphr-dnt-clearfix \">Mittwoch, 10.08.2022\r\n\r\nWir sind um 9 Uhr aufgestanden und ungef\u00e4hr um 10 Uhr gab es Fr\u00fchst\u00fcck. Danach haben wir Fu\u00dfball, Federball und Handball gespielt. Beim Federball haben wir ein Turnier gespielt. Die beiden Gewinner waren dann einen Tag vom Sp\u00fcldienst befreit. Um 14 Uhr haben wir dann zu Mittag gegessen und anschlie\u00dfend noch weiter gespielt. Nach einiger Zeit haben wir dann Holz f\u00fcr das Lagerfeuer am Abend vorbereitet. Nach dem Abendessen haben wir \u201eWerwolf\u201c gespielt. Das Lustigste war, das die beiden \u201etoten\u201c W\u00f6lfe gesagt haben, dass der letzte Wolf sehr dumm ist, weil er die beiden anderen nicht gesehen hat. Danach haben wir noch ein weiteres Spiel gemacht. Dabei mussten wir Teelichter sammeln und das Wachs in ein Glas schmelzen. Die Gruppe mit dem meisten Wachs hat dann gewonnen. Nach dem Spiel mussten die W\u00f6lflinge ins Bett. Eine halbe Stunde sp\u00e4ter gingen dann auch die Sipplinge und Gruppenleiter ins Bett.\r\n\r\nLouis\r\n\r\n<div class=\"su-custom-gallery su-custom-gallery-align-left su-custom-gallery-title-never\"><div class=\"su-custom-gallery-slide\" style=\"width:300px;height:300px\"><a href=\"https:\/\/stammkoenigartus.de\/wp-content\/uploads\/Grossfahrt-2022-08-10-1.jpg\" title=\"Gro\u00dffahrt 2022-08-10 (1)\" rel=\"lightbox[16866]\"><img loading=\"lazy\" decoding=\"async\" src=\"https:\/\/stammkoenigartus.de\/wp-content\/uploads\/Grossfahrt-2022-08-10-1-300x300.jpg\" alt=\"Gro\u00dffahrt 2022-08-10 (1)\" width=\"300\" height=\"300\" \/><span class=\"su-custom-gallery-title\">Gro\u00dffahrt 2022-08-10 (1)<\/span><\/a><\/div><div class=\"su-custom-gallery-slide\" style=\"width:300px;height:300px\"><a href=\"https:\/\/stammkoenigartus.de\/wp-content\/uploads\/Grossfahrt-2022-08-10-2.jpg\" title=\"Gro\u00dffahrt 2022-08-10 (2)\" rel=\"lightbox[16866]\"><img loading=\"lazy\" decoding=\"async\" src=\"https:\/\/stammkoenigartus.de\/wp-content\/uploads\/Grossfahrt-2022-08-10-2-300x300.jpg\" alt=\"Gro\u00dffahrt 2022-08-10 (2)\" width=\"300\" height=\"300\" \/><span class=\"su-custom-gallery-title\">Gro\u00dffahrt 2022-08-10 (2)<\/span><\/a><\/div><div class=\"su-custom-gallery-slide\" style=\"width:300px;height:300px\"><a href=\"https:\/\/stammkoenigartus.de\/wp-content\/uploads\/Grossfahrt-2022-08-10-3.jpg\" title=\"Gro\u00dffahrt 2022-08-10 (3)\" rel=\"lightbox[16866]\"><img loading=\"lazy\" decoding=\"async\" src=\"https:\/\/stammkoenigartus.de\/wp-content\/uploads\/Grossfahrt-2022-08-10-3-300x300.jpg\" alt=\"Gro\u00dffahrt 2022-08-10 (3)\" width=\"300\" height=\"300\" \/><span class=\"su-custom-gallery-title\">Gro\u00dffahrt 2022-08-10 (3)<\/span><\/a><\/div><div class=\"su-clear\"><\/div><\/div><\/div><div class=\"mtphr-dnt-tick mtphr-dnt-default-tick mtphr-dnt-clearfix \">Donnerstag, 11.08.2022\r\n\r\nWir sind alle sehr fr\u00fch aufgestanden, dann hat Felix uns zum Essenskreis gerufen. Es gab Grie\u00dfbrei mit Marmelade und Honig. Als wir mit dem Essen fertig waren, kamen Axel, Stumpf und Stefan vom Einkaufen zur\u00fcck. Danach sind wir in ein anderes Dorf zur Ruine Stolzenburg gefahren. Dort war auch ein kleiner Hund, der ganz s\u00fc\u00df war und den wir streicheln durften. Dann sind wir noch nach Michelsberg zur Kirchenburg gefahren. Dort haben wir auch Mittag gegessen. Dann haben wir uns allerhand angeschaut und einiges zur Geschichte der Kirchenburg geh\u00f6rt. Anschlie\u00dfend sind wir wieder zum Zeltplatz gefahren und haben viele Spiele gemacht. Dann gab es auch schon wieder Abendessen. Schlie\u00dflich haben wir wieder ein Feuer gemacht und noch einmal \u201eWerwolf\u201c gespielt. Zum Schluss haben wir noch viele Lieder am Lagerfeuer gesungen. Die Sipplinge sind erst sp\u00e4t ins Bett gegangen.\r\n\r\nLuca\r\n\r\n<div class=\"su-custom-gallery su-custom-gallery-align-left su-custom-gallery-title-never\"><div class=\"su-custom-gallery-slide\" style=\"width:300px;height:300px\"><a href=\"https:\/\/stammkoenigartus.de\/wp-content\/uploads\/Grossfahrt-2022-08-11-1.jpg\" title=\"Gro\u00dffahrt 2022-08-11 (1)\" rel=\"lightbox[16866]\"><img loading=\"lazy\" decoding=\"async\" src=\"https:\/\/stammkoenigartus.de\/wp-content\/uploads\/Grossfahrt-2022-08-11-1-300x300.jpg\" alt=\"Gro\u00dffahrt 2022-08-11 (1)\" width=\"300\" height=\"300\" \/><span class=\"su-custom-gallery-title\">Gro\u00dffahrt 2022-08-11 (1)<\/span><\/a><\/div><div class=\"su-custom-gallery-slide\" style=\"width:300px;height:300px\"><a href=\"https:\/\/stammkoenigartus.de\/wp-content\/uploads\/Grossfahrt-2022-08-11-2.jpg\" title=\"Gro\u00dffahrt 2022-08-11 (2)\" rel=\"lightbox[16866]\"><img loading=\"lazy\" decoding=\"async\" src=\"https:\/\/stammkoenigartus.de\/wp-content\/uploads\/Grossfahrt-2022-08-11-2-300x300.jpg\" alt=\"Gro\u00dffahrt 2022-08-11 (2)\" width=\"300\" height=\"300\" \/><span class=\"su-custom-gallery-title\">Gro\u00dffahrt 2022-08-11 (2)<\/span><\/a><\/div><div class=\"su-custom-gallery-slide\" style=\"width:300px;height:300px\"><a href=\"https:\/\/stammkoenigartus.de\/wp-content\/uploads\/Grossfahrt-2022-08-11-3.jpg\" title=\"Gro\u00dffahrt 2022-08-11 (3)\" rel=\"lightbox[16866]\"><img loading=\"lazy\" decoding=\"async\" src=\"https:\/\/stammkoenigartus.de\/wp-content\/uploads\/Grossfahrt-2022-08-11-3-300x300.jpg\" alt=\"Gro\u00dffahrt 2022-08-11 (3)\" width=\"300\" height=\"300\" \/><span class=\"su-custom-gallery-title\">Gro\u00dffahrt 2022-08-11 (3)<\/span><\/a><\/div><div class=\"su-custom-gallery-slide\" style=\"width:300px;height:300px\"><a href=\"https:\/\/stammkoenigartus.de\/wp-content\/uploads\/Grossfahrt-2022-08-11-4.jpg\" title=\"Gro\u00dffahrt 2022-08-11 (4)\" rel=\"lightbox[16866]\"><img loading=\"lazy\" decoding=\"async\" src=\"https:\/\/stammkoenigartus.de\/wp-content\/uploads\/Grossfahrt-2022-08-11-4-300x300.jpg\" alt=\"Gro\u00dffahrt 2022-08-11 (4)\" width=\"300\" height=\"300\" \/><span class=\"su-custom-gallery-title\">Gro\u00dffahrt 2022-08-11 (4)<\/span><\/a><\/div><div class=\"su-custom-gallery-slide\" style=\"width:300px;height:300px\"><a href=\"https:\/\/stammkoenigartus.de\/wp-content\/uploads\/Grossfahrt-2022-08-11-5.jpg\" title=\"Gro\u00dffahrt 2022-08-11 (5)\" rel=\"lightbox[16866]\"><img loading=\"lazy\" decoding=\"async\" src=\"https:\/\/stammkoenigartus.de\/wp-content\/uploads\/Grossfahrt-2022-08-11-5-300x300.jpg\" alt=\"Gro\u00dffahrt 2022-08-11 (5)\" width=\"300\" height=\"300\" \/><span class=\"su-custom-gallery-title\">Gro\u00dffahrt 2022-08-11 (5)<\/span><\/a><\/div><div class=\"su-custom-gallery-slide\" style=\"width:300px;height:300px\"><a href=\"https:\/\/stammkoenigartus.de\/wp-content\/uploads\/Grossfahrt-2022-08-11-6.jpg\" title=\"Gro\u00dffahrt 2022-08-11 (6)\" rel=\"lightbox[16866]\"><img loading=\"lazy\" decoding=\"async\" src=\"https:\/\/stammkoenigartus.de\/wp-content\/uploads\/Grossfahrt-2022-08-11-6-300x300.jpg\" alt=\"Gro\u00dffahrt 2022-08-11 (6)\" width=\"300\" height=\"300\" \/><span class=\"su-custom-gallery-title\">Gro\u00dffahrt 2022-08-11 (6)<\/span><\/a><\/div><div class=\"su-custom-gallery-slide\" style=\"width:300px;height:300px\"><a href=\"https:\/\/stammkoenigartus.de\/wp-content\/uploads\/Grossfahrt-2022-08-11-7.jpg\" title=\"Gro\u00dffahrt 2022-08-11 (7)\" rel=\"lightbox[16866]\"><img loading=\"lazy\" decoding=\"async\" src=\"https:\/\/stammkoenigartus.de\/wp-content\/uploads\/Grossfahrt-2022-08-11-7-300x300.jpg\" alt=\"Gro\u00dffahrt 2022-08-11 (7)\" width=\"300\" height=\"300\" \/><span class=\"su-custom-gallery-title\">Gro\u00dffahrt 2022-08-11 (7)<\/span><\/a><\/div><div class=\"su-custom-gallery-slide\" style=\"width:300px;height:300px\"><a href=\"https:\/\/stammkoenigartus.de\/wp-content\/uploads\/Grossfahrt-2022-08-11-8.jpg\" title=\"Gro\u00dffahrt 2022-08-11 (8)\" rel=\"lightbox[16866]\"><img loading=\"lazy\" decoding=\"async\" src=\"https:\/\/stammkoenigartus.de\/wp-content\/uploads\/Grossfahrt-2022-08-11-8-300x300.jpg\" alt=\"Gro\u00dffahrt 2022-08-11 (8)\" width=\"300\" height=\"300\" \/><span class=\"su-custom-gallery-title\">Gro\u00dffahrt 2022-08-11 (8)<\/span><\/a><\/div><div class=\"su-custom-gallery-slide\" style=\"width:300px;height:300px\"><a href=\"https:\/\/stammkoenigartus.de\/wp-content\/uploads\/Grossfahrt-2022-08-11-9.jpg\" title=\"Gro\u00dffahrt 2022-08-11 (9)\" rel=\"lightbox[16866]\"><img loading=\"lazy\" decoding=\"async\" src=\"https:\/\/stammkoenigartus.de\/wp-content\/uploads\/Grossfahrt-2022-08-11-9-300x300.jpg\" alt=\"Gro\u00dffahrt 2022-08-11 (9)\" width=\"300\" height=\"300\" \/><span class=\"su-custom-gallery-title\">Gro\u00dffahrt 2022-08-11 (9)<\/span><\/a><\/div><div class=\"su-clear\"><\/div><\/div><\/div><div class=\"mtphr-dnt-tick mtphr-dnt-default-tick mtphr-dnt-clearfix \">Freitag, 12.08.2022 \/ Samstag, 13.08.2022 (Abreise)\r\n\r\nAm letzten Tag lie\u00dfen wir es etwas gem\u00fctlicher angehen. Nachdem wir alle ausgeschlafen hatten, gab es erstmal ein kleines Fr\u00fchst\u00fcck. Anschlie\u00dfend packte jeder erstmal seinen Rucksack zusammen, wobei einige erstmal ihre Gegenst\u00e4nde (die seit 2 Wochen quer \u00fcber dem Zeltplatz verteilt waren) suchen mussten. Danach bauten wir auch gleich die Kothen und das Alexzelt ab. Nach einer kurzen Mittagspause, machte sich das K\u00fcchenteam daran, s\u00e4mtliches Material zu sortieren und einzupacken. Alle anderen konnten die Zeit noch f\u00fcr ein paar Spiele nutzen bzw. den Nachmittag genie\u00dfen. P\u00fcnktlich zum Abend hatten wir alles abgebaut und die Autos vollst\u00e4ndig beladen. Nun ging es noch daran die Waschr\u00e4ume zu s\u00e4ubern und den letzten M\u00fcll vom Zeltplatz zu r\u00e4umen. Mit Einbruch der Dunkelheit stiegen wir schlie\u00dflich gegen 21:30 Uhr in die Autos und fuhren los.\r\n\r\nDer erste Teil der Fahrt verlief relativ ruhig, da sofort alle schliefen. Insgesamt gab es wesentlich weniger Verkehr als bei der Anreise und wir mussten nur an den Grenz\u00fcberg\u00e4ngen einige Wartezeit in Kauf nehmen. Als wir am Morgen in Wien ankamen, machten wir dort einen kurzen Zwischenstopp und schauten uns den Stephansplatz, das Mozarthaus und die Ankeruhr an. Danach ging es auch direkt weiter, sodass wir schon wesentlich fr\u00fcher als geplant in Waldbuch ankamen. Dort luden wir die Autos aus und beendeten die Gro\u00dffahrt mit einem gemeinsamen Abschlusskreis.\r\n\r\nStefan<\/div><\/div><a class=\"mtphr-dnt-nav mtphr-dnt-nav-prev\" href=\"#\" rel=\"nofollow\" aria-label=\"Previous\"><i class=\"mtphr-dnt-icon-arrow-left\"><\/i><\/a><a class=\"mtphr-dnt-nav mtphr-dnt-nav-next\" href=\"#\" rel=\"nofollow\" aria-label=\"Next\"><i class=\"mtphr-dnt-icon-arrow-right\"><\/i><\/a><\/div><div class=\"mtphr-dnt-control-links\"><a class=\"mtphr-dnt-control mtphr-dnt-control-button\" href=\"0\" rel=\"nofollow\"><i class=\"mtphr-dnt-icon-button\"><\/i><\/a><a class=\"mtphr-dnt-control mtphr-dnt-control-button\" href=\"1\" rel=\"nofollow\"><i class=\"mtphr-dnt-icon-button\"><\/i><\/a><a class=\"mtphr-dnt-control mtphr-dnt-control-button\" href=\"2\" rel=\"nofollow\"><i class=\"mtphr-dnt-icon-button\"><\/i><\/a><a class=\"mtphr-dnt-control mtphr-dnt-control-button\" href=\"3\" rel=\"nofollow\"><i class=\"mtphr-dnt-icon-button\"><\/i><\/a><a class=\"mtphr-dnt-control mtphr-dnt-control-button\" href=\"4\" rel=\"nofollow\"><i class=\"mtphr-dnt-icon-button\"><\/i><\/a><a class=\"mtphr-dnt-control mtphr-dnt-control-button\" href=\"5\" rel=\"nofollow\"><i class=\"mtphr-dnt-icon-button\"><\/i><\/a><a class=\"mtphr-dnt-control mtphr-dnt-control-button\" href=\"6\" rel=\"nofollow\"><i class=\"mtphr-dnt-icon-button\"><\/i><\/a><a class=\"mtphr-dnt-control mtphr-dnt-control-button\" href=\"7\" rel=\"nofollow\"><i class=\"mtphr-dnt-icon-button\"><\/i><\/a><a class=\"mtphr-dnt-control mtphr-dnt-control-button\" href=\"8\" rel=\"nofollow\"><i class=\"mtphr-dnt-icon-button\"><\/i><\/a><a class=\"mtphr-dnt-control mtphr-dnt-control-button\" href=\"9\" rel=\"nofollow\"><i class=\"mtphr-dnt-icon-button\"><\/i><\/a><a class=\"mtphr-dnt-control mtphr-dnt-control-button\" href=\"10\" rel=\"nofollow\"><i class=\"mtphr-dnt-icon-button\"><\/i><\/a><a class=\"mtphr-dnt-control mtphr-dnt-control-button\" href=\"11\" rel=\"nofollow\"><i class=\"mtphr-dnt-icon-button\"><\/i><\/a><a class=\"mtphr-dnt-control mtphr-dnt-control-button\" href=\"12\" rel=\"nofollow\"><i class=\"mtphr-dnt-icon-button\"><\/i><\/a><a class=\"mtphr-dnt-control mtphr-dnt-control-button\" href=\"13\" rel=\"nofollow\"><i class=\"mtphr-dnt-icon-button\"><\/i><\/a><a class=\"mtphr-dnt-control mtphr-dnt-control-button\" href=\"14\" rel=\"nofollow\"><i class=\"mtphr-dnt-icon-button\"><\/i><\/a><\/div><\/div><\/div>\n","protected":false},"excerpt":{"rendered":"","protected":false},"author":3,"featured_media":16930,"comment_status":"open","ping_status":"closed","sticky":false,"template":"","format":"standard","meta":{"_monsterinsights_skip_tracking":false,"_monsterinsights_sitenote_active":false,"_monsterinsights_sitenote_note":"","_monsterinsights_sitenote_category":0,"footnotes":""},"categories":[130],"tags":[],"class_list":["post-16866","post","type-post","status-publish","format-standard","has-post-thumbnail","hentry","category-unsere-aktionen"],"aioseo_notices":[],"_links":{"self":[{"href":"https:\/\/stammkoenigartus.de\/index.php?rest_route=\/wp\/v2\/posts\/16866","targetHints":{"allow":["GET"]}}],"collection":[{"href":"https:\/\/stammkoenigartus.de\/index.php?rest_route=\/wp\/v2\/posts"}],"about":[{"href":"https:\/\/stammkoenigartus.de\/index.php?rest_route=\/wp\/v2\/types\/post"}],"author":[{"embeddable":true,"href":"https:\/\/stammkoenigartus.de\/index.php?rest_route=\/wp\/v2\/users\/3"}],"replies":[{"embeddable":true,"href":"https:\/\/stammkoenigartus.de\/index.php?rest_route=%2Fwp%2Fv2%2Fcomments&post=16866"}],"version-history":[{"count":2,"href":"https:\/\/stammkoenigartus.de\/index.php?rest_route=\/wp\/v2\/posts\/16866\/revisions"}],"predecessor-version":[{"id":17001,"href":"https:\/\/stammkoenigartus.de\/index.php?rest_route=\/wp\/v2\/posts\/16866\/revisions\/17001"}],"wp:featuredmedia":[{"embeddable":true,"href":"https:\/\/stammkoenigartus.de\/index.php?rest_route=\/wp\/v2\/media\/16930"}],"wp:attachment":[{"href":"https:\/\/stammkoenigartus.de\/index.php?rest_route=%2Fwp%2Fv2%2Fmedia&parent=16866"}],"wp:term":[{"taxonomy":"category","embeddable":true,"href":"https:\/\/stammkoenigartus.de\/index.php?rest_route=%2Fwp%2Fv2%2Fcategories&post=16866"},{"taxonomy":"post_tag","embeddable":true,"href":"https:\/\/stammkoenigartus.de\/index.php?rest_route=%2Fwp%2Fv2%2Ftags&post=16866"}],"curies":[{"name":"wp","href":"https:\/\/api.w.org\/{rel}","templated":true}]}}