{"id":16975,"date":"2022-09-13T22:06:01","date_gmt":"2022-09-13T20:06:01","guid":{"rendered":"https:\/\/stammkoenigartus.de\/?p=16975"},"modified":"2023-02-12T15:26:28","modified_gmt":"2023-02-12T14:26:28","slug":"rover-ausflug-am-stammeslager-rothenkirchen-2022","status":"publish","type":"post","link":"https:\/\/stammkoenigartus.de\/?p=16975","title":{"rendered":"Rover-Ausflug am Stammeslager Rothenkirchen 2022"},"content":{"rendered":"\n<p>W\u00e4hrend des Stammeslagers (15.-17.07.2022) haben wir unsere Freizeit genutzt, um einen Ausflug in die nahegelegene KZ-Gedenkst\u00e4tte Laura bei Lehesten zu unternehmen.<br \/>Das ehemalige Au\u00dfenlager des KZ Buchenwald liegt eingebettet in eine Talsenke. So bald wir das<br \/>Gel\u00e4nde betreten, umgibt uns eine fast schon gespenstische Ruhe. Man k\u00f6nnte glauben, dass selbst<br \/>die Natur sich hier vor den Menschen, die an diesem Ort unter gro\u00dfem Leid und vielem vergossenen<br \/>Blut und Tr\u00e4nen verneigt und sie mit dieser Stille ehrt. Jeder tief in seinen eigenen Gef\u00fchlen und<br \/>Gedanken versunken, wandern wir still durch die Ausstellung und lesen vom Tagesablauf der<br \/>Gefangenen. Sehen die Bilder ihrer Peiniger und einige Gegenst\u00e4nde wie z.B. Essgeschirr und<br \/>H\u00e4ftlingskleidung. In einem Nebengeb\u00e4ude haben wir die Gelegenheit einen Film zu sehen, der uns<br \/>das Entstehen des Lagers zeigt.<br \/>Durch die kleine Au\u00dfenanlage gelangen wir zum Aussichtspunkt au\u00dferhalb des Lagers. Steil hinab<br \/>f\u00fchrte der Weg hinab in die Stollen, in denen die Lagerinsassen jeden Tag bis zur Ersch\u00f6pfung<br \/>arbeiten mussten, bevor sie sich den beschwerlichen Weg in ihren einfachen Holzpantinen wieder<br \/>hinauf schleppten, in der Hoffnung auf einen Teller w\u00e4ssriger Suppe.<br \/>Auf dem Heimweg redeten wir noch viel \u00fcber unsere Eindr\u00fccke. Einig waren wir uns, dass wir Gl\u00fcck<br \/>hatten, so ein Leid nicht erfahren zu haben. Und wir hoffen und w\u00fcnschen, dass es nie wieder<br \/>passiert.<br \/>Uns geht das Herz auf, als wir wieder im Zeltlager ankommen und \u201eunsere\u201c Kinder und Jugendlichen<br \/>so voller Leben und Freude und unbek\u00fcmmert zwischen den Zelten herumtollen zu sehen.<\/p>\n<p>Ramona<\/p>\n\n\n\n<figure class=\"wp-block-gallery has-nested-images columns-default is-cropped wp-block-gallery-1 is-layout-flex wp-block-gallery-is-layout-flex\">\n<figure class=\"wp-block-image size-large\"><img loading=\"lazy\" decoding=\"async\" width=\"800\" height=\"600\" data-id=\"16976\" src=\"https:\/\/stammkoenigartus.de\/wp-content\/uploads\/IMG_20220702_123917.jpg\" alt=\"\" class=\"wp-image-16976\" srcset=\"https:\/\/stammkoenigartus.de\/wp-content\/uploads\/IMG_20220702_123917.jpg 800w, https:\/\/stammkoenigartus.de\/wp-content\/uploads\/IMG_20220702_123917-480x360.jpg 480w, https:\/\/stammkoenigartus.de\/wp-content\/uploads\/IMG_20220702_123917-768x576.jpg 768w, https:\/\/stammkoenigartus.de\/wp-content\/uploads\/IMG_20220702_123917-307x230.jpg 307w, https:\/\/stammkoenigartus.de\/wp-content\/uploads\/IMG_20220702_123917-600x450.jpg 600w, https:\/\/stammkoenigartus.de\/wp-content\/uploads\/IMG_20220702_123917-400x300.jpg 400w\" sizes=\"auto, (max-width: 800px) 100vw, 800px\" \/><\/figure>\n\n\n\n<figure class=\"wp-block-image size-large\"><img loading=\"lazy\" decoding=\"async\" width=\"450\" height=\"600\" data-id=\"16977\" src=\"https:\/\/stammkoenigartus.de\/wp-content\/uploads\/IMG_20220702_132719.jpg\" alt=\"\" class=\"wp-image-16977\" srcset=\"https:\/\/stammkoenigartus.de\/wp-content\/uploads\/IMG_20220702_132719.jpg 450w, https:\/\/stammkoenigartus.de\/wp-content\/uploads\/IMG_20220702_132719-173x230.jpg 173w, https:\/\/stammkoenigartus.de\/wp-content\/uploads\/IMG_20220702_132719-400x533.jpg 400w\" sizes=\"auto, (max-width: 450px) 100vw, 450px\" \/><\/figure>\n\n\n\n<figure class=\"wp-block-image size-large\"><img loading=\"lazy\" decoding=\"async\" width=\"800\" height=\"600\" data-id=\"16978\" src=\"https:\/\/stammkoenigartus.de\/wp-content\/uploads\/IMG_20220702_132937.jpg\" alt=\"\" class=\"wp-image-16978\" srcset=\"https:\/\/stammkoenigartus.de\/wp-content\/uploads\/IMG_20220702_132937.jpg 800w, https:\/\/stammkoenigartus.de\/wp-content\/uploads\/IMG_20220702_132937-480x360.jpg 480w, https:\/\/stammkoenigartus.de\/wp-content\/uploads\/IMG_20220702_132937-768x576.jpg 768w, https:\/\/stammkoenigartus.de\/wp-content\/uploads\/IMG_20220702_132937-307x230.jpg 307w, https:\/\/stammkoenigartus.de\/wp-content\/uploads\/IMG_20220702_132937-600x450.jpg 600w, https:\/\/stammkoenigartus.de\/wp-content\/uploads\/IMG_20220702_132937-400x300.jpg 400w\" sizes=\"auto, (max-width: 800px) 100vw, 800px\" \/><\/figure>\n\n\n\n<figure class=\"wp-block-image size-large\"><img loading=\"lazy\" decoding=\"async\" width=\"800\" height=\"600\" data-id=\"16979\" src=\"https:\/\/stammkoenigartus.de\/wp-content\/uploads\/IMG_20220716_105516.jpg\" alt=\"\" class=\"wp-image-16979\" srcset=\"https:\/\/stammkoenigartus.de\/wp-content\/uploads\/IMG_20220716_105516.jpg 800w, https:\/\/stammkoenigartus.de\/wp-content\/uploads\/IMG_20220716_105516-480x360.jpg 480w, https:\/\/stammkoenigartus.de\/wp-content\/uploads\/IMG_20220716_105516-768x576.jpg 768w, https:\/\/stammkoenigartus.de\/wp-content\/uploads\/IMG_20220716_105516-307x230.jpg 307w, https:\/\/stammkoenigartus.de\/wp-content\/uploads\/IMG_20220716_105516-600x450.jpg 600w, https:\/\/stammkoenigartus.de\/wp-content\/uploads\/IMG_20220716_105516-400x300.jpg 400w\" sizes=\"auto, (max-width: 800px) 100vw, 800px\" \/><\/figure>\n\n\n\n<figure class=\"wp-block-image size-large\"><img loading=\"lazy\" decoding=\"async\" width=\"800\" height=\"600\" data-id=\"16980\" src=\"https:\/\/stammkoenigartus.de\/wp-content\/uploads\/IMG_20220716_114503.jpg\" alt=\"\" class=\"wp-image-16980\" srcset=\"https:\/\/stammkoenigartus.de\/wp-content\/uploads\/IMG_20220716_114503.jpg 800w, https:\/\/stammkoenigartus.de\/wp-content\/uploads\/IMG_20220716_114503-480x360.jpg 480w, https:\/\/stammkoenigartus.de\/wp-content\/uploads\/IMG_20220716_114503-768x576.jpg 768w, https:\/\/stammkoenigartus.de\/wp-content\/uploads\/IMG_20220716_114503-307x230.jpg 307w, https:\/\/stammkoenigartus.de\/wp-content\/uploads\/IMG_20220716_114503-600x450.jpg 600w, https:\/\/stammkoenigartus.de\/wp-content\/uploads\/IMG_20220716_114503-400x300.jpg 400w\" sizes=\"auto, (max-width: 800px) 100vw, 800px\" \/><\/figure>\n<\/figure>\n","protected":false},"excerpt":{"rendered":"<p>W\u00e4hrend des Stammeslagers (15.-17.07.2022) haben wir unsere Freizeit genutzt, um einen Ausflug in die nahegelegene KZ-Gedenkst\u00e4tte Laura bei Lehesten zu unternehmen.Das ehemalige Au\u00dfenlager des KZ &hellip;<\/p>\n","protected":false},"author":3,"featured_media":16979,"comment_status":"open","ping_status":"closed","sticky":false,"template":"","format":"standard","meta":{"_monsterinsights_skip_tracking":false,"_monsterinsights_sitenote_active":false,"_monsterinsights_sitenote_note":"","_monsterinsights_sitenote_category":0,"footnotes":""},"categories":[132,130],"tags":[],"class_list":["post-16975","post","type-post","status-publish","format-standard","has-post-thumbnail","hentry","category-rover","category-unsere-aktionen"],"aioseo_notices":[],"_links":{"self":[{"href":"https:\/\/stammkoenigartus.de\/index.php?rest_route=\/wp\/v2\/posts\/16975","targetHints":{"allow":["GET"]}}],"collection":[{"href":"https:\/\/stammkoenigartus.de\/index.php?rest_route=\/wp\/v2\/posts"}],"about":[{"href":"https:\/\/stammkoenigartus.de\/index.php?rest_route=\/wp\/v2\/types\/post"}],"author":[{"embeddable":true,"href":"https:\/\/stammkoenigartus.de\/index.php?rest_route=\/wp\/v2\/users\/3"}],"replies":[{"embeddable":true,"href":"https:\/\/stammkoenigartus.de\/index.php?rest_route=%2Fwp%2Fv2%2Fcomments&post=16975"}],"version-history":[{"count":1,"href":"https:\/\/stammkoenigartus.de\/index.php?rest_route=\/wp\/v2\/posts\/16975\/revisions"}],"predecessor-version":[{"id":16981,"href":"https:\/\/stammkoenigartus.de\/index.php?rest_route=\/wp\/v2\/posts\/16975\/revisions\/16981"}],"wp:featuredmedia":[{"embeddable":true,"href":"https:\/\/stammkoenigartus.de\/index.php?rest_route=\/wp\/v2\/media\/16979"}],"wp:attachment":[{"href":"https:\/\/stammkoenigartus.de\/index.php?rest_route=%2Fwp%2Fv2%2Fmedia&parent=16975"}],"wp:term":[{"taxonomy":"category","embeddable":true,"href":"https:\/\/stammkoenigartus.de\/index.php?rest_route=%2Fwp%2Fv2%2Fcategories&post=16975"},{"taxonomy":"post_tag","embeddable":true,"href":"https:\/\/stammkoenigartus.de\/index.php?rest_route=%2Fwp%2Fv2%2Ftags&post=16975"}],"curies":[{"name":"wp","href":"https:\/\/api.w.org\/{rel}","templated":true}]}}