{"id":17310,"date":"2016-07-15T00:42:00","date_gmt":"2016-07-14T22:42:00","guid":{"rendered":"https:\/\/stammkoenigartus.de\/?p=17310"},"modified":"2023-02-12T17:22:06","modified_gmt":"2023-02-12T16:22:06","slug":"bericht-zum-rovertreffen","status":"publish","type":"post","link":"https:\/\/stammkoenigartus.de\/?p=17310","title":{"rendered":"Bericht zum Rovertreffen"},"content":{"rendered":"\n<p>Die Rover Runde Cervezza unter Leitung von Jens Bl\u00fcchel vom Stamm K\u00f6nig Artus besuchte am Wochenende ihren befreundeten Stamm Waldl\u00e4ufer in Grafenw\u00f6hr. Bei herrlichem Sonnenschein trafen sich die Altpfadfinder vor dem Kultur- und Milit\u00e4rmuseum in Grafenw\u00f6hr. Einer der Teilnehmer war f\u00fcr dieses Treffen extra aus Frankfurt angereist. Grafenw\u00f6hr, seit 1910 durch den Truppen\u00fcbungsplatz gekennzeichnet, welcher heute der gr\u00f6\u00dfte Arbeitgeber der n\u00f6rdlichen Oberpfalz ist, verf\u00fcgt seit vielen Jahren \u00fcber ein sehenswertes Museum. Reinhard Trauner, ehemals Lehrer in Grafenw\u00f6hr, f\u00fchrte die Pfadfinder anderthalb Stunden durch die beiden Bereiche Milit\u00e4r und Kultur. Bei der milit\u00e4rischen Abteilung ist besonders erw\u00e4hnenswert, dass Elvis Presley als Wehrpflichtiger w\u00e4hrend einer \u00dcbung sechs Wochen in Grafenw\u00f6hr verbrachte und in seiner freien Zeit des \u00d6fteren in den Kneipen in Grafenw\u00f6hr auftrat.\u00a0Staunend erfuhren die Pfadfinder aus Oberfranken, dass ein anderer Prominenter Dieter Hildebrandt war. Ihn hatte es nach Kriegsende nach Grafenw\u00f6hr verschlagen, wo er einige Zeit seines Lebens verbrachte und f\u00fcr die Amerikaner arbeitete, bis er 1947 im benachbarten Weiden sein Abitur machen konnte und sp\u00e4ter zum H\u00f6rfunk ging.\u00a0Am Abend fanden sich die Altpfadfinder im Heim der Grafenw\u00f6hrer Pfadfinder ein, um zu grillen und sp\u00e4ter am Lagerfeuer \u00fcber Erlebnisse fr\u00fcherer Gro\u00dffahrten und Zeltlager zu erz\u00e4hlen. Einige Grafenw\u00f6hrer Rover stie\u00dfen zur Gruppe und man verbrachte die Zeit bis in die fr\u00fchen Morgenstunden am Lagerfeuer mit singen begleitet von Gitarre und Akkordeon.<\/p>\n<p>Stamm Waldl\u00e4ufer beim Grillen<\/p>\n<p>\u00a0<\/p>\n<p>\u00a0<\/p>\n<p>\u00a0<\/p>\n<p>\u00a0<\/p>\n<p>\u00a0<\/p>\n<p>\u00a0<\/p>\n<p>\u00a0<\/p>\n<p><br \/>Die Freundschaft zwischen den Pfadfinderst\u00e4mmen Waldl\u00e4ufer aus Grafenw\u00f6hr und K\u00f6nig Artus Waldbuch geht bis ins Jahr 1970 zur\u00fcck und besteht somit seit fast einem halben Jahrhundert. F\u00fcr 2017 hat man bereits einen Gegenbesuch vereinbart um das n\u00e4chste Kapitel der Geschichte zu schreiben.<\/p>\n<figure id=\"attachment_11760\" aria-describedby=\"caption-attachment-11760\" style=\"width: 800px\" class=\"wp-caption alignnone\"><img loading=\"lazy\" decoding=\"async\" class=\"size-full wp-image-11760\" src=\"https:\/\/stammkoenigartus.de\/wp-content\/uploads\/DSC_0067.jpg\" alt=\"DSC_0067\" width=\"800\" height=\"533\" srcset=\"https:\/\/stammkoenigartus.de\/wp-content\/uploads\/DSC_0067.jpg 800w, https:\/\/stammkoenigartus.de\/wp-content\/uploads\/DSC_0067-480x320.jpg 480w, https:\/\/stammkoenigartus.de\/wp-content\/uploads\/DSC_0067-768x512.jpg 768w\" sizes=\"auto, (max-width: 800px) 100vw, 800px\" \/><figcaption id=\"caption-attachment-11760\" class=\"wp-caption-text\">unsre Rover<\/figcaption><\/figure>\n","protected":false},"excerpt":{"rendered":"<p>Die Rover Runde Cervezza unter Leitung von Jens Bl\u00fcchel vom Stamm K\u00f6nig Artus besuchte am Wochenende ihren befreundeten Stamm Waldl\u00e4ufer in Grafenw\u00f6hr. Bei herrlichem Sonnenschein &hellip;<\/p>\n","protected":false},"author":2,"featured_media":11902,"comment_status":"open","ping_status":"closed","sticky":false,"template":"","format":"standard","meta":{"_monsterinsights_skip_tracking":false,"_monsterinsights_sitenote_active":false,"_monsterinsights_sitenote_note":"","_monsterinsights_sitenote_category":0,"footnotes":""},"categories":[130],"tags":[],"class_list":["post-17310","post","type-post","status-publish","format-standard","has-post-thumbnail","hentry","category-unsere-aktionen"],"aioseo_notices":[],"_links":{"self":[{"href":"https:\/\/stammkoenigartus.de\/index.php?rest_route=\/wp\/v2\/posts\/17310","targetHints":{"allow":["GET"]}}],"collection":[{"href":"https:\/\/stammkoenigartus.de\/index.php?rest_route=\/wp\/v2\/posts"}],"about":[{"href":"https:\/\/stammkoenigartus.de\/index.php?rest_route=\/wp\/v2\/types\/post"}],"author":[{"embeddable":true,"href":"https:\/\/stammkoenigartus.de\/index.php?rest_route=\/wp\/v2\/users\/2"}],"replies":[{"embeddable":true,"href":"https:\/\/stammkoenigartus.de\/index.php?rest_route=%2Fwp%2Fv2%2Fcomments&post=17310"}],"version-history":[{"count":2,"href":"https:\/\/stammkoenigartus.de\/index.php?rest_route=\/wp\/v2\/posts\/17310\/revisions"}],"predecessor-version":[{"id":18112,"href":"https:\/\/stammkoenigartus.de\/index.php?rest_route=\/wp\/v2\/posts\/17310\/revisions\/18112"}],"wp:featuredmedia":[{"embeddable":true,"href":"https:\/\/stammkoenigartus.de\/index.php?rest_route=\/wp\/v2\/media\/11902"}],"wp:attachment":[{"href":"https:\/\/stammkoenigartus.de\/index.php?rest_route=%2Fwp%2Fv2%2Fmedia&parent=17310"}],"wp:term":[{"taxonomy":"category","embeddable":true,"href":"https:\/\/stammkoenigartus.de\/index.php?rest_route=%2Fwp%2Fv2%2Fcategories&post=17310"},{"taxonomy":"post_tag","embeddable":true,"href":"https:\/\/stammkoenigartus.de\/index.php?rest_route=%2Fwp%2Fv2%2Ftags&post=17310"}],"curies":[{"name":"wp","href":"https:\/\/api.w.org\/{rel}","templated":true}]}}