{"id":18649,"date":"2023-07-08T15:00:00","date_gmt":"2023-07-08T13:00:00","guid":{"rendered":"https:\/\/stammkoenigartus.de\/?p=18649"},"modified":"2024-03-17T18:00:49","modified_gmt":"2024-03-17T17:00:49","slug":"stammesrat-2023","status":"publish","type":"post","link":"https:\/\/stammkoenigartus.de\/?p=18649","title":{"rendered":"Stammesrat 2023"},"content":{"rendered":"\n\n\n<p>Alle zwei Jahre kommen alle Stammesmitglieder zusammen um gemeinsam \u00fcber die Zukunft des Stammes zu entscheiden. Felix forderte zu beginn des Stammesrates eine Entlastung der Stammesf\u00fchrung. Diese wurde mehrheitlich beschlossen. Felix \u00fcbergab das Wort an Ramona, Rover Sprecherin der Sippe Ector die die Wahl moderierte. Ramona f\u00fchrte die Aufgaben und Voraussetzungen eines Stammesf\u00fchrers auf, hier wurden Stumpf und Felix vom Stammesrat vorgeschlagen.\u00a0\u00a0<strong>Felix wurde zum Stammesf\u00fchrer wiedergew\u00e4hlt.<br \/><\/strong><\/p>\n<p>Beim Amt der beiden Stellvertreters wo ebenfalls alle Aufgaben genannt wurden hat Stumpf sein Amt frei gegeben. Pascal wurde vorgeschlagen. <strong>Selma wurde zum Stellvertreter wieder gew\u00e4hlt. Pascal wurde zum Stellvertreter gew\u00e4hlt. <\/strong><strong>Das Amt des Schatzmeisters teilen sich weiterhin Stefan als stellvertretender Schatzmeister und Lukas als Schatzmeister.\u00a0<\/strong><\/p>\n<p>Neben der Stammesf\u00fchrung haben einige weitere \u00c4mter wichtige Aufgaben zu tragen um die Stammesf\u00fchrung zu entlasten. Bei der Mitgliederverwaltung wurde Lennard vor geschlagen, der mehrheitlich wieder gew\u00e4hlt wurde. Beim Materialwart haben sich drei Sipplinge der Sippe Mordred, Lenny Louis und Pablo mit ihrem Sippenf\u00fchrer bereit erkl\u00e4rt dieses zu pflegen. Sie wurden mehrheitlich zu Materialwarten gew\u00e4hlt.\u00a0<\/p>\n<p>Neben den Wahlen fragte Felix auch einige Interessen ab, hier konnte sich jeder melden der sich f\u00fcr das genannte Thema interessierte. Die verantwortlichen k\u00f6nnen dann auf die Leute direkt zu gehen. Einen Stammesrat gibt es alle zwei Jahre das n\u00e4chste mal am Stammeslager 2025. F.B\u00e4r<\/p>\n","protected":false},"excerpt":{"rendered":"<p>Alle zwei Jahre kommen alle Stammesmitglieder zusammen um gemeinsam \u00fcber die Zukunft des Stammes zu entscheiden. Felix forderte zu beginn des Stammesrates eine Entlastung der &hellip;<\/p>\n","protected":false},"author":2,"featured_media":10623,"comment_status":"open","ping_status":"closed","sticky":false,"template":"","format":"standard","meta":{"_monsterinsights_skip_tracking":false,"_monsterinsights_sitenote_active":false,"_monsterinsights_sitenote_note":"","_monsterinsights_sitenote_category":0,"footnotes":""},"categories":[130],"tags":[],"class_list":["post-18649","post","type-post","status-publish","format-standard","has-post-thumbnail","hentry","category-unsere-aktionen"],"aioseo_notices":[],"_links":{"self":[{"href":"https:\/\/stammkoenigartus.de\/index.php?rest_route=\/wp\/v2\/posts\/18649","targetHints":{"allow":["GET"]}}],"collection":[{"href":"https:\/\/stammkoenigartus.de\/index.php?rest_route=\/wp\/v2\/posts"}],"about":[{"href":"https:\/\/stammkoenigartus.de\/index.php?rest_route=\/wp\/v2\/types\/post"}],"author":[{"embeddable":true,"href":"https:\/\/stammkoenigartus.de\/index.php?rest_route=\/wp\/v2\/users\/2"}],"replies":[{"embeddable":true,"href":"https:\/\/stammkoenigartus.de\/index.php?rest_route=%2Fwp%2Fv2%2Fcomments&post=18649"}],"version-history":[{"count":2,"href":"https:\/\/stammkoenigartus.de\/index.php?rest_route=\/wp\/v2\/posts\/18649\/revisions"}],"predecessor-version":[{"id":18651,"href":"https:\/\/stammkoenigartus.de\/index.php?rest_route=\/wp\/v2\/posts\/18649\/revisions\/18651"}],"wp:featuredmedia":[{"embeddable":true,"href":"https:\/\/stammkoenigartus.de\/index.php?rest_route=\/wp\/v2\/media\/10623"}],"wp:attachment":[{"href":"https:\/\/stammkoenigartus.de\/index.php?rest_route=%2Fwp%2Fv2%2Fmedia&parent=18649"}],"wp:term":[{"taxonomy":"category","embeddable":true,"href":"https:\/\/stammkoenigartus.de\/index.php?rest_route=%2Fwp%2Fv2%2Fcategories&post=18649"},{"taxonomy":"post_tag","embeddable":true,"href":"https:\/\/stammkoenigartus.de\/index.php?rest_route=%2Fwp%2Fv2%2Ftags&post=18649"}],"curies":[{"name":"wp","href":"https:\/\/api.w.org\/{rel}","templated":true}]}}