{"id":18682,"date":"2023-08-29T21:15:46","date_gmt":"2023-08-29T19:15:46","guid":{"rendered":"https:\/\/stammkoenigartus.de\/?p=18682"},"modified":"2024-03-17T17:57:59","modified_gmt":"2024-03-17T16:57:59","slug":"tagebuch-grossfahrt-liechtenstein-2023","status":"publish","type":"post","link":"https:\/\/stammkoenigartus.de\/?p=18682","title":{"rendered":"Tagebuch Gro\u00dffahrt Liechtenstein 2023"},"content":{"rendered":"\n<div id=\"mtphr-dnt-18684\" class=\"mtphr-dnt mtphr-dnt-18684 mtphr-dnt-default mtphr-dnt-rotate mtphr-dnt-rotate-slide_right\"><div class=\"mtphr-dnt-wrapper mtphr-dnt-clearfix\"><div class=\"mtphr-dnt-tick-container\"><div class=\"mtphr-dnt-tick-contents\"><div class=\"mtphr-dnt-tick mtphr-dnt-default-tick mtphr-dnt-clearfix \">Tag 1: Samstag, 05. August\r\n\r\nNach einer nassen Nacht, in der wir unser Zelt verlassen mussten, wachten wir gegen 10 Uhr im Trockenen auf.\r\n\r\nZur gleichen Zeit trafen sich alle anderen Teilnehmer am Pfadfinderheim. Wir fuhren mit zwei Autos. Zuerst war es sch\u00f6n und wir hatten Spa\u00df, aber nach l\u00e4ngerer Zeit wurde es langweilig. Wir spielten einige Spiele.\r\n\r\nZeitgleich schob die Sippe Mordred den Anh\u00e4nger den Berg zum Zeltplatz hinauf. Er wurde entladen und gr\u00fcndlich gereinigt. Danach a\u00dfen alle gemeinsam Grie\u00dfbrei mit Ananas und Mangos.\r\n\r\nGegen 13.30 Uhr machten wir auf einem Rastplatz Brotzeit. Danach fuhren wir weiter nach Liechtenstein.\r\n\r\n<div id='gallery-1' class='gallery galleryid-18682 gallery-columns-3 gallery-size-medium'><figure class='gallery-item'>\n\t\t\t<div class='gallery-icon landscape'>\n\t\t\t\t<a href='https:\/\/stammkoenigartus.de\/wp-content\/uploads\/liechtenstein2023-90.jpg' rel=\"lightbox[18682]\"><img loading=\"lazy\" decoding=\"async\" width=\"480\" height=\"320\" src=\"https:\/\/stammkoenigartus.de\/wp-content\/uploads\/liechtenstein2023-90-480x320.jpg\" class=\"attachment-medium size-medium\" alt=\"\" srcset=\"https:\/\/stammkoenigartus.de\/wp-content\/uploads\/liechtenstein2023-90-480x320.jpg 480w, https:\/\/stammkoenigartus.de\/wp-content\/uploads\/liechtenstein2023-90-768x512.jpg 768w, https:\/\/stammkoenigartus.de\/wp-content\/uploads\/liechtenstein2023-90-450x300.jpg 450w, https:\/\/stammkoenigartus.de\/wp-content\/uploads\/liechtenstein2023-90-600x400.jpg 600w, https:\/\/stammkoenigartus.de\/wp-content\/uploads\/liechtenstein2023-90-400x267.jpg 400w, https:\/\/stammkoenigartus.de\/wp-content\/uploads\/liechtenstein2023-90.jpg 800w\" sizes=\"auto, (max-width: 480px) 100vw, 480px\" \/><\/a>\n\t\t\t<\/div><\/figure><figure class='gallery-item'>\n\t\t\t<div class='gallery-icon landscape'>\n\t\t\t\t<a href='https:\/\/stammkoenigartus.de\/wp-content\/uploads\/liechtenstein2023-98.jpg' rel=\"lightbox[18682]\"><img loading=\"lazy\" decoding=\"async\" width=\"480\" height=\"320\" src=\"https:\/\/stammkoenigartus.de\/wp-content\/uploads\/liechtenstein2023-98-480x320.jpg\" class=\"attachment-medium size-medium\" alt=\"\" srcset=\"https:\/\/stammkoenigartus.de\/wp-content\/uploads\/liechtenstein2023-98-480x320.jpg 480w, https:\/\/stammkoenigartus.de\/wp-content\/uploads\/liechtenstein2023-98-768x512.jpg 768w, https:\/\/stammkoenigartus.de\/wp-content\/uploads\/liechtenstein2023-98-450x300.jpg 450w, https:\/\/stammkoenigartus.de\/wp-content\/uploads\/liechtenstein2023-98-600x400.jpg 600w, https:\/\/stammkoenigartus.de\/wp-content\/uploads\/liechtenstein2023-98-400x267.jpg 400w, https:\/\/stammkoenigartus.de\/wp-content\/uploads\/liechtenstein2023-98.jpg 800w\" sizes=\"auto, (max-width: 480px) 100vw, 480px\" \/><\/a>\n\t\t\t<\/div><\/figure><figure class='gallery-item'>\n\t\t\t<div class='gallery-icon landscape'>\n\t\t\t\t<a href='https:\/\/stammkoenigartus.de\/wp-content\/uploads\/liechtenstein2023-102.jpg' rel=\"lightbox[18682]\"><img loading=\"lazy\" decoding=\"async\" width=\"480\" height=\"320\" src=\"https:\/\/stammkoenigartus.de\/wp-content\/uploads\/liechtenstein2023-102-480x320.jpg\" class=\"attachment-medium size-medium\" alt=\"\" srcset=\"https:\/\/stammkoenigartus.de\/wp-content\/uploads\/liechtenstein2023-102-480x320.jpg 480w, https:\/\/stammkoenigartus.de\/wp-content\/uploads\/liechtenstein2023-102-768x512.jpg 768w, https:\/\/stammkoenigartus.de\/wp-content\/uploads\/liechtenstein2023-102-450x300.jpg 450w, https:\/\/stammkoenigartus.de\/wp-content\/uploads\/liechtenstein2023-102-600x400.jpg 600w, https:\/\/stammkoenigartus.de\/wp-content\/uploads\/liechtenstein2023-102-400x267.jpg 400w, https:\/\/stammkoenigartus.de\/wp-content\/uploads\/liechtenstein2023-102.jpg 800w\" sizes=\"auto, (max-width: 480px) 100vw, 480px\" \/><\/a>\n\t\t\t<\/div><\/figure>\n\t\t<\/div>\n\r\n\r\nAm Nachmittag wurde von den Sipplingen die Kohte versetzt und die Jurte aufgebaut. Das Wasserbecken wurde kurzerhand als Badesee verwendet.\r\n\r\nNach der langen Fahrt hatten wir nun nur noch circa 1 Stunde zu fahren. Wir entschlossen uns, eine halbe Stunde am Bodensee zu verbringen. Dann fuhren wir weiter. Um 17.45 Uhr fiel Selma auf, dass in \u00d6sterreich an Samstagen alle Gesch\u00e4fte bereits um 18 Uhr schlie\u00dfen. So mussten alle zusammen helfen, um noch rechtzeitig einzukaufen.\r\nAuf dem Lagerplatz trafen wir gegen 19 Uhr ein und wurden schon sehns\u00fcchtig erwartet.\r\n\r\nUnser K\u00fcchenchef Lennard bezog die K\u00fcche. W\u00e4hrend die anderen die restlichen Zelte aufbauten. Nach einer leckeren Kartoffelsuppe und ein paar Liedern gingen wir zu Bett.\r\n\r\nFelix, Hannah<\/div><div class=\"mtphr-dnt-tick mtphr-dnt-default-tick mtphr-dnt-clearfix \">Tag 2: Sonntag, 06. August\r\n\r\nAm zweiten Tag sind wir um 9.00 Uhr aufgestanden und haben M\u00fcsli gegessen. Dann sind wir aufgrund des heutigen Dauerregens zum Schwimmbad gefahren, wo wir erstmal Brotzeit gegessen haben. Als alle restlos ges\u00e4ttigt waren, betraten wir das Hallenbad. Obwohl es nur zwei Becken gab, hatten wir ein paar sch\u00f6ne Stunden.\r\n\r\nDanach sind wir weiter zum Liechtensteinischen Postmuseum gefahren. Es war interessanter als die meisten gedacht haben \ud83d\ude09\r\nWir konnten hier viel \u00fcber die fr\u00fchere Herstellung von Briefmarken und die Geschichte der Post dort lernen. Auch viele Briefmarken mit den verschiedensten Motiven (z.B. Flugzeuge, Tiere &amp; Pflanzen, Sport) konnten wir anschauen.\r\n\r\n<div id='gallery-2' class='gallery galleryid-18682 gallery-columns-3 gallery-size-medium'><figure class='gallery-item'>\n\t\t\t<div class='gallery-icon landscape'>\n\t\t\t\t<a href='https:\/\/stammkoenigartus.de\/wp-content\/uploads\/liechtenstein2023-136.jpg' rel=\"lightbox[18682]\"><img loading=\"lazy\" decoding=\"async\" width=\"480\" height=\"360\" src=\"https:\/\/stammkoenigartus.de\/wp-content\/uploads\/liechtenstein2023-136-480x360.jpg\" class=\"attachment-medium size-medium\" alt=\"\" srcset=\"https:\/\/stammkoenigartus.de\/wp-content\/uploads\/liechtenstein2023-136-480x360.jpg 480w, https:\/\/stammkoenigartus.de\/wp-content\/uploads\/liechtenstein2023-136-768x576.jpg 768w, https:\/\/stammkoenigartus.de\/wp-content\/uploads\/liechtenstein2023-136-400x300.jpg 400w, https:\/\/stammkoenigartus.de\/wp-content\/uploads\/liechtenstein2023-136-600x450.jpg 600w, https:\/\/stammkoenigartus.de\/wp-content\/uploads\/liechtenstein2023-136.jpg 800w\" sizes=\"auto, (max-width: 480px) 100vw, 480px\" \/><\/a>\n\t\t\t<\/div><\/figure><figure class='gallery-item'>\n\t\t\t<div class='gallery-icon landscape'>\n\t\t\t\t<a href='https:\/\/stammkoenigartus.de\/wp-content\/uploads\/liechtenstein2023-140.jpg' rel=\"lightbox[18682]\"><img loading=\"lazy\" decoding=\"async\" width=\"480\" height=\"360\" src=\"https:\/\/stammkoenigartus.de\/wp-content\/uploads\/liechtenstein2023-140-480x360.jpg\" class=\"attachment-medium size-medium\" alt=\"\" srcset=\"https:\/\/stammkoenigartus.de\/wp-content\/uploads\/liechtenstein2023-140-480x360.jpg 480w, https:\/\/stammkoenigartus.de\/wp-content\/uploads\/liechtenstein2023-140-768x576.jpg 768w, https:\/\/stammkoenigartus.de\/wp-content\/uploads\/liechtenstein2023-140-400x300.jpg 400w, https:\/\/stammkoenigartus.de\/wp-content\/uploads\/liechtenstein2023-140-600x450.jpg 600w, https:\/\/stammkoenigartus.de\/wp-content\/uploads\/liechtenstein2023-140.jpg 800w\" sizes=\"auto, (max-width: 480px) 100vw, 480px\" \/><\/a>\n\t\t\t<\/div><\/figure><figure class='gallery-item'>\n\t\t\t<div class='gallery-icon landscape'>\n\t\t\t\t<a href='https:\/\/stammkoenigartus.de\/wp-content\/uploads\/liechtenstein2023-170.jpg' rel=\"lightbox[18682]\"><img loading=\"lazy\" decoding=\"async\" width=\"480\" height=\"320\" src=\"https:\/\/stammkoenigartus.de\/wp-content\/uploads\/liechtenstein2023-170-480x320.jpg\" class=\"attachment-medium size-medium\" alt=\"\" srcset=\"https:\/\/stammkoenigartus.de\/wp-content\/uploads\/liechtenstein2023-170-480x320.jpg 480w, https:\/\/stammkoenigartus.de\/wp-content\/uploads\/liechtenstein2023-170-768x512.jpg 768w, https:\/\/stammkoenigartus.de\/wp-content\/uploads\/liechtenstein2023-170-450x300.jpg 450w, https:\/\/stammkoenigartus.de\/wp-content\/uploads\/liechtenstein2023-170-600x400.jpg 600w, https:\/\/stammkoenigartus.de\/wp-content\/uploads\/liechtenstein2023-170-400x267.jpg 400w, https:\/\/stammkoenigartus.de\/wp-content\/uploads\/liechtenstein2023-170.jpg 800w\" sizes=\"auto, (max-width: 480px) 100vw, 480px\" \/><\/a>\n\t\t\t<\/div><\/figure>\n\t\t<\/div>\n\r\n\r\nDann sind wir wieder zum Zeltplatz zur\u00fcckgefahren und dann gab es auch schon Spaghetti mit Tomatenso\u00dfe.\r\n\r\nAm Abend spielten wir f\u00fcnf Runden Werwolf. Manchmal waren die Runden sehr kurz. Dann haben wir eine Singerunde gemacht, wo wir ganz viele verschiedene Lieder gesungen haben. Auch eine Sch\u00fcssel mit Gummib\u00e4rchen wurde herumgereicht. Man durfte sich immer nur zwei nehmen.\r\n\r\nNun gingen alle ins Bett.\r\n\r\nAm heutigen Tag war das Werwolf-Spiel am lustigsten. Jedoch hat das Hallenbad am meisten Spa\u00df gemacht.\r\n\r\nFinn und Yasin<\/div><div class=\"mtphr-dnt-tick mtphr-dnt-default-tick mtphr-dnt-clearfix \">Tag 3: Montag, 07. August\r\n\r\n8.30: Wir wurden geweckt von Lennard. Aufstehen!\r\n9.30: Es gab Essen, und zwar gebratene Nudeln und Brotzeit. Au\u00dferdem gab es Kakao dazu. Wie zu jedem Essen wurde nun um den Sp\u00fcldienst gew\u00fcrfelt.\r\n\r\nAb 10 Uhr: Selma und Lennard sind einkaufen gegangen und w\u00e4hrenddessen wurde ein Spiel gespielt. Als beide wieder da waren, haben wir Brotzeit gemacht. Nachdem jeder fertig war, machte sich jeder fertig f\u00fcrs Wandern.\r\n\r\nAls alle da waren, hat es schon wieder geregnet und wir mussten leider im Regen laufen. Laut Pascal hie\u00df es \u201eeine gem\u00fctliche Strecke\u201c. Manche fanden es allerdings nicht so, denn es ging den Berg hoch. Nachdem wir ein wenig gelaufen sind, kam eine Aussichtsplattform mit bestem Ausblick auf die Hauptstadt Vaduz und in die Schweiz.\r\n\r\n<div id='gallery-3' class='gallery galleryid-18682 gallery-columns-3 gallery-size-medium'><figure class='gallery-item'>\n\t\t\t<div class='gallery-icon landscape'>\n\t\t\t\t<a href='https:\/\/stammkoenigartus.de\/wp-content\/uploads\/liechtenstein2023-224.jpg' rel=\"lightbox[18682]\"><img loading=\"lazy\" decoding=\"async\" width=\"480\" height=\"320\" src=\"https:\/\/stammkoenigartus.de\/wp-content\/uploads\/liechtenstein2023-224-480x320.jpg\" class=\"attachment-medium size-medium\" alt=\"\" srcset=\"https:\/\/stammkoenigartus.de\/wp-content\/uploads\/liechtenstein2023-224-480x320.jpg 480w, https:\/\/stammkoenigartus.de\/wp-content\/uploads\/liechtenstein2023-224-768x512.jpg 768w, https:\/\/stammkoenigartus.de\/wp-content\/uploads\/liechtenstein2023-224-450x300.jpg 450w, https:\/\/stammkoenigartus.de\/wp-content\/uploads\/liechtenstein2023-224-600x400.jpg 600w, https:\/\/stammkoenigartus.de\/wp-content\/uploads\/liechtenstein2023-224-400x267.jpg 400w, https:\/\/stammkoenigartus.de\/wp-content\/uploads\/liechtenstein2023-224.jpg 800w\" sizes=\"auto, (max-width: 480px) 100vw, 480px\" \/><\/a>\n\t\t\t<\/div><\/figure><figure class='gallery-item'>\n\t\t\t<div class='gallery-icon landscape'>\n\t\t\t\t<a href='https:\/\/stammkoenigartus.de\/wp-content\/uploads\/liechtenstein2023-237.jpg' rel=\"lightbox[18682]\"><img loading=\"lazy\" decoding=\"async\" width=\"480\" height=\"320\" src=\"https:\/\/stammkoenigartus.de\/wp-content\/uploads\/liechtenstein2023-237-480x320.jpg\" class=\"attachment-medium size-medium\" alt=\"\" srcset=\"https:\/\/stammkoenigartus.de\/wp-content\/uploads\/liechtenstein2023-237-480x320.jpg 480w, https:\/\/stammkoenigartus.de\/wp-content\/uploads\/liechtenstein2023-237-768x512.jpg 768w, https:\/\/stammkoenigartus.de\/wp-content\/uploads\/liechtenstein2023-237-450x300.jpg 450w, https:\/\/stammkoenigartus.de\/wp-content\/uploads\/liechtenstein2023-237-600x400.jpg 600w, https:\/\/stammkoenigartus.de\/wp-content\/uploads\/liechtenstein2023-237-400x267.jpg 400w, https:\/\/stammkoenigartus.de\/wp-content\/uploads\/liechtenstein2023-237.jpg 800w\" sizes=\"auto, (max-width: 480px) 100vw, 480px\" \/><\/a>\n\t\t\t<\/div><\/figure><figure class='gallery-item'>\n\t\t\t<div class='gallery-icon landscape'>\n\t\t\t\t<a href='https:\/\/stammkoenigartus.de\/wp-content\/uploads\/liechtenstein2023-232.jpg' rel=\"lightbox[18682]\"><img loading=\"lazy\" decoding=\"async\" width=\"480\" height=\"271\" src=\"https:\/\/stammkoenigartus.de\/wp-content\/uploads\/liechtenstein2023-232-480x271.jpg\" class=\"attachment-medium size-medium\" alt=\"\" srcset=\"https:\/\/stammkoenigartus.de\/wp-content\/uploads\/liechtenstein2023-232-480x271.jpg 480w, https:\/\/stammkoenigartus.de\/wp-content\/uploads\/liechtenstein2023-232-768x434.jpg 768w, https:\/\/stammkoenigartus.de\/wp-content\/uploads\/liechtenstein2023-232-531x300.jpg 531w, https:\/\/stammkoenigartus.de\/wp-content\/uploads\/liechtenstein2023-232-600x339.jpg 600w, https:\/\/stammkoenigartus.de\/wp-content\/uploads\/liechtenstein2023-232-400x226.jpg 400w, https:\/\/stammkoenigartus.de\/wp-content\/uploads\/liechtenstein2023-232.jpg 800w\" sizes=\"auto, (max-width: 480px) 100vw, 480px\" \/><\/a>\n\t\t\t<\/div><\/figure>\n\t\t<\/div>\n\r\n\r\nWeiter ging es. Da kam aus dem Nichts ein Hund und erschreckte Pascal. Das fand ich echt lustig \ud83d\ude42\r\n\r\nEndlich oben angekommen haben wir die kleine Burg besichtigt (Wildschloss \/ Burg Schalun) und Kekse gegessen. Auf dem Weg nach unten erlaubte sich Pascal einen Scherz und sagte Felix, dass wir falsch sind und den Weg wieder zur\u00fcck m\u00fcssten. Das hat Felix aber nicht aufhalten k\u00f6nnen und er lief mit uns weiter.\r\n\r\nAls wir am Parkplatz ankamen, sind wir wieder zur\u00fcck nach Hause (Zeltplatz) gefahren.\r\n\r\nZum Abendessen gab es zwei Gerichte: Currywurst und Kartoffelsuppe. Danach spielten wir ein Spiel namens \u201eLagerchaos\u201c. Langsam endet der Abend in der Gem\u00fctlichkeit am Feuer.\r\n\r\nEs wird mir in Erinnerung bleiben, dass man kurz vor dem Ziel nicht aufgibt.\r\n\r\nMiro, Jakob, Luis<\/div><div class=\"mtphr-dnt-tick mtphr-dnt-default-tick mtphr-dnt-clearfix \">Tag 4: Dienstag, 08. August\r\n\r\nHeute hat uns Lennard nach dem Aufstehen \u201eArmer Ritter\u201c gekocht. Danach haben wir wegen dem guten Wetter \u2013 das kommen soll \u2013 die nasse W\u00e4sche getrocknet.\r\n\r\nDaraufhin hatten wir Freizeit. Die einen haben gebadet, andere haben Fu\u00dfball gespielt. Sp\u00e4ter sind wir dann in die Hauptstadt Vaduz gefahren und haben die Stadt mit ihren Sehensw\u00fcrdigkeiten angesehen. Um ca. 13.30 Uhr haben wir Fredi vom Bahnhof abgeholt. Nachdem wir am Zeltplatz ankamen, hat Lennard die Brotzeit angerichtet.\r\n\r\nDanach haben wir das Spiel Munchkin gespielt oder gebadet. Am sp\u00e4teren Nachmittag haben wir V\u00f6lkerball gespielt. Stefan hat w\u00e4hrenddessen seinen Reis f\u00fcr die Reispfanne gekocht. Nach dem leckeren Essen spielten wir eine weitere Runde V\u00f6lkerball.\r\n\r\n<div id='gallery-4' class='gallery galleryid-18682 gallery-columns-3 gallery-size-medium'><figure class='gallery-item'>\n\t\t\t<div class='gallery-icon landscape'>\n\t\t\t\t<a href='https:\/\/stammkoenigartus.de\/wp-content\/uploads\/liechtenstein2023-303.jpg' rel=\"lightbox[18682]\"><img loading=\"lazy\" decoding=\"async\" width=\"480\" height=\"320\" src=\"https:\/\/stammkoenigartus.de\/wp-content\/uploads\/liechtenstein2023-303-480x320.jpg\" class=\"attachment-medium size-medium\" alt=\"\" srcset=\"https:\/\/stammkoenigartus.de\/wp-content\/uploads\/liechtenstein2023-303-480x320.jpg 480w, https:\/\/stammkoenigartus.de\/wp-content\/uploads\/liechtenstein2023-303-768x512.jpg 768w, https:\/\/stammkoenigartus.de\/wp-content\/uploads\/liechtenstein2023-303-450x300.jpg 450w, https:\/\/stammkoenigartus.de\/wp-content\/uploads\/liechtenstein2023-303-600x400.jpg 600w, https:\/\/stammkoenigartus.de\/wp-content\/uploads\/liechtenstein2023-303-400x267.jpg 400w, https:\/\/stammkoenigartus.de\/wp-content\/uploads\/liechtenstein2023-303.jpg 800w\" sizes=\"auto, (max-width: 480px) 100vw, 480px\" \/><\/a>\n\t\t\t<\/div><\/figure><figure class='gallery-item'>\n\t\t\t<div class='gallery-icon landscape'>\n\t\t\t\t<a href='https:\/\/stammkoenigartus.de\/wp-content\/uploads\/liechtenstein2023-333.jpg' rel=\"lightbox[18682]\"><img loading=\"lazy\" decoding=\"async\" width=\"480\" height=\"320\" src=\"https:\/\/stammkoenigartus.de\/wp-content\/uploads\/liechtenstein2023-333-480x320.jpg\" class=\"attachment-medium size-medium\" alt=\"\" srcset=\"https:\/\/stammkoenigartus.de\/wp-content\/uploads\/liechtenstein2023-333-480x320.jpg 480w, https:\/\/stammkoenigartus.de\/wp-content\/uploads\/liechtenstein2023-333-768x512.jpg 768w, https:\/\/stammkoenigartus.de\/wp-content\/uploads\/liechtenstein2023-333-450x300.jpg 450w, https:\/\/stammkoenigartus.de\/wp-content\/uploads\/liechtenstein2023-333-600x400.jpg 600w, https:\/\/stammkoenigartus.de\/wp-content\/uploads\/liechtenstein2023-333-400x267.jpg 400w, https:\/\/stammkoenigartus.de\/wp-content\/uploads\/liechtenstein2023-333.jpg 800w\" sizes=\"auto, (max-width: 480px) 100vw, 480px\" \/><\/a>\n\t\t\t<\/div><\/figure><figure class='gallery-item'>\n\t\t\t<div class='gallery-icon landscape'>\n\t\t\t\t<a href='https:\/\/stammkoenigartus.de\/wp-content\/uploads\/liechtenstein2023-341.jpg' rel=\"lightbox[18682]\"><img loading=\"lazy\" decoding=\"async\" width=\"480\" height=\"320\" src=\"https:\/\/stammkoenigartus.de\/wp-content\/uploads\/liechtenstein2023-341-480x320.jpg\" class=\"attachment-medium size-medium\" alt=\"\" srcset=\"https:\/\/stammkoenigartus.de\/wp-content\/uploads\/liechtenstein2023-341-480x320.jpg 480w, https:\/\/stammkoenigartus.de\/wp-content\/uploads\/liechtenstein2023-341-768x512.jpg 768w, https:\/\/stammkoenigartus.de\/wp-content\/uploads\/liechtenstein2023-341-450x300.jpg 450w, https:\/\/stammkoenigartus.de\/wp-content\/uploads\/liechtenstein2023-341-600x400.jpg 600w, https:\/\/stammkoenigartus.de\/wp-content\/uploads\/liechtenstein2023-341-400x267.jpg 400w, https:\/\/stammkoenigartus.de\/wp-content\/uploads\/liechtenstein2023-341.jpg 800w\" sizes=\"auto, (max-width: 480px) 100vw, 480px\" \/><\/a>\n\t\t\t<\/div><\/figure>\n\t\t<\/div>\n\r\n\r\nAm Abend haben wir eine Singerunde gemacht. Nachdem die W\u00f6lflinge im Bett waren, haben wir Sipplinge drei der zehn Pfadfinderregeln besprochen und \u00fcberlegt, was sie bedeuten. Im Anschluss haben wir unsere Singerunde fortgef\u00fchrt.\r\n\r\nLennard<\/div><div class=\"mtphr-dnt-tick mtphr-dnt-default-tick mtphr-dnt-clearfix \">Tag 5: Mittwoch, 09. August\r\n\r\nUm 9.15 Uhr wurden wir geweckt und dann gab es Fr\u00fchst\u00fcck (Grie\u00dfbrei).\r\n\r\nKurz darauf hatten wir Freizeit. Dann sind wir nach Vaduz gefahren, weil wir noch einkaufen mussten. Von dort aus teilten wir uns in drei Gruppen auf. Die W\u00f6lflinge besch\u00e4ftigten sich beim Detektivtrail Vaduz in der Stadt mit einigen R\u00e4tseln:\r\n\r\nDabei mussten wir in der Stadt verschiedenste R\u00e4tsel l\u00f6sen und haben als L\u00f6sung je eine Zahl bekommen. Mit diesen Zahlen konnten wir am Ende das Schloss der Schatztruhe knacken und durften uns eine Belohnung aussuchen. Danach st\u00e4rkten wir uns mit Keksen und kehrten zum Lager zur\u00fcck.\r\nW\u00e4hrend der Schatzsuche nach den Zahlen kamen wir auch am Schloss Vaduz vorbei, das mir besonders gut gefallen hat.\r\n\r\n<div id='gallery-5' class='gallery galleryid-18682 gallery-columns-3 gallery-size-medium'><figure class='gallery-item'>\n\t\t\t<div class='gallery-icon landscape'>\n\t\t\t\t<a href='https:\/\/stammkoenigartus.de\/wp-content\/uploads\/liechtenstein2023-365.jpg' rel=\"lightbox[18682]\"><img loading=\"lazy\" decoding=\"async\" width=\"480\" height=\"320\" src=\"https:\/\/stammkoenigartus.de\/wp-content\/uploads\/liechtenstein2023-365-480x320.jpg\" class=\"attachment-medium size-medium\" alt=\"\" srcset=\"https:\/\/stammkoenigartus.de\/wp-content\/uploads\/liechtenstein2023-365-480x320.jpg 480w, https:\/\/stammkoenigartus.de\/wp-content\/uploads\/liechtenstein2023-365-768x512.jpg 768w, https:\/\/stammkoenigartus.de\/wp-content\/uploads\/liechtenstein2023-365-450x300.jpg 450w, https:\/\/stammkoenigartus.de\/wp-content\/uploads\/liechtenstein2023-365-600x400.jpg 600w, https:\/\/stammkoenigartus.de\/wp-content\/uploads\/liechtenstein2023-365-400x267.jpg 400w, https:\/\/stammkoenigartus.de\/wp-content\/uploads\/liechtenstein2023-365.jpg 800w\" sizes=\"auto, (max-width: 480px) 100vw, 480px\" \/><\/a>\n\t\t\t<\/div><\/figure><figure class='gallery-item'>\n\t\t\t<div class='gallery-icon landscape'>\n\t\t\t\t<a href='https:\/\/stammkoenigartus.de\/wp-content\/uploads\/liechtenstein2023-392.jpg' rel=\"lightbox[18682]\"><img loading=\"lazy\" decoding=\"async\" width=\"480\" height=\"271\" src=\"https:\/\/stammkoenigartus.de\/wp-content\/uploads\/liechtenstein2023-392-480x271.jpg\" class=\"attachment-medium size-medium\" alt=\"\" srcset=\"https:\/\/stammkoenigartus.de\/wp-content\/uploads\/liechtenstein2023-392-480x271.jpg 480w, https:\/\/stammkoenigartus.de\/wp-content\/uploads\/liechtenstein2023-392-768x434.jpg 768w, https:\/\/stammkoenigartus.de\/wp-content\/uploads\/liechtenstein2023-392-531x300.jpg 531w, https:\/\/stammkoenigartus.de\/wp-content\/uploads\/liechtenstein2023-392-600x339.jpg 600w, https:\/\/stammkoenigartus.de\/wp-content\/uploads\/liechtenstein2023-392-400x226.jpg 400w, https:\/\/stammkoenigartus.de\/wp-content\/uploads\/liechtenstein2023-392.jpg 800w\" sizes=\"auto, (max-width: 480px) 100vw, 480px\" \/><\/a>\n\t\t\t<\/div><\/figure><figure class='gallery-item'>\n\t\t\t<div class='gallery-icon landscape'>\n\t\t\t\t<a href='https:\/\/stammkoenigartus.de\/wp-content\/uploads\/liechtenstein2023-386.jpg' rel=\"lightbox[18682]\"><img loading=\"lazy\" decoding=\"async\" width=\"480\" height=\"320\" src=\"https:\/\/stammkoenigartus.de\/wp-content\/uploads\/liechtenstein2023-386-480x320.jpg\" class=\"attachment-medium size-medium\" alt=\"\" srcset=\"https:\/\/stammkoenigartus.de\/wp-content\/uploads\/liechtenstein2023-386-480x320.jpg 480w, https:\/\/stammkoenigartus.de\/wp-content\/uploads\/liechtenstein2023-386-768x512.jpg 768w, https:\/\/stammkoenigartus.de\/wp-content\/uploads\/liechtenstein2023-386-450x300.jpg 450w, https:\/\/stammkoenigartus.de\/wp-content\/uploads\/liechtenstein2023-386-600x400.jpg 600w, https:\/\/stammkoenigartus.de\/wp-content\/uploads\/liechtenstein2023-386-400x267.jpg 400w, https:\/\/stammkoenigartus.de\/wp-content\/uploads\/liechtenstein2023-386.jpg 800w\" sizes=\"auto, (max-width: 480px) 100vw, 480px\" \/><\/a>\n\t\t\t<\/div><\/figure>\n\t\t<\/div>\n\r\n\r\nF\u00fcr die Sipplinge und Rover stand an diesem Tag eine Erkundungstour durch Liechtenstein an. Nach dem kurzen Aufenthalt in Vaduz brachen wir daher mit dem Auto zuerst nach Triesenberg und anschlie\u00dfend weiter nach Malbun auf. Dort wollten wir eigentlich eine Wanderung unternehmen, aber aus Zeitgr\u00fcnden verzichteten wir darauf. Stattdessen kehrten wir nach Triesenberg zur\u00fcck und hielten dort bei bester Aussicht f\u00fcr eine Brotzeit. Anschlie\u00dfend machten wir uns auf den Weg nach Gafflei. Nach einem kurzen Fu\u00dfweg konnten wir von dort auf einem Aussichtsturm einen wunderbaren Blick auf Liechtenstein und Teile der Schweiz werfen.\r\n\r\nZwar h\u00e4tte ich keine Probleme damit gehabt, diese Aussicht noch l\u00e4nger zu genie\u00dfen, aber um die vereinbarte Ankunftszeit am Lager einzuhalten, kehrten wir schlie\u00dflich dorthin zur\u00fcck.\r\n\r\nDann gab es Abendessen (Chili con \/ sin Carne). Nach dem Essen haben wir ein Gel\u00e4ndespiel gemacht. Dann sind wir ins Bett.\r\n\r\nB\u00e8la, Frederik<\/div><div class=\"mtphr-dnt-tick mtphr-dnt-default-tick mtphr-dnt-clearfix \">Tag 6: Donnerstag, 10. August\r\n\r\nAm Tag 6 haben wir eine Sagenwanderung (Walser Sagen Weg um Triesenberg) gemacht. Zum Fr\u00fchst\u00fcck haben wir das gro\u00dfartige M\u00fcsli genossen, danach haben wir die Sachen gepackt (Trinkflasche, Handtuch, Badehose\/Bikini) und sind losgefahren.\r\n\r\nWir haben unterwegs fast alle der Liechtensteiner Sagen entdecken k\u00f6nnen. Im Anschluss erhielt jeder von uns eine Tasche, Postkarten zum Ausmalen sowie ein Buch mit allen Liechtensteiner Sagen in der Gemeinde Triesenberg.\r\n\r\n<div id='gallery-6' class='gallery galleryid-18682 gallery-columns-3 gallery-size-medium'><figure class='gallery-item'>\n\t\t\t<div class='gallery-icon landscape'>\n\t\t\t\t<a href='https:\/\/stammkoenigartus.de\/wp-content\/uploads\/liechtenstein2023-444.jpg' rel=\"lightbox[18682]\"><img loading=\"lazy\" decoding=\"async\" width=\"480\" height=\"320\" src=\"https:\/\/stammkoenigartus.de\/wp-content\/uploads\/liechtenstein2023-444-480x320.jpg\" class=\"attachment-medium size-medium\" alt=\"\" srcset=\"https:\/\/stammkoenigartus.de\/wp-content\/uploads\/liechtenstein2023-444-480x320.jpg 480w, https:\/\/stammkoenigartus.de\/wp-content\/uploads\/liechtenstein2023-444-768x512.jpg 768w, https:\/\/stammkoenigartus.de\/wp-content\/uploads\/liechtenstein2023-444-450x300.jpg 450w, https:\/\/stammkoenigartus.de\/wp-content\/uploads\/liechtenstein2023-444-600x400.jpg 600w, https:\/\/stammkoenigartus.de\/wp-content\/uploads\/liechtenstein2023-444-400x267.jpg 400w, https:\/\/stammkoenigartus.de\/wp-content\/uploads\/liechtenstein2023-444.jpg 800w\" sizes=\"auto, (max-width: 480px) 100vw, 480px\" \/><\/a>\n\t\t\t<\/div><\/figure><figure class='gallery-item'>\n\t\t\t<div class='gallery-icon landscape'>\n\t\t\t\t<a href='https:\/\/stammkoenigartus.de\/wp-content\/uploads\/liechtenstein2023-452.jpg' rel=\"lightbox[18682]\"><img loading=\"lazy\" decoding=\"async\" width=\"480\" height=\"320\" src=\"https:\/\/stammkoenigartus.de\/wp-content\/uploads\/liechtenstein2023-452-480x320.jpg\" class=\"attachment-medium size-medium\" alt=\"\" srcset=\"https:\/\/stammkoenigartus.de\/wp-content\/uploads\/liechtenstein2023-452-480x320.jpg 480w, https:\/\/stammkoenigartus.de\/wp-content\/uploads\/liechtenstein2023-452-768x512.jpg 768w, https:\/\/stammkoenigartus.de\/wp-content\/uploads\/liechtenstein2023-452-450x300.jpg 450w, https:\/\/stammkoenigartus.de\/wp-content\/uploads\/liechtenstein2023-452-600x400.jpg 600w, https:\/\/stammkoenigartus.de\/wp-content\/uploads\/liechtenstein2023-452-400x267.jpg 400w, https:\/\/stammkoenigartus.de\/wp-content\/uploads\/liechtenstein2023-452.jpg 800w\" sizes=\"auto, (max-width: 480px) 100vw, 480px\" \/><\/a>\n\t\t\t<\/div><\/figure><figure class='gallery-item'>\n\t\t\t<div class='gallery-icon landscape'>\n\t\t\t\t<a href='https:\/\/stammkoenigartus.de\/wp-content\/uploads\/liechtenstein2023-477.jpg' rel=\"lightbox[18682]\"><img loading=\"lazy\" decoding=\"async\" width=\"480\" height=\"320\" src=\"https:\/\/stammkoenigartus.de\/wp-content\/uploads\/liechtenstein2023-477-480x320.jpg\" class=\"attachment-medium size-medium\" alt=\"\" srcset=\"https:\/\/stammkoenigartus.de\/wp-content\/uploads\/liechtenstein2023-477-480x320.jpg 480w, https:\/\/stammkoenigartus.de\/wp-content\/uploads\/liechtenstein2023-477-768x512.jpg 768w, https:\/\/stammkoenigartus.de\/wp-content\/uploads\/liechtenstein2023-477-450x300.jpg 450w, https:\/\/stammkoenigartus.de\/wp-content\/uploads\/liechtenstein2023-477-600x400.jpg 600w, https:\/\/stammkoenigartus.de\/wp-content\/uploads\/liechtenstein2023-477-400x267.jpg 400w, https:\/\/stammkoenigartus.de\/wp-content\/uploads\/liechtenstein2023-477.jpg 800w\" sizes=\"auto, (max-width: 480px) 100vw, 480px\" \/><\/a>\n\t\t\t<\/div><\/figure>\n\t\t<\/div>\n\r\n\r\nAuf dem R\u00fcckweg waren wir auch wieder im bereits erkundeten Schwimmbad.\r\n\r\nAm Abend wurde zuerst gegessen und dann wurde gesungen.\r\n\r\nFinn, Miro<\/div><div class=\"mtphr-dnt-tick mtphr-dnt-default-tick mtphr-dnt-clearfix \">Tag 7: Freitag, 11. August\r\n\r\nHeute waren wir in einer Schokoladenfabrik, weil wir ein paar Tage zuvor Gutscheine f\u00fcr eine F\u00fchrung inkl. Kostprobe daf\u00fcr geschenkt bekommen haben.\r\n\r\nAls wir rein gegangen sind, waren wir alle erstmal erstaunt, weil alles so gro\u00df, sch\u00f6n und luxuri\u00f6s war. Erstmal haben wir unsere Eintrittskarten bekommen, bei denen ein L\u00f6ffel und ein kleines Schokoladenst\u00fcck dabei waren.\r\n\r\nDann sind wir eine Treppe hoch zum Museum. Hier haben wir etwas \u00fcber die Geschichte von L\u00e4derach gelernt und gezeigt bekommen, wie man Schokolade richtig isst.\r\n\r\nIm zweiten Raum gab es verschiedene Formen, die man auf ein Feld legen konnte und dann wurde zu dem Bild oben drauf ein Film abgespielt, wie man dieses \u201eSchoko Dings\u201c herstellt.\r\n\r\n<div id='gallery-7' class='gallery galleryid-18682 gallery-columns-2 gallery-size-medium'><figure class='gallery-item'>\n\t\t\t<div class='gallery-icon landscape'>\n\t\t\t\t<a href='https:\/\/stammkoenigartus.de\/wp-content\/uploads\/liechtenstein2023-552.jpg' rel=\"lightbox[18682]\"><img loading=\"lazy\" decoding=\"async\" width=\"480\" height=\"320\" src=\"https:\/\/stammkoenigartus.de\/wp-content\/uploads\/liechtenstein2023-552-480x320.jpg\" class=\"attachment-medium size-medium\" alt=\"\" srcset=\"https:\/\/stammkoenigartus.de\/wp-content\/uploads\/liechtenstein2023-552-480x320.jpg 480w, https:\/\/stammkoenigartus.de\/wp-content\/uploads\/liechtenstein2023-552-768x512.jpg 768w, https:\/\/stammkoenigartus.de\/wp-content\/uploads\/liechtenstein2023-552-450x300.jpg 450w, https:\/\/stammkoenigartus.de\/wp-content\/uploads\/liechtenstein2023-552-600x400.jpg 600w, https:\/\/stammkoenigartus.de\/wp-content\/uploads\/liechtenstein2023-552-400x267.jpg 400w, https:\/\/stammkoenigartus.de\/wp-content\/uploads\/liechtenstein2023-552.jpg 800w\" sizes=\"auto, (max-width: 480px) 100vw, 480px\" \/><\/a>\n\t\t\t<\/div><\/figure><figure class='gallery-item'>\n\t\t\t<div class='gallery-icon landscape'>\n\t\t\t\t<a href='https:\/\/stammkoenigartus.de\/wp-content\/uploads\/liechtenstein2023-577.jpg' rel=\"lightbox[18682]\"><img loading=\"lazy\" decoding=\"async\" width=\"480\" height=\"320\" src=\"https:\/\/stammkoenigartus.de\/wp-content\/uploads\/liechtenstein2023-577-480x320.jpg\" class=\"attachment-medium size-medium\" alt=\"\" srcset=\"https:\/\/stammkoenigartus.de\/wp-content\/uploads\/liechtenstein2023-577-480x320.jpg 480w, https:\/\/stammkoenigartus.de\/wp-content\/uploads\/liechtenstein2023-577-768x512.jpg 768w, https:\/\/stammkoenigartus.de\/wp-content\/uploads\/liechtenstein2023-577-450x300.jpg 450w, https:\/\/stammkoenigartus.de\/wp-content\/uploads\/liechtenstein2023-577-600x400.jpg 600w, https:\/\/stammkoenigartus.de\/wp-content\/uploads\/liechtenstein2023-577-400x267.jpg 400w, https:\/\/stammkoenigartus.de\/wp-content\/uploads\/liechtenstein2023-577.jpg 800w\" sizes=\"auto, (max-width: 480px) 100vw, 480px\" \/><\/a>\n\t\t\t<\/div><\/figure><figure class='gallery-item'>\n\t\t\t<div class='gallery-icon landscape'>\n\t\t\t\t<a href='https:\/\/stammkoenigartus.de\/wp-content\/uploads\/liechtenstein2023-596.jpg' rel=\"lightbox[18682]\"><img loading=\"lazy\" decoding=\"async\" width=\"480\" height=\"320\" src=\"https:\/\/stammkoenigartus.de\/wp-content\/uploads\/liechtenstein2023-596-480x320.jpg\" class=\"attachment-medium size-medium\" alt=\"\" srcset=\"https:\/\/stammkoenigartus.de\/wp-content\/uploads\/liechtenstein2023-596-480x320.jpg 480w, https:\/\/stammkoenigartus.de\/wp-content\/uploads\/liechtenstein2023-596-768x512.jpg 768w, https:\/\/stammkoenigartus.de\/wp-content\/uploads\/liechtenstein2023-596-450x300.jpg 450w, https:\/\/stammkoenigartus.de\/wp-content\/uploads\/liechtenstein2023-596-600x400.jpg 600w, https:\/\/stammkoenigartus.de\/wp-content\/uploads\/liechtenstein2023-596-400x267.jpg 400w, https:\/\/stammkoenigartus.de\/wp-content\/uploads\/liechtenstein2023-596.jpg 800w\" sizes=\"auto, (max-width: 480px) 100vw, 480px\" \/><\/a>\n\t\t\t<\/div><\/figure><figure class='gallery-item'>\n\t\t\t<div class='gallery-icon landscape'>\n\t\t\t\t<a href='https:\/\/stammkoenigartus.de\/wp-content\/uploads\/liechtenstein2023-597.jpg' rel=\"lightbox[18682]\"><img loading=\"lazy\" decoding=\"async\" width=\"480\" height=\"271\" src=\"https:\/\/stammkoenigartus.de\/wp-content\/uploads\/liechtenstein2023-597-480x271.jpg\" class=\"attachment-medium size-medium\" alt=\"\" srcset=\"https:\/\/stammkoenigartus.de\/wp-content\/uploads\/liechtenstein2023-597-480x271.jpg 480w, https:\/\/stammkoenigartus.de\/wp-content\/uploads\/liechtenstein2023-597-768x434.jpg 768w, https:\/\/stammkoenigartus.de\/wp-content\/uploads\/liechtenstein2023-597-531x300.jpg 531w, https:\/\/stammkoenigartus.de\/wp-content\/uploads\/liechtenstein2023-597-600x339.jpg 600w, https:\/\/stammkoenigartus.de\/wp-content\/uploads\/liechtenstein2023-597-400x226.jpg 400w, https:\/\/stammkoenigartus.de\/wp-content\/uploads\/liechtenstein2023-597.jpg 800w\" sizes=\"auto, (max-width: 480px) 100vw, 480px\" \/><\/a>\n\t\t\t<\/div><\/figure>\n\t\t<\/div>\n\r\n\r\nIm n\u00e4chsten Raum kamen die L\u00f6ffel zum Einsatz, da man dort fl\u00fcssige Schokolade an den H\u00e4hnen der verschiedenen Schokobrunnen \u201ezapfen\u201c und essen konnte.\r\n\r\nDanach kam eine Mitarbeiterin und hat uns eine kostenlose Mini-F\u00fchrung gegeben und wir durften in die Zutaten und Maschinen gucken. Dann sind wir in den Shop gegangen und haben alle Schokolade gekauft (Da haben 64g 5,90 CHF gekostet).\r\n\r\nNachdem wir heimgefahren sind, ist ein Auto zum Einkaufen und der Rest zum Badesee gefahren. Wir haben dort geplanscht und sind ins Wasser gesprungen.\r\n\r\nAbends gab es Bratw\u00fcrste und Nudelsalat.\r\n\r\nTschau\r\n\r\nLenny<\/div><div class=\"mtphr-dnt-tick mtphr-dnt-default-tick mtphr-dnt-clearfix \">Tag 8: Samstag, 12. August\r\n\r\nGuten Morgen! Wie schnell doch so eine Woche vergehen kann \ud83d\ude41\r\nWir hatten noch einiges geplant, doch leider stand heute schon der letzte richtige Tag mit Abschlussabend an. So entschlossen wir uns, nach einem gem\u00fctlichen Fr\u00fchst\u00fcck nochmal an das s\u00fcdliche Ende von Liechtenstein zu fahren (stolze 15 km :)) und uns Balzers anzuschauen.\r\n\r\nDort angekommen besichtigten wir als erstes die Burg Gutenberg, die uns schon von Weitem anschaute. Die dortigen Funde erz\u00e4hlten eine beeindruckende Geschichte bis in die Jungsteinzeit (5. Jahrtausend v. Chr.) zur\u00fcck. \u00a0Von dort aus hat man einen traumhaften Ausblick in das ganze Liechtensteiner Unterland und die Schweiz.\r\n\r\n<div id='gallery-8' class='gallery galleryid-18682 gallery-columns-3 gallery-size-medium'><figure class='gallery-item'>\n\t\t\t<div class='gallery-icon landscape'>\n\t\t\t\t<a href='https:\/\/stammkoenigartus.de\/wp-content\/uploads\/liechtenstein2023-697.jpg' rel=\"lightbox[18682]\"><img loading=\"lazy\" decoding=\"async\" width=\"480\" height=\"271\" src=\"https:\/\/stammkoenigartus.de\/wp-content\/uploads\/liechtenstein2023-697-480x271.jpg\" class=\"attachment-medium size-medium\" alt=\"\" srcset=\"https:\/\/stammkoenigartus.de\/wp-content\/uploads\/liechtenstein2023-697-480x271.jpg 480w, https:\/\/stammkoenigartus.de\/wp-content\/uploads\/liechtenstein2023-697-768x434.jpg 768w, https:\/\/stammkoenigartus.de\/wp-content\/uploads\/liechtenstein2023-697-531x300.jpg 531w, https:\/\/stammkoenigartus.de\/wp-content\/uploads\/liechtenstein2023-697-600x339.jpg 600w, https:\/\/stammkoenigartus.de\/wp-content\/uploads\/liechtenstein2023-697-400x226.jpg 400w, https:\/\/stammkoenigartus.de\/wp-content\/uploads\/liechtenstein2023-697.jpg 800w\" sizes=\"auto, (max-width: 480px) 100vw, 480px\" \/><\/a>\n\t\t\t<\/div><\/figure><figure class='gallery-item'>\n\t\t\t<div class='gallery-icon landscape'>\n\t\t\t\t<a href='https:\/\/stammkoenigartus.de\/wp-content\/uploads\/liechtenstein2023-705.jpg' rel=\"lightbox[18682]\"><img loading=\"lazy\" decoding=\"async\" width=\"480\" height=\"360\" src=\"https:\/\/stammkoenigartus.de\/wp-content\/uploads\/liechtenstein2023-705-480x360.jpg\" class=\"attachment-medium size-medium\" alt=\"\" srcset=\"https:\/\/stammkoenigartus.de\/wp-content\/uploads\/liechtenstein2023-705-480x360.jpg 480w, https:\/\/stammkoenigartus.de\/wp-content\/uploads\/liechtenstein2023-705-768x576.jpg 768w, https:\/\/stammkoenigartus.de\/wp-content\/uploads\/liechtenstein2023-705-400x300.jpg 400w, https:\/\/stammkoenigartus.de\/wp-content\/uploads\/liechtenstein2023-705-600x450.jpg 600w, https:\/\/stammkoenigartus.de\/wp-content\/uploads\/liechtenstein2023-705.jpg 800w\" sizes=\"auto, (max-width: 480px) 100vw, 480px\" \/><\/a>\n\t\t\t<\/div><\/figure><figure class='gallery-item'>\n\t\t\t<div class='gallery-icon landscape'>\n\t\t\t\t<a href='https:\/\/stammkoenigartus.de\/wp-content\/uploads\/liechtenstein2023-710.jpg' rel=\"lightbox[18682]\"><img loading=\"lazy\" decoding=\"async\" width=\"480\" height=\"360\" src=\"https:\/\/stammkoenigartus.de\/wp-content\/uploads\/liechtenstein2023-710-480x360.jpg\" class=\"attachment-medium size-medium\" alt=\"\" srcset=\"https:\/\/stammkoenigartus.de\/wp-content\/uploads\/liechtenstein2023-710-480x360.jpg 480w, https:\/\/stammkoenigartus.de\/wp-content\/uploads\/liechtenstein2023-710-768x576.jpg 768w, https:\/\/stammkoenigartus.de\/wp-content\/uploads\/liechtenstein2023-710-400x300.jpg 400w, https:\/\/stammkoenigartus.de\/wp-content\/uploads\/liechtenstein2023-710-600x450.jpg 600w, https:\/\/stammkoenigartus.de\/wp-content\/uploads\/liechtenstein2023-710.jpg 800w\" sizes=\"auto, (max-width: 480px) 100vw, 480px\" \/><\/a>\n\t\t\t<\/div><\/figure>\n\t\t<\/div>\n\r\n\r\nAufgrund der zunehmenden W\u00e4rme ging es dann wieder nach unten, und zwar zur Kirche in Balzers. Man muss wissen, dass es hier in Liechtenstein sehr viele Kirchen gibt, die von au\u00dfen beeindruckend aussehen. Wir mussten zwar feststellen, dass diese innen deutlich weniger spektakul\u00e4r sind, doch zumindest war es dort angenehm k\u00fchl ;).\r\n\r\nNun ging es wieder zur\u00fcck an den Lagerplatz. Nach einer (etwas versp\u00e4teten) Brotzeit hatte der Gro\u00dfteil etwas Freizeit und spielte unter anderem Munchkin und weitere Spiele. Ein paar Freiwillige kochten mit Felix und Lennard unser Abendessen f\u00fcr den Abschlussabend.\r\n\r\nDa wir die Pfadfinder Schaan, bei denen wir zu Gast sind, eingeladen haben, hatten sich Pascal und ich etwas typisch Deutsches als heutiges Abendessen gew\u00fcnscht. Das K\u00fcchenteam nahm sich der Herausforderung an und kochte Rinderbraten, Semmelkl\u00f6\u00dfe und Blaukraut. Ich bereitete w\u00e4hrenddessen das Abendprogramm vor.\r\n\r\nUm 18 Uhr stie\u00df Martin \u2013 der Lagerplatzverantwortliche der Pfadis Schaan dazu. Der Gro\u00dfteil der anderen ist leider auf dem internationalen Jamboree, daher konnte nur er mit seiner Tochter kommen. Er \u00fcberreichte uns ein liechtensteinisches Pfadfinderhalstuch als Geschenk.\r\n\r\nNach einem extrem leckeren Essen und den Gespr\u00e4chen mit Martin, was wir heute so gemacht hatten und den Unterschieden und Gemeinsamkeiten beider Pfadfinderst\u00e4mme musste sich Martin leider schon wieder verabschieden.\r\n\r\n<div id='gallery-9' class='gallery galleryid-18682 gallery-columns-2 gallery-size-medium'><figure class='gallery-item'>\n\t\t\t<div class='gallery-icon landscape'>\n\t\t\t\t<a href='https:\/\/stammkoenigartus.de\/wp-content\/uploads\/liechtenstein2023-733.jpg' rel=\"lightbox[18682]\"><img loading=\"lazy\" decoding=\"async\" width=\"480\" height=\"320\" src=\"https:\/\/stammkoenigartus.de\/wp-content\/uploads\/liechtenstein2023-733-480x320.jpg\" class=\"attachment-medium size-medium\" alt=\"\" srcset=\"https:\/\/stammkoenigartus.de\/wp-content\/uploads\/liechtenstein2023-733-480x320.jpg 480w, https:\/\/stammkoenigartus.de\/wp-content\/uploads\/liechtenstein2023-733-768x512.jpg 768w, https:\/\/stammkoenigartus.de\/wp-content\/uploads\/liechtenstein2023-733-450x300.jpg 450w, https:\/\/stammkoenigartus.de\/wp-content\/uploads\/liechtenstein2023-733-600x400.jpg 600w, https:\/\/stammkoenigartus.de\/wp-content\/uploads\/liechtenstein2023-733-400x267.jpg 400w, https:\/\/stammkoenigartus.de\/wp-content\/uploads\/liechtenstein2023-733.jpg 800w\" sizes=\"auto, (max-width: 480px) 100vw, 480px\" \/><\/a>\n\t\t\t<\/div><\/figure><figure class='gallery-item'>\n\t\t\t<div class='gallery-icon landscape'>\n\t\t\t\t<a href='https:\/\/stammkoenigartus.de\/wp-content\/uploads\/liechtenstein2023-741.jpg' rel=\"lightbox[18682]\"><img loading=\"lazy\" decoding=\"async\" width=\"480\" height=\"271\" src=\"https:\/\/stammkoenigartus.de\/wp-content\/uploads\/liechtenstein2023-741-480x271.jpg\" class=\"attachment-medium size-medium\" alt=\"\" srcset=\"https:\/\/stammkoenigartus.de\/wp-content\/uploads\/liechtenstein2023-741-480x271.jpg 480w, https:\/\/stammkoenigartus.de\/wp-content\/uploads\/liechtenstein2023-741-768x434.jpg 768w, https:\/\/stammkoenigartus.de\/wp-content\/uploads\/liechtenstein2023-741-531x300.jpg 531w, https:\/\/stammkoenigartus.de\/wp-content\/uploads\/liechtenstein2023-741-600x339.jpg 600w, https:\/\/stammkoenigartus.de\/wp-content\/uploads\/liechtenstein2023-741-400x226.jpg 400w, https:\/\/stammkoenigartus.de\/wp-content\/uploads\/liechtenstein2023-741.jpg 800w\" sizes=\"auto, (max-width: 480px) 100vw, 480px\" \/><\/a>\n\t\t\t<\/div><\/figure><figure class='gallery-item'>\n\t\t\t<div class='gallery-icon landscape'>\n\t\t\t\t<a href='https:\/\/stammkoenigartus.de\/wp-content\/uploads\/liechtenstein2023-739.jpg' rel=\"lightbox[18682]\"><img loading=\"lazy\" decoding=\"async\" width=\"480\" height=\"271\" src=\"https:\/\/stammkoenigartus.de\/wp-content\/uploads\/liechtenstein2023-739-480x271.jpg\" class=\"attachment-medium size-medium\" alt=\"\" srcset=\"https:\/\/stammkoenigartus.de\/wp-content\/uploads\/liechtenstein2023-739-480x271.jpg 480w, https:\/\/stammkoenigartus.de\/wp-content\/uploads\/liechtenstein2023-739-768x434.jpg 768w, https:\/\/stammkoenigartus.de\/wp-content\/uploads\/liechtenstein2023-739-531x300.jpg 531w, https:\/\/stammkoenigartus.de\/wp-content\/uploads\/liechtenstein2023-739-600x339.jpg 600w, https:\/\/stammkoenigartus.de\/wp-content\/uploads\/liechtenstein2023-739-400x226.jpg 400w, https:\/\/stammkoenigartus.de\/wp-content\/uploads\/liechtenstein2023-739.jpg 800w\" sizes=\"auto, (max-width: 480px) 100vw, 480px\" \/><\/a>\n\t\t\t<\/div><\/figure><figure class='gallery-item'>\n\t\t\t<div class='gallery-icon landscape'>\n\t\t\t\t<a href='https:\/\/stammkoenigartus.de\/wp-content\/uploads\/liechtenstein2023-745.jpg' rel=\"lightbox[18682]\"><img loading=\"lazy\" decoding=\"async\" width=\"480\" height=\"320\" src=\"https:\/\/stammkoenigartus.de\/wp-content\/uploads\/liechtenstein2023-745-480x320.jpg\" class=\"attachment-medium size-medium\" alt=\"\" srcset=\"https:\/\/stammkoenigartus.de\/wp-content\/uploads\/liechtenstein2023-745-480x320.jpg 480w, https:\/\/stammkoenigartus.de\/wp-content\/uploads\/liechtenstein2023-745-768x512.jpg 768w, https:\/\/stammkoenigartus.de\/wp-content\/uploads\/liechtenstein2023-745-450x300.jpg 450w, https:\/\/stammkoenigartus.de\/wp-content\/uploads\/liechtenstein2023-745-600x400.jpg 600w, https:\/\/stammkoenigartus.de\/wp-content\/uploads\/liechtenstein2023-745-400x267.jpg 400w, https:\/\/stammkoenigartus.de\/wp-content\/uploads\/liechtenstein2023-745.jpg 800w\" sizes=\"auto, (max-width: 480px) 100vw, 480px\" \/><\/a>\n\t\t\t<\/div><\/figure>\n\t\t<\/div>\n\r\n\r\nNun folgte ein Liechtenstein-Quiz in drei Gruppen mit zahlreichen Sch\u00e4tz- oder Multiple Choice Fragen. Hier konnte zum Abschluss jeder noch mal das ein oder andere lernen.\r\n\r\nIn einer kleinen Versprechensfeier wurden nun noch die Lagerabzeichen \u00fcberreicht und Feedback zur Gro\u00dffahrt und m\u00f6glichen zuk\u00fcnftigen Zielen gegeben.\r\n\r\nUnd so lie\u00dfen wir den Tag mit einer letzten Singerunde in Liechtenstein ausklingen.\r\n\r\nSelma<\/div><div class=\"mtphr-dnt-tick mtphr-dnt-default-tick mtphr-dnt-clearfix \"><p class=\"MsoNormal\">Tag 9: Sonntag, 13. August \u2013 Tag der Abreise<\/p>\r\n<p class=\"MsoNormal\">Stefan hatte uns am fr\u00fchen Morgen um 7:30 Uhr geweckt. Ich muss zugeben nach den entspannenden Tagen, war dieser ziemlich anstrengend, da man es nicht mehr gewohnt war, so fr\u00fch aufzustehen.<\/p>\r\n<p class=\"MsoNormal\">Nachdem wir aufgestanden sind und uns frisch gemacht hatten, sind wir zum gemeinsamen Essenskreis \u00fcbergegangen. Es gab M\u00fcsli, da das Essen z\u00fcgig enden musste, da wir noch einiges zu tun hatten.<\/p>\r\n<p class=\"MsoNormal\">Als wir fertig waren mit dem Essen, hatten wir uns in 2 Gruppen eingeteilt. Die. 1 Gruppe hat den H\u00e4nger gepackt und die Sanit\u00e4ranlagen geputzt. Und die 2. Gruppe hatte die Zelte abgebaut und vern\u00fcnftig zusammengelegt und in die Kisten verstaut &#8211; was zugegeben manchmal gar nicht so einfach war. Nachdem alles geputzt wurde und alle Materialien im H\u00e4nger verstaut waren, haben wir eine M\u00fcllkette gemacht, um jeglichen M\u00fcll, der w\u00e4hrend des Lagers verloren gegangen ist, aufzulesen und zu entsorgen.<\/p>\r\n<div id='gallery-10' class='gallery galleryid-18682 gallery-columns-3 gallery-size-medium'><figure class='gallery-item'>\n\t\t\t<div class='gallery-icon landscape'>\n\t\t\t\t<a href='https:\/\/stammkoenigartus.de\/wp-content\/uploads\/liechtenstein2023-746.jpg' rel=\"lightbox[18682]\"><img loading=\"lazy\" decoding=\"async\" width=\"480\" height=\"360\" src=\"https:\/\/stammkoenigartus.de\/wp-content\/uploads\/liechtenstein2023-746-480x360.jpg\" class=\"attachment-medium size-medium\" alt=\"\" srcset=\"https:\/\/stammkoenigartus.de\/wp-content\/uploads\/liechtenstein2023-746-480x360.jpg 480w, https:\/\/stammkoenigartus.de\/wp-content\/uploads\/liechtenstein2023-746-768x576.jpg 768w, https:\/\/stammkoenigartus.de\/wp-content\/uploads\/liechtenstein2023-746-400x300.jpg 400w, https:\/\/stammkoenigartus.de\/wp-content\/uploads\/liechtenstein2023-746-600x450.jpg 600w, https:\/\/stammkoenigartus.de\/wp-content\/uploads\/liechtenstein2023-746.jpg 800w\" sizes=\"auto, (max-width: 480px) 100vw, 480px\" \/><\/a>\n\t\t\t<\/div><\/figure><figure class='gallery-item'>\n\t\t\t<div class='gallery-icon landscape'>\n\t\t\t\t<a href='https:\/\/stammkoenigartus.de\/wp-content\/uploads\/liechtenstein2023-754.jpg' rel=\"lightbox[18682]\"><img loading=\"lazy\" decoding=\"async\" width=\"480\" height=\"271\" src=\"https:\/\/stammkoenigartus.de\/wp-content\/uploads\/liechtenstein2023-754-480x271.jpg\" class=\"attachment-medium size-medium\" alt=\"\" srcset=\"https:\/\/stammkoenigartus.de\/wp-content\/uploads\/liechtenstein2023-754-480x271.jpg 480w, https:\/\/stammkoenigartus.de\/wp-content\/uploads\/liechtenstein2023-754-768x434.jpg 768w, https:\/\/stammkoenigartus.de\/wp-content\/uploads\/liechtenstein2023-754-531x300.jpg 531w, https:\/\/stammkoenigartus.de\/wp-content\/uploads\/liechtenstein2023-754-600x339.jpg 600w, https:\/\/stammkoenigartus.de\/wp-content\/uploads\/liechtenstein2023-754-400x226.jpg 400w, https:\/\/stammkoenigartus.de\/wp-content\/uploads\/liechtenstein2023-754.jpg 800w\" sizes=\"auto, (max-width: 480px) 100vw, 480px\" \/><\/a>\n\t\t\t<\/div><\/figure><figure class='gallery-item'>\n\t\t\t<div class='gallery-icon landscape'>\n\t\t\t\t<a href='https:\/\/stammkoenigartus.de\/wp-content\/uploads\/liechtenstein2023-750.jpg' rel=\"lightbox[18682]\"><img loading=\"lazy\" decoding=\"async\" width=\"480\" height=\"271\" src=\"https:\/\/stammkoenigartus.de\/wp-content\/uploads\/liechtenstein2023-750-480x271.jpg\" class=\"attachment-medium size-medium\" alt=\"\" srcset=\"https:\/\/stammkoenigartus.de\/wp-content\/uploads\/liechtenstein2023-750-480x271.jpg 480w, https:\/\/stammkoenigartus.de\/wp-content\/uploads\/liechtenstein2023-750-768x434.jpg 768w, https:\/\/stammkoenigartus.de\/wp-content\/uploads\/liechtenstein2023-750-531x300.jpg 531w, https:\/\/stammkoenigartus.de\/wp-content\/uploads\/liechtenstein2023-750-600x339.jpg 600w, https:\/\/stammkoenigartus.de\/wp-content\/uploads\/liechtenstein2023-750-400x226.jpg 400w, https:\/\/stammkoenigartus.de\/wp-content\/uploads\/liechtenstein2023-750.jpg 800w\" sizes=\"auto, (max-width: 480px) 100vw, 480px\" \/><\/a>\n\t\t\t<\/div><\/figure>\n\t\t<\/div>\n\r\n<p class=\"MsoNormal\">\u00a0Als dies erfolgreich gemeistert wurde, musste die Sippe Mordred mit Felix schonmal vor fahren, da der H\u00e4nger ja nicht schneller als 100 km\/h fahren durfte. W\u00e4hrenddessen habe ich den letzten Kontrollgang gemacht, um zu kontrollieren, dass alles passt. Danach haben wir uns dann auch der Heimreise gewidmet. Lustig war, dass wir explizit vor der Losfahrt gesagt haben, jeder solle nochmal aufs WC gehen, damit wir nicht so oft halten m\u00fcssen. Nat\u00fcrlich hatte jeder gesagt, er m\u00fcsse nicht. Also sind wir dann losgefahren. Satte 10 Minuten sp\u00e4ter kam schon der erste und meinte er m\u00fcsse aufs WC. Nachdem wir dann einen Boxenstopp eingelegt hatten, konnten wir erfolgreich heimfahren.<\/p>\r\n<p class=\"MsoNormal\">In Richtung der A9 haben wir uns dazu entschlossen, den Stau zu umfahren, was sich dann schlie\u00dflich auch als sinnvoll ergeben hatte. Denn Felix hatte das nicht gemacht und stand nun 1 Stunde im Stau. Das Ende vom Lied war, dass wir 2 Stunden eher am Heim waren und nun auf die anderen warten mussten, da dort die ganzen Sachen von uns drinnen waren. Als sie dann da waren, haben wir alle gemeinsam mit angepackt und den H\u00e4nger ausger\u00e4umt. Als das geschafft war, haben wir einen Abschlusskreis gemacht und sind dann alle heimgefahren.<\/p>\r\n<p class=\"MsoNormal\">Pascal<\/p><\/div><\/div><a class=\"mtphr-dnt-nav mtphr-dnt-nav-prev\" href=\"#\" rel=\"nofollow\" aria-label=\"Previous\"><i class=\"mtphr-dnt-icon-arrow-left\"><\/i><\/a><a class=\"mtphr-dnt-nav mtphr-dnt-nav-next\" href=\"#\" rel=\"nofollow\" aria-label=\"Next\"><i class=\"mtphr-dnt-icon-arrow-right\"><\/i><\/a><\/div><div class=\"mtphr-dnt-control-links\"><a class=\"mtphr-dnt-control mtphr-dnt-control-button\" href=\"0\" rel=\"nofollow\"><i class=\"mtphr-dnt-icon-button\"><\/i><\/a><a class=\"mtphr-dnt-control mtphr-dnt-control-button\" href=\"1\" rel=\"nofollow\"><i class=\"mtphr-dnt-icon-button\"><\/i><\/a><a class=\"mtphr-dnt-control mtphr-dnt-control-button\" href=\"2\" rel=\"nofollow\"><i class=\"mtphr-dnt-icon-button\"><\/i><\/a><a class=\"mtphr-dnt-control mtphr-dnt-control-button\" href=\"3\" rel=\"nofollow\"><i class=\"mtphr-dnt-icon-button\"><\/i><\/a><a class=\"mtphr-dnt-control mtphr-dnt-control-button\" href=\"4\" rel=\"nofollow\"><i class=\"mtphr-dnt-icon-button\"><\/i><\/a><a class=\"mtphr-dnt-control mtphr-dnt-control-button\" href=\"5\" rel=\"nofollow\"><i class=\"mtphr-dnt-icon-button\"><\/i><\/a><a class=\"mtphr-dnt-control mtphr-dnt-control-button\" href=\"6\" rel=\"nofollow\"><i class=\"mtphr-dnt-icon-button\"><\/i><\/a><a class=\"mtphr-dnt-control mtphr-dnt-control-button\" href=\"7\" rel=\"nofollow\"><i class=\"mtphr-dnt-icon-button\"><\/i><\/a><a class=\"mtphr-dnt-control mtphr-dnt-control-button\" href=\"8\" rel=\"nofollow\"><i class=\"mtphr-dnt-icon-button\"><\/i><\/a><\/div><\/div><\/div>\n<p>&nbsp;<\/p>\n<p>&nbsp;<\/p>\n\n\n\n<h3 style=\"text-align: center;\"><span style=\"color: #000000;\">Wir Danken allen Teilnehmern die uns nach Liechtenstein begleitet haben.<\/span><\/h3>\n<h3 style=\"text-align: center;\"><span style=\"color: #ff0000;\"><span style=\"color: #000000;\">Zu sehen ist das einzige Bild mit Liechtenstein im Hintergrund.<\/span><\/span><\/h3>\n<h3 style=\"text-align: center;\"><span style=\"color: #ff0000;\">&nbsp;<span style=\"color: #000000;\">Danke auch an die Fahrtenleitung Selma und Pascal<\/span><\/span><\/h3>\n<p>&nbsp;<\/p>\n<p><img loading=\"lazy\" decoding=\"async\" class=\"wp-image-18745 size-full aligncenter\" src=\"https:\/\/stammkoenigartus.de\/wp-content\/uploads\/liechtenstein2023-710-1.jpg\" alt=\"\" width=\"800\" height=\"600\" srcset=\"https:\/\/stammkoenigartus.de\/wp-content\/uploads\/liechtenstein2023-710-1.jpg 800w, https:\/\/stammkoenigartus.de\/wp-content\/uploads\/liechtenstein2023-710-1-480x360.jpg 480w, https:\/\/stammkoenigartus.de\/wp-content\/uploads\/liechtenstein2023-710-1-768x576.jpg 768w, https:\/\/stammkoenigartus.de\/wp-content\/uploads\/liechtenstein2023-710-1-400x300.jpg 400w, https:\/\/stammkoenigartus.de\/wp-content\/uploads\/liechtenstein2023-710-1-600x450.jpg 600w\" sizes=\"auto, (max-width: 800px) 100vw, 800px\" \/><\/p>\n\n\n","protected":false},"excerpt":{"rendered":"<p>&nbsp; &nbsp; Wir Danken allen Teilnehmern die uns nach Liechtenstein begleitet haben. Zu sehen ist das einzige Bild mit Liechtenstein im Hintergrund. &nbsp;Danke auch an &hellip;<\/p>\n","protected":false},"author":3,"featured_media":18749,"comment_status":"open","ping_status":"closed","sticky":false,"template":"","format":"standard","meta":{"_monsterinsights_skip_tracking":false,"_monsterinsights_sitenote_active":false,"_monsterinsights_sitenote_note":"","_monsterinsights_sitenote_category":0,"footnotes":""},"categories":[130],"tags":[],"class_list":["post-18682","post","type-post","status-publish","format-standard","has-post-thumbnail","hentry","category-unsere-aktionen"],"aioseo_notices":[],"_links":{"self":[{"href":"https:\/\/stammkoenigartus.de\/index.php?rest_route=\/wp\/v2\/posts\/18682","targetHints":{"allow":["GET"]}}],"collection":[{"href":"https:\/\/stammkoenigartus.de\/index.php?rest_route=\/wp\/v2\/posts"}],"about":[{"href":"https:\/\/stammkoenigartus.de\/index.php?rest_route=\/wp\/v2\/types\/post"}],"author":[{"embeddable":true,"href":"https:\/\/stammkoenigartus.de\/index.php?rest_route=\/wp\/v2\/users\/3"}],"replies":[{"embeddable":true,"href":"https:\/\/stammkoenigartus.de\/index.php?rest_route=%2Fwp%2Fv2%2Fcomments&post=18682"}],"version-history":[{"count":5,"href":"https:\/\/stammkoenigartus.de\/index.php?rest_route=\/wp\/v2\/posts\/18682\/revisions"}],"predecessor-version":[{"id":19425,"href":"https:\/\/stammkoenigartus.de\/index.php?rest_route=\/wp\/v2\/posts\/18682\/revisions\/19425"}],"wp:featuredmedia":[{"embeddable":true,"href":"https:\/\/stammkoenigartus.de\/index.php?rest_route=\/wp\/v2\/media\/18749"}],"wp:attachment":[{"href":"https:\/\/stammkoenigartus.de\/index.php?rest_route=%2Fwp%2Fv2%2Fmedia&parent=18682"}],"wp:term":[{"taxonomy":"category","embeddable":true,"href":"https:\/\/stammkoenigartus.de\/index.php?rest_route=%2Fwp%2Fv2%2Fcategories&post=18682"},{"taxonomy":"post_tag","embeddable":true,"href":"https:\/\/stammkoenigartus.de\/index.php?rest_route=%2Fwp%2Fv2%2Ftags&post=18682"}],"curies":[{"name":"wp","href":"https:\/\/api.w.org\/{rel}","templated":true}]}}