{"id":21014,"date":"2025-05-07T13:16:00","date_gmt":"2025-05-07T11:16:00","guid":{"rendered":"https:\/\/stammkoenigartus.de\/?p=21014"},"modified":"2025-05-23T13:18:58","modified_gmt":"2025-05-23T11:18:58","slug":"unser-roverausflug-am-7-mai-2025","status":"publish","type":"post","link":"https:\/\/stammkoenigartus.de\/?p=21014","title":{"rendered":"Unser Roverausflug am 7. Mai 2025"},"content":{"rendered":"\n<p><strong>Unser erstes Ziel: das Deutsch-Deutsche Museumsdorf M\u00f6dlareuth<\/strong><\/p>\n\n\n\n<p>Endlich sollte sich der lang gehegte Wunsch von Willi erf\u00fcllen; ein Besuch des Museums von M\u00f6dlareuth.<\/p>\n\n\n\n<p>P\u00fcnktlich um 10 Uhr fanden sich Sammy und Ramona bei Willi in Wei\u00dfenbrunn ein und wir machten uns auf den Weg dorthin. Unser Chauffeur Sammy brachte uns wohlbehalten an unser erstes Tagesziel. Schon beim Aussteigen merkten wir, dass Hof und das Umland nicht umsonst Bayrisch Sibirien genannt wird. Beklemmend war uns schon, als wir auf dem Weg vom Parkplatz zum Museum auf den Hinweistafeln sahen, wo die Mauer damals durchs Dorf gezogen wurde. Haben wir es selbst noch erlebt, dass wir direkt an der Grenze, allerdings zu unserem Gl\u00fcck, auf westlicher Seite gelebt haben.<\/p>\n\n\n\n<p>Das Museum M\u00f6dlareuth wurde nach der Grenz\u00f6ffnung 1989 gegr\u00fcndet und zeigt die Geschichte des geteilten Dorfes M\u00f6dlareuth. Es umfasst ein Freigel\u00e4nde mit Originalteilen der DDR-Grenzsperranlagen, ein Hauptgeb\u00e4ude mit Film- und Ausstellungsr\u00e4umen sowie ein Fahrzeugdepot, in welchem Fahrzeuge der Grenz\u00fcberwachungsorgane pr\u00e4sentiert werden. Besucher k\u00f6nnen eine Dokumentation \u00fcber das Leben an der Grenze und wechselnde Sonderausstellungen erleben.<\/p>\n\n\n\n<p>Im Dorf M\u00f6dlareuth lassen sich noch weitere Spuren aus der Zeit der deutschen Teilung entdecken: Grundmauern der teilweise im Zuge der DDR-Zwangsaussiedlungen abgerissenen \u201eUnteren M\u00fchle\u201c, eine Fluchtstelle und die au\u00dferorts \u00fcblich gewesenen DDR-Sperranlagen, die auf einer L\u00e4nge von ca. 500 m erhalten geblieben sind.<\/p>\n\n\n\n<p>Dann ging es ins mehr als 5.000 m\u00b2 gro\u00dfe Freigel\u00e4nde. Teile der f\u00fcr M\u00f6dlareuth spezifischen DDR-Grenzsperranlagen sind im Original erhalten. So nah, hatten auch wir, die wir an der Grenze gelebt hatten, die Schikanen und Stacheldrahtz\u00e4une und Hundelaufleinen noch nie gesehen. Was ging in den Menschen vor, als sie sich zur Flucht aus diesem Regime entschlossen und vor dem letzten und schwierigen Teil dieses lebensbedrohenden Wagnisses standen? Wie vielen ist die Flucht nicht gegl\u00fcckt und sie starben f\u00fcr ihren Wunsch nach Freiheit oder wurden eingesperrt? In unseren eigenen Erinnerungen versunken gingen wir durchfroren zur\u00fcck zum Parkplatz.<\/p>\n\n\n\n<p>Sammy fuhr mit uns nach dieser nicht gerade leichten Kost zum Untreusee nach Hof zur Mittagseinkehr. Leider sah der Himmel nicht gerade einladend aus und so verzichteten wir auf den geplanten Verdauungsspaziergang und fuhren weiter zu unserem letzten Tagesziel, der B\u00fcrgerpark \u201eTheresienstein\u201c in Hof.<\/p>\n\n\n\n<p>Urspr\u00fcnglich als Fr\u00f6hlichenstein bekannt, wurde der Park 1816 angelegt und entwickelte sich schnell zu einem beliebten Aussichtspunkt. 1836 erhielt er den Namen Theresienstein zu Ehren von K\u00f6nigin Therese von Bayern.<\/p>\n\n\n\n<p>Nur durch ein Tor getrennt befindet sich der Botanische Garten.<\/p>\n\n\n\n<p>1929 urspr\u00fcnglich als Schulgarten konzipiert, entwickelte er sich jedoch schnell zu einem botanischen Garten mit verschiedenen Pflanzungen und Bereichen. <br>Den Abschluss dieses Ausflugstages kr\u00f6nte ein Besuch im Eiscaf\u00e9 \u201eFlorida\u201c bevor wir uns auf die Heimfahrt machten.<\/p>\n\n\n\n<figure class=\"wp-block-image size-full is-resized\"><img loading=\"lazy\" decoding=\"async\" width=\"1545\" height=\"1286\" src=\"https:\/\/stammkoenigartus.de\/wp-content\/uploads\/WhatsApp-Bild-2025-05-08-um-09.36.53_6e4bd143.jpg\" alt=\"\" class=\"wp-image-21015\" style=\"width:503px;height:auto\" srcset=\"https:\/\/stammkoenigartus.de\/wp-content\/uploads\/WhatsApp-Bild-2025-05-08-um-09.36.53_6e4bd143.jpg 1545w, https:\/\/stammkoenigartus.de\/wp-content\/uploads\/WhatsApp-Bild-2025-05-08-um-09.36.53_6e4bd143-480x400.jpg 480w, https:\/\/stammkoenigartus.de\/wp-content\/uploads\/WhatsApp-Bild-2025-05-08-um-09.36.53_6e4bd143-768x639.jpg 768w, https:\/\/stammkoenigartus.de\/wp-content\/uploads\/WhatsApp-Bild-2025-05-08-um-09.36.53_6e4bd143-1536x1279.jpg 1536w, https:\/\/stammkoenigartus.de\/wp-content\/uploads\/WhatsApp-Bild-2025-05-08-um-09.36.53_6e4bd143-360x300.jpg 360w, https:\/\/stammkoenigartus.de\/wp-content\/uploads\/WhatsApp-Bild-2025-05-08-um-09.36.53_6e4bd143-600x499.jpg 600w, https:\/\/stammkoenigartus.de\/wp-content\/uploads\/WhatsApp-Bild-2025-05-08-um-09.36.53_6e4bd143-400x333.jpg 400w\" sizes=\"auto, (max-width: 1545px) 100vw, 1545px\" \/><\/figure>\n","protected":false},"excerpt":{"rendered":"<p>Unser erstes Ziel: das Deutsch-Deutsche Museumsdorf M\u00f6dlareuth Endlich sollte sich der lang gehegte Wunsch von Willi erf\u00fcllen; ein Besuch des Museums von M\u00f6dlareuth. P\u00fcnktlich um &hellip;<\/p>\n","protected":false},"author":2,"featured_media":21015,"comment_status":"open","ping_status":"closed","sticky":false,"template":"","format":"standard","meta":{"_monsterinsights_skip_tracking":false,"_monsterinsights_sitenote_active":false,"_monsterinsights_sitenote_note":"","_monsterinsights_sitenote_category":0,"footnotes":""},"categories":[130],"tags":[],"class_list":["post-21014","post","type-post","status-publish","format-standard","has-post-thumbnail","hentry","category-unsere-aktionen"],"aioseo_notices":[],"_links":{"self":[{"href":"https:\/\/stammkoenigartus.de\/index.php?rest_route=\/wp\/v2\/posts\/21014","targetHints":{"allow":["GET"]}}],"collection":[{"href":"https:\/\/stammkoenigartus.de\/index.php?rest_route=\/wp\/v2\/posts"}],"about":[{"href":"https:\/\/stammkoenigartus.de\/index.php?rest_route=\/wp\/v2\/types\/post"}],"author":[{"embeddable":true,"href":"https:\/\/stammkoenigartus.de\/index.php?rest_route=\/wp\/v2\/users\/2"}],"replies":[{"embeddable":true,"href":"https:\/\/stammkoenigartus.de\/index.php?rest_route=%2Fwp%2Fv2%2Fcomments&post=21014"}],"version-history":[{"count":1,"href":"https:\/\/stammkoenigartus.de\/index.php?rest_route=\/wp\/v2\/posts\/21014\/revisions"}],"predecessor-version":[{"id":21016,"href":"https:\/\/stammkoenigartus.de\/index.php?rest_route=\/wp\/v2\/posts\/21014\/revisions\/21016"}],"wp:featuredmedia":[{"embeddable":true,"href":"https:\/\/stammkoenigartus.de\/index.php?rest_route=\/wp\/v2\/media\/21015"}],"wp:attachment":[{"href":"https:\/\/stammkoenigartus.de\/index.php?rest_route=%2Fwp%2Fv2%2Fmedia&parent=21014"}],"wp:term":[{"taxonomy":"category","embeddable":true,"href":"https:\/\/stammkoenigartus.de\/index.php?rest_route=%2Fwp%2Fv2%2Fcategories&post=21014"},{"taxonomy":"post_tag","embeddable":true,"href":"https:\/\/stammkoenigartus.de\/index.php?rest_route=%2Fwp%2Fv2%2Ftags&post=21014"}],"curies":[{"name":"wp","href":"https:\/\/api.w.org\/{rel}","templated":true}]}}