{"id":21277,"date":"2025-07-18T08:32:29","date_gmt":"2025-07-18T06:32:29","guid":{"rendered":"https:\/\/stammkoenigartus.de\/?p=21277"},"modified":"2025-07-24T06:38:45","modified_gmt":"2025-07-24T04:38:45","slug":"stammesrat-2025","status":"publish","type":"post","link":"https:\/\/stammkoenigartus.de\/?p=21277","title":{"rendered":"Stammesrat 2025"},"content":{"rendered":"\n<p>Am 12. Juli fanden sich alle Mitglieder des Stammes in der Burgruine Leienfels ein. Mit der original Stammesfahne voraus ging es in das innere der Burg.<br>Ich begr\u00fc\u00dfte alle anwesenden und gab bekannt das ich unsere Stammesf\u00fchrung in j\u00fcngere H\u00e4nde geben m\u00f6chte und nicht mehr zur Wahl stehe. 10 Jahre hab ich diese Aufgabe mit Leben gef\u00fcllt. Es ist an der Zeit sich neuen Aufgaben zu widmen, Aufgaben die den Stamm genauso Unterst\u00fctzen wie ich es viele Jahre lang tue. <\/p>\n\n\n\n<p>Zugleich stellte ich den Moderator vor den unsere Roverrunde stellte. <br>Danke an der Stelle an Fredi f\u00fcr die Moderation. <\/p>\n\n\n\n<figure class=\"wp-block-gallery has-nested-images columns-default is-cropped wp-block-gallery-1 is-layout-flex wp-block-gallery-is-layout-flex\">\n<figure class=\"wp-block-image size-large\"><img loading=\"lazy\" decoding=\"async\" width=\"1920\" height=\"1280\" data-id=\"21278\" src=\"https:\/\/stammkoenigartus.de\/wp-content\/uploads\/IMG_0179.jpg\" alt=\"\" class=\"wp-image-21278\" srcset=\"https:\/\/stammkoenigartus.de\/wp-content\/uploads\/IMG_0179.jpg 1920w, https:\/\/stammkoenigartus.de\/wp-content\/uploads\/IMG_0179-480x320.jpg 480w, https:\/\/stammkoenigartus.de\/wp-content\/uploads\/IMG_0179-768x512.jpg 768w, https:\/\/stammkoenigartus.de\/wp-content\/uploads\/IMG_0179-1536x1024.jpg 1536w, https:\/\/stammkoenigartus.de\/wp-content\/uploads\/IMG_0179-450x300.jpg 450w, https:\/\/stammkoenigartus.de\/wp-content\/uploads\/IMG_0179-600x400.jpg 600w, https:\/\/stammkoenigartus.de\/wp-content\/uploads\/IMG_0179-400x267.jpg 400w\" sizes=\"auto, (max-width: 1920px) 100vw, 1920px\" \/><\/figure>\n\n\n\n<figure class=\"wp-block-image size-large\"><img loading=\"lazy\" decoding=\"async\" width=\"1920\" height=\"1280\" data-id=\"21279\" src=\"https:\/\/stammkoenigartus.de\/wp-content\/uploads\/IMG_0180.jpg\" alt=\"\" class=\"wp-image-21279\" srcset=\"https:\/\/stammkoenigartus.de\/wp-content\/uploads\/IMG_0180.jpg 1920w, https:\/\/stammkoenigartus.de\/wp-content\/uploads\/IMG_0180-480x320.jpg 480w, https:\/\/stammkoenigartus.de\/wp-content\/uploads\/IMG_0180-768x512.jpg 768w, https:\/\/stammkoenigartus.de\/wp-content\/uploads\/IMG_0180-1536x1024.jpg 1536w, https:\/\/stammkoenigartus.de\/wp-content\/uploads\/IMG_0180-450x300.jpg 450w, https:\/\/stammkoenigartus.de\/wp-content\/uploads\/IMG_0180-600x400.jpg 600w, https:\/\/stammkoenigartus.de\/wp-content\/uploads\/IMG_0180-400x267.jpg 400w\" sizes=\"auto, (max-width: 1920px) 100vw, 1920px\" \/><\/figure>\n\n\n\n<figure class=\"wp-block-image size-large\"><img loading=\"lazy\" decoding=\"async\" width=\"1920\" height=\"1280\" data-id=\"21280\" src=\"https:\/\/stammkoenigartus.de\/wp-content\/uploads\/IMG_0184.jpg\" alt=\"\" class=\"wp-image-21280\" srcset=\"https:\/\/stammkoenigartus.de\/wp-content\/uploads\/IMG_0184.jpg 1920w, https:\/\/stammkoenigartus.de\/wp-content\/uploads\/IMG_0184-480x320.jpg 480w, https:\/\/stammkoenigartus.de\/wp-content\/uploads\/IMG_0184-768x512.jpg 768w, https:\/\/stammkoenigartus.de\/wp-content\/uploads\/IMG_0184-1536x1024.jpg 1536w, https:\/\/stammkoenigartus.de\/wp-content\/uploads\/IMG_0184-450x300.jpg 450w, https:\/\/stammkoenigartus.de\/wp-content\/uploads\/IMG_0184-600x400.jpg 600w, https:\/\/stammkoenigartus.de\/wp-content\/uploads\/IMG_0184-400x267.jpg 400w\" sizes=\"auto, (max-width: 1920px) 100vw, 1920px\" \/><\/figure>\n<\/figure>\n\n\n\n<p>Zuerst w\u00e4hlte der Stamm eine neue Stammesf\u00fchrung. Es galt jemanden zu finden der den Stamm weiter auf sicherem Pfad nach vorne bringt. Im Anschluss ging es daran alle Zusatz\u00e4mter zu besetzen. Hier hat mich das Interesse und die Beteiligung beeindruckt. Es gab mehrere Stichwahlen und ich glaube daran das sich der Stamm f\u00fcr die richtigen entschieden hat. <\/p>\n\n\n\n<p>Wer sehen m\u00f6chte wie er sich entschieden hat, kann gerne die Seite <a href=\"https:\/\/stammkoenigartus.de\/?page_id=14976\" target=\"_blank\" rel=\"noopener\" title=\"\">STAMMESF\u00dcHRUNG<\/a> besuchen.<br>Wer Details wissen m\u00f6chte kann das <a href=\"https:\/\/stammkoenigartus.de\/wp-content\/uploads\/Protokoll-2025.pdf\" target=\"_blank\" rel=\"noopener\" title=\"\">PROTOKOLL<\/a> einsehen. <\/p>\n\n\n\n<p>Es liegt nun an allen die gew\u00e4hlt wurden die \u00c4mter mit leben zu f\u00fcllen und den Stamm weiter wachsen zu lassen. Ich glaube daran das ihr euren Weg gehen werdet und unterst\u00fctze euch dabei sooft es geht. Ich danke euch f\u00fcr das Vertrauen und sehe euch alle auf den vielen Zeltlagern wieder. Bleibt dem Stamm treu&#8230;.<\/p>\n\n\n\n<p>Euer Felix<\/p>\n\n\n\n<p><\/p>\n","protected":false},"excerpt":{"rendered":"<p>Am 12. Juli fanden sich alle Mitglieder des Stammes in der Burgruine Leienfels ein. Mit der original Stammesfahne voraus ging es in das innere der &hellip;<\/p>\n","protected":false},"author":2,"featured_media":0,"comment_status":"open","ping_status":"closed","sticky":false,"template":"","format":"standard","meta":{"_monsterinsights_skip_tracking":false,"_monsterinsights_sitenote_active":false,"_monsterinsights_sitenote_note":"","_monsterinsights_sitenote_category":0,"footnotes":""},"categories":[130],"tags":[],"class_list":["post-21277","post","type-post","status-publish","format-standard","hentry","category-unsere-aktionen"],"aioseo_notices":[],"_links":{"self":[{"href":"https:\/\/stammkoenigartus.de\/index.php?rest_route=\/wp\/v2\/posts\/21277","targetHints":{"allow":["GET"]}}],"collection":[{"href":"https:\/\/stammkoenigartus.de\/index.php?rest_route=\/wp\/v2\/posts"}],"about":[{"href":"https:\/\/stammkoenigartus.de\/index.php?rest_route=\/wp\/v2\/types\/post"}],"author":[{"embeddable":true,"href":"https:\/\/stammkoenigartus.de\/index.php?rest_route=\/wp\/v2\/users\/2"}],"replies":[{"embeddable":true,"href":"https:\/\/stammkoenigartus.de\/index.php?rest_route=%2Fwp%2Fv2%2Fcomments&post=21277"}],"version-history":[{"count":3,"href":"https:\/\/stammkoenigartus.de\/index.php?rest_route=\/wp\/v2\/posts\/21277\/revisions"}],"predecessor-version":[{"id":21319,"href":"https:\/\/stammkoenigartus.de\/index.php?rest_route=\/wp\/v2\/posts\/21277\/revisions\/21319"}],"wp:attachment":[{"href":"https:\/\/stammkoenigartus.de\/index.php?rest_route=%2Fwp%2Fv2%2Fmedia&parent=21277"}],"wp:term":[{"taxonomy":"category","embeddable":true,"href":"https:\/\/stammkoenigartus.de\/index.php?rest_route=%2Fwp%2Fv2%2Fcategories&post=21277"},{"taxonomy":"post_tag","embeddable":true,"href":"https:\/\/stammkoenigartus.de\/index.php?rest_route=%2Fwp%2Fv2%2Ftags&post=21277"}],"curies":[{"name":"wp","href":"https:\/\/api.w.org\/{rel}","templated":true}]}}