{"id":21566,"date":"2025-07-18T17:15:05","date_gmt":"2025-07-18T15:15:05","guid":{"rendered":"https:\/\/stammkoenigartus.de\/?p=21566"},"modified":"2025-09-14T17:31:17","modified_gmt":"2025-09-14T15:31:17","slug":"stammeslager-2025","status":"publish","type":"post","link":"https:\/\/stammkoenigartus.de\/?p=21566","title":{"rendered":"Stammeslager 2025"},"content":{"rendered":"\n<div class=\"wp-block-columns is-layout-flex wp-container-core-columns-is-layout-9d6595d7 wp-block-columns-is-layout-flex\">\n<div class=\"wp-block-column is-layout-flow wp-block-column-is-layout-flow\" style=\"flex-basis:100%\"><\/div>\n<\/div>\n\n\n\n<p>Am Freitag dem 11. Juli trafen wir uns um 16 Uhr am Pfadfinderheim in Waldbuch. Von dort aus fuhren wir nach Betzenstein zu unserem Zeltplatz. Dort angekommen begann der Aufbau der Zelte bei dem die Sipplinge den Aufbau der Jurten koordinierten. Nachdem dieser Abgeschlossen war begann die K\u00fcche mit der Vorbereitung des Abendessens w\u00e4ren der Rest in zwei H\u00e4user aufgeteilt wurde, dies hatte den Grund das diese zwei H\u00e4user das gesamte Wochenende \u00fcber in verschiedenen Disziplinen gegeneinander antreten mussten um herauszufinden welches Haus w\u00fcrdig war die Burgen in der Fr\u00e4nkischen Schweiz halten zu d\u00fcrfen, nachdem die H\u00e4user also eingeteilt waren hie\u00df es bewaffnen. Nicht um gegeneinander zu k\u00e4mpfen sonder f\u00fcr die Erste Disziplin die am n\u00e4chsten morgen stattfinden w\u00fcrde. F\u00fcr diese Disziplin ben\u00f6tigte jeder einen Speer und nachdem diese fertig geschnitzt waren gab es auch schon Essen. Nach dem Essen noch eine kleine Singerunde und so war der Freitag schonwieder vorbei.<\/p>\n\n\n\n<figure class=\"wp-block-gallery has-nested-images columns-default is-cropped wp-block-gallery-1 is-layout-flex wp-block-gallery-is-layout-flex\">\n<figure class=\"wp-block-image size-large\"><img loading=\"lazy\" decoding=\"async\" width=\"1920\" height=\"1280\" data-id=\"21573\" src=\"https:\/\/stammkoenigartus.de\/wp-content\/uploads\/IMG_0192.jpg\" alt=\"\" class=\"wp-image-21573\" srcset=\"https:\/\/stammkoenigartus.de\/wp-content\/uploads\/IMG_0192.jpg 1920w, https:\/\/stammkoenigartus.de\/wp-content\/uploads\/IMG_0192-480x320.jpg 480w, https:\/\/stammkoenigartus.de\/wp-content\/uploads\/IMG_0192-768x512.jpg 768w, https:\/\/stammkoenigartus.de\/wp-content\/uploads\/IMG_0192-1536x1024.jpg 1536w, https:\/\/stammkoenigartus.de\/wp-content\/uploads\/IMG_0192-450x300.jpg 450w, https:\/\/stammkoenigartus.de\/wp-content\/uploads\/IMG_0192-600x400.jpg 600w, https:\/\/stammkoenigartus.de\/wp-content\/uploads\/IMG_0192-400x267.jpg 400w\" sizes=\"auto, (max-width: 1920px) 100vw, 1920px\" \/><\/figure>\n\n\n\n<figure class=\"wp-block-image size-full\"><img loading=\"lazy\" decoding=\"async\" width=\"1920\" height=\"1280\" data-id=\"21576\" src=\"https:\/\/stammkoenigartus.de\/wp-content\/uploads\/IMG_00061-3.jpg\" alt=\"\" class=\"wp-image-21576\" srcset=\"https:\/\/stammkoenigartus.de\/wp-content\/uploads\/IMG_00061-3.jpg 1920w, https:\/\/stammkoenigartus.de\/wp-content\/uploads\/IMG_00061-3-480x320.jpg 480w, https:\/\/stammkoenigartus.de\/wp-content\/uploads\/IMG_00061-3-768x512.jpg 768w, https:\/\/stammkoenigartus.de\/wp-content\/uploads\/IMG_00061-3-1536x1024.jpg 1536w, https:\/\/stammkoenigartus.de\/wp-content\/uploads\/IMG_00061-3-450x300.jpg 450w, https:\/\/stammkoenigartus.de\/wp-content\/uploads\/IMG_00061-3-600x400.jpg 600w, https:\/\/stammkoenigartus.de\/wp-content\/uploads\/IMG_00061-3-400x267.jpg 400w\" sizes=\"auto, (max-width: 1920px) 100vw, 1920px\" \/><\/figure>\n\n\n\n<figure class=\"wp-block-image size-large\"><img loading=\"lazy\" decoding=\"async\" width=\"1920\" height=\"1280\" data-id=\"21577\" src=\"https:\/\/stammkoenigartus.de\/wp-content\/uploads\/IMG_0010.jpg\" alt=\"\" class=\"wp-image-21577\" srcset=\"https:\/\/stammkoenigartus.de\/wp-content\/uploads\/IMG_0010.jpg 1920w, https:\/\/stammkoenigartus.de\/wp-content\/uploads\/IMG_0010-480x320.jpg 480w, https:\/\/stammkoenigartus.de\/wp-content\/uploads\/IMG_0010-768x512.jpg 768w, https:\/\/stammkoenigartus.de\/wp-content\/uploads\/IMG_0010-1536x1024.jpg 1536w, https:\/\/stammkoenigartus.de\/wp-content\/uploads\/IMG_0010-450x300.jpg 450w, https:\/\/stammkoenigartus.de\/wp-content\/uploads\/IMG_0010-600x400.jpg 600w, https:\/\/stammkoenigartus.de\/wp-content\/uploads\/IMG_0010-400x267.jpg 400w\" sizes=\"auto, (max-width: 1920px) 100vw, 1920px\" \/><\/figure>\n<\/figure>\n\n\n\n<p>Am n\u00e4chsten Morgen hie\u00df es bereits fr\u00fch aufstehen denn vor uns lag ein langer Tag. Nach einem leckeren Fr\u00fchst\u00fcck begaben wir uns direkt in Richtung Leienfels doch bevor wir unsere \u00c4mter im Stammesrat neu w\u00e4hlten besichtigten wir noch eine H\u00f6hle und spielten das erste Gel\u00e4ndespiel bei dem die am Tag zuvor gebauten Speere zum Einsatz kammen. Die erste Disziplin war n\u00e4mlich Speerweitwurf.<\/p>\n\n\n\n<figure class=\"wp-block-gallery has-nested-images columns-default is-cropped wp-block-gallery-2 is-layout-flex wp-block-gallery-is-layout-flex\">\n<figure class=\"wp-block-image size-large\"><img loading=\"lazy\" decoding=\"async\" width=\"1920\" height=\"1280\" data-id=\"21582\" src=\"https:\/\/stammkoenigartus.de\/wp-content\/uploads\/IMG_0002.jpg\" alt=\"\" class=\"wp-image-21582\" srcset=\"https:\/\/stammkoenigartus.de\/wp-content\/uploads\/IMG_0002.jpg 1920w, https:\/\/stammkoenigartus.de\/wp-content\/uploads\/IMG_0002-480x320.jpg 480w, https:\/\/stammkoenigartus.de\/wp-content\/uploads\/IMG_0002-768x512.jpg 768w, https:\/\/stammkoenigartus.de\/wp-content\/uploads\/IMG_0002-1536x1024.jpg 1536w, https:\/\/stammkoenigartus.de\/wp-content\/uploads\/IMG_0002-450x300.jpg 450w, https:\/\/stammkoenigartus.de\/wp-content\/uploads\/IMG_0002-600x400.jpg 600w, https:\/\/stammkoenigartus.de\/wp-content\/uploads\/IMG_0002-400x267.jpg 400w\" sizes=\"auto, (max-width: 1920px) 100vw, 1920px\" \/><\/figure>\n\n\n\n<figure class=\"wp-block-image size-large\"><img loading=\"lazy\" decoding=\"async\" width=\"1920\" height=\"2560\" data-id=\"21583\" src=\"https:\/\/stammkoenigartus.de\/wp-content\/uploads\/20250712_110024-1-scaled.jpg\" alt=\"\" class=\"wp-image-21583\" srcset=\"https:\/\/stammkoenigartus.de\/wp-content\/uploads\/20250712_110024-1-scaled.jpg 1920w, https:\/\/stammkoenigartus.de\/wp-content\/uploads\/20250712_110024-1-480x640.jpg 480w, https:\/\/stammkoenigartus.de\/wp-content\/uploads\/20250712_110024-1-768x1024.jpg 768w, https:\/\/stammkoenigartus.de\/wp-content\/uploads\/20250712_110024-1-1152x1536.jpg 1152w, https:\/\/stammkoenigartus.de\/wp-content\/uploads\/20250712_110024-1-1536x2048.jpg 1536w, https:\/\/stammkoenigartus.de\/wp-content\/uploads\/20250712_110024-1-225x300.jpg 225w, https:\/\/stammkoenigartus.de\/wp-content\/uploads\/20250712_110024-1-600x800.jpg 600w, https:\/\/stammkoenigartus.de\/wp-content\/uploads\/20250712_110024-1-400x533.jpg 400w\" sizes=\"auto, (max-width: 1920px) 100vw, 1920px\" \/><\/figure>\n\n\n\n<figure class=\"wp-block-image size-large\"><img loading=\"lazy\" decoding=\"async\" width=\"1920\" height=\"1280\" data-id=\"21584\" src=\"https:\/\/stammkoenigartus.de\/wp-content\/uploads\/IMG_0072-2.jpg\" alt=\"\" class=\"wp-image-21584\" srcset=\"https:\/\/stammkoenigartus.de\/wp-content\/uploads\/IMG_0072-2.jpg 1920w, https:\/\/stammkoenigartus.de\/wp-content\/uploads\/IMG_0072-2-480x320.jpg 480w, https:\/\/stammkoenigartus.de\/wp-content\/uploads\/IMG_0072-2-768x512.jpg 768w, https:\/\/stammkoenigartus.de\/wp-content\/uploads\/IMG_0072-2-1536x1024.jpg 1536w, https:\/\/stammkoenigartus.de\/wp-content\/uploads\/IMG_0072-2-450x300.jpg 450w, https:\/\/stammkoenigartus.de\/wp-content\/uploads\/IMG_0072-2-600x400.jpg 600w, https:\/\/stammkoenigartus.de\/wp-content\/uploads\/IMG_0072-2-400x267.jpg 400w\" sizes=\"auto, (max-width: 1920px) 100vw, 1920px\" \/><\/figure>\n<\/figure>\n\n\n\n<p>Danach ging es zur Burgruine Leienfels an dem wir noch ein Gel\u00e4ndespiel spielten bevor die Rover mit dem Mittagessen nachkammen. Nachdem jeder mit Essen versorgt war began auch schon der Stammesrat an dem unsere neu Stammesf\u00fchrung und viele weitere \u00c4mter neugew\u00e4hlt wurden (Bei Interesse zu den neuen \u00c4mtern gerne auf der Website informieren).<\/p>\n\n\n\n<figure class=\"wp-block-gallery has-nested-images columns-default is-cropped wp-block-gallery-3 is-layout-flex wp-block-gallery-is-layout-flex\">\n<figure class=\"wp-block-image size-large\"><img loading=\"lazy\" decoding=\"async\" width=\"1920\" height=\"1280\" data-id=\"21586\" src=\"https:\/\/stammkoenigartus.de\/wp-content\/uploads\/IMG_0106.jpg\" alt=\"\" class=\"wp-image-21586\" srcset=\"https:\/\/stammkoenigartus.de\/wp-content\/uploads\/IMG_0106.jpg 1920w, https:\/\/stammkoenigartus.de\/wp-content\/uploads\/IMG_0106-480x320.jpg 480w, https:\/\/stammkoenigartus.de\/wp-content\/uploads\/IMG_0106-768x512.jpg 768w, https:\/\/stammkoenigartus.de\/wp-content\/uploads\/IMG_0106-1536x1024.jpg 1536w, https:\/\/stammkoenigartus.de\/wp-content\/uploads\/IMG_0106-450x300.jpg 450w, https:\/\/stammkoenigartus.de\/wp-content\/uploads\/IMG_0106-600x400.jpg 600w, https:\/\/stammkoenigartus.de\/wp-content\/uploads\/IMG_0106-400x267.jpg 400w\" sizes=\"auto, (max-width: 1920px) 100vw, 1920px\" \/><\/figure>\n\n\n\n<figure class=\"wp-block-image size-large\"><img loading=\"lazy\" decoding=\"async\" width=\"1920\" height=\"1280\" data-id=\"21587\" src=\"https:\/\/stammkoenigartus.de\/wp-content\/uploads\/IMG_0183.jpg\" alt=\"\" class=\"wp-image-21587\" srcset=\"https:\/\/stammkoenigartus.de\/wp-content\/uploads\/IMG_0183.jpg 1920w, https:\/\/stammkoenigartus.de\/wp-content\/uploads\/IMG_0183-480x320.jpg 480w, https:\/\/stammkoenigartus.de\/wp-content\/uploads\/IMG_0183-768x512.jpg 768w, https:\/\/stammkoenigartus.de\/wp-content\/uploads\/IMG_0183-1536x1024.jpg 1536w, https:\/\/stammkoenigartus.de\/wp-content\/uploads\/IMG_0183-450x300.jpg 450w, https:\/\/stammkoenigartus.de\/wp-content\/uploads\/IMG_0183-600x400.jpg 600w, https:\/\/stammkoenigartus.de\/wp-content\/uploads\/IMG_0183-400x267.jpg 400w\" sizes=\"auto, (max-width: 1920px) 100vw, 1920px\" \/><\/figure>\n\n\n\n<figure class=\"wp-block-image size-large\"><img loading=\"lazy\" decoding=\"async\" width=\"1920\" height=\"1280\" data-id=\"21588\" src=\"https:\/\/stammkoenigartus.de\/wp-content\/uploads\/IMG_0182.jpg\" alt=\"\" class=\"wp-image-21588\" srcset=\"https:\/\/stammkoenigartus.de\/wp-content\/uploads\/IMG_0182.jpg 1920w, https:\/\/stammkoenigartus.de\/wp-content\/uploads\/IMG_0182-480x320.jpg 480w, https:\/\/stammkoenigartus.de\/wp-content\/uploads\/IMG_0182-768x512.jpg 768w, https:\/\/stammkoenigartus.de\/wp-content\/uploads\/IMG_0182-1536x1024.jpg 1536w, https:\/\/stammkoenigartus.de\/wp-content\/uploads\/IMG_0182-450x300.jpg 450w, https:\/\/stammkoenigartus.de\/wp-content\/uploads\/IMG_0182-600x400.jpg 600w, https:\/\/stammkoenigartus.de\/wp-content\/uploads\/IMG_0182-400x267.jpg 400w\" sizes=\"auto, (max-width: 1920px) 100vw, 1920px\" \/><\/figure>\n<\/figure>\n\n\n\n<p>Nach den Neuwahlen ging es zur\u00fcck zum Zeltplatz und damit zum n\u00e4chsten und letzten Gel\u00e4ndespiel zum Entscheid wer die BUrgen in der Fr\u00e4nkischen Schweiz nun bekommen sollte. Das letzte Spiel war Capture the Flag Advanced. Nachdem ein Team doch relativ schnell gewann hatt sich dieses dazu entschlossen sich die Burgen mit dem anderen Team zu teilen und letztendlich hatten alle gewonnen.<\/p>\n\n\n\n<figure class=\"wp-block-gallery has-nested-images columns-default is-cropped wp-block-gallery-4 is-layout-flex wp-block-gallery-is-layout-flex\">\n<figure class=\"wp-block-image size-large\"><img loading=\"lazy\" decoding=\"async\" width=\"1920\" height=\"1280\" data-id=\"21590\" src=\"https:\/\/stammkoenigartus.de\/wp-content\/uploads\/IMG_0203.jpg\" alt=\"\" class=\"wp-image-21590\" srcset=\"https:\/\/stammkoenigartus.de\/wp-content\/uploads\/IMG_0203.jpg 1920w, https:\/\/stammkoenigartus.de\/wp-content\/uploads\/IMG_0203-480x320.jpg 480w, https:\/\/stammkoenigartus.de\/wp-content\/uploads\/IMG_0203-768x512.jpg 768w, https:\/\/stammkoenigartus.de\/wp-content\/uploads\/IMG_0203-1536x1024.jpg 1536w, https:\/\/stammkoenigartus.de\/wp-content\/uploads\/IMG_0203-450x300.jpg 450w, https:\/\/stammkoenigartus.de\/wp-content\/uploads\/IMG_0203-600x400.jpg 600w, https:\/\/stammkoenigartus.de\/wp-content\/uploads\/IMG_0203-400x267.jpg 400w\" sizes=\"auto, (max-width: 1920px) 100vw, 1920px\" \/><\/figure>\n\n\n\n<figure class=\"wp-block-image size-large\"><img loading=\"lazy\" decoding=\"async\" width=\"1920\" height=\"1280\" data-id=\"21591\" src=\"https:\/\/stammkoenigartus.de\/wp-content\/uploads\/IMG_0202.jpg\" alt=\"\" class=\"wp-image-21591\" srcset=\"https:\/\/stammkoenigartus.de\/wp-content\/uploads\/IMG_0202.jpg 1920w, https:\/\/stammkoenigartus.de\/wp-content\/uploads\/IMG_0202-480x320.jpg 480w, https:\/\/stammkoenigartus.de\/wp-content\/uploads\/IMG_0202-768x512.jpg 768w, https:\/\/stammkoenigartus.de\/wp-content\/uploads\/IMG_0202-1536x1024.jpg 1536w, https:\/\/stammkoenigartus.de\/wp-content\/uploads\/IMG_0202-450x300.jpg 450w, https:\/\/stammkoenigartus.de\/wp-content\/uploads\/IMG_0202-600x400.jpg 600w, https:\/\/stammkoenigartus.de\/wp-content\/uploads\/IMG_0202-400x267.jpg 400w\" sizes=\"auto, (max-width: 1920px) 100vw, 1920px\" \/><\/figure>\n\n\n\n<figure class=\"wp-block-image size-large\"><img loading=\"lazy\" decoding=\"async\" width=\"1920\" height=\"1280\" data-id=\"21592\" src=\"https:\/\/stammkoenigartus.de\/wp-content\/uploads\/IMG_0194.jpg\" alt=\"\" class=\"wp-image-21592\" srcset=\"https:\/\/stammkoenigartus.de\/wp-content\/uploads\/IMG_0194.jpg 1920w, https:\/\/stammkoenigartus.de\/wp-content\/uploads\/IMG_0194-480x320.jpg 480w, https:\/\/stammkoenigartus.de\/wp-content\/uploads\/IMG_0194-768x512.jpg 768w, https:\/\/stammkoenigartus.de\/wp-content\/uploads\/IMG_0194-1536x1024.jpg 1536w, https:\/\/stammkoenigartus.de\/wp-content\/uploads\/IMG_0194-450x300.jpg 450w, https:\/\/stammkoenigartus.de\/wp-content\/uploads\/IMG_0194-600x400.jpg 600w, https:\/\/stammkoenigartus.de\/wp-content\/uploads\/IMG_0194-400x267.jpg 400w\" sizes=\"auto, (max-width: 1920px) 100vw, 1920px\" \/><\/figure>\n<\/figure>\n\n\n\n<p>Nun wurde das letzte Abendessen vorbereitet und nachdem gegessen wurde ging es zur Versprechensfeier bei der neu Mitglieder ihr Halstuch bekommen, neue F\u00fchrer ausgezeichnet und Abzeichen verteilt werden. Nach der Versprechensfeier spielten wir noch eine gro\u00dfe Runde Werwolf und danach ging es in den Schlafsack.<\/p>\n\n\n\n<figure class=\"wp-block-gallery has-nested-images columns-default is-cropped wp-block-gallery-5 is-layout-flex wp-block-gallery-is-layout-flex\">\n<figure class=\"wp-block-image size-large\"><img loading=\"lazy\" decoding=\"async\" width=\"1920\" height=\"1280\" data-id=\"21593\" src=\"https:\/\/stammkoenigartus.de\/wp-content\/uploads\/IMG_0278.jpg\" alt=\"\" class=\"wp-image-21593\" srcset=\"https:\/\/stammkoenigartus.de\/wp-content\/uploads\/IMG_0278.jpg 1920w, https:\/\/stammkoenigartus.de\/wp-content\/uploads\/IMG_0278-480x320.jpg 480w, https:\/\/stammkoenigartus.de\/wp-content\/uploads\/IMG_0278-768x512.jpg 768w, https:\/\/stammkoenigartus.de\/wp-content\/uploads\/IMG_0278-1536x1024.jpg 1536w, https:\/\/stammkoenigartus.de\/wp-content\/uploads\/IMG_0278-450x300.jpg 450w, https:\/\/stammkoenigartus.de\/wp-content\/uploads\/IMG_0278-600x400.jpg 600w, https:\/\/stammkoenigartus.de\/wp-content\/uploads\/IMG_0278-400x267.jpg 400w\" sizes=\"auto, (max-width: 1920px) 100vw, 1920px\" \/><\/figure>\n\n\n\n<figure class=\"wp-block-image size-large\"><img loading=\"lazy\" decoding=\"async\" width=\"1920\" height=\"1280\" data-id=\"21594\" src=\"https:\/\/stammkoenigartus.de\/wp-content\/uploads\/IMG_0283.jpg\" alt=\"\" class=\"wp-image-21594\" srcset=\"https:\/\/stammkoenigartus.de\/wp-content\/uploads\/IMG_0283.jpg 1920w, https:\/\/stammkoenigartus.de\/wp-content\/uploads\/IMG_0283-480x320.jpg 480w, https:\/\/stammkoenigartus.de\/wp-content\/uploads\/IMG_0283-768x512.jpg 768w, https:\/\/stammkoenigartus.de\/wp-content\/uploads\/IMG_0283-1536x1024.jpg 1536w, https:\/\/stammkoenigartus.de\/wp-content\/uploads\/IMG_0283-450x300.jpg 450w, https:\/\/stammkoenigartus.de\/wp-content\/uploads\/IMG_0283-600x400.jpg 600w, https:\/\/stammkoenigartus.de\/wp-content\/uploads\/IMG_0283-400x267.jpg 400w\" sizes=\"auto, (max-width: 1920px) 100vw, 1920px\" \/><\/figure>\n\n\n\n<figure class=\"wp-block-image size-large\"><img loading=\"lazy\" decoding=\"async\" width=\"1920\" height=\"1280\" data-id=\"21595\" src=\"https:\/\/stammkoenigartus.de\/wp-content\/uploads\/IMG_0287.jpg\" alt=\"\" class=\"wp-image-21595\" srcset=\"https:\/\/stammkoenigartus.de\/wp-content\/uploads\/IMG_0287.jpg 1920w, https:\/\/stammkoenigartus.de\/wp-content\/uploads\/IMG_0287-480x320.jpg 480w, https:\/\/stammkoenigartus.de\/wp-content\/uploads\/IMG_0287-768x512.jpg 768w, https:\/\/stammkoenigartus.de\/wp-content\/uploads\/IMG_0287-1536x1024.jpg 1536w, https:\/\/stammkoenigartus.de\/wp-content\/uploads\/IMG_0287-450x300.jpg 450w, https:\/\/stammkoenigartus.de\/wp-content\/uploads\/IMG_0287-600x400.jpg 600w, https:\/\/stammkoenigartus.de\/wp-content\/uploads\/IMG_0287-400x267.jpg 400w\" sizes=\"auto, (max-width: 1920px) 100vw, 1920px\" \/><\/figure>\n<\/figure>\n\n\n\n<p>Am n\u00e4chsten Morgen hie\u00df es Essen und danach zusammenpacken. Alle haben gut mitgeholfen und so wurden wir schnell fertig. So traten wir die Heimfahrt an und das Stammeslager 2025 ging zu Ende.<\/p>\n\n\n\n<figure class=\"wp-block-gallery has-nested-images columns-default is-cropped wp-block-gallery-6 is-layout-flex wp-block-gallery-is-layout-flex\">\n<figure class=\"wp-block-image size-large\"><img loading=\"lazy\" decoding=\"async\" width=\"1920\" height=\"1280\" data-id=\"21596\" src=\"https:\/\/stammkoenigartus.de\/wp-content\/uploads\/IMG_9965.jpg\" alt=\"\" class=\"wp-image-21596\" srcset=\"https:\/\/stammkoenigartus.de\/wp-content\/uploads\/IMG_9965.jpg 1920w, https:\/\/stammkoenigartus.de\/wp-content\/uploads\/IMG_9965-480x320.jpg 480w, https:\/\/stammkoenigartus.de\/wp-content\/uploads\/IMG_9965-768x512.jpg 768w, https:\/\/stammkoenigartus.de\/wp-content\/uploads\/IMG_9965-1536x1024.jpg 1536w, https:\/\/stammkoenigartus.de\/wp-content\/uploads\/IMG_9965-450x300.jpg 450w, https:\/\/stammkoenigartus.de\/wp-content\/uploads\/IMG_9965-600x400.jpg 600w, https:\/\/stammkoenigartus.de\/wp-content\/uploads\/IMG_9965-400x267.jpg 400w\" sizes=\"auto, (max-width: 1920px) 100vw, 1920px\" \/><\/figure>\n\n\n\n<figure class=\"wp-block-image size-large\"><img loading=\"lazy\" decoding=\"async\" width=\"1920\" height=\"1280\" data-id=\"21597\" src=\"https:\/\/stammkoenigartus.de\/wp-content\/uploads\/IMG_9969.jpg\" alt=\"\" class=\"wp-image-21597\" srcset=\"https:\/\/stammkoenigartus.de\/wp-content\/uploads\/IMG_9969.jpg 1920w, https:\/\/stammkoenigartus.de\/wp-content\/uploads\/IMG_9969-480x320.jpg 480w, https:\/\/stammkoenigartus.de\/wp-content\/uploads\/IMG_9969-768x512.jpg 768w, https:\/\/stammkoenigartus.de\/wp-content\/uploads\/IMG_9969-1536x1024.jpg 1536w, https:\/\/stammkoenigartus.de\/wp-content\/uploads\/IMG_9969-450x300.jpg 450w, https:\/\/stammkoenigartus.de\/wp-content\/uploads\/IMG_9969-600x400.jpg 600w, https:\/\/stammkoenigartus.de\/wp-content\/uploads\/IMG_9969-400x267.jpg 400w\" sizes=\"auto, (max-width: 1920px) 100vw, 1920px\" \/><\/figure>\n\n\n\n<figure class=\"wp-block-image size-large\"><img loading=\"lazy\" decoding=\"async\" width=\"1920\" height=\"1280\" data-id=\"21598\" src=\"https:\/\/stammkoenigartus.de\/wp-content\/uploads\/IMG_9963.jpg\" alt=\"\" class=\"wp-image-21598\" srcset=\"https:\/\/stammkoenigartus.de\/wp-content\/uploads\/IMG_9963.jpg 1920w, https:\/\/stammkoenigartus.de\/wp-content\/uploads\/IMG_9963-480x320.jpg 480w, https:\/\/stammkoenigartus.de\/wp-content\/uploads\/IMG_9963-768x512.jpg 768w, https:\/\/stammkoenigartus.de\/wp-content\/uploads\/IMG_9963-1536x1024.jpg 1536w, https:\/\/stammkoenigartus.de\/wp-content\/uploads\/IMG_9963-450x300.jpg 450w, https:\/\/stammkoenigartus.de\/wp-content\/uploads\/IMG_9963-600x400.jpg 600w, https:\/\/stammkoenigartus.de\/wp-content\/uploads\/IMG_9963-400x267.jpg 400w\" sizes=\"auto, (max-width: 1920px) 100vw, 1920px\" \/><\/figure>\n<\/figure>\n","protected":false},"excerpt":{"rendered":"<p>Am Freitag dem 11. Juli trafen wir uns um 16 Uhr am Pfadfinderheim in Waldbuch. Von dort aus fuhren wir nach Betzenstein zu unserem Zeltplatz. &hellip;<\/p>\n","protected":false},"author":233,"featured_media":21572,"comment_status":"open","ping_status":"closed","sticky":false,"template":"","format":"standard","meta":{"_monsterinsights_skip_tracking":false,"_monsterinsights_sitenote_active":false,"_monsterinsights_sitenote_note":"","_monsterinsights_sitenote_category":0,"footnotes":""},"categories":[130],"tags":[],"class_list":["post-21566","post","type-post","status-publish","format-standard","has-post-thumbnail","hentry","category-unsere-aktionen"],"aioseo_notices":[],"_links":{"self":[{"href":"https:\/\/stammkoenigartus.de\/index.php?rest_route=\/wp\/v2\/posts\/21566","targetHints":{"allow":["GET"]}}],"collection":[{"href":"https:\/\/stammkoenigartus.de\/index.php?rest_route=\/wp\/v2\/posts"}],"about":[{"href":"https:\/\/stammkoenigartus.de\/index.php?rest_route=\/wp\/v2\/types\/post"}],"author":[{"embeddable":true,"href":"https:\/\/stammkoenigartus.de\/index.php?rest_route=\/wp\/v2\/users\/233"}],"replies":[{"embeddable":true,"href":"https:\/\/stammkoenigartus.de\/index.php?rest_route=%2Fwp%2Fv2%2Fcomments&post=21566"}],"version-history":[{"count":8,"href":"https:\/\/stammkoenigartus.de\/index.php?rest_route=\/wp\/v2\/posts\/21566\/revisions"}],"predecessor-version":[{"id":21603,"href":"https:\/\/stammkoenigartus.de\/index.php?rest_route=\/wp\/v2\/posts\/21566\/revisions\/21603"}],"wp:featuredmedia":[{"embeddable":true,"href":"https:\/\/stammkoenigartus.de\/index.php?rest_route=\/wp\/v2\/media\/21572"}],"wp:attachment":[{"href":"https:\/\/stammkoenigartus.de\/index.php?rest_route=%2Fwp%2Fv2%2Fmedia&parent=21566"}],"wp:term":[{"taxonomy":"category","embeddable":true,"href":"https:\/\/stammkoenigartus.de\/index.php?rest_route=%2Fwp%2Fv2%2Fcategories&post=21566"},{"taxonomy":"post_tag","embeddable":true,"href":"https:\/\/stammkoenigartus.de\/index.php?rest_route=%2Fwp%2Fv2%2Ftags&post=21566"}],"curies":[{"name":"wp","href":"https:\/\/api.w.org\/{rel}","templated":true}]}}