{"id":2168,"date":"2013-02-15T15:25:21","date_gmt":"2013-02-15T14:25:21","guid":{"rendered":"http:\/\/stammkoenigartus.de\/?p=2168"},"modified":"2023-02-02T19:38:21","modified_gmt":"2023-02-02T18:38:21","slug":"pfadfinderfasching","status":"publish","type":"post","link":"https:\/\/stammkoenigartus.de\/?p=2168","title":{"rendered":"Bericht Kinderfasching 2013"},"content":{"rendered":"<p><strong><span style=\"text-decoration: underline; font-size: 20px;\">U<\/span><span style=\"font-size: 18px;\">nd wieder<\/span><\/strong> ist ein Jahr vorbei und wieder ist nur &#8230;&nbsp; &#8211; aber halt,<\/p>\n<p>&#8211; mal wieder&nbsp; Fasching<\/p>\n<p>und zwar ziemlich genau am 27.01.13 ab 13: 30 Uhr startete der&nbsp; Kinderfasching unter dem Motto: &#8222;An Tagen wie diesen.&#8220;&nbsp; In der `Radspitzscheune` Seibelsdorf. (15\u00b013`N.11\u00b026`O ) ;D Christoph, Justin und Tim waren die Moderatoren, die eifrig durch den bunten Abend f\u00fchrten.<\/p>\n<p>Das Duo, bestehend aus Felix (Keyboard) und Stefan (Schifferklavier),&nbsp; waren ein voller Erfolg. Die Saftbar, der Kuchenverkauf und&nbsp; die Eisdiele waren absolute Verkaufsschlager.<\/p>\n<p>Faschingskoenig Willi ( mal wieder der Hahn im Korb) ruft Prinzessinen zum Einlaufen auf. &#8211; Ohne Herumgezicke, sowas nennt sich nat\u00fcrliche Autorit\u00e4t. &#8211; Danke Willi.!!!<\/p>\n<p>&nbsp;<\/p>\n<p>Sp\u00e4ter rief Justin Gro\u00df und Klein zum Gangnam Style-Tanzen auf o\/ ;-).<\/p>\n<p>Fazit: Auch die \u00e4ltesten M\u00e4nner k\u00f6nnen tanzen &#8211; siehe B\u00fcrgermeister &#8211; Respekt. \ud83d\ude06 .<\/p>\n<p>Danach spielten wir noch ein paar Spiele, wie zum Beispiel Tauziehen.<\/p>\n<p>Und es gab auch bei jedem Spiel tolle Preise von Mc Donald`s&nbsp; Gutscheinen bis Chips.<\/p>\n<p>&nbsp;<\/p>\n<p>Danach&nbsp; eine Polonese und jeder Teilnehmer bekam ein Wiener gratis.<\/p>\n<p>Zusammengefasst war der Fasching mal wieder viel besser als Gut. \ud83d\ude06<\/p>\n<p>&nbsp;<\/p>\n<p>GRU\u00df&nbsp; MORITZ<\/p>\n<p>&nbsp;<\/p>\n<table border=\"0\" align=\"center\">\n<tbody>\n<tr>\n<td style=\"text-align: center;\">[scrollGallery id=006]<\/td>\n<\/tr>\n<\/tbody>\n<\/table>\n<p>&nbsp;<\/p>\n<p>&nbsp;<\/p>\n<p>&nbsp;<\/p>\n<p>&nbsp;<\/p>\n","protected":false},"excerpt":{"rendered":"<p>Und wieder ist ein Jahr vorbei und wieder ist nur &#8230;&nbsp; &#8211; aber halt, &#8211; mal wieder&nbsp; Fasching und zwar ziemlich genau am 27.01.13 ab &hellip;<\/p>\n","protected":false},"author":1,"featured_media":17823,"comment_status":"open","ping_status":"open","sticky":false,"template":"","format":"standard","meta":{"_monsterinsights_skip_tracking":false,"_monsterinsights_sitenote_active":false,"_monsterinsights_sitenote_note":"","_monsterinsights_sitenote_category":0,"footnotes":""},"categories":[135,136,132,130,131],"tags":[108],"class_list":["post-2168","post","type-post","status-publish","format-standard","has-post-thumbnail","hentry","category-oeffentliche-aktionen","category-pfadfinder","category-rover","category-unsere-aktionen","category-woelflinge","tag-fasching"],"aioseo_notices":[],"_links":{"self":[{"href":"https:\/\/stammkoenigartus.de\/index.php?rest_route=\/wp\/v2\/posts\/2168","targetHints":{"allow":["GET"]}}],"collection":[{"href":"https:\/\/stammkoenigartus.de\/index.php?rest_route=\/wp\/v2\/posts"}],"about":[{"href":"https:\/\/stammkoenigartus.de\/index.php?rest_route=\/wp\/v2\/types\/post"}],"author":[{"embeddable":true,"href":"https:\/\/stammkoenigartus.de\/index.php?rest_route=\/wp\/v2\/users\/1"}],"replies":[{"embeddable":true,"href":"https:\/\/stammkoenigartus.de\/index.php?rest_route=%2Fwp%2Fv2%2Fcomments&post=2168"}],"version-history":[{"count":5,"href":"https:\/\/stammkoenigartus.de\/index.php?rest_route=\/wp\/v2\/posts\/2168\/revisions"}],"predecessor-version":[{"id":17824,"href":"https:\/\/stammkoenigartus.de\/index.php?rest_route=\/wp\/v2\/posts\/2168\/revisions\/17824"}],"wp:featuredmedia":[{"embeddable":true,"href":"https:\/\/stammkoenigartus.de\/index.php?rest_route=\/wp\/v2\/media\/17823"}],"wp:attachment":[{"href":"https:\/\/stammkoenigartus.de\/index.php?rest_route=%2Fwp%2Fv2%2Fmedia&parent=2168"}],"wp:term":[{"taxonomy":"category","embeddable":true,"href":"https:\/\/stammkoenigartus.de\/index.php?rest_route=%2Fwp%2Fv2%2Fcategories&post=2168"},{"taxonomy":"post_tag","embeddable":true,"href":"https:\/\/stammkoenigartus.de\/index.php?rest_route=%2Fwp%2Fv2%2Ftags&post=2168"}],"curies":[{"name":"wp","href":"https:\/\/api.w.org\/{rel}","templated":true}]}}