{"id":2460,"date":"2013-02-27T15:23:08","date_gmt":"2013-02-27T14:23:08","guid":{"rendered":"http:\/\/stammkoenigartus.de\/?p=2460"},"modified":"2023-02-02T19:37:20","modified_gmt":"2023-02-02T18:37:20","slug":"bericht-jahresabscluss-2013","status":"publish","type":"post","link":"https:\/\/stammkoenigartus.de\/?p=2460","title":{"rendered":"Bericht Jahresabschluss 2013"},"content":{"rendered":"<p><span style=\"font-size: 18pt;\">Ein Jahresabschluss ist wie eine Weihnachtsfeier ohne Weihnachten, es ist eine Gelegenheit zur\u00fcckzublicken auf das, was war und auf das zu schauen, was da kommt.<\/span><\/p>\n<p><span style=\"font-size: 18pt;\"> So begann unser Stammesf\u00fchrer Jens Bl\u00fcchel die Begr\u00fc\u00dfung am\u00a0 Jahresabschluss des Stamm K\u00f6nig Artus aus Waldbuch am 23.2.13<\/span><\/p>\n<p><span style=\"font-size: 18pt;\">Alle\u00a0 Pfadfinder wurden auf die B\u00fchne geholt und gemeinsam sangen wir unser Bundeslied. Es folgte ein kleiner Abriss \u00fcber alle Aktionen, die der Stamm begleitet hat und organisiert hat. 33 waren es insgesamt und an jeder haben zahlreiche Mitglieder mitgewirkt und sich beteiligt. Egal ob Geburtstage, Fahrten, Tagesaktionen, \u00dcbernachtungswochenenden, Gro\u00dffahrten oder Sp\u00e4htrupp Fahrten waren, alles wurde durchgef\u00fchrt.<\/span><\/p>\n<p><span style=\"font-size: 18pt;\">Es folgte eine Bilderpr\u00e4sentation \u00fcber das\u00a0 Jahr 2012: Beginnend\u00a0 mit dem Ringwochenende im Sauloch, bei dem \u00fcber 50 Kids aus ganz Bayern das Mammut vor der Eiszeit retteten, dem Kinderfasching, deren Animation Christoph Scheller und Justin Vogt \u00fcbernahmen; so wurde die Saftbar von der Meute Fledermaus organisiert und war ein voller Erfolg.\u00a0 Nat\u00fcrlich durfte der Kinderfasching mit dem Motto: &#8222;Ein Heim f\u00fcr die Pfadfinder, vielleicht in Wei\u00dfenbrunn &#8230; !?!&#8220; nicht fehlen. Weiter ging es mit der Putzaktion, bei der uns viele Elternteile halfen, das Pfadfinderheim auf Hochglanz zu bringen. Vier Sipplingen wurden in einem 10-t\u00e4gigen Gruppenf\u00fchrerlehrgang n\u00fctzliche Hilfsmittel zur F\u00fchrung einer Gruppe vermittelt und \u00fcber rechtliche Themen aufgekl\u00e4rt und informiert. Der Stamm lud zum Muttertag alle Mammis des Stammes K\u00f6nig Artus ein und gestaltete den Nachmittag mit Sektchen, einem Trompetensolo von Richard Fleischmann und zahlreich einge\u00fcbten Gedichten.\u00a0 Zur Internetnacht kamen viele W\u00f6lflinge und mussten einer Diebesbande, welche versteckte Hinweise im Internet hinterlie\u00df, dingfest machen und die Beute finden. Am Meutenlager in Bayreuth wurde das Materialzelt ausgeraubt. Auch hier musste die Beute wieder gefunden und der Dieb \u00fcberf\u00fchrt werden.\u00a0 Am Stammeslager in Schney bei Lichtenfels wurde Kanu gefahren, im Fluss geschwommen und viel Sonnenschein aufgenommen. Doch der gr\u00f6\u00dfte Moment\u00a0 war die Versprechensfeier. Zahlreiche Kids bekamen das Abzeichen \u00fcberreicht, welches sie sich in dem vorherigen Postenlauf verdient hatten.\u00a0 Die h\u00e4lfte der Meute ist in die Sippenstufe eingetreten und bekam ihr blaues Halstuch, sie haben nun genug Wissen um die Abenteuer, die kommen zu bestreiten. Und auch eine Roverin wurde ernannt: Es war unsere Silvia Yasar, die zahlreiche Jahre die Meute Fledermaus f\u00fchrte. Bei einer Jugendfreizeit, Anfang August konnten alle Jungpiraten zeigen, was sie konnten. Diese Freizeit wurde erstmals von der Sippe Kreuzritter organisiert und geleitet. Mitte August ging es f\u00fcr 14 Tage in den Schwarzwald. Ein gro\u00dfer Sturm tobte, aber das konnte unseren Stamm nicht ersch\u00fcttern. Wir verbrachten die 14 Tage mit Burgbau, Gel\u00e4ndespielen und zahlreichen Ausfl\u00fcgen. Unter Anderem unternahmen wir einen Ausflug zur S\u00e4uschw\u00e4nzlebahn und zu den Reihnf\u00e4llen in Schaffhausen. \u00a0Das Jahr wurde beendet von einem Haijk unserer beiden Jungsippen. Im Unterrodacher Wald verbrachten wir gemeinsam die letzte Nacht bei Minustemperaturen und Schnee.<\/span><\/p>\n<p><span style=\"font-size: 18pt;\">Im Folgenden wurde noch ein kleiner Bericht zur Entstehung der neuen Stammeshomepage vorgestellt. Von der ersten Entstehung angefangen, \u00fcber das, was sie heute ist: ein Mittel der Kommunikation und der Information einfach reinklicken auf www.stammkoenigartus.de. Hier ging ein Dank an Max Franz (France) Lukas Porzelt (Selma) und Sakia Meusel, die dieses Projekt dauernd aktuell halten und gestalten. Sie bekommen Unterst\u00fctzung von Moritz Steiner, Frederick Gareis, Tim Schmierer und Alexander Achtmann (alle 12 Jahre), welche sich ebenfalls in dieses Projekt mit einarbeiten.<\/span><\/p>\n<p><span style=\"font-size: 18pt;\">Max Franz, Tim Roth, Denis Yasar als Sippenf\u00fchrung und Georg Sinkel, Lukas Porzelt, Saskia Meusel und Fabian Tausendfreund als Meutenf\u00fchrung wurden f\u00fcr die ehrenamtlich geleistete Arbeit in 4 Gruppen mit \u00fcber 40 Kindern und Jugendlichen geehrt. Willi Pechtold, der &#8222;graue Wolf des Stammes&#8220;, ebenfalls in der Sippenf\u00fchrung und als Materialwart im Stamm eingesetzt, wurde ein gebundenes Fahrtentagebuch aus Irland \u00fcberreicht.<\/span><\/p>\n<p><span style=\"font-size: 18pt;\">Es ist in der heutigen Zeit nicht selbstverst\u00e4ndlich Verantwortung zu \u00fcbernehmen. Stunden, Tage und Wochen f\u00fcr Planung, Fahrten und Kommunikation zu investieren, ohne auch nur im Ansatz daf\u00fcr entlohnt zu werden.\u00a0 Alle machen das, weil es mit Herz gemacht wird. Es entstehen Freundschaften weit \u00fcber Deutschland hinaus, es werden Abenteuer gemeistert und Erlebnisse geteilt. Etwas, das nicht mit Gold aufzuwiegen ist. Der gr\u00f6\u00dfte Dank an Alle f\u00fcr die Jugendp\u00e4dagogik, die jeder geleistet hat.<\/span><\/p>\n<p><span style=\"font-size: 18pt;\">Das ganze Jahr \u00fcber sammeln alle Kids in den Gruppen Punkte daf\u00fcr, dass sie bei Fahrten und Gruppenstunden dabei waren, dass sie mit Kluft oder entschuldigt waren. Am Jahresende wurde zusammengerechnet und pro Gruppe ein Sieger bestimmt. Jeder der 4 bekam ein Geschenk von seiner Gruppenf\u00fchrung \u00fcberreich. Im Rudel Floh hat Forian Fuchs gesiegt, im Rudel Blutsauger hat Lukas Gehring die Spitze gehalten, in der Sippe Camelot war Christoph Scheller mit dabei und in der Sippe Ph\u00f6nix Moritz Steiner ganz vorne. Auch dies bedeutet viel, immer dabei zu sein. Hier ein Dank von der ganzen F\u00fchrung f\u00fcr diese Leistung.<\/span><\/p>\n<p><span style=\"font-size: 18pt;\">Der stellvertretende Vorsitzende vom Freundeskreis der Padfinder E.V. in Seibelsdorf Willi Pechtold w\u00fcrdigte die geleistete p\u00e4dagogische Arbeit der Gruppenf\u00fchrung vom Pfadfinderstamm und sicherte f\u00fcr das kommende Jahr Unterst\u00fctzung zu.<\/span><\/p>\n<p><span style=\"font-size: 18pt;\">Zum Schluss gab es noch einen kleinen Vorblick auf die Gro\u00dffahrt 2013 ins Salzburger Land. Viele warten schon neugierig auf das, was im Sommer auf sie wartet, wenn es hei\u00dft : Wir geh&#8217;n auf Gro\u00dffahrt!<\/span><\/p>\n<p><span style=\"font-size: 18pt;\">Ein Dank an alle, die bei dieser Aktion dabei waren.<\/span><\/p>\n<p><span style=\"font-size: 18pt;\">Eure Stammesf\u00fchrung Jens Bl\u00fcchel, Felix B\u00e4r und Stefan Strobel<\/span><\/p>\n<p><span style=\"font-size: 18pt;\"> \ud83d\ude09 <\/span><\/p>\n","protected":false},"excerpt":{"rendered":"<p>Ein Jahresabschluss ist wie eine Weihnachtsfeier ohne Weihnachten, es ist eine Gelegenheit zur\u00fcckzublicken auf das, was war und auf das zu schauen, was da kommt. &hellip;<\/p>\n","protected":false},"author":2,"featured_media":17821,"comment_status":"open","ping_status":"open","sticky":false,"template":"","format":"standard","meta":{"_monsterinsights_skip_tracking":false,"_monsterinsights_sitenote_active":false,"_monsterinsights_sitenote_note":"","_monsterinsights_sitenote_category":0,"footnotes":""},"categories":[135,136,132,137,130,131],"tags":[31,32,108,111,113,114,38,39,43,48,60,62],"class_list":["post-2460","post","type-post","status-publish","format-standard","has-post-thumbnail","hentry","category-oeffentliche-aktionen","category-pfadfinder","category-rover","category-stamm","category-unsere-aktionen","category-woelflinge","tag-eltern","tag-fahrt","tag-fasching","tag-fuhreraktionen","tag-haijk","tag-halstuch","tag-homepage","tag-info","tag-kontakt","tag-pfadfinderei","tag-wald","tag-wetter"],"aioseo_notices":[],"_links":{"self":[{"href":"https:\/\/stammkoenigartus.de\/index.php?rest_route=\/wp\/v2\/posts\/2460","targetHints":{"allow":["GET"]}}],"collection":[{"href":"https:\/\/stammkoenigartus.de\/index.php?rest_route=\/wp\/v2\/posts"}],"about":[{"href":"https:\/\/stammkoenigartus.de\/index.php?rest_route=\/wp\/v2\/types\/post"}],"author":[{"embeddable":true,"href":"https:\/\/stammkoenigartus.de\/index.php?rest_route=\/wp\/v2\/users\/2"}],"replies":[{"embeddable":true,"href":"https:\/\/stammkoenigartus.de\/index.php?rest_route=%2Fwp%2Fv2%2Fcomments&post=2460"}],"version-history":[{"count":4,"href":"https:\/\/stammkoenigartus.de\/index.php?rest_route=\/wp\/v2\/posts\/2460\/revisions"}],"predecessor-version":[{"id":17822,"href":"https:\/\/stammkoenigartus.de\/index.php?rest_route=\/wp\/v2\/posts\/2460\/revisions\/17822"}],"wp:featuredmedia":[{"embeddable":true,"href":"https:\/\/stammkoenigartus.de\/index.php?rest_route=\/wp\/v2\/media\/17821"}],"wp:attachment":[{"href":"https:\/\/stammkoenigartus.de\/index.php?rest_route=%2Fwp%2Fv2%2Fmedia&parent=2460"}],"wp:term":[{"taxonomy":"category","embeddable":true,"href":"https:\/\/stammkoenigartus.de\/index.php?rest_route=%2Fwp%2Fv2%2Fcategories&post=2460"},{"taxonomy":"post_tag","embeddable":true,"href":"https:\/\/stammkoenigartus.de\/index.php?rest_route=%2Fwp%2Fv2%2Ftags&post=2460"}],"curies":[{"name":"wp","href":"https:\/\/api.w.org\/{rel}","templated":true}]}}