{"id":3699,"date":"2013-05-05T16:39:34","date_gmt":"2013-05-05T14:39:34","guid":{"rendered":"http:\/\/stammkoenigartus.de\/?p=3699"},"modified":"2023-01-31T17:25:22","modified_gmt":"2023-01-31T16:25:22","slug":"bericht-meutenlager-2013","status":"publish","type":"post","link":"https:\/\/stammkoenigartus.de\/?p=3699","title":{"rendered":"Bericht Meutenlager 2013"},"content":{"rendered":"<p><span style=\"font-family: comic sans ms,sans-serif; font-size: 18px; color: #ff0000;\"><span style=\"color: #000000;\">An einem wundersch\u00f6nen Wochenende trafen sich 12 Kids der Meute Fledermaus. Gemeinsam fuhren wir nach Autenhausen, N\u00e4he Se\u00dflach auf einen Waldzeltplatz. dort angekommen wurden zuerst einmal die Zelte aufgebaut, am Abend und nach einem leckeren W\u00fcrstchengulasch besuchte uns ein noch unbekannter Held. Er bat uns die<\/span> <span style=\"color: #000000;\">Erde zu retten. Darth Vader stehe vor unserer T\u00fcr \u00e4hh, dem Planeten. Hilfsbereit wie wir waren k\u00e4mpften wir am n\u00e4chsten Morgen zuerst gegen sehr schlechtes Wetter, und nachdem wir ein Zelt vorm ertrinken gerettet haben ging es auch schon direkt in den Kampf gegen das B\u00f6se. Am Nachmittag mussten wir, nachdem wir vieeeeeeeele Rohstoffe erbeutet hatten einen verr\u00fcckten Erfinder im Traumhaftesten Wald finden. Gemeinsam und mit den Rohstoffen \u00fcberzeugten wir ihn davon eine Maschiene zu bauen, die uns und die Welt vor dem Schicksal Vaders verschonte. Wir halfen ihm dabei, und bauten einen Holztrichter, als Verst\u00e4rker. Am Abend stie\u00dfen alle zusammen und wir testeten das ganze gleich mal aus. <\/span><\/span><\/p>\n<p><span style=\"font-family: comic sans ms, sans-serif; font-size: 18px; color: #000000;\">Da nichts passierte und ich heute diesen Bericht schreiben konnte, haben wir es geschafft. Die Kids waren mit vollem Kampfgeist bei der Sache, und auch die Kleinsten waren Feuer und Flamme. es war ein herrvorragendes Meutenlager, au\u00dfer das wir wieder mal Regen gebucht hatten, aber wir sind ja nicht aus Zucker:-)<\/span><\/p>\n","protected":false},"excerpt":{"rendered":"<p>An einem wundersch\u00f6nen Wochenende trafen sich 12 Kids der Meute Fledermaus. Gemeinsam fuhren wir nach Autenhausen, N\u00e4he Se\u00dflach auf einen Waldzeltplatz. dort angekommen wurden zuerst &hellip;<\/p>\n","protected":false},"author":2,"featured_media":7556,"comment_status":"open","ping_status":"closed","sticky":false,"template":"","format":"standard","meta":{"_monsterinsights_skip_tracking":false,"_monsterinsights_sitenote_active":false,"_monsterinsights_sitenote_note":"","_monsterinsights_sitenote_category":0,"footnotes":""},"categories":[130,131],"tags":[],"class_list":["post-3699","post","type-post","status-publish","format-standard","has-post-thumbnail","hentry","category-unsere-aktionen","category-woelflinge"],"aioseo_notices":[],"_links":{"self":[{"href":"https:\/\/stammkoenigartus.de\/index.php?rest_route=\/wp\/v2\/posts\/3699","targetHints":{"allow":["GET"]}}],"collection":[{"href":"https:\/\/stammkoenigartus.de\/index.php?rest_route=\/wp\/v2\/posts"}],"about":[{"href":"https:\/\/stammkoenigartus.de\/index.php?rest_route=\/wp\/v2\/types\/post"}],"author":[{"embeddable":true,"href":"https:\/\/stammkoenigartus.de\/index.php?rest_route=\/wp\/v2\/users\/2"}],"replies":[{"embeddable":true,"href":"https:\/\/stammkoenigartus.de\/index.php?rest_route=%2Fwp%2Fv2%2Fcomments&post=3699"}],"version-history":[{"count":6,"href":"https:\/\/stammkoenigartus.de\/index.php?rest_route=\/wp\/v2\/posts\/3699\/revisions"}],"predecessor-version":[{"id":17800,"href":"https:\/\/stammkoenigartus.de\/index.php?rest_route=\/wp\/v2\/posts\/3699\/revisions\/17800"}],"wp:featuredmedia":[{"embeddable":true,"href":"https:\/\/stammkoenigartus.de\/index.php?rest_route=\/wp\/v2\/media\/7556"}],"wp:attachment":[{"href":"https:\/\/stammkoenigartus.de\/index.php?rest_route=%2Fwp%2Fv2%2Fmedia&parent=3699"}],"wp:term":[{"taxonomy":"category","embeddable":true,"href":"https:\/\/stammkoenigartus.de\/index.php?rest_route=%2Fwp%2Fv2%2Fcategories&post=3699"},{"taxonomy":"post_tag","embeddable":true,"href":"https:\/\/stammkoenigartus.de\/index.php?rest_route=%2Fwp%2Fv2%2Ftags&post=3699"}],"curies":[{"name":"wp","href":"https:\/\/api.w.org\/{rel}","templated":true}]}}